{"id":9025,"date":"2022-09-07T09:46:39","date_gmt":"2022-09-07T09:46:39","guid":{"rendered":"https:\/\/www.eninter.com\/eninterkey-tapuntes-al-futur-de-laccessibilitat\/"},"modified":"2022-09-07T09:46:39","modified_gmt":"2022-09-07T09:46:39","slug":"eninterkey-tapuntes-al-futur-de-laccessibilitat","status":"publish","type":"post","link":"https:\/\/www.eninter.com\/ca\/eninterkey-tapuntes-al-futur-de-laccessibilitat\/","title":{"rendered":"ENINTERKEY, t&#8217;apuntes al futur de l&#8217;accessibilitat?"},"content":{"rendered":"<p>Tots els productes dissenyats per Eninter s\u00f3n el resultat de la mateixa intenci\u00f3; millorar la qualitat de vida dels nostres clients. I el nostre nou producte ENINTERKEY ha estat dissenyat \u00fanicament i exclusivament per a aquest fi.<\/p>\n<p>Us presentem, ENINTERKEY, el nostre nou producte, dissenyat exclusiva i \u00fanicament per als nostres clients del dia a dia, ENINTERKEY s&#8217;ha dissenyat pensant en els qui fan servir l&#8217;ascensor en el seu dia a dia, en els qui obren les portes del seu garatge, en els qui viuen en una comunitat o tenen acc\u00e9s a la zona comunit\u00e0ria. A tots ells, &#8230;<\/p>\n<p>Bienvenid@s al futur de l&#8217;accessibilitat!<\/p>\n<p>Per\u00f2, per qu\u00e8 ENINTERKEY est\u00e0 pensat exclusivament per als nostres clients? Perqu\u00e8 hem volgut dissenyar un producte que els ofereixi:<\/p>\n<p>&nbsp;<\/p>\n<ul>\n<li>\n<h4>Comoditat<\/h4>\n<\/li>\n<\/ul>\n<p>A partir d&#8217;ara, es van acabar els comandaments, es va acabar arribar a casa carregat i no trobar les claus, perqu\u00e8, amb l&#8217;accessibilitat del futur no calen claus, ni els comandaments per accedir al teu habitatge. Amb ENINTERKEY ser\u00e0 possible accedir a tots els espais d&#8217;una comunitat o habitatge, en un sol clic. Obrir la porta del garatge, el portal principal i, fins i tot, comunicar-te amb l&#8217;ascensor, ser\u00e0 possible nom\u00e9s amb un m\u00f2bil. No parlem de futur, parlem de present. Els qui s&#8217;avancin a les comoditats, es passaran a <a href=\"https:\/\/www.linkedin.com\/feed\/hashtag\/?keywords=eninterkey&amp;highlightedUpdateUrns=urn%3Ali%3Aactivity%3A6963056607278604288\">#ENINTERKEY<\/a>.<\/p>\n<p><iframe title=\"YouTube video player\" src=\"https:\/\/www.youtube.com\/embed\/j4MVRjB8-18\" width=\"560\" height=\"315\" frameborder=\"0\" allowfullscreen=\"allowfullscreen\"><\/iframe><\/p>\n<p>&nbsp;<\/p>\n<ul>\n<li>\n<h4>Facilitats<\/h4>\n<\/li>\n<\/ul>\n<p>Amb <a href=\"https:\/\/www.linkedin.com\/feed\/hashtag\/?keywords=eninterkey&amp;highlightedUpdateUrns=urn%3Ali%3Aactivity%3A6955848436764004352\">#ENINTERKEY<\/a>, es van acabar els problemes d&#8217;horaris en la recepci\u00f3 de paquets perqu\u00e8, des d&#8217;una app es podr\u00e0 permetre el pas a la comunitat o a l&#8217;habitatge, a dist\u00e0ncia. L&#8217;APP <a href=\"https:\/\/www.linkedin.com\/feed\/hashtag\/?keywords=eninterkey&amp;highlightedUpdateUrns=urn%3Ali%3Aactivity%3A6963056607278604288\">#ENINTERKEY<\/a> al m\u00f2bil o dispositiu que es tri\u00ef (polsera, adhesiu, clauer&#8230;) \u00e9s la nova era de l&#8217;accessibilitat intel\u00b7ligent.<br \/>\nEls qui busquin m\u00e9s facilitats en el seu dia a dia, es passaran a <a href=\"https:\/\/www.linkedin.com\/feed\/hashtag\/?keywords=eninterkey&amp;highlightedUpdateUrns=urn%3Ali%3Aactivity%3A6963056607278604288\">#ENINTERKEY<\/a><\/p>\n<p><iframe title=\"YouTube video player\" src=\"https:\/\/www.youtube.com\/embed\/3Dzhn-1xmx8\" width=\"560\" height=\"315\" frameborder=\"0\" allowfullscreen=\"allowfullscreen\"><\/iframe><\/p>\n<p>&nbsp;<\/p>\n<ul>\n<li>\n<h4>Excel\u00b7l\u00e8ncia<\/h4>\n<\/li>\n<\/ul>\n<p>Per suposat, el nostre nou producte est\u00e0 dissenyat complint amb el comprom\u00eds d&#8217;Eninter: millorar la qualitat de vida dels nostres clients. <a href=\"https:\/\/www.linkedin.com\/feed\/hashtag\/?keywords=eninterkey&amp;highlightedUpdateUrns=urn%3Ali%3Aactivity%3A6963056607278604288\">#ENINTERKEY<\/a> est\u00e0 dissenyat per complir les expectatives dels nostres clients m\u00e9s exigents.<br \/>\nEls qui busquin l&#8217;excel\u00b7l\u00e8ncia, es passaran a #ENINTERKEY.<\/p>\n<p><iframe title=\"YouTube video player\" src=\"https:\/\/www.youtube.com\/embed\/TTXg5D-Xyv4\" width=\"560\" height=\"315\" frameborder=\"0\" allowfullscreen=\"allowfullscreen\"><\/iframe><\/p>\n<p>&nbsp;<\/p>\n<ul>\n<li>\n<h4>M\u00e0gia<\/h4>\n<\/li>\n<\/ul>\n<p>Diuen que aquells que creuen en la m\u00e0gia estan destinats a trobar-la. A Eninter creiem en la m\u00e0gia, per aix\u00f2, hem dissenyat #ENINTERKEY, perqu\u00e8 el futur de l&#8217;accessibilitat \u00e9s m\u00e0gic. T&#8217;apuntes a comprovar-ho?<br \/>\nEls qui creuen en la m\u00e0gia, es passaran a #ENINTERKEY.<\/p>\n<p><iframe title=\"YouTube video player\" src=\"https:\/\/www.youtube.com\/embed\/q_rvqKXIims\" width=\"560\" height=\"315\" frameborder=\"0\" allowfullscreen=\"allowfullscreen\"><\/iframe><\/p>\n<p>&nbsp;<\/p>\n<p>Aix\u00f2 s\u00ed, advertim que #ENINTERKEY \u00e9s d&#8217;aquests productes que un cop provat pot convertir-se en imprescindible. T&#8217;arrisques a provar el futur de l&#8217;accessibilitat?<\/p>\n<p>&nbsp;<\/p>\n","protected":false},"excerpt":{"rendered":"<p>Tots els productes dissenyats per Eninter s\u00f3n el resultat de la mateixa intenci\u00f3; millorar la qualitat de vida dels nostres clients. I el nostre nou producte ENINTERKEY ha estat dissenyat \u00fanicament i exclusivament per a aquest fi. Us presentem, ENINTERKEY, el nostre nou producte, dissenyat exclusiva i \u00fanicament per als nostres clients del dia a [&hellip;]<\/p>\n","protected":false},"author":3,"featured_media":7615,"comment_status":"closed","ping_status":"closed","sticky":false,"template":"","format":"standard","meta":{"_acf_changed":false,"content-type":"","footnotes":""},"categories":[223],"tags":[],"class_list":["post-9025","post","type-post","status-publish","format-standard","has-post-thumbnail","hentry","category-accessibilitat"],"acf":[],"_yoast_wpseo_focuskw":"ENINTERKEY","_yoast_wpseo_metadesc":null,"yoast_head":"<!-- This site is optimized with the Yoast SEO Premium plugin v21.6 (Yoast SEO v27.5) - https:\/\/yoast.com\/product\/yoast-seo-premium-wordpress\/ -->\n<title>ENINTERKEY, t&#039;apuntes al futur de l&#039;accessibilitat? - ENINTER<\/title>\n<meta name=\"robots\" content=\"index, follow, max-snippet:-1, max-image-preview:large, max-video-preview:-1\" \/>\n<link rel=\"canonical\" href=\"https:\/\/www.eninter.com\/ca\/eninterkey-tapuntes-al-futur-de-laccessibilitat\/\" \/>\n<meta property=\"og:locale\" content=\"ca_ES\" \/>\n<meta property=\"og:type\" content=\"article\" \/>\n<meta property=\"og:title\" content=\"ENINTERKEY, t&#039;apuntes al futur de l&#039;accessibilitat?\" \/>\n<meta property=\"og:description\" content=\"Tots els productes dissenyats per Eninter s\u00f3n el resultat de la mateixa intenci\u00f3; millorar la qualitat de vida dels nostres clients. I el nostre nou producte ENINTERKEY ha estat dissenyat \u00fanicament i exclusivament per a aquest fi. Us presentem, ENINTERKEY, el nostre nou producte, dissenyat exclusiva i \u00fanicament per als nostres clients del dia a [&hellip;]\" \/>\n<meta property=\"og:url\" content=\"https:\/\/www.eninter.com\/ca\/eninterkey-tapuntes-al-futur-de-laccessibilitat\/\" \/>\n<meta property=\"og:site_name\" content=\"ENINTER\" \/>\n<meta property=\"article:publisher\" content=\"https:\/\/www.facebook.com\/EninterAscensores\" \/>\n<meta property=\"article:published_time\" content=\"2022-09-07T09:46:39+00:00\" \/>\n<meta property=\"og:image\" content=\"https:\/\/www.eninter.com\/wp-content\/uploads\/2022\/09\/ENINTERKEY.jpeg\" \/>\n\t<meta property=\"og:image:width\" content=\"1200\" \/>\n\t<meta property=\"og:image:height\" content=\"675\" \/>\n\t<meta property=\"og:image:type\" content=\"image\/jpeg\" \/>\n<meta name=\"author\" content=\"Albert Puig\" \/>\n<meta name=\"twitter:card\" content=\"summary_large_image\" \/>\n<meta name=\"twitter:creator\" content=\"@Eninter\" \/>\n<meta name=\"twitter:site\" content=\"@Eninter\" \/>\n<meta name=\"twitter:label1\" content=\"Escrit per\" \/>\n\t<meta name=\"twitter:data1\" content=\"Albert Puig\" \/>\n\t<meta name=\"twitter:label2\" content=\"Temps estimat de lectura\" \/>\n\t<meta name=\"twitter:data2\" content=\"2 minuts\" \/>\n<!-- \/ Yoast SEO Premium plugin. -->","yoast_head_json":{"title":"ENINTERKEY, t'apuntes al futur de l'accessibilitat? - ENINTER","robots":{"index":"index","follow":"follow","max-snippet":"max-snippet:-1","max-image-preview":"max-image-preview:large","max-video-preview":"max-video-preview:-1"},"canonical":"https:\/\/www.eninter.com\/ca\/eninterkey-tapuntes-al-futur-de-laccessibilitat\/","og_locale":"ca_ES","og_type":"article","og_title":"ENINTERKEY, t'apuntes al futur de l'accessibilitat?","og_description":"Tots els productes dissenyats per Eninter s\u00f3n el resultat de la mateixa intenci\u00f3; millorar la qualitat de vida dels nostres clients. I el nostre nou producte ENINTERKEY ha estat dissenyat \u00fanicament i exclusivament per a aquest fi. Us presentem, ENINTERKEY, el nostre nou producte, dissenyat exclusiva i \u00fanicament per als nostres clients del dia a [&hellip;]","og_url":"https:\/\/www.eninter.com\/ca\/eninterkey-tapuntes-al-futur-de-laccessibilitat\/","og_site_name":"ENINTER","article_publisher":"https:\/\/www.facebook.com\/EninterAscensores","article_published_time":"2022-09-07T09:46:39+00:00","og_image":[{"width":1200,"height":675,"url":"https:\/\/www.eninter.com\/wp-content\/uploads\/2022\/09\/ENINTERKEY.jpeg","type":"image\/jpeg"}],"author":"Albert Puig","twitter_card":"summary_large_image","twitter_creator":"@Eninter","twitter_site":"@Eninter","twitter_misc":{"Escrit per":"Albert Puig","Temps estimat de lectura":"2 minuts"},"schema":{"@context":"https:\/\/schema.org","@graph":[{"@type":"Article","@id":"https:\/\/www.eninter.com\/ca\/eninterkey-tapuntes-al-futur-de-laccessibilitat\/#article","isPartOf":{"@id":"https:\/\/www.eninter.com\/ca\/eninterkey-tapuntes-al-futur-de-laccessibilitat\/"},"author":{"name":"Albert Puig","@id":"https:\/\/www.eninter.com\/ca\/#\/schema\/person\/e6178c261ac4210884c0e0264dd59043"},"headline":"ENINTERKEY, t&#8217;apuntes al futur de l&#8217;accessibilitat?","datePublished":"2022-09-07T09:46:39+00:00","mainEntityOfPage":{"@id":"https:\/\/www.eninter.com\/ca\/eninterkey-tapuntes-al-futur-de-laccessibilitat\/"},"wordCount":444,"publisher":{"@id":"https:\/\/www.eninter.com\/ca\/#organization"},"image":{"@id":"https:\/\/www.eninter.com\/ca\/eninterkey-tapuntes-al-futur-de-laccessibilitat\/#primaryimage"},"thumbnailUrl":"https:\/\/www.eninter.com\/wp-content\/uploads\/2022\/09\/ENINTERKEY.jpeg","articleSection":["Accessibilitat"],"inLanguage":"ca"},{"@type":"WebPage","@id":"https:\/\/www.eninter.com\/ca\/eninterkey-tapuntes-al-futur-de-laccessibilitat\/","url":"https:\/\/www.eninter.com\/ca\/eninterkey-tapuntes-al-futur-de-laccessibilitat\/","name":"ENINTERKEY, t'apuntes al futur de l'accessibilitat? - ENINTER","isPartOf":{"@id":"https:\/\/www.eninter.com\/ca\/#website"},"primaryImageOfPage":{"@id":"https:\/\/www.eninter.com\/ca\/eninterkey-tapuntes-al-futur-de-laccessibilitat\/#primaryimage"},"image":{"@id":"https:\/\/www.eninter.com\/ca\/eninterkey-tapuntes-al-futur-de-laccessibilitat\/#primaryimage"},"thumbnailUrl":"https:\/\/www.eninter.com\/wp-content\/uploads\/2022\/09\/ENINTERKEY.jpeg","datePublished":"2022-09-07T09:46:39+00:00","breadcrumb":{"@id":"https:\/\/www.eninter.com\/ca\/eninterkey-tapuntes-al-futur-de-laccessibilitat\/#breadcrumb"},"inLanguage":"ca","potentialAction":[{"@type":"ReadAction","target":["https:\/\/www.eninter.com\/ca\/eninterkey-tapuntes-al-futur-de-laccessibilitat\/"]}]},{"@type":"ImageObject","inLanguage":"ca","@id":"https:\/\/www.eninter.com\/ca\/eninterkey-tapuntes-al-futur-de-laccessibilitat\/#primaryimage","url":"https:\/\/www.eninter.com\/wp-content\/uploads\/2022\/09\/ENINTERKEY.jpeg","contentUrl":"https:\/\/www.eninter.com\/wp-content\/uploads\/2022\/09\/ENINTERKEY.jpeg","width":1200,"height":675},{"@type":"BreadcrumbList","@id":"https:\/\/www.eninter.com\/ca\/eninterkey-tapuntes-al-futur-de-laccessibilitat\/#breadcrumb","itemListElement":[{"@type":"ListItem","position":1,"name":"Portada","item":"https:\/\/www.eninter.com\/ca\/"},{"@type":"ListItem","position":2,"name":"ENINTERKEY, t&#8217;apuntes al futur de l&#8217;accessibilitat?"}]},{"@type":"WebSite","@id":"https:\/\/www.eninter.com\/ca\/#website","url":"https:\/\/www.eninter.com\/ca\/","name":"ENINTER","description":"Mantenimiento de Ascensores Multimarca","publisher":{"@id":"https:\/\/www.eninter.com\/ca\/#organization"},"potentialAction":[{"@type":"SearchAction","target":{"@type":"EntryPoint","urlTemplate":"https:\/\/www.eninter.com\/ca\/?s={search_term_string}"},"query-input":{"@type":"PropertyValueSpecification","valueRequired":true,"valueName":"search_term_string"}}],"inLanguage":"ca"},{"@type":"Organization","@id":"https:\/\/www.eninter.com\/ca\/#organization","name":"Eniter","url":"https:\/\/www.eninter.com\/ca\/","logo":{"@type":"ImageObject","inLanguage":"ca","@id":"https:\/\/www.eninter.com\/ca\/#\/schema\/logo\/image\/","url":"https:\/\/www.eninter.com\/wp-content\/uploads\/2023\/08\/logo-eninter-png.png","contentUrl":"https:\/\/www.eninter.com\/wp-content\/uploads\/2023\/08\/logo-eninter-png.png","width":600,"height":340,"caption":"Eniter"},"image":{"@id":"https:\/\/www.eninter.com\/ca\/#\/schema\/logo\/image\/"},"sameAs":["https:\/\/www.facebook.com\/EninterAscensores","https:\/\/x.com\/Eninter","https:\/\/www.instagram.com\/eninterascensores\/","https:\/\/www.youtube.com\/user\/ascensoreseninter"]},{"@type":"Person","@id":"https:\/\/www.eninter.com\/ca\/#\/schema\/person\/e6178c261ac4210884c0e0264dd59043","name":"Albert Puig","image":{"@type":"ImageObject","inLanguage":"ca","@id":"https:\/\/secure.gravatar.com\/avatar\/583d07f3f1036f58d0e44e873586278b582179a16b27a5b3951504e9ee001c06?s=96&d=mm&r=g","url":"https:\/\/secure.gravatar.com\/avatar\/583d07f3f1036f58d0e44e873586278b582179a16b27a5b3951504e9ee001c06?s=96&d=mm&r=g","contentUrl":"https:\/\/secure.gravatar.com\/avatar\/583d07f3f1036f58d0e44e873586278b582179a16b27a5b3951504e9ee001c06?s=96&d=mm&r=g","caption":"Albert Puig"}}]}},"_links":{"self":[{"href":"https:\/\/www.eninter.com\/ca\/wp-json\/wp\/v2\/posts\/9025","targetHints":{"allow":["GET"]}}],"collection":[{"href":"https:\/\/www.eninter.com\/ca\/wp-json\/wp\/v2\/posts"}],"about":[{"href":"https:\/\/www.eninter.com\/ca\/wp-json\/wp\/v2\/types\/post"}],"author":[{"embeddable":true,"href":"https:\/\/www.eninter.com\/ca\/wp-json\/wp\/v2\/users\/3"}],"replies":[{"embeddable":true,"href":"https:\/\/www.eninter.com\/ca\/wp-json\/wp\/v2\/comments?post=9025"}],"version-history":[{"count":0,"href":"https:\/\/www.eninter.com\/ca\/wp-json\/wp\/v2\/posts\/9025\/revisions"}],"wp:featuredmedia":[{"embeddable":true,"href":"https:\/\/www.eninter.com\/ca\/wp-json\/wp\/v2\/media\/7615"}],"wp:attachment":[{"href":"https:\/\/www.eninter.com\/ca\/wp-json\/wp\/v2\/media?parent=9025"}],"wp:term":[{"taxonomy":"category","embeddable":true,"href":"https:\/\/www.eninter.com\/ca\/wp-json\/wp\/v2\/categories?post=9025"},{"taxonomy":"post_tag","embeddable":true,"href":"https:\/\/www.eninter.com\/ca\/wp-json\/wp\/v2\/tags?post=9025"}],"curies":[{"name":"wp","href":"https:\/\/api.w.org\/{rel}","templated":true}]}}