{"id":9026,"date":"2022-09-05T14:04:39","date_gmt":"2022-09-05T14:04:39","guid":{"rendered":"https:\/\/www.eninter.com\/el-compromis-eninter-segueix-millorant-la-vida-de-les-persones-a-lindia\/"},"modified":"2025-01-08T12:45:54","modified_gmt":"2025-01-08T12:45:54","slug":"el-compromis-eninter-segueix-millorant-la-vida-de-les-persones-a-lindia","status":"publish","type":"post","link":"https:\/\/www.eninter.com\/ca\/el-compromis-eninter-segueix-millorant-la-vida-de-les-persones-a-lindia\/","title":{"rendered":"El comprom\u00eds ENINTER segueix millorant la vida de les persones a l&#8217;\u00cdndia"},"content":{"rendered":"<h4><strong>El comprom\u00eds ENINTER segueix cooperant en la millora de la vida de les persones a l&#8217;\u00cdndia: ENINTER col\u00b7labora amb la Fundaci\u00f3 Vicente Ferrer en la construcci\u00f3 del primer centre ortop\u00e8dic i de rehabilitaci\u00f3 a Doranala.<\/strong><\/h4>\n<p>Millorar la qualitat de vida de les persones, aquest \u00e9s el nostre objectiu principal i no el limitem nom\u00e9s a les nostres fronteres creant campanyes com <a href=\"https:\/\/www.eninter.com\/blog\/laura-olvera-fue-muy-bonito-verle-la-cara-ver-la-ilusion-en-el-brillo-de-sus-ojos\/\">#EninterAyuda,<\/a> sin\u00f3 que, tamb\u00e9 l&#8217;extrapolem a altres pa\u00efsos que necessiten de tota col\u00b7laboraci\u00f3 possible. Per aix\u00f2, des de fa anys formem part de la xarxa de companyies que participen en els projectes m\u00e9s simb\u00f2lics que duu a terme la <a href=\"https:\/\/fundacionvicenteferrer.org\/\">Fundaci\u00f3 Vicente Ferrer<\/a> en la seua tasca a l&#8217;\u00cdndia. Un dels \u00faltims projectes ha sigut la construcci\u00f3 d&#8217;un centre ortop\u00e8dic a Dornala, una poblaci\u00f3 a una hora a peu des de la seu de la Fundaci\u00f3 Vicente Ferrer a <a href=\"https:\/\/www.eninter.com\/blog\/contribuimos-a-la-mejora-de-la-calidad-de-vida-de-las-personas\/\">Anantapur<\/a>, l&#8217;\u00cdndia.<\/p>\n<h5><strong>El primer centre de rehabilitaci\u00f3, ortop\u00e8dia i recuperaci\u00f3 a la zona<\/strong><\/h5>\n<p>La poblaci\u00f3 \u00edndia de la zona pateix una alta incid\u00e8ncia de discapacitat per casos relacionats amb poli, malformacions cong\u00e8nites, par\u00e0lisi cerebral, accidents laborals o de tr\u00e0nsit. La construcci\u00f3 d&#8217; aquest centre d&#8217; ortop\u00e8dia i rehabilitaci\u00f3 \u00e9s clau per millorar la qualitat de vida i la integraci\u00f3 social de les persones amb discapacitat f\u00edsica o mobilitat redu\u00efda, perqu\u00e8 permetr\u00e0 la identificaci\u00f3 i la intervenci\u00f3 primerenques, aspectes fonamentals per al tractament d&#8217; aquestes malalties.<\/p>\n<p>La construcci\u00f3 d&#8217; aquest centre garantir\u00e0 a la poblaci\u00f3 de la zona, que fins ara no comptava amb un equipament d&#8217; aquestes caracter\u00edstiques, l&#8217; acc\u00e9s a serveis terap\u00e8utics i de rehabilitaci\u00f3, a m\u00e9s d&#8217; una atenci\u00f3 sanit\u00e0ria de qualitat en les especialitats d&#8217; ortop\u00e8dia i traumatologia.<\/p>\n<p>L&#8217; objectiu final \u00e9s millorar la mobilitat de les persones amb discapacitat locomotora per augmentar la seva autonomia en diversos \u00e0mbits, des de les tasques m\u00e9s senzilles de la vida quotidiana, fins a les accions que afavoreixin el seu desenvolupament personal, com l&#8217; educaci\u00f3 o les activitats laborals.<\/p>\n<h5><strong>Un projecte que va n\u00e9ixer fa ja dos anys<\/strong><\/h5>\n<p>El projecte del centre de rehabilitaci\u00f3 i ortop\u00e8dic a Dornala va tenir el seu inici el novembre del 2020, quan es va abordar la necessitat urgent de crear un centre de rehabilitaci\u00f3. Des d&#8217;aleshores, el personal d&#8217;organitzaci\u00f3 de la Fundaci\u00f3 Vicente Ferrer s&#8217;ha dedicat al seguiment i al desenvolupament de totes les activitats necess\u00e0ries perqu\u00e8 el projecte es convertisca en una realitat. La previsi\u00f3 de durada de les obres de construcci\u00f3 \u00e9s d&#8217; un m\u00e0xim de 18 mesos, m\u00e9s 4 mesos per moblar i equipar el taller d&#8217; ortop\u00e8dia amb tots els recursos necessaris.<\/p>\n<p>L&#8217; edifici tindr\u00e0 315 m \u00b2 i comptar\u00e0 amb oficina, sala d&#8217; espera, sales de rehabilitaci\u00f3, sala de fisioter\u00e0pia, lavabos, sala d&#8217; emmotllat, sala de muntatge, sala de forn per a fabricaci\u00f3 de pr\u00f2tesis i magatzem de materials. Els serveis inclouran: disseny, fabricaci\u00f3, reparaci\u00f3 i distribuci\u00f3 de pr\u00f2tesis adaptades a cada cas. Subministrament de dispositius per facilitar la mobilitat (cadires de rodes, crosses, tricicles), fisioter\u00e0pia i orientaci\u00f3 a pacients i familiars i sensibilitzaci\u00f3 sobre drets, inclusi\u00f3 i integraci\u00f3 de les persones amb discapacitat.<\/p>\n<h5><strong>#CompromisoEninter: Col\u00b7laborar amb la Fundaci\u00f3 Vicente Ferrer, un orgull per a tot l&#8217;Equip Eninter<\/strong><\/h5>\n<p>&#8220;No hi ha manera m\u00e9s f\u00e0cil de fer una cosa dif\u00edcil. El secret est\u00e0 en comen\u00e7ar per les coses petites&#8221;, citem Anna Ferrer, presidenta de la Fundaci\u00f3, per deixar const\u00e0ncia que a Eninter Ascensores creiem en el treball en equip i per aix\u00f2, no deixarem d&#8217;aportar el nostre petit granet de sorra per construir un m\u00f3n m\u00e9s just i igualitari. Si tots aportem un poquet, per petita que sembli la nostra aportaci\u00f3, aconseguirem construir una muntanya que, aquesta vegada, t\u00e9 forma de centre de rehabilitaci\u00f3.<\/p>\n","protected":false},"excerpt":{"rendered":"<p>El comprom\u00eds ENINTER segueix cooperant en la millora de la vida de les persones a l&#8217;\u00cdndia: ENINTER col\u00b7labora amb la Fundaci\u00f3 Vicente Ferrer en la construcci\u00f3 del primer centre ortop\u00e8dic i de rehabilitaci\u00f3 a Doranala. Millorar la qualitat de vida de les persones, aquest \u00e9s el nostre objectiu principal i no el limitem nom\u00e9s a [&hellip;]<\/p>\n","protected":false},"author":3,"featured_media":7617,"comment_status":"closed","ping_status":"closed","sticky":false,"template":"","format":"standard","meta":{"_acf_changed":false,"content-type":"","footnotes":""},"categories":[222],"tags":[],"class_list":["post-9026","post","type-post","status-publish","format-standard","has-post-thumbnail","hentry","category-sobre-eninter-ca"],"acf":[],"_yoast_wpseo_focuskw":"comprom\u00eds ENINTER","_yoast_wpseo_metadesc":"Eninter col\u00b7labora amb la Fundaci\u00f3 Vicente Ferrer en la construcci\u00f3 d'un centre de rehabilitaci\u00f3 a l'\u00cdndia","yoast_head":"<!-- This site is optimized with the Yoast SEO Premium plugin v21.6 (Yoast SEO v27.5) - https:\/\/yoast.com\/product\/yoast-seo-premium-wordpress\/ -->\n<title>Comprom\u00eds Eninter<\/title>\n<meta name=\"description\" content=\"Eninter col\u00b7labora amb la Fundaci\u00f3 Vicente Ferrer en la construcci\u00f3 d&#039;un centre de rehabilitaci\u00f3 a l&#039;\u00cdndia\" \/>\n<meta name=\"robots\" content=\"index, follow, max-snippet:-1, max-image-preview:large, max-video-preview:-1\" \/>\n<link rel=\"canonical\" href=\"https:\/\/www.eninter.com\/ca\/el-compromis-eninter-segueix-millorant-la-vida-de-les-persones-a-lindia\/\" \/>\n<meta property=\"og:locale\" content=\"ca_ES\" \/>\n<meta property=\"og:type\" content=\"article\" \/>\n<meta property=\"og:title\" content=\"El comprom\u00eds ENINTER segueix millorant la vida de les persones a l&#039;\u00cdndia\" \/>\n<meta property=\"og:description\" content=\"Eninter col\u00b7labora amb la Fundaci\u00f3 Vicente Ferrer en la construcci\u00f3 d&#039;un centre de rehabilitaci\u00f3 a l&#039;\u00cdndia\" \/>\n<meta property=\"og:url\" content=\"https:\/\/www.eninter.com\/ca\/el-compromis-eninter-segueix-millorant-la-vida-de-les-persones-a-lindia\/\" \/>\n<meta property=\"og:site_name\" content=\"ENINTER\" \/>\n<meta property=\"article:publisher\" content=\"https:\/\/www.facebook.com\/EninterAscensores\" \/>\n<meta property=\"article:published_time\" content=\"2022-09-05T14:04:39+00:00\" \/>\n<meta property=\"article:modified_time\" content=\"2025-01-08T12:45:54+00:00\" \/>\n<meta property=\"og:image\" content=\"https:\/\/www.eninter.com\/wp-content\/uploads\/2022\/09\/compromiso-ENINTER.jpeg\" \/>\n\t<meta property=\"og:image:width\" content=\"1200\" \/>\n\t<meta property=\"og:image:height\" content=\"675\" \/>\n\t<meta property=\"og:image:type\" content=\"image\/jpeg\" \/>\n<meta name=\"author\" content=\"Albert Puig\" \/>\n<meta name=\"twitter:card\" content=\"summary_large_image\" \/>\n<meta name=\"twitter:creator\" content=\"@Eninter\" \/>\n<meta name=\"twitter:site\" content=\"@Eninter\" \/>\n<meta name=\"twitter:label1\" content=\"Escrit per\" \/>\n\t<meta name=\"twitter:data1\" content=\"Albert Puig\" \/>\n\t<meta name=\"twitter:label2\" content=\"Temps estimat de lectura\" \/>\n\t<meta name=\"twitter:data2\" content=\"3 minuts\" \/>\n<!-- \/ Yoast SEO Premium plugin. -->","yoast_head_json":{"title":"Comprom\u00eds Eninter","description":"Eninter col\u00b7labora amb la Fundaci\u00f3 Vicente Ferrer en la construcci\u00f3 d'un centre de rehabilitaci\u00f3 a l'\u00cdndia","robots":{"index":"index","follow":"follow","max-snippet":"max-snippet:-1","max-image-preview":"max-image-preview:large","max-video-preview":"max-video-preview:-1"},"canonical":"https:\/\/www.eninter.com\/ca\/el-compromis-eninter-segueix-millorant-la-vida-de-les-persones-a-lindia\/","og_locale":"ca_ES","og_type":"article","og_title":"El comprom\u00eds ENINTER segueix millorant la vida de les persones a l'\u00cdndia","og_description":"Eninter col\u00b7labora amb la Fundaci\u00f3 Vicente Ferrer en la construcci\u00f3 d'un centre de rehabilitaci\u00f3 a l'\u00cdndia","og_url":"https:\/\/www.eninter.com\/ca\/el-compromis-eninter-segueix-millorant-la-vida-de-les-persones-a-lindia\/","og_site_name":"ENINTER","article_publisher":"https:\/\/www.facebook.com\/EninterAscensores","article_published_time":"2022-09-05T14:04:39+00:00","article_modified_time":"2025-01-08T12:45:54+00:00","og_image":[{"width":1200,"height":675,"url":"https:\/\/www.eninter.com\/wp-content\/uploads\/2022\/09\/compromiso-ENINTER.jpeg","type":"image\/jpeg"}],"author":"Albert Puig","twitter_card":"summary_large_image","twitter_creator":"@Eninter","twitter_site":"@Eninter","twitter_misc":{"Escrit per":"Albert Puig","Temps estimat de lectura":"3 minuts"},"schema":{"@context":"https:\/\/schema.org","@graph":[{"@type":"Article","@id":"https:\/\/www.eninter.com\/ca\/el-compromis-eninter-segueix-millorant-la-vida-de-les-persones-a-lindia\/#article","isPartOf":{"@id":"https:\/\/www.eninter.com\/ca\/el-compromis-eninter-segueix-millorant-la-vida-de-les-persones-a-lindia\/"},"author":{"name":"Albert Puig","@id":"https:\/\/www.eninter.com\/ca\/#\/schema\/person\/e6178c261ac4210884c0e0264dd59043"},"headline":"El comprom\u00eds ENINTER segueix millorant la vida de les persones a l&#8217;\u00cdndia","datePublished":"2022-09-05T14:04:39+00:00","dateModified":"2025-01-08T12:45:54+00:00","mainEntityOfPage":{"@id":"https:\/\/www.eninter.com\/ca\/el-compromis-eninter-segueix-millorant-la-vida-de-les-persones-a-lindia\/"},"wordCount":664,"publisher":{"@id":"https:\/\/www.eninter.com\/ca\/#organization"},"image":{"@id":"https:\/\/www.eninter.com\/ca\/el-compromis-eninter-segueix-millorant-la-vida-de-les-persones-a-lindia\/#primaryimage"},"thumbnailUrl":"https:\/\/www.eninter.com\/wp-content\/uploads\/2022\/09\/compromiso-ENINTER.jpeg","articleSection":["Sobre Eninter"],"inLanguage":"ca"},{"@type":"WebPage","@id":"https:\/\/www.eninter.com\/ca\/el-compromis-eninter-segueix-millorant-la-vida-de-les-persones-a-lindia\/","url":"https:\/\/www.eninter.com\/ca\/el-compromis-eninter-segueix-millorant-la-vida-de-les-persones-a-lindia\/","name":"Comprom\u00eds Eninter","isPartOf":{"@id":"https:\/\/www.eninter.com\/ca\/#website"},"primaryImageOfPage":{"@id":"https:\/\/www.eninter.com\/ca\/el-compromis-eninter-segueix-millorant-la-vida-de-les-persones-a-lindia\/#primaryimage"},"image":{"@id":"https:\/\/www.eninter.com\/ca\/el-compromis-eninter-segueix-millorant-la-vida-de-les-persones-a-lindia\/#primaryimage"},"thumbnailUrl":"https:\/\/www.eninter.com\/wp-content\/uploads\/2022\/09\/compromiso-ENINTER.jpeg","datePublished":"2022-09-05T14:04:39+00:00","dateModified":"2025-01-08T12:45:54+00:00","description":"Eninter col\u00b7labora amb la Fundaci\u00f3 Vicente Ferrer en la construcci\u00f3 d'un centre de rehabilitaci\u00f3 a l'\u00cdndia","breadcrumb":{"@id":"https:\/\/www.eninter.com\/ca\/el-compromis-eninter-segueix-millorant-la-vida-de-les-persones-a-lindia\/#breadcrumb"},"inLanguage":"ca","potentialAction":[{"@type":"ReadAction","target":["https:\/\/www.eninter.com\/ca\/el-compromis-eninter-segueix-millorant-la-vida-de-les-persones-a-lindia\/"]}]},{"@type":"ImageObject","inLanguage":"ca","@id":"https:\/\/www.eninter.com\/ca\/el-compromis-eninter-segueix-millorant-la-vida-de-les-persones-a-lindia\/#primaryimage","url":"https:\/\/www.eninter.com\/wp-content\/uploads\/2022\/09\/compromiso-ENINTER.jpeg","contentUrl":"https:\/\/www.eninter.com\/wp-content\/uploads\/2022\/09\/compromiso-ENINTER.jpeg","width":1200,"height":675},{"@type":"BreadcrumbList","@id":"https:\/\/www.eninter.com\/ca\/el-compromis-eninter-segueix-millorant-la-vida-de-les-persones-a-lindia\/#breadcrumb","itemListElement":[{"@type":"ListItem","position":1,"name":"Portada","item":"https:\/\/www.eninter.com\/ca\/"},{"@type":"ListItem","position":2,"name":"El comprom\u00eds ENINTER segueix millorant la vida de les persones a l&#8217;\u00cdndia"}]},{"@type":"WebSite","@id":"https:\/\/www.eninter.com\/ca\/#website","url":"https:\/\/www.eninter.com\/ca\/","name":"ENINTER","description":"Mantenimiento de Ascensores Multimarca","publisher":{"@id":"https:\/\/www.eninter.com\/ca\/#organization"},"potentialAction":[{"@type":"SearchAction","target":{"@type":"EntryPoint","urlTemplate":"https:\/\/www.eninter.com\/ca\/?s={search_term_string}"},"query-input":{"@type":"PropertyValueSpecification","valueRequired":true,"valueName":"search_term_string"}}],"inLanguage":"ca"},{"@type":"Organization","@id":"https:\/\/www.eninter.com\/ca\/#organization","name":"Eniter","url":"https:\/\/www.eninter.com\/ca\/","logo":{"@type":"ImageObject","inLanguage":"ca","@id":"https:\/\/www.eninter.com\/ca\/#\/schema\/logo\/image\/","url":"https:\/\/www.eninter.com\/wp-content\/uploads\/2023\/08\/logo-eninter-png.png","contentUrl":"https:\/\/www.eninter.com\/wp-content\/uploads\/2023\/08\/logo-eninter-png.png","width":600,"height":340,"caption":"Eniter"},"image":{"@id":"https:\/\/www.eninter.com\/ca\/#\/schema\/logo\/image\/"},"sameAs":["https:\/\/www.facebook.com\/EninterAscensores","https:\/\/x.com\/Eninter","https:\/\/www.instagram.com\/eninterascensores\/","https:\/\/www.youtube.com\/user\/ascensoreseninter"]},{"@type":"Person","@id":"https:\/\/www.eninter.com\/ca\/#\/schema\/person\/e6178c261ac4210884c0e0264dd59043","name":"Albert Puig","image":{"@type":"ImageObject","inLanguage":"ca","@id":"https:\/\/secure.gravatar.com\/avatar\/583d07f3f1036f58d0e44e873586278b582179a16b27a5b3951504e9ee001c06?s=96&d=mm&r=g","url":"https:\/\/secure.gravatar.com\/avatar\/583d07f3f1036f58d0e44e873586278b582179a16b27a5b3951504e9ee001c06?s=96&d=mm&r=g","contentUrl":"https:\/\/secure.gravatar.com\/avatar\/583d07f3f1036f58d0e44e873586278b582179a16b27a5b3951504e9ee001c06?s=96&d=mm&r=g","caption":"Albert Puig"}}]}},"_links":{"self":[{"href":"https:\/\/www.eninter.com\/ca\/wp-json\/wp\/v2\/posts\/9026","targetHints":{"allow":["GET"]}}],"collection":[{"href":"https:\/\/www.eninter.com\/ca\/wp-json\/wp\/v2\/posts"}],"about":[{"href":"https:\/\/www.eninter.com\/ca\/wp-json\/wp\/v2\/types\/post"}],"author":[{"embeddable":true,"href":"https:\/\/www.eninter.com\/ca\/wp-json\/wp\/v2\/users\/3"}],"replies":[{"embeddable":true,"href":"https:\/\/www.eninter.com\/ca\/wp-json\/wp\/v2\/comments?post=9026"}],"version-history":[{"count":0,"href":"https:\/\/www.eninter.com\/ca\/wp-json\/wp\/v2\/posts\/9026\/revisions"}],"wp:featuredmedia":[{"embeddable":true,"href":"https:\/\/www.eninter.com\/ca\/wp-json\/wp\/v2\/media\/7617"}],"wp:attachment":[{"href":"https:\/\/www.eninter.com\/ca\/wp-json\/wp\/v2\/media?parent=9026"}],"wp:term":[{"taxonomy":"category","embeddable":true,"href":"https:\/\/www.eninter.com\/ca\/wp-json\/wp\/v2\/categories?post=9026"},{"taxonomy":"post_tag","embeddable":true,"href":"https:\/\/www.eninter.com\/ca\/wp-json\/wp\/v2\/tags?post=9026"}],"curies":[{"name":"wp","href":"https:\/\/api.w.org\/{rel}","templated":true}]}}