{"id":9029,"date":"2022-05-27T10:05:11","date_gmt":"2022-05-27T10:05:11","guid":{"rendered":"https:\/\/www.eninter.com\/sis-raons-per-decidir-te-a-installar-una-camera-de-seguretat-al-teu-ascensor\/"},"modified":"2025-01-08T12:44:17","modified_gmt":"2025-01-08T12:44:17","slug":"sis-raons-per-decidir-te-a-installar-una-camera-de-seguretat-al-teu-ascensor","status":"publish","type":"post","link":"https:\/\/www.eninter.com\/ca\/sis-raons-per-decidir-te-a-installar-una-camera-de-seguretat-al-teu-ascensor\/","title":{"rendered":"Sis raons per decidir-te a instal\u00b7lar una c\u00e0mera de seguretat al teu ascensor"},"content":{"rendered":"<p>T&#8217;agradaria que al teu ascensor s&#8217;instal\u00b7lessin c\u00e0meres de <strong>seguretat<\/strong>? Sabem que la resposta a aquesta pregunta pot ser l&#8217;inici d&#8217;un etern debat perqu\u00e8 suposa, entre altres moltes coses, la dif\u00edcil conviv\u00e8ncia entre la protecci\u00f3 de la intimitat i la seguretat. A Eninter Ascensores som fidels defensors de la seguretat dels nostres usuaris aix\u00ed que, et donem cinc raons per instal\u00b7lar c\u00e0meres al teu ascensor:<\/p>\n<ul>\n<li><strong>Augmenta la teva seguretat: <\/strong>un ascensor sembla el lloc idoni per cometre actes delictius. El mirall que trobem en la majoria d&#8217;ascensors \u00e9s un petit dissuasiu per als possibles delinq\u00fcents, per\u00f2, en molts casos, no \u00e9s suficient.<\/li>\n<\/ul>\n<ul>\n<li><strong>Protegeix el bon manteniment de les instal\u00b7lacions: <\/strong>les c\u00e0meres de seguretat tamb\u00e9 dissuadeixen possibles actes vand\u00e0lics com pintades, grafitis, trencaments, falta d&#8217;higiene&#8230;<\/li>\n<\/ul>\n<ul>\n<li><strong>Baix cost: <\/strong>No es necessita una gran tecnologia, de fet, la c\u00e0mera ja compliria amb la seva missi\u00f3 dissuas\u00f2ria, \u00fanicament pel sol fet d&#8217;existir, aix\u00ed que \u00e9s recomanable evitar aparells amb massa complicaci\u00f3 en la instal\u00b7laci\u00f3 o amb un cost de manteniment alt.<\/li>\n<\/ul>\n<ul>\n<li><strong>La Llei de Propietat Horitzontal d&#8217; Espanya ho permet: <\/strong>sempre que la decisi\u00f3 es prengui regint-se pels principis que estableix la Llei. Ser\u00e0 necessari el vot de les 3\/5 parts dels propietaris o b\u00e9 la majoria simple en cas d&#8217;existir un sistema de seguretat en la comunitat.<\/li>\n<\/ul>\n<ul>\n<li><strong>Registre davant de possibles actes delictius: <\/strong>en el cas que se succeeixi algun acte delictiu a l&#8217; interior de l&#8217; ascensor, la v\u00edctima disposar\u00e0 d&#8217; una prova per presentar davant les autoritats policials, si fos necessari.<\/li>\n<\/ul>\n<ul>\n<li><strong>No atempta contra la teva intimitat: <\/strong>caldria col\u00b7locar un cartell informatiu que notigu\u00e9s als usuaris de l&#8217;ascensor l&#8217;exist\u00e8ncia de c\u00e0meres de seguretat dins de l&#8217;ascensor, aix\u00ed que sempre ser\u00e0s conscient que en aquest espai se t&#8217;est\u00e0 gravant.<\/li>\n<\/ul>\n<p>A <a href=\"https:\/\/www.eninter.com\/ca\/\">Eninter Ascensores sempre t&#8217;oferirem<\/a> el model d&#8217;ascensor que m\u00e9s s&#8217;adapti a les teves necessitats, i estudiem la <a href=\"https:\/\/www.eninter.com\/nueva-instalacion-ascensor.php\">instal\u00b7laci\u00f3<\/a> dels sistemes de seguretat que el titular necessiti. Per suposat, si es tracta de l&#8217;ascensor d&#8217;un hotel o d&#8217;una empresa, les c\u00e0meres de seguretat podrien ser una bona opci\u00f3 per oferir als teus clients o treballadors l&#8217;extra de la seguretat. Sigui quina sigui la teva opci\u00f3, a Eninter Ascensores dissenyem, fabriquem, instal\u00b7lem i mantenim ascensors de qualsevol sector. Els nostres ascensors satisfan totes les demandes del mercat actual.<\/p>\n<p>&nbsp;<\/p>\n","protected":false},"excerpt":{"rendered":"<p>T&#8217;agradaria que al teu ascensor s&#8217;instal\u00b7lessin c\u00e0meres de seguretat? Sabem que la resposta a aquesta pregunta pot ser l&#8217;inici d&#8217;un etern debat perqu\u00e8 suposa, entre altres moltes coses, la dif\u00edcil conviv\u00e8ncia entre la protecci\u00f3 de la intimitat i la seguretat. A Eninter Ascensores som fidels defensors de la seguretat dels nostres usuaris aix\u00ed que, et [&hellip;]<\/p>\n","protected":false},"author":3,"featured_media":7625,"comment_status":"closed","ping_status":"closed","sticky":false,"template":"","format":"standard","meta":{"_acf_changed":false,"content-type":"","footnotes":""},"categories":[221],"tags":[],"class_list":["post-9029","post","type-post","status-publish","format-standard","has-post-thumbnail","hentry","category-ascensors"],"acf":[],"_yoast_wpseo_focuskw":"c\u00e0meres de seguretat a l' ascensor","_yoast_wpseo_metadesc":"En el blog d'Eninter: \"%%title%%\". Et donem sis raons per instal\u00b7lar c\u00e0meres de seguretat al teu ascensor","yoast_head":"<!-- This site is optimized with the Yoast SEO Premium plugin v21.6 (Yoast SEO v27.5) - https:\/\/yoast.com\/product\/yoast-seo-premium-wordpress\/ -->\n<title>%% Sis raons per instal\u00b7lar c\u00e0meres de seguretat al teu ascensor<\/title>\n<meta name=\"description\" content=\"En el blog d&#039;Eninter: &quot;Sis raons per decidir-te a instal\u00b7lar una c\u00e0mera de seguretat al teu ascensor&quot;. Et donem sis raons per instal\u00b7lar c\u00e0meres de seguretat al teu ascensor\" \/>\n<meta name=\"robots\" content=\"index, follow, max-snippet:-1, max-image-preview:large, max-video-preview:-1\" \/>\n<link rel=\"canonical\" href=\"https:\/\/www.eninter.com\/ca\/sis-raons-per-decidir-te-a-installar-una-camera-de-seguretat-al-teu-ascensor\/\" \/>\n<meta property=\"og:locale\" content=\"ca_ES\" \/>\n<meta property=\"og:type\" content=\"article\" \/>\n<meta property=\"og:title\" content=\"Sis raons per decidir-te a instal\u00b7lar una c\u00e0mera de seguretat al teu ascensor\" \/>\n<meta property=\"og:description\" content=\"En el blog d&#039;Eninter: &quot;Sis raons per decidir-te a instal\u00b7lar una c\u00e0mera de seguretat al teu ascensor&quot;. Et donem sis raons per instal\u00b7lar c\u00e0meres de seguretat al teu ascensor\" \/>\n<meta property=\"og:url\" content=\"https:\/\/www.eninter.com\/ca\/sis-raons-per-decidir-te-a-installar-una-camera-de-seguretat-al-teu-ascensor\/\" \/>\n<meta property=\"og:site_name\" content=\"ENINTER\" \/>\n<meta property=\"article:publisher\" content=\"https:\/\/www.facebook.com\/EninterAscensores\" \/>\n<meta property=\"article:published_time\" content=\"2022-05-27T10:05:11+00:00\" \/>\n<meta property=\"article:modified_time\" content=\"2025-01-08T12:44:17+00:00\" \/>\n<meta property=\"og:image\" content=\"https:\/\/www.eninter.com\/wp-content\/uploads\/2022\/05\/camaras-de-seguridad-en-el-ascensor.jpeg\" \/>\n\t<meta property=\"og:image:width\" content=\"1200\" \/>\n\t<meta property=\"og:image:height\" content=\"675\" \/>\n\t<meta property=\"og:image:type\" content=\"image\/jpeg\" \/>\n<meta name=\"author\" content=\"Albert Puig\" \/>\n<meta name=\"twitter:card\" content=\"summary_large_image\" \/>\n<meta name=\"twitter:creator\" content=\"@Eninter\" \/>\n<meta name=\"twitter:site\" content=\"@Eninter\" \/>\n<meta name=\"twitter:label1\" content=\"Escrit per\" \/>\n\t<meta name=\"twitter:data1\" content=\"Albert Puig\" \/>\n\t<meta name=\"twitter:label2\" content=\"Temps estimat de lectura\" \/>\n\t<meta name=\"twitter:data2\" content=\"2 minuts\" \/>\n<!-- \/ Yoast SEO Premium plugin. -->","yoast_head_json":{"title":"%% Sis raons per instal\u00b7lar c\u00e0meres de seguretat al teu ascensor","description":"En el blog d'Eninter: \"Sis raons per decidir-te a instal\u00b7lar una c\u00e0mera de seguretat al teu ascensor\". Et donem sis raons per instal\u00b7lar c\u00e0meres de seguretat al teu ascensor","robots":{"index":"index","follow":"follow","max-snippet":"max-snippet:-1","max-image-preview":"max-image-preview:large","max-video-preview":"max-video-preview:-1"},"canonical":"https:\/\/www.eninter.com\/ca\/sis-raons-per-decidir-te-a-installar-una-camera-de-seguretat-al-teu-ascensor\/","og_locale":"ca_ES","og_type":"article","og_title":"Sis raons per decidir-te a instal\u00b7lar una c\u00e0mera de seguretat al teu ascensor","og_description":"En el blog d'Eninter: \"Sis raons per decidir-te a instal\u00b7lar una c\u00e0mera de seguretat al teu ascensor\". Et donem sis raons per instal\u00b7lar c\u00e0meres de seguretat al teu ascensor","og_url":"https:\/\/www.eninter.com\/ca\/sis-raons-per-decidir-te-a-installar-una-camera-de-seguretat-al-teu-ascensor\/","og_site_name":"ENINTER","article_publisher":"https:\/\/www.facebook.com\/EninterAscensores","article_published_time":"2022-05-27T10:05:11+00:00","article_modified_time":"2025-01-08T12:44:17+00:00","og_image":[{"width":1200,"height":675,"url":"https:\/\/www.eninter.com\/wp-content\/uploads\/2022\/05\/camaras-de-seguridad-en-el-ascensor.jpeg","type":"image\/jpeg"}],"author":"Albert Puig","twitter_card":"summary_large_image","twitter_creator":"@Eninter","twitter_site":"@Eninter","twitter_misc":{"Escrit per":"Albert Puig","Temps estimat de lectura":"2 minuts"},"schema":{"@context":"https:\/\/schema.org","@graph":[{"@type":"Article","@id":"https:\/\/www.eninter.com\/ca\/sis-raons-per-decidir-te-a-installar-una-camera-de-seguretat-al-teu-ascensor\/#article","isPartOf":{"@id":"https:\/\/www.eninter.com\/ca\/sis-raons-per-decidir-te-a-installar-una-camera-de-seguretat-al-teu-ascensor\/"},"author":{"name":"Albert Puig","@id":"https:\/\/www.eninter.com\/ca\/#\/schema\/person\/e6178c261ac4210884c0e0264dd59043"},"headline":"Sis raons per decidir-te a instal\u00b7lar una c\u00e0mera de seguretat al teu ascensor","datePublished":"2022-05-27T10:05:11+00:00","dateModified":"2025-01-08T12:44:17+00:00","mainEntityOfPage":{"@id":"https:\/\/www.eninter.com\/ca\/sis-raons-per-decidir-te-a-installar-una-camera-de-seguretat-al-teu-ascensor\/"},"wordCount":430,"publisher":{"@id":"https:\/\/www.eninter.com\/ca\/#organization"},"image":{"@id":"https:\/\/www.eninter.com\/ca\/sis-raons-per-decidir-te-a-installar-una-camera-de-seguretat-al-teu-ascensor\/#primaryimage"},"thumbnailUrl":"https:\/\/www.eninter.com\/wp-content\/uploads\/2022\/05\/camaras-de-seguridad-en-el-ascensor.jpeg","articleSection":["Ascensors"],"inLanguage":"ca"},{"@type":"WebPage","@id":"https:\/\/www.eninter.com\/ca\/sis-raons-per-decidir-te-a-installar-una-camera-de-seguretat-al-teu-ascensor\/","url":"https:\/\/www.eninter.com\/ca\/sis-raons-per-decidir-te-a-installar-una-camera-de-seguretat-al-teu-ascensor\/","name":"%% Sis raons per instal\u00b7lar c\u00e0meres de seguretat al teu ascensor","isPartOf":{"@id":"https:\/\/www.eninter.com\/ca\/#website"},"primaryImageOfPage":{"@id":"https:\/\/www.eninter.com\/ca\/sis-raons-per-decidir-te-a-installar-una-camera-de-seguretat-al-teu-ascensor\/#primaryimage"},"image":{"@id":"https:\/\/www.eninter.com\/ca\/sis-raons-per-decidir-te-a-installar-una-camera-de-seguretat-al-teu-ascensor\/#primaryimage"},"thumbnailUrl":"https:\/\/www.eninter.com\/wp-content\/uploads\/2022\/05\/camaras-de-seguridad-en-el-ascensor.jpeg","datePublished":"2022-05-27T10:05:11+00:00","dateModified":"2025-01-08T12:44:17+00:00","description":"En el blog d'Eninter: \"Sis raons per decidir-te a instal\u00b7lar una c\u00e0mera de seguretat al teu ascensor\". Et donem sis raons per instal\u00b7lar c\u00e0meres de seguretat al teu ascensor","breadcrumb":{"@id":"https:\/\/www.eninter.com\/ca\/sis-raons-per-decidir-te-a-installar-una-camera-de-seguretat-al-teu-ascensor\/#breadcrumb"},"inLanguage":"ca","potentialAction":[{"@type":"ReadAction","target":["https:\/\/www.eninter.com\/ca\/sis-raons-per-decidir-te-a-installar-una-camera-de-seguretat-al-teu-ascensor\/"]}]},{"@type":"ImageObject","inLanguage":"ca","@id":"https:\/\/www.eninter.com\/ca\/sis-raons-per-decidir-te-a-installar-una-camera-de-seguretat-al-teu-ascensor\/#primaryimage","url":"https:\/\/www.eninter.com\/wp-content\/uploads\/2022\/05\/camaras-de-seguridad-en-el-ascensor.jpeg","contentUrl":"https:\/\/www.eninter.com\/wp-content\/uploads\/2022\/05\/camaras-de-seguridad-en-el-ascensor.jpeg","width":1200,"height":675},{"@type":"BreadcrumbList","@id":"https:\/\/www.eninter.com\/ca\/sis-raons-per-decidir-te-a-installar-una-camera-de-seguretat-al-teu-ascensor\/#breadcrumb","itemListElement":[{"@type":"ListItem","position":1,"name":"Portada","item":"https:\/\/www.eninter.com\/ca\/"},{"@type":"ListItem","position":2,"name":"Sis raons per decidir-te a instal\u00b7lar una c\u00e0mera de seguretat al teu ascensor"}]},{"@type":"WebSite","@id":"https:\/\/www.eninter.com\/ca\/#website","url":"https:\/\/www.eninter.com\/ca\/","name":"ENINTER","description":"Mantenimiento de Ascensores Multimarca","publisher":{"@id":"https:\/\/www.eninter.com\/ca\/#organization"},"potentialAction":[{"@type":"SearchAction","target":{"@type":"EntryPoint","urlTemplate":"https:\/\/www.eninter.com\/ca\/?s={search_term_string}"},"query-input":{"@type":"PropertyValueSpecification","valueRequired":true,"valueName":"search_term_string"}}],"inLanguage":"ca"},{"@type":"Organization","@id":"https:\/\/www.eninter.com\/ca\/#organization","name":"Eniter","url":"https:\/\/www.eninter.com\/ca\/","logo":{"@type":"ImageObject","inLanguage":"ca","@id":"https:\/\/www.eninter.com\/ca\/#\/schema\/logo\/image\/","url":"https:\/\/www.eninter.com\/wp-content\/uploads\/2023\/08\/logo-eninter-png.png","contentUrl":"https:\/\/www.eninter.com\/wp-content\/uploads\/2023\/08\/logo-eninter-png.png","width":600,"height":340,"caption":"Eniter"},"image":{"@id":"https:\/\/www.eninter.com\/ca\/#\/schema\/logo\/image\/"},"sameAs":["https:\/\/www.facebook.com\/EninterAscensores","https:\/\/x.com\/Eninter","https:\/\/www.instagram.com\/eninterascensores\/","https:\/\/www.youtube.com\/user\/ascensoreseninter"]},{"@type":"Person","@id":"https:\/\/www.eninter.com\/ca\/#\/schema\/person\/e6178c261ac4210884c0e0264dd59043","name":"Albert Puig","image":{"@type":"ImageObject","inLanguage":"ca","@id":"https:\/\/secure.gravatar.com\/avatar\/583d07f3f1036f58d0e44e873586278b582179a16b27a5b3951504e9ee001c06?s=96&d=mm&r=g","url":"https:\/\/secure.gravatar.com\/avatar\/583d07f3f1036f58d0e44e873586278b582179a16b27a5b3951504e9ee001c06?s=96&d=mm&r=g","contentUrl":"https:\/\/secure.gravatar.com\/avatar\/583d07f3f1036f58d0e44e873586278b582179a16b27a5b3951504e9ee001c06?s=96&d=mm&r=g","caption":"Albert Puig"}}]}},"_links":{"self":[{"href":"https:\/\/www.eninter.com\/ca\/wp-json\/wp\/v2\/posts\/9029","targetHints":{"allow":["GET"]}}],"collection":[{"href":"https:\/\/www.eninter.com\/ca\/wp-json\/wp\/v2\/posts"}],"about":[{"href":"https:\/\/www.eninter.com\/ca\/wp-json\/wp\/v2\/types\/post"}],"author":[{"embeddable":true,"href":"https:\/\/www.eninter.com\/ca\/wp-json\/wp\/v2\/users\/3"}],"replies":[{"embeddable":true,"href":"https:\/\/www.eninter.com\/ca\/wp-json\/wp\/v2\/comments?post=9029"}],"version-history":[{"count":0,"href":"https:\/\/www.eninter.com\/ca\/wp-json\/wp\/v2\/posts\/9029\/revisions"}],"wp:featuredmedia":[{"embeddable":true,"href":"https:\/\/www.eninter.com\/ca\/wp-json\/wp\/v2\/media\/7625"}],"wp:attachment":[{"href":"https:\/\/www.eninter.com\/ca\/wp-json\/wp\/v2\/media?parent=9029"}],"wp:term":[{"taxonomy":"category","embeddable":true,"href":"https:\/\/www.eninter.com\/ca\/wp-json\/wp\/v2\/categories?post=9029"},{"taxonomy":"post_tag","embeddable":true,"href":"https:\/\/www.eninter.com\/ca\/wp-json\/wp\/v2\/tags?post=9029"}],"curies":[{"name":"wp","href":"https:\/\/api.w.org\/{rel}","templated":true}]}}