{"id":9030,"date":"2022-03-17T10:30:00","date_gmt":"2022-03-17T09:30:00","guid":{"rendered":"https:\/\/www.eninter.com\/rosa-mari-pionera-del-poder-femeni-a-eninter-ascensores\/"},"modified":"2026-01-28T10:03:17","modified_gmt":"2026-01-28T09:03:17","slug":"rosa-mari-pionera-del-poder-femeni-a-eninter-ascensores","status":"publish","type":"post","link":"https:\/\/www.eninter.com\/ca\/rosa-mari-pionera-del-poder-femeni-a-eninter-ascensores\/","title":{"rendered":"Rosa Mari, pionera del poder femen\u00ed a Eninter Ascensores"},"content":{"rendered":"<p>Fa 49 anys, Rosa Mari i <a href=\"https:\/\/www.eninter.com\/blog\/damaso-martinez-tengo-buen-ojo-para-los-fichajes-una-empresa-como-eninter-ascensores-si-no-fuera-por-el-conjunto-de-las-personas-que-la-forman-no-seria-lo-que-es\/\">D\u00e1maso<\/a> van fundar Eninter Ascensores, una empresa dedicada al manteniment multimarca d&#8217;ascensors. Des d&#8217;aleshores, el treball en equip, el comprom\u00eds i l&#8217;actitud de superaci\u00f3 que posseeixen tots dos els ha portat a construir una de les empreses m\u00e9s importants d&#8217;Espanya en el sector del transport vertical.<\/p>\n<p>El mes del Dia Internacional de la Dona volem fer una menci\u00f3 especial a la cofundadora <a href=\"http:\/\/eninter.com\">d&#8217;Eninter Ascensores<\/a>, Rosa Mari Ramo, esposa de D\u00e1maso Mart\u00ednez i la seva companya de viatge, no nom\u00e9s a la vida, sin\u00f3 tamb\u00e9 en l&#8217;aventura que va comen\u00e7ar el 1973.<\/p>\n<p>Rosa Mari \u00e9s la primera mostra del poder femen\u00ed a l&#8217;empresa. &#8220;Sense ella, Eninter no hagu\u00e9s arribat tan lluny. La seva pres\u00e8ncia \u00e9s clau a l&#8217;hora d&#8217;explicar l&#8217;\u00e8xit empresarial d&#8217;Eninter&#8221;, afirma un membre de l&#8217;equip de la companyia.<\/p>\n<p>Mare de dos fills i \u00e0via de quatre nets, a Eninter Ascensores la descriuen com una dona professional i intel\u00b7ligent que des de sempre ha estat l&#8217;\u00e0nima vital de la companyia. Destaquen la seva const\u00e0ncia i el seu esperit de superaci\u00f3, a m\u00e9s de la seva capacitat de treball i la seva tenacitat. Gr\u00e0cies a la seva exig\u00e8ncia \u00e9s capa\u00e7 d&#8217;estar pendent dels petits detalls, tot i que aix\u00f2 s\u00ed, sempre des d&#8217;una mirada discreta i elegant.<\/p>\n<p>La seva rodalia amb les persones i en especial, amb els m\u00e9s desfavorits, la va portar a comprovar personalment la tasca que fa la Fundaci\u00f3 Vicente Ferrer a l&#8217;\u00cdndia.<\/p>\n<p>Eninter Ascensores aporta, cada any, el seu granet de sorra a l&#8217;entitat per aconseguir millorar la qualitat de vida de les persones no nom\u00e9s aqu\u00ed, sin\u00f3 tamb\u00e9 als pa\u00efsos menys desenvolupats.<\/p>\n<p>Lluitadora i treballadora incansable, Rosa Mari s&#8217;ha convertit en un referent per a tot el sector femen\u00ed d&#8217;Eninter Ascensores, els quals han volgut fer-li aquest petit homenatge perqu\u00e8 &#8220;totes les dones de la companyia senten una especial afinitat amb la seva fundadora, una dona pionera que els deixa la gran responsabilitat d&#8217;estar a l&#8217;altura de seguir la seva estela&#8221;.<\/p>\n","protected":false},"excerpt":{"rendered":"<p>Fa 49 anys, Rosa Mari i D\u00e1maso van fundar Eninter Ascensores, una empresa dedicada al manteniment multimarca d&#8217;ascensors. Des d&#8217;aleshores, el treball en equip, el comprom\u00eds i l&#8217;actitud de superaci\u00f3 que posseeixen tots dos els ha portat a construir una de les empreses m\u00e9s importants d&#8217;Espanya en el sector del transport vertical. El mes del [&hellip;]<\/p>\n","protected":false},"author":3,"featured_media":7621,"comment_status":"closed","ping_status":"closed","sticky":false,"template":"","format":"standard","meta":{"_acf_changed":false,"content-type":"","footnotes":""},"categories":[222],"tags":[],"class_list":["post-9030","post","type-post","status-publish","format-standard","has-post-thumbnail","hentry","category-sobre-eninter-ca"],"acf":[],"_yoast_wpseo_focuskw":"Rosa Mari","_yoast_wpseo_metadesc":"En el blog d'Eninter: \"%%title%%\". Rosa Mari, pionera del poder femen\u00ed a Eninter Ascensores","yoast_head":"<!-- This site is optimized with the Yoast SEO Premium plugin v21.6 (Yoast SEO v27.5) - https:\/\/yoast.com\/product\/yoast-seo-premium-wordpress\/ -->\n<title>Rosa Mari, pionera del poder femen\u00ed a Eninter Ascensores | Eninter Ascensores<\/title>\n<meta name=\"description\" content=\"En el blog d&#039;Eninter: &quot;Rosa Mari, pionera del poder femen\u00ed a Eninter Ascensores&quot;. Rosa Mari, pionera del poder femen\u00ed a Eninter Ascensores\" \/>\n<meta name=\"robots\" content=\"index, follow, max-snippet:-1, max-image-preview:large, max-video-preview:-1\" \/>\n<link rel=\"canonical\" href=\"https:\/\/www.eninter.com\/ca\/rosa-mari-pionera-del-poder-femeni-a-eninter-ascensores\/\" \/>\n<meta property=\"og:locale\" content=\"ca_ES\" \/>\n<meta property=\"og:type\" content=\"article\" \/>\n<meta property=\"og:title\" content=\"Rosa Mari, pionera del poder femen\u00ed a Eninter Ascensores\" \/>\n<meta property=\"og:description\" content=\"En el blog d&#039;Eninter: &quot;Rosa Mari, pionera del poder femen\u00ed a Eninter Ascensores&quot;. Rosa Mari, pionera del poder femen\u00ed a Eninter Ascensores\" \/>\n<meta property=\"og:url\" content=\"https:\/\/www.eninter.com\/ca\/rosa-mari-pionera-del-poder-femeni-a-eninter-ascensores\/\" \/>\n<meta property=\"og:site_name\" content=\"ENINTER\" \/>\n<meta property=\"article:publisher\" content=\"https:\/\/www.facebook.com\/EninterAscensores\" \/>\n<meta property=\"article:published_time\" content=\"2022-03-17T09:30:00+00:00\" \/>\n<meta property=\"article:modified_time\" content=\"2026-01-28T09:03:17+00:00\" \/>\n<meta property=\"og:image\" content=\"https:\/\/www.eninter.com\/wp-content\/uploads\/2022\/03\/Rosa-Mari.jpeg\" \/>\n\t<meta property=\"og:image:width\" content=\"1200\" \/>\n\t<meta property=\"og:image:height\" content=\"675\" \/>\n\t<meta property=\"og:image:type\" content=\"image\/jpeg\" \/>\n<meta name=\"author\" content=\"Albert Puig\" \/>\n<meta name=\"twitter:card\" content=\"summary_large_image\" \/>\n<meta name=\"twitter:creator\" content=\"@Eninter\" \/>\n<meta name=\"twitter:site\" content=\"@Eninter\" \/>\n<meta name=\"twitter:label1\" content=\"Escrit per\" \/>\n\t<meta name=\"twitter:data1\" content=\"Albert Puig\" \/>\n\t<meta name=\"twitter:label2\" content=\"Temps estimat de lectura\" \/>\n\t<meta name=\"twitter:data2\" content=\"2 minuts\" \/>\n<!-- \/ Yoast SEO Premium plugin. -->","yoast_head_json":{"title":"Rosa Mari, pionera del poder femen\u00ed a Eninter Ascensores | Eninter Ascensores","description":"En el blog d'Eninter: \"Rosa Mari, pionera del poder femen\u00ed a Eninter Ascensores\". Rosa Mari, pionera del poder femen\u00ed a Eninter Ascensores","robots":{"index":"index","follow":"follow","max-snippet":"max-snippet:-1","max-image-preview":"max-image-preview:large","max-video-preview":"max-video-preview:-1"},"canonical":"https:\/\/www.eninter.com\/ca\/rosa-mari-pionera-del-poder-femeni-a-eninter-ascensores\/","og_locale":"ca_ES","og_type":"article","og_title":"Rosa Mari, pionera del poder femen\u00ed a Eninter Ascensores","og_description":"En el blog d'Eninter: \"Rosa Mari, pionera del poder femen\u00ed a Eninter Ascensores\". Rosa Mari, pionera del poder femen\u00ed a Eninter Ascensores","og_url":"https:\/\/www.eninter.com\/ca\/rosa-mari-pionera-del-poder-femeni-a-eninter-ascensores\/","og_site_name":"ENINTER","article_publisher":"https:\/\/www.facebook.com\/EninterAscensores","article_published_time":"2022-03-17T09:30:00+00:00","article_modified_time":"2026-01-28T09:03:17+00:00","og_image":[{"width":1200,"height":675,"url":"https:\/\/www.eninter.com\/wp-content\/uploads\/2022\/03\/Rosa-Mari.jpeg","type":"image\/jpeg"}],"author":"Albert Puig","twitter_card":"summary_large_image","twitter_creator":"@Eninter","twitter_site":"@Eninter","twitter_misc":{"Escrit per":"Albert Puig","Temps estimat de lectura":"2 minuts"},"schema":{"@context":"https:\/\/schema.org","@graph":[{"@type":"Article","@id":"https:\/\/www.eninter.com\/ca\/rosa-mari-pionera-del-poder-femeni-a-eninter-ascensores\/#article","isPartOf":{"@id":"https:\/\/www.eninter.com\/ca\/rosa-mari-pionera-del-poder-femeni-a-eninter-ascensores\/"},"author":{"name":"Albert Puig","@id":"https:\/\/www.eninter.com\/ca\/#\/schema\/person\/e6178c261ac4210884c0e0264dd59043"},"headline":"Rosa Mari, pionera del poder femen\u00ed a Eninter Ascensores","datePublished":"2022-03-17T09:30:00+00:00","dateModified":"2026-01-28T09:03:17+00:00","mainEntityOfPage":{"@id":"https:\/\/www.eninter.com\/ca\/rosa-mari-pionera-del-poder-femeni-a-eninter-ascensores\/"},"wordCount":376,"publisher":{"@id":"https:\/\/www.eninter.com\/ca\/#organization"},"image":{"@id":"https:\/\/www.eninter.com\/ca\/rosa-mari-pionera-del-poder-femeni-a-eninter-ascensores\/#primaryimage"},"thumbnailUrl":"https:\/\/www.eninter.com\/wp-content\/uploads\/2022\/03\/Rosa-Mari.jpeg","articleSection":["Sobre Eninter"],"inLanguage":"ca"},{"@type":"WebPage","@id":"https:\/\/www.eninter.com\/ca\/rosa-mari-pionera-del-poder-femeni-a-eninter-ascensores\/","url":"https:\/\/www.eninter.com\/ca\/rosa-mari-pionera-del-poder-femeni-a-eninter-ascensores\/","name":"Rosa Mari, pionera del poder femen\u00ed a Eninter Ascensores | Eninter Ascensores","isPartOf":{"@id":"https:\/\/www.eninter.com\/ca\/#website"},"primaryImageOfPage":{"@id":"https:\/\/www.eninter.com\/ca\/rosa-mari-pionera-del-poder-femeni-a-eninter-ascensores\/#primaryimage"},"image":{"@id":"https:\/\/www.eninter.com\/ca\/rosa-mari-pionera-del-poder-femeni-a-eninter-ascensores\/#primaryimage"},"thumbnailUrl":"https:\/\/www.eninter.com\/wp-content\/uploads\/2022\/03\/Rosa-Mari.jpeg","datePublished":"2022-03-17T09:30:00+00:00","dateModified":"2026-01-28T09:03:17+00:00","description":"En el blog d'Eninter: \"Rosa Mari, pionera del poder femen\u00ed a Eninter Ascensores\". Rosa Mari, pionera del poder femen\u00ed a Eninter Ascensores","breadcrumb":{"@id":"https:\/\/www.eninter.com\/ca\/rosa-mari-pionera-del-poder-femeni-a-eninter-ascensores\/#breadcrumb"},"inLanguage":"ca","potentialAction":[{"@type":"ReadAction","target":["https:\/\/www.eninter.com\/ca\/rosa-mari-pionera-del-poder-femeni-a-eninter-ascensores\/"]}]},{"@type":"ImageObject","inLanguage":"ca","@id":"https:\/\/www.eninter.com\/ca\/rosa-mari-pionera-del-poder-femeni-a-eninter-ascensores\/#primaryimage","url":"https:\/\/www.eninter.com\/wp-content\/uploads\/2022\/03\/Rosa-Mari.jpeg","contentUrl":"https:\/\/www.eninter.com\/wp-content\/uploads\/2022\/03\/Rosa-Mari.jpeg","width":1200,"height":675,"caption":"Rosa Mari"},{"@type":"BreadcrumbList","@id":"https:\/\/www.eninter.com\/ca\/rosa-mari-pionera-del-poder-femeni-a-eninter-ascensores\/#breadcrumb","itemListElement":[{"@type":"ListItem","position":1,"name":"Portada","item":"https:\/\/www.eninter.com\/ca\/"},{"@type":"ListItem","position":2,"name":"Rosa Mari, pionera del poder femen\u00ed a Eninter Ascensores"}]},{"@type":"WebSite","@id":"https:\/\/www.eninter.com\/ca\/#website","url":"https:\/\/www.eninter.com\/ca\/","name":"ENINTER","description":"Mantenimiento de Ascensores Multimarca","publisher":{"@id":"https:\/\/www.eninter.com\/ca\/#organization"},"potentialAction":[{"@type":"SearchAction","target":{"@type":"EntryPoint","urlTemplate":"https:\/\/www.eninter.com\/ca\/?s={search_term_string}"},"query-input":{"@type":"PropertyValueSpecification","valueRequired":true,"valueName":"search_term_string"}}],"inLanguage":"ca"},{"@type":"Organization","@id":"https:\/\/www.eninter.com\/ca\/#organization","name":"Eniter","url":"https:\/\/www.eninter.com\/ca\/","logo":{"@type":"ImageObject","inLanguage":"ca","@id":"https:\/\/www.eninter.com\/ca\/#\/schema\/logo\/image\/","url":"https:\/\/www.eninter.com\/wp-content\/uploads\/2023\/08\/logo-eninter-png.png","contentUrl":"https:\/\/www.eninter.com\/wp-content\/uploads\/2023\/08\/logo-eninter-png.png","width":600,"height":340,"caption":"Eniter"},"image":{"@id":"https:\/\/www.eninter.com\/ca\/#\/schema\/logo\/image\/"},"sameAs":["https:\/\/www.facebook.com\/EninterAscensores","https:\/\/x.com\/Eninter","https:\/\/www.instagram.com\/eninterascensores\/","https:\/\/www.youtube.com\/user\/ascensoreseninter"]},{"@type":"Person","@id":"https:\/\/www.eninter.com\/ca\/#\/schema\/person\/e6178c261ac4210884c0e0264dd59043","name":"Albert Puig","image":{"@type":"ImageObject","inLanguage":"ca","@id":"https:\/\/secure.gravatar.com\/avatar\/583d07f3f1036f58d0e44e873586278b582179a16b27a5b3951504e9ee001c06?s=96&d=mm&r=g","url":"https:\/\/secure.gravatar.com\/avatar\/583d07f3f1036f58d0e44e873586278b582179a16b27a5b3951504e9ee001c06?s=96&d=mm&r=g","contentUrl":"https:\/\/secure.gravatar.com\/avatar\/583d07f3f1036f58d0e44e873586278b582179a16b27a5b3951504e9ee001c06?s=96&d=mm&r=g","caption":"Albert Puig"}}]}},"_links":{"self":[{"href":"https:\/\/www.eninter.com\/ca\/wp-json\/wp\/v2\/posts\/9030","targetHints":{"allow":["GET"]}}],"collection":[{"href":"https:\/\/www.eninter.com\/ca\/wp-json\/wp\/v2\/posts"}],"about":[{"href":"https:\/\/www.eninter.com\/ca\/wp-json\/wp\/v2\/types\/post"}],"author":[{"embeddable":true,"href":"https:\/\/www.eninter.com\/ca\/wp-json\/wp\/v2\/users\/3"}],"replies":[{"embeddable":true,"href":"https:\/\/www.eninter.com\/ca\/wp-json\/wp\/v2\/comments?post=9030"}],"version-history":[{"count":1,"href":"https:\/\/www.eninter.com\/ca\/wp-json\/wp\/v2\/posts\/9030\/revisions"}],"predecessor-version":[{"id":35616,"href":"https:\/\/www.eninter.com\/ca\/wp-json\/wp\/v2\/posts\/9030\/revisions\/35616"}],"wp:featuredmedia":[{"embeddable":true,"href":"https:\/\/www.eninter.com\/ca\/wp-json\/wp\/v2\/media\/7621"}],"wp:attachment":[{"href":"https:\/\/www.eninter.com\/ca\/wp-json\/wp\/v2\/media?parent=9030"}],"wp:term":[{"taxonomy":"category","embeddable":true,"href":"https:\/\/www.eninter.com\/ca\/wp-json\/wp\/v2\/categories?post=9030"},{"taxonomy":"post_tag","embeddable":true,"href":"https:\/\/www.eninter.com\/ca\/wp-json\/wp\/v2\/tags?post=9030"}],"curies":[{"name":"wp","href":"https:\/\/api.w.org\/{rel}","templated":true}]}}