{"id":9032,"date":"2022-01-24T10:52:59","date_gmt":"2022-01-24T10:52:59","guid":{"rendered":"https:\/\/www.eninter.com\/cabina-wild-l-art-de-combinar-elements-i-colors\/"},"modified":"2025-01-08T12:40:53","modified_gmt":"2025-01-08T12:40:53","slug":"cabina-wild-l-art-de-combinar-elements-i-colors","status":"publish","type":"post","link":"https:\/\/www.eninter.com\/ca\/cabina-wild-l-art-de-combinar-elements-i-colors\/","title":{"rendered":"Cabina Wild, l&#8217; art de combinar elements i colors"},"content":{"rendered":"<p>Ja hem vist la import\u00e0ncia d&#8217;escollir la cabina adequada per al teu ascensor, tenint en compte les caracter\u00edstiques del teu edifici i l&#8217;ambient en el qual integrar l&#8217;aparell, per aix\u00f2 \u00e9s clau con\u00e8ixer els avantatges i els inconvenients <a href=\"https:\/\/www.eninter.com\/blog\/la-cabina-del-ascensor-un-elemento-mas-de-decoracion\/\">de cadascun dels models de cabina disponibles<\/a>. Avui ens centrarem en les caracter\u00edstiques i els avantatges d&#8217;escollir el nostre model de <strong>cabina Wild.<\/strong><\/p>\n<p>Aquesta cabina d&#8217;ascensor \u00e9s la nostra gran novetat. \u00c9s la primera cabina modular del mercat i la m\u00e9s econ\u00f2mica de mantenir. El seu sistema de muntatge \u00fanic permet la substituci\u00f3 dels seus panells sense necessitat de desmuntar tota la cabina. D&#8217;aquesta manera, pots tenir la teva cabina sempre en perfectes condicions o fins i tot podr\u00e0s renovar-la a un cost molt redu\u00eft.<\/p>\n<p>Els panells els pots escollir en diferents colors: fusta, si el que vols \u00e9s transmetre un ambient m\u00e9s c\u00e0lid i llard\u00f3s, acer inoxidable, si busques una sensaci\u00f3 m\u00e9s futurista o tecnol\u00f2gica o crema, si prefereixes guanyar m\u00e9s claredat a la cabina. A m\u00e9s, comptes amb l&#8217;opci\u00f3 Aged oak, que combina l&#8217;aspecte de la fusta amb la neutralitat del gris.<\/p>\n<p>A m\u00e9s, podr\u00e0s escollir com ser\u00e0 l&#8217;aspecte del terra: ciment, fusta o pedra. El sostre tamb\u00e9 podr\u00e0 tenir un disseny diferent segons la forma i la distribuci\u00f3 dels llums led: quadrades, rodones, de disseny&#8230; \u00a1tu esculles! El color de la botonera, m\u00e9s fosca o m\u00e9s clara, per combinar millor amb la resta dels elements.<\/p>\n<p>El mirall i el passamans d&#8217;acer inoxidable \u00e9s opcional en totes les opcions del model Wild.<\/p>\n<p>Aix\u00ed que, ja saps, si el que vols \u00e9s versatilitat, practicitat i la llibertat per combinar els diferents elements sense deixar de mantenir la teva cabina sempre en bon estat, no t&#8217;ho penses m\u00e9s, el teu model idoni de cabina es diu Wild.<\/p>\n<p><a href=\"https:\/\/www.eninter.com\/ca\/cabines\/\">Aqu\u00ed pots consultar el nostre cat\u00e0leg.<\/a><\/p>\n<p>&nbsp;<\/p>\n<p>&nbsp;<\/p>\n","protected":false},"excerpt":{"rendered":"<p>Ja hem vist la import\u00e0ncia d&#8217;escollir la cabina adequada per al teu ascensor, tenint en compte les caracter\u00edstiques del teu edifici i l&#8217;ambient en el qual integrar l&#8217;aparell, per aix\u00f2 \u00e9s clau con\u00e8ixer els avantatges i els inconvenients de cadascun dels models de cabina disponibles. Avui ens centrarem en les caracter\u00edstiques i els avantatges d&#8217;escollir [&hellip;]<\/p>\n","protected":false},"author":3,"featured_media":7629,"comment_status":"closed","ping_status":"closed","sticky":false,"template":"","format":"standard","meta":{"_acf_changed":false,"content-type":"","footnotes":""},"categories":[221],"tags":[],"class_list":["post-9032","post","type-post","status-publish","format-standard","has-post-thumbnail","hentry","category-ascensors"],"acf":[],"_yoast_wpseo_focuskw":"Cabina Wild","_yoast_wpseo_metadesc":"Aquesta cabina d'ascensor \u00e9s la nostra gran novetat. \u00c9s la primera cabina modular del mercat i la m\u00e9s econ\u00f2mica de mantenir.","yoast_head":"<!-- This site is optimized with the Yoast SEO Premium plugin v21.6 (Yoast SEO v27.5) - https:\/\/yoast.com\/product\/yoast-seo-premium-wordpress\/ -->\n<title>Cabina Wild, l&#039; art de combinar elements i colors | Eninter Ascensores<\/title>\n<meta name=\"description\" content=\"Aquesta cabina d&#039;ascensor \u00e9s la nostra gran novetat. \u00c9s la primera cabina modular del mercat i la m\u00e9s econ\u00f2mica de mantenir.\" \/>\n<meta name=\"robots\" content=\"index, follow, max-snippet:-1, max-image-preview:large, max-video-preview:-1\" \/>\n<link rel=\"canonical\" href=\"https:\/\/www.eninter.com\/ca\/cabina-wild-l-art-de-combinar-elements-i-colors\/\" \/>\n<meta property=\"og:locale\" content=\"ca_ES\" \/>\n<meta property=\"og:type\" content=\"article\" \/>\n<meta property=\"og:title\" content=\"Cabina Wild, l&#039; art de combinar elements i colors\" \/>\n<meta property=\"og:description\" content=\"Aquesta cabina d&#039;ascensor \u00e9s la nostra gran novetat. \u00c9s la primera cabina modular del mercat i la m\u00e9s econ\u00f2mica de mantenir.\" \/>\n<meta property=\"og:url\" content=\"https:\/\/www.eninter.com\/ca\/cabina-wild-l-art-de-combinar-elements-i-colors\/\" \/>\n<meta property=\"og:site_name\" content=\"ENINTER\" \/>\n<meta property=\"article:publisher\" content=\"https:\/\/www.facebook.com\/EninterAscensores\" \/>\n<meta property=\"article:published_time\" content=\"2022-01-24T10:52:59+00:00\" \/>\n<meta property=\"article:modified_time\" content=\"2025-01-08T12:40:53+00:00\" \/>\n<meta property=\"og:image\" content=\"https:\/\/www.eninter.com\/wp-content\/uploads\/2022\/01\/Cabina-Wild.jpeg\" \/>\n\t<meta property=\"og:image:width\" content=\"790\" \/>\n\t<meta property=\"og:image:height\" content=\"444\" \/>\n\t<meta property=\"og:image:type\" content=\"image\/jpeg\" \/>\n<meta name=\"author\" content=\"Albert Puig\" \/>\n<meta name=\"twitter:card\" content=\"summary_large_image\" \/>\n<meta name=\"twitter:creator\" content=\"@Eninter\" \/>\n<meta name=\"twitter:site\" content=\"@Eninter\" \/>\n<meta name=\"twitter:label1\" content=\"Escrit per\" \/>\n\t<meta name=\"twitter:data1\" content=\"Albert Puig\" \/>\n\t<meta name=\"twitter:label2\" content=\"Temps estimat de lectura\" \/>\n\t<meta name=\"twitter:data2\" content=\"2 minuts\" \/>\n<!-- \/ Yoast SEO Premium plugin. -->","yoast_head_json":{"title":"Cabina Wild, l' art de combinar elements i colors | Eninter Ascensores","description":"Aquesta cabina d'ascensor \u00e9s la nostra gran novetat. \u00c9s la primera cabina modular del mercat i la m\u00e9s econ\u00f2mica de mantenir.","robots":{"index":"index","follow":"follow","max-snippet":"max-snippet:-1","max-image-preview":"max-image-preview:large","max-video-preview":"max-video-preview:-1"},"canonical":"https:\/\/www.eninter.com\/ca\/cabina-wild-l-art-de-combinar-elements-i-colors\/","og_locale":"ca_ES","og_type":"article","og_title":"Cabina Wild, l' art de combinar elements i colors","og_description":"Aquesta cabina d'ascensor \u00e9s la nostra gran novetat. \u00c9s la primera cabina modular del mercat i la m\u00e9s econ\u00f2mica de mantenir.","og_url":"https:\/\/www.eninter.com\/ca\/cabina-wild-l-art-de-combinar-elements-i-colors\/","og_site_name":"ENINTER","article_publisher":"https:\/\/www.facebook.com\/EninterAscensores","article_published_time":"2022-01-24T10:52:59+00:00","article_modified_time":"2025-01-08T12:40:53+00:00","og_image":[{"width":790,"height":444,"url":"https:\/\/www.eninter.com\/wp-content\/uploads\/2022\/01\/Cabina-Wild.jpeg","type":"image\/jpeg"}],"author":"Albert Puig","twitter_card":"summary_large_image","twitter_creator":"@Eninter","twitter_site":"@Eninter","twitter_misc":{"Escrit per":"Albert Puig","Temps estimat de lectura":"2 minuts"},"schema":{"@context":"https:\/\/schema.org","@graph":[{"@type":"Article","@id":"https:\/\/www.eninter.com\/ca\/cabina-wild-l-art-de-combinar-elements-i-colors\/#article","isPartOf":{"@id":"https:\/\/www.eninter.com\/ca\/cabina-wild-l-art-de-combinar-elements-i-colors\/"},"author":{"name":"Albert Puig","@id":"https:\/\/www.eninter.com\/ca\/#\/schema\/person\/e6178c261ac4210884c0e0264dd59043"},"headline":"Cabina Wild, l&#8217; art de combinar elements i colors","datePublished":"2022-01-24T10:52:59+00:00","dateModified":"2025-01-08T12:40:53+00:00","mainEntityOfPage":{"@id":"https:\/\/www.eninter.com\/ca\/cabina-wild-l-art-de-combinar-elements-i-colors\/"},"wordCount":344,"publisher":{"@id":"https:\/\/www.eninter.com\/ca\/#organization"},"image":{"@id":"https:\/\/www.eninter.com\/ca\/cabina-wild-l-art-de-combinar-elements-i-colors\/#primaryimage"},"thumbnailUrl":"https:\/\/www.eninter.com\/wp-content\/uploads\/2022\/01\/Cabina-Wild.jpeg","articleSection":["Ascensors"],"inLanguage":"ca"},{"@type":"WebPage","@id":"https:\/\/www.eninter.com\/ca\/cabina-wild-l-art-de-combinar-elements-i-colors\/","url":"https:\/\/www.eninter.com\/ca\/cabina-wild-l-art-de-combinar-elements-i-colors\/","name":"Cabina Wild, l' art de combinar elements i colors | Eninter Ascensores","isPartOf":{"@id":"https:\/\/www.eninter.com\/ca\/#website"},"primaryImageOfPage":{"@id":"https:\/\/www.eninter.com\/ca\/cabina-wild-l-art-de-combinar-elements-i-colors\/#primaryimage"},"image":{"@id":"https:\/\/www.eninter.com\/ca\/cabina-wild-l-art-de-combinar-elements-i-colors\/#primaryimage"},"thumbnailUrl":"https:\/\/www.eninter.com\/wp-content\/uploads\/2022\/01\/Cabina-Wild.jpeg","datePublished":"2022-01-24T10:52:59+00:00","dateModified":"2025-01-08T12:40:53+00:00","description":"Aquesta cabina d'ascensor \u00e9s la nostra gran novetat. \u00c9s la primera cabina modular del mercat i la m\u00e9s econ\u00f2mica de mantenir.","breadcrumb":{"@id":"https:\/\/www.eninter.com\/ca\/cabina-wild-l-art-de-combinar-elements-i-colors\/#breadcrumb"},"inLanguage":"ca","potentialAction":[{"@type":"ReadAction","target":["https:\/\/www.eninter.com\/ca\/cabina-wild-l-art-de-combinar-elements-i-colors\/"]}]},{"@type":"ImageObject","inLanguage":"ca","@id":"https:\/\/www.eninter.com\/ca\/cabina-wild-l-art-de-combinar-elements-i-colors\/#primaryimage","url":"https:\/\/www.eninter.com\/wp-content\/uploads\/2022\/01\/Cabina-Wild.jpeg","contentUrl":"https:\/\/www.eninter.com\/wp-content\/uploads\/2022\/01\/Cabina-Wild.jpeg","width":790,"height":444,"caption":"subvenciones para ascensores"},{"@type":"BreadcrumbList","@id":"https:\/\/www.eninter.com\/ca\/cabina-wild-l-art-de-combinar-elements-i-colors\/#breadcrumb","itemListElement":[{"@type":"ListItem","position":1,"name":"Portada","item":"https:\/\/www.eninter.com\/ca\/"},{"@type":"ListItem","position":2,"name":"Cabina Wild, l&#8217; art de combinar elements i colors"}]},{"@type":"WebSite","@id":"https:\/\/www.eninter.com\/ca\/#website","url":"https:\/\/www.eninter.com\/ca\/","name":"ENINTER","description":"Mantenimiento de Ascensores Multimarca","publisher":{"@id":"https:\/\/www.eninter.com\/ca\/#organization"},"potentialAction":[{"@type":"SearchAction","target":{"@type":"EntryPoint","urlTemplate":"https:\/\/www.eninter.com\/ca\/?s={search_term_string}"},"query-input":{"@type":"PropertyValueSpecification","valueRequired":true,"valueName":"search_term_string"}}],"inLanguage":"ca"},{"@type":"Organization","@id":"https:\/\/www.eninter.com\/ca\/#organization","name":"Eniter","url":"https:\/\/www.eninter.com\/ca\/","logo":{"@type":"ImageObject","inLanguage":"ca","@id":"https:\/\/www.eninter.com\/ca\/#\/schema\/logo\/image\/","url":"https:\/\/www.eninter.com\/wp-content\/uploads\/2023\/08\/logo-eninter-png.png","contentUrl":"https:\/\/www.eninter.com\/wp-content\/uploads\/2023\/08\/logo-eninter-png.png","width":600,"height":340,"caption":"Eniter"},"image":{"@id":"https:\/\/www.eninter.com\/ca\/#\/schema\/logo\/image\/"},"sameAs":["https:\/\/www.facebook.com\/EninterAscensores","https:\/\/x.com\/Eninter","https:\/\/www.instagram.com\/eninterascensores\/","https:\/\/www.youtube.com\/user\/ascensoreseninter"]},{"@type":"Person","@id":"https:\/\/www.eninter.com\/ca\/#\/schema\/person\/e6178c261ac4210884c0e0264dd59043","name":"Albert Puig","image":{"@type":"ImageObject","inLanguage":"ca","@id":"https:\/\/secure.gravatar.com\/avatar\/583d07f3f1036f58d0e44e873586278b582179a16b27a5b3951504e9ee001c06?s=96&d=mm&r=g","url":"https:\/\/secure.gravatar.com\/avatar\/583d07f3f1036f58d0e44e873586278b582179a16b27a5b3951504e9ee001c06?s=96&d=mm&r=g","contentUrl":"https:\/\/secure.gravatar.com\/avatar\/583d07f3f1036f58d0e44e873586278b582179a16b27a5b3951504e9ee001c06?s=96&d=mm&r=g","caption":"Albert Puig"}}]}},"_links":{"self":[{"href":"https:\/\/www.eninter.com\/ca\/wp-json\/wp\/v2\/posts\/9032","targetHints":{"allow":["GET"]}}],"collection":[{"href":"https:\/\/www.eninter.com\/ca\/wp-json\/wp\/v2\/posts"}],"about":[{"href":"https:\/\/www.eninter.com\/ca\/wp-json\/wp\/v2\/types\/post"}],"author":[{"embeddable":true,"href":"https:\/\/www.eninter.com\/ca\/wp-json\/wp\/v2\/users\/3"}],"replies":[{"embeddable":true,"href":"https:\/\/www.eninter.com\/ca\/wp-json\/wp\/v2\/comments?post=9032"}],"version-history":[{"count":0,"href":"https:\/\/www.eninter.com\/ca\/wp-json\/wp\/v2\/posts\/9032\/revisions"}],"wp:featuredmedia":[{"embeddable":true,"href":"https:\/\/www.eninter.com\/ca\/wp-json\/wp\/v2\/media\/7629"}],"wp:attachment":[{"href":"https:\/\/www.eninter.com\/ca\/wp-json\/wp\/v2\/media?parent=9032"}],"wp:term":[{"taxonomy":"category","embeddable":true,"href":"https:\/\/www.eninter.com\/ca\/wp-json\/wp\/v2\/categories?post=9032"},{"taxonomy":"post_tag","embeddable":true,"href":"https:\/\/www.eninter.com\/ca\/wp-json\/wp\/v2\/tags?post=9032"}],"curies":[{"name":"wp","href":"https:\/\/api.w.org\/{rel}","templated":true}]}}