{"id":9033,"date":"2022-01-17T10:14:17","date_gmt":"2022-01-17T10:14:17","guid":{"rendered":"https:\/\/www.eninter.com\/la-cabina-un-element-mes-de-decoracio-a-integrar-a-l-edifici\/"},"modified":"2022-01-17T10:14:17","modified_gmt":"2022-01-17T10:14:17","slug":"la-cabina-un-element-mes-de-decoracio-a-integrar-a-l-edifici","status":"publish","type":"post","link":"https:\/\/www.eninter.com\/ca\/la-cabina-un-element-mes-de-decoracio-a-integrar-a-l-edifici\/","title":{"rendered":"La cabina, un element m\u00e9s de decoraci\u00f3 a integrar a l&#8217; edifici"},"content":{"rendered":"<p>Si has viatjat en un ascensor i has sortit amb una sensaci\u00f3 desagradable, molt probablement la causa sigui que la cabina no era del teu agrad o no se li havia dedicat la suficient cura.<\/p>\n<p>La cabina \u00e9s l&#8217;espai de l&#8217;ascensor on viatgen els usuaris. \u00c9s molt important comptar amb una bona cabina de qualitat que s&#8217; adapti a les necessitats de l&#8217; edifici, i especialment, en el cas que hi hagi persones amb mobilitat redu\u00efda, \u00e9s essencial que la cabina compti amb facilitats d&#8217; accessibilitat per ell@s.<\/p>\n<p>Els acabats interiors de la cabina s\u00f3n clau per transmetre determinades sensacions a l&#8217; interior de l&#8217; ascensor. Una cabina de colors crema i molta il\u00b7luminaci\u00f3 podr\u00e0 transmetre al viatger una sensaci\u00f3 de pau i tranquil\u00b7litat que potser ser\u00e0 la id\u00f2nia en un centre de relax, per\u00f2 no ser\u00e0 l&#8217;adequada si parlem de, per exemple, un centre tecnol\u00f2gic. La cabina \u00e9s un element de l&#8217; ascensor que s&#8217; ha d&#8217; integrar a l&#8217; edifici, per\u00f2 s&#8217; ha d&#8217; entendre com un element m\u00e9s de decoraci\u00f3, capa\u00e7 de transmetre a l&#8217; usuari la sensaci\u00f3 buscada.<\/p>\n<p>A Eninter Ascensores disposem de<a href=\"https:\/\/www.eninter.com\/cabinas-ascensores.php\"> varietat de models, cadasc\u00fa<\/a>, enfocat i dissenyat per transportar el viatger a una sensaci\u00f3 diferent. Te&#8217;ls detallem a continuaci\u00f3:<\/p>\n<p>El nostre <strong>model zen<\/strong> combina eleg\u00e0ncia i lletjor. El disseny, tal com el seu propi nom indica, est\u00e0 pensat perqu\u00e8 la cabina es converteixi en un espai de pau i tranquil\u00b7litat. L&#8217;interior de cabina Zen \u00e9s ideal per a alg\u00fa que no vol complicacions. \u00c9s el model m\u00e9s sobri de la gamma <a href=\"http:\/\/eninter.com\"><br \/>\n  <strong>Eninter Ascensores<\/strong><br \/>\n<\/a>. Es caracteritza per la seva senzillesa i practicitat. Si busques una opci\u00f3 pr\u00e0ctica, sense complicacions i econ\u00f2mica, aquesta \u00e9s la teva millor opci\u00f3.<\/p>\n<p>El <strong>model joy<\/strong> aposta per la modernitat i la varietat de colors a escollir. Si vols sortir del convencional i vols el teu interior de cabina amb molt color, no dubtis m\u00e9s. Aquesta \u00e9s la teva opci\u00f3. Nom\u00e9s has d&#8217;escollir un dels colors que tenim en cat\u00e0leg o simplement dir el teu color preferit, i nosaltres t&#8217;ho pintem; aix\u00ed, sense m\u00e9s complicacions.<\/p>\n<p>La nostra <strong>cabina Wild<\/strong> \u00e9s un model funcional i pr\u00e0ctic, sense deixar de ser elegant. \u00c9s la primera cabina modular del mercat i la m\u00e9s econ\u00f2mica de mantenir. El seu sistema de muntatge \u00fanic permet la substituci\u00f3 dels seus panells sense necessitat de desmuntar tota la cabina. D&#8217;aquesta manera, pots tenir la teva cabina sempre en perfectes condicions o fins i tot la seva renovaci\u00f3 a un cost molt redu\u00eft. Si el que vols \u00e9s versatilitat, practicitat i la llibertat per mantenir la teva cabina sempre en bon estat, no t&#8217;ho penses i tria WILD.<\/p>\n<p>El <strong>model soul<\/strong> \u00e9s tan flexible com espectacular. \u00c9s l&#8217;opci\u00f3 on s&#8217;uneixen creativitat i llibertat per poder transportar els viatgers a una altra dimensi\u00f3: paisatges espectaculars, ciutats emblem\u00e0tiques, tot \u00e9s possible. Allibera la teva imaginaci\u00f3 i descobreix fins on pot arribar. No deixis que el convencional marqui el teu dia a dia. Combina imatges, escull colors i crea una cosa \u00fanica que s&#8217;integri perfectament amb el teu edifici i amb el que vols que sentin els usuaris del teu ascensor mentre viatgen.<\/p>\n<p>El model <strong>Compact Lift<\/strong> \u00e9s l&#8217;ascensor m\u00e9s personal d&#8217;Eninter. Pensat i dissenyat per conviure en habitatges unifamiliars o adossats. Si la teva cabina \u00e9s d&#8217;un model lent i modular, aquesta cabina \u00e9s la que s&#8217;ajusta a les teves necessitats. \u00c9s ideal per a espais petits i redu\u00efts amb poc tr\u00e0nsit de gent. Si tens un ascensor a l&#8217;interior de la teva casa particular, necessites un d&#8217;aquests nous models. No renunci\u00efs a l&#8217;estil encara que no surtis de casa.<\/p>\n<p>La nostra <strong>cabina panor\u00e0mica<\/strong> \u00e9s la ideal per als que no volen sentir-se tancats i escullen seguir mirant el paisatge exterior i les espectaculars vistes de la ciutat mentre viatgen en ascensor.<\/p>\n<p>Per a Eninter Ascensores, l&#8217;ascensor no \u00e9s \u00fanicament un aparell que ens permet millorar la nostra qualitat de vida, sin\u00f3 que es tracta d&#8217;un component m\u00e9s de decoraci\u00f3 que cal integrar en un estil concret. Per aconseguir-ho, una bona elecci\u00f3 de la cabina \u00e9s clau per crear l&#8217;ambient desitjat.<\/p>\n","protected":false},"excerpt":{"rendered":"<p>Si has viatjat en un ascensor i has sortit amb una sensaci\u00f3 desagradable, molt probablement la causa sigui que la cabina no era del teu agrad o no se li havia dedicat la suficient cura. La cabina \u00e9s l&#8217;espai de l&#8217;ascensor on viatgen els usuaris. \u00c9s molt important comptar amb una bona cabina de qualitat [&hellip;]<\/p>\n","protected":false},"author":3,"featured_media":7631,"comment_status":"closed","ping_status":"closed","sticky":false,"template":"","format":"standard","meta":{"_acf_changed":false,"content-type":"","footnotes":""},"categories":[221],"tags":[],"class_list":["post-9033","post","type-post","status-publish","format-standard","has-post-thumbnail","hentry","category-ascensors"],"acf":[],"_yoast_wpseo_focuskw":"La cabina element de decoraci\u00f3","_yoast_wpseo_metadesc":"La cabina \u00e9s l'espai de l'ascensor on viatgen els usuaris. \u00c9s molt important comptar amb una bona cabina de qualitat que s' adapti a les necessitats de l' edifici.","yoast_head":"<!-- This site is optimized with the Yoast SEO Premium plugin v21.6 (Yoast SEO v27.5) - https:\/\/yoast.com\/product\/yoast-seo-premium-wordpress\/ -->\n<title>La cabina, un element m\u00e9s de decoraci\u00f3 a integrar a l&#039; edifici | Eninter Ascensores<\/title>\n<meta name=\"description\" content=\"La cabina \u00e9s l&#039;espai de l&#039;ascensor on viatgen els usuaris. \u00c9s molt important comptar amb una bona cabina de qualitat que s&#039; adapti a les necessitats de l&#039; edifici.\" \/>\n<meta name=\"robots\" content=\"index, follow, max-snippet:-1, max-image-preview:large, max-video-preview:-1\" \/>\n<link rel=\"canonical\" href=\"https:\/\/www.eninter.com\/ca\/la-cabina-un-element-mes-de-decoracio-a-integrar-a-l-edifici\/\" \/>\n<meta property=\"og:locale\" content=\"ca_ES\" \/>\n<meta property=\"og:type\" content=\"article\" \/>\n<meta property=\"og:title\" content=\"La cabina, un element m\u00e9s de decoraci\u00f3 a integrar a l&#039; edifici\" \/>\n<meta property=\"og:description\" content=\"La cabina \u00e9s l&#039;espai de l&#039;ascensor on viatgen els usuaris. \u00c9s molt important comptar amb una bona cabina de qualitat que s&#039; adapti a les necessitats de l&#039; edifici.\" \/>\n<meta property=\"og:url\" content=\"https:\/\/www.eninter.com\/ca\/la-cabina-un-element-mes-de-decoracio-a-integrar-a-l-edifici\/\" \/>\n<meta property=\"og:site_name\" content=\"ENINTER\" \/>\n<meta property=\"article:publisher\" content=\"https:\/\/www.facebook.com\/EninterAscensores\" \/>\n<meta property=\"article:published_time\" content=\"2022-01-17T10:14:17+00:00\" \/>\n<meta property=\"og:image\" content=\"https:\/\/www.eninter.com\/wp-content\/uploads\/2022\/01\/La-cabina-elemento-de-decoracion.jpeg\" \/>\n\t<meta property=\"og:image:width\" content=\"790\" \/>\n\t<meta property=\"og:image:height\" content=\"444\" \/>\n\t<meta property=\"og:image:type\" content=\"image\/jpeg\" \/>\n<meta name=\"author\" content=\"Albert Puig\" \/>\n<meta name=\"twitter:card\" content=\"summary_large_image\" \/>\n<meta name=\"twitter:creator\" content=\"@Eninter\" \/>\n<meta name=\"twitter:site\" content=\"@Eninter\" \/>\n<meta name=\"twitter:label1\" content=\"Escrit per\" \/>\n\t<meta name=\"twitter:data1\" content=\"Albert Puig\" \/>\n\t<meta name=\"twitter:label2\" content=\"Temps estimat de lectura\" \/>\n\t<meta name=\"twitter:data2\" content=\"4 minuts\" \/>\n<!-- \/ Yoast SEO Premium plugin. -->","yoast_head_json":{"title":"La cabina, un element m\u00e9s de decoraci\u00f3 a integrar a l' edifici | Eninter Ascensores","description":"La cabina \u00e9s l'espai de l'ascensor on viatgen els usuaris. \u00c9s molt important comptar amb una bona cabina de qualitat que s' adapti a les necessitats de l' edifici.","robots":{"index":"index","follow":"follow","max-snippet":"max-snippet:-1","max-image-preview":"max-image-preview:large","max-video-preview":"max-video-preview:-1"},"canonical":"https:\/\/www.eninter.com\/ca\/la-cabina-un-element-mes-de-decoracio-a-integrar-a-l-edifici\/","og_locale":"ca_ES","og_type":"article","og_title":"La cabina, un element m\u00e9s de decoraci\u00f3 a integrar a l' edifici","og_description":"La cabina \u00e9s l'espai de l'ascensor on viatgen els usuaris. \u00c9s molt important comptar amb una bona cabina de qualitat que s' adapti a les necessitats de l' edifici.","og_url":"https:\/\/www.eninter.com\/ca\/la-cabina-un-element-mes-de-decoracio-a-integrar-a-l-edifici\/","og_site_name":"ENINTER","article_publisher":"https:\/\/www.facebook.com\/EninterAscensores","article_published_time":"2022-01-17T10:14:17+00:00","og_image":[{"width":790,"height":444,"url":"https:\/\/www.eninter.com\/wp-content\/uploads\/2022\/01\/La-cabina-elemento-de-decoracion.jpeg","type":"image\/jpeg"}],"author":"Albert Puig","twitter_card":"summary_large_image","twitter_creator":"@Eninter","twitter_site":"@Eninter","twitter_misc":{"Escrit per":"Albert Puig","Temps estimat de lectura":"4 minuts"},"schema":{"@context":"https:\/\/schema.org","@graph":[{"@type":"Article","@id":"https:\/\/www.eninter.com\/ca\/la-cabina-un-element-mes-de-decoracio-a-integrar-a-l-edifici\/#article","isPartOf":{"@id":"https:\/\/www.eninter.com\/ca\/la-cabina-un-element-mes-de-decoracio-a-integrar-a-l-edifici\/"},"author":{"name":"Albert Puig","@id":"https:\/\/www.eninter.com\/ca\/#\/schema\/person\/e6178c261ac4210884c0e0264dd59043"},"headline":"La cabina, un element m\u00e9s de decoraci\u00f3 a integrar a l&#8217; edifici","datePublished":"2022-01-17T10:14:17+00:00","mainEntityOfPage":{"@id":"https:\/\/www.eninter.com\/ca\/la-cabina-un-element-mes-de-decoracio-a-integrar-a-l-edifici\/"},"wordCount":744,"publisher":{"@id":"https:\/\/www.eninter.com\/ca\/#organization"},"image":{"@id":"https:\/\/www.eninter.com\/ca\/la-cabina-un-element-mes-de-decoracio-a-integrar-a-l-edifici\/#primaryimage"},"thumbnailUrl":"https:\/\/www.eninter.com\/wp-content\/uploads\/2022\/01\/La-cabina-elemento-de-decoracion.jpeg","articleSection":["Ascensors"],"inLanguage":"ca"},{"@type":"WebPage","@id":"https:\/\/www.eninter.com\/ca\/la-cabina-un-element-mes-de-decoracio-a-integrar-a-l-edifici\/","url":"https:\/\/www.eninter.com\/ca\/la-cabina-un-element-mes-de-decoracio-a-integrar-a-l-edifici\/","name":"La cabina, un element m\u00e9s de decoraci\u00f3 a integrar a l' edifici | Eninter Ascensores","isPartOf":{"@id":"https:\/\/www.eninter.com\/ca\/#website"},"primaryImageOfPage":{"@id":"https:\/\/www.eninter.com\/ca\/la-cabina-un-element-mes-de-decoracio-a-integrar-a-l-edifici\/#primaryimage"},"image":{"@id":"https:\/\/www.eninter.com\/ca\/la-cabina-un-element-mes-de-decoracio-a-integrar-a-l-edifici\/#primaryimage"},"thumbnailUrl":"https:\/\/www.eninter.com\/wp-content\/uploads\/2022\/01\/La-cabina-elemento-de-decoracion.jpeg","datePublished":"2022-01-17T10:14:17+00:00","description":"La cabina \u00e9s l'espai de l'ascensor on viatgen els usuaris. \u00c9s molt important comptar amb una bona cabina de qualitat que s' adapti a les necessitats de l' edifici.","breadcrumb":{"@id":"https:\/\/www.eninter.com\/ca\/la-cabina-un-element-mes-de-decoracio-a-integrar-a-l-edifici\/#breadcrumb"},"inLanguage":"ca","potentialAction":[{"@type":"ReadAction","target":["https:\/\/www.eninter.com\/ca\/la-cabina-un-element-mes-de-decoracio-a-integrar-a-l-edifici\/"]}]},{"@type":"ImageObject","inLanguage":"ca","@id":"https:\/\/www.eninter.com\/ca\/la-cabina-un-element-mes-de-decoracio-a-integrar-a-l-edifici\/#primaryimage","url":"https:\/\/www.eninter.com\/wp-content\/uploads\/2022\/01\/La-cabina-elemento-de-decoracion.jpeg","contentUrl":"https:\/\/www.eninter.com\/wp-content\/uploads\/2022\/01\/La-cabina-elemento-de-decoracion.jpeg","width":790,"height":444,"caption":"La cabina elemento de decoracio\u0301n"},{"@type":"BreadcrumbList","@id":"https:\/\/www.eninter.com\/ca\/la-cabina-un-element-mes-de-decoracio-a-integrar-a-l-edifici\/#breadcrumb","itemListElement":[{"@type":"ListItem","position":1,"name":"Portada","item":"https:\/\/www.eninter.com\/ca\/"},{"@type":"ListItem","position":2,"name":"La cabina, un element m\u00e9s de decoraci\u00f3 a integrar a l&#8217; edifici"}]},{"@type":"WebSite","@id":"https:\/\/www.eninter.com\/ca\/#website","url":"https:\/\/www.eninter.com\/ca\/","name":"ENINTER","description":"Mantenimiento de Ascensores Multimarca","publisher":{"@id":"https:\/\/www.eninter.com\/ca\/#organization"},"potentialAction":[{"@type":"SearchAction","target":{"@type":"EntryPoint","urlTemplate":"https:\/\/www.eninter.com\/ca\/?s={search_term_string}"},"query-input":{"@type":"PropertyValueSpecification","valueRequired":true,"valueName":"search_term_string"}}],"inLanguage":"ca"},{"@type":"Organization","@id":"https:\/\/www.eninter.com\/ca\/#organization","name":"Eniter","url":"https:\/\/www.eninter.com\/ca\/","logo":{"@type":"ImageObject","inLanguage":"ca","@id":"https:\/\/www.eninter.com\/ca\/#\/schema\/logo\/image\/","url":"https:\/\/www.eninter.com\/wp-content\/uploads\/2023\/08\/logo-eninter-png.png","contentUrl":"https:\/\/www.eninter.com\/wp-content\/uploads\/2023\/08\/logo-eninter-png.png","width":600,"height":340,"caption":"Eniter"},"image":{"@id":"https:\/\/www.eninter.com\/ca\/#\/schema\/logo\/image\/"},"sameAs":["https:\/\/www.facebook.com\/EninterAscensores","https:\/\/x.com\/Eninter","https:\/\/www.instagram.com\/eninterascensores\/","https:\/\/www.youtube.com\/user\/ascensoreseninter"]},{"@type":"Person","@id":"https:\/\/www.eninter.com\/ca\/#\/schema\/person\/e6178c261ac4210884c0e0264dd59043","name":"Albert Puig","image":{"@type":"ImageObject","inLanguage":"ca","@id":"https:\/\/secure.gravatar.com\/avatar\/583d07f3f1036f58d0e44e873586278b582179a16b27a5b3951504e9ee001c06?s=96&d=mm&r=g","url":"https:\/\/secure.gravatar.com\/avatar\/583d07f3f1036f58d0e44e873586278b582179a16b27a5b3951504e9ee001c06?s=96&d=mm&r=g","contentUrl":"https:\/\/secure.gravatar.com\/avatar\/583d07f3f1036f58d0e44e873586278b582179a16b27a5b3951504e9ee001c06?s=96&d=mm&r=g","caption":"Albert Puig"}}]}},"_links":{"self":[{"href":"https:\/\/www.eninter.com\/ca\/wp-json\/wp\/v2\/posts\/9033","targetHints":{"allow":["GET"]}}],"collection":[{"href":"https:\/\/www.eninter.com\/ca\/wp-json\/wp\/v2\/posts"}],"about":[{"href":"https:\/\/www.eninter.com\/ca\/wp-json\/wp\/v2\/types\/post"}],"author":[{"embeddable":true,"href":"https:\/\/www.eninter.com\/ca\/wp-json\/wp\/v2\/users\/3"}],"replies":[{"embeddable":true,"href":"https:\/\/www.eninter.com\/ca\/wp-json\/wp\/v2\/comments?post=9033"}],"version-history":[{"count":0,"href":"https:\/\/www.eninter.com\/ca\/wp-json\/wp\/v2\/posts\/9033\/revisions"}],"wp:featuredmedia":[{"embeddable":true,"href":"https:\/\/www.eninter.com\/ca\/wp-json\/wp\/v2\/media\/7631"}],"wp:attachment":[{"href":"https:\/\/www.eninter.com\/ca\/wp-json\/wp\/v2\/media?parent=9033"}],"wp:term":[{"taxonomy":"category","embeddable":true,"href":"https:\/\/www.eninter.com\/ca\/wp-json\/wp\/v2\/categories?post=9033"},{"taxonomy":"post_tag","embeddable":true,"href":"https:\/\/www.eninter.com\/ca\/wp-json\/wp\/v2\/tags?post=9033"}],"curies":[{"name":"wp","href":"https:\/\/api.w.org\/{rel}","templated":true}]}}