{"id":9034,"date":"2022-01-03T16:23:53","date_gmt":"2022-01-03T16:23:53","guid":{"rendered":"https:\/\/www.eninter.com\/jordi-salvatella-la-comunicacio-entre-les-arees-comercial-i-tecnica-es-clau\/"},"modified":"2022-01-03T16:23:53","modified_gmt":"2022-01-03T16:23:53","slug":"jordi-salvatella-la-comunicacio-entre-les-arees-comercial-i-tecnica-es-clau","status":"publish","type":"post","link":"https:\/\/www.eninter.com\/ca\/jordi-salvatella-la-comunicacio-entre-les-arees-comercial-i-tecnica-es-clau\/","title":{"rendered":"Jordi Salvatella: &#8220;la comunicaci\u00f3 entre les \u00e0rees comercial i t\u00e8cnica \u00e9s clau&#8221;"},"content":{"rendered":"<p>Jordi Salvatella forma part de l&#8217;equip hum\u00e0 d&#8217;Eninter Ascensores i dirigeix l&#8217;Oficina Comercial i Servei, tamb\u00e9 coneguda com a OCS. Per\u00f2, a qu\u00e8 es dedica aquesta oficina? Per qu\u00e8 \u00e9s imprescindible per poder oferir un servei de la m\u00e0xima qualitat? En aquesta interessant entrevista ell mateix ens explica en qu\u00e8 consisteix el seu treball diari i el de tot el seu equip.<\/p>\n<p>&nbsp;<\/p>\n<p><strong>Com es diu el departament que dirigeixes a Eninter Ascensores?<br \/>\n<\/strong>Oficina Comercial i Servei, tamb\u00e9 conegut com a OCS.<\/p>\n<p>&nbsp;<\/p>\n<p><strong>A qu\u00e8 es dedica aquest departament?<br \/>\n<\/strong>La nostra missi\u00f3 \u00e9s servir a tots els comercials, encarregats i operaris en totes les seves necessitats. Fem el seguiment del seu treball i revisem la correcta consecuci\u00f3 dels seus objectius. Per aconseguir-ho, intentem ser un suport en tots els procediments en qu\u00e8 actuen: des de la visita a un client o la creaci\u00f3 d&#8217;un pressupost, fins al tancament dels treballs realitzats en obra.<\/p>\n<p>&nbsp;<\/p>\n<p><strong>Per qu\u00e8 \u00e9s tan important aquesta barreja entre la tasca comercial i la t\u00e8cnica?<br \/>\n<\/strong>A Eninter Ascensores tenim clar que l&#8217;entesa del Departament Comercial i el T\u00e8cnic \u00e9s vital perqu\u00e8 tots dos es necessiten. Un comercial no podr\u00e0 repetir una venda a un client que no hagi quedat satisfet amb el nostre servei t\u00e8cnic i el servei t\u00e8cnic no tindria feina sense les vendes del departament comercial. Si aquests dos departaments s&#8217; entenen i compleixen amb un dels valors de  <a href=\"https:\/\/www.eninter.com\/fabricacion-instalacion-mantenimiento-ascensores.php\">Eninter Ascensores<\/a>: el treball en equip, podran ser m\u00e9s eficients i complir aix\u00ed amb l&#8217; objectiu primordial: la satisfacci\u00f3 del client.<\/p>\n<p>&nbsp;<\/p>\n<p><strong>Quan es detecten una gran quantitat d&#8217;avaries d&#8217;una mateixa tipologia, per exemple, com es procedeix?<br \/>\n<\/strong>Dependr\u00e0 de moltes coses. Cal tenir en compte si la causa de l&#8217; avaria t\u00e9 a veure amb un element de fabricaci\u00f3 pr\u00f2pia o d&#8217; un prove\u00efdor. Una de les solucions m\u00e9s habituals, que ajuda a prevenir que aix\u00f2 succeeixi \u00e9s la creaci\u00f3 de plans de manteniment personalitzats. Els plans de <a href=\"https:\/\/www.eninter.com\/mantenimiento-ascensores.php\">manteniment<\/a> personalitzats ens permeten, mitjan\u00e7ant una aplicaci\u00f3 m\u00f2bil, assenyalar a l&#8217; operari quin element o zona espec\u00edfica ha de revisar. Tenim plans per a ascensors el\u00e8ctrics, hidr\u00e0ulics, per a portes de garatge, per a plataformes, etc. D&#8217;aquesta manera, a m\u00e9s de fer un manteniment segons marca la normativa, tenim un plus de variables que ens ofereixen un millor preventiu i ens permeten un millor servei.<\/p>\n<p>&nbsp;<\/p>\n<p><strong>Com interv\u00e9 el departament d&#8217;OCS en els pressupostos?<br \/>\n<\/strong>Un dels nostres grans reptes \u00e9s que els processos siguin cada vegada m\u00e9s \u00e0gils i senzills. Per aix\u00f2, en aquest aspecte, ajudem a actualitzar el disseny dels pressupostos i valorem i creem la descripci\u00f3 dels nous articles que apareixen. A m\u00e9s, estem en constant contacte amb tota la xarxa comercial, t\u00e8cnica i d&#8217;administraci\u00f3 a nivell nacional solucionant les consultes que puguin tenir en realitzar-los. Finalment, controlem l&#8217; aplicaci\u00f3 i el seguiment de les pol\u00edtiques comercials marcades a l&#8217; inici d&#8217; any, aix\u00ed com la tramitaci\u00f3 de les autoritzacions que poguessin ser necess\u00e0ries.<\/p>\n<p>&nbsp;<\/p>\n<p><strong>En quin aspecte resideix la import\u00e0ncia de l&#8217;exist\u00e8ncia del departament d&#8217;OCS?<br \/>\n<\/strong>A principis de 2019 \u00e9rem <strong>OC: Oficina Comercial<\/strong>. Quan hi afegim la &#8220;S&#8221; de &#8220;Servei&#8221; aquesta venia carregada de responsabilitat. Des d&#8217;aleshores, som el vincle entre ambd\u00f3s departaments i vetllem per una excel\u00b7lent comunicaci\u00f3 entre tots dos per aconseguir que tots els procediments es realitzin de forma rigorosa. Per a Eninter Ascensores l&#8217;entesa entre la part comercial i la part t\u00e8cnica \u00e9s un requisit indispensable per aconseguir l&#8217;excel\u00b7l\u00e8ncia que perseguim.<\/p>\n<p>&nbsp;<\/p>\n","protected":false},"excerpt":{"rendered":"<p>Jordi Salvatella forma part de l&#8217;equip hum\u00e0 d&#8217;Eninter Ascensores i dirigeix l&#8217;Oficina Comercial i Servei, tamb\u00e9 coneguda com a OCS. Per\u00f2, a qu\u00e8 es dedica aquesta oficina? Per qu\u00e8 \u00e9s imprescindible per poder oferir un servei de la m\u00e0xima qualitat? En aquesta interessant entrevista ell mateix ens explica en qu\u00e8 consisteix el seu treball diari [&hellip;]<\/p>\n","protected":false},"author":3,"featured_media":9446,"comment_status":"closed","ping_status":"closed","sticky":false,"template":"","format":"standard","meta":{"_acf_changed":false,"content-type":"","footnotes":""},"categories":[222],"tags":[],"class_list":["post-9034","post","type-post","status-publish","format-standard","has-post-thumbnail","hentry","category-sobre-eninter-ca"],"acf":[],"_yoast_wpseo_focuskw":"Jordi Salvatella","_yoast_wpseo_metadesc":"Jordi Salvatella: La comunicaci\u00f3 entre l'\u00e0rea comercial i la t\u00e8cnica \u00e9s clau per oferir un servei de qualitat.","yoast_head":"<!-- This site is optimized with the Yoast SEO Premium plugin v21.6 (Yoast SEO v27.5) - https:\/\/yoast.com\/product\/yoast-seo-premium-wordpress\/ -->\n<title>Jordi Salvatella: &quot;la comunicaci\u00f3 entre les \u00e0rees comercial i t\u00e8cnica \u00e9s clau&quot; | Eninter Ascensores<\/title>\n<meta name=\"description\" content=\"Jordi Salvatella: La comunicaci\u00f3 entre l&#039;\u00e0rea comercial i la t\u00e8cnica \u00e9s clau per oferir un servei de qualitat.\" \/>\n<meta name=\"robots\" content=\"index, follow, max-snippet:-1, max-image-preview:large, max-video-preview:-1\" \/>\n<link rel=\"canonical\" href=\"https:\/\/www.eninter.com\/ca\/jordi-salvatella-la-comunicacio-entre-les-arees-comercial-i-tecnica-es-clau\/\" \/>\n<meta property=\"og:locale\" content=\"ca_ES\" \/>\n<meta property=\"og:type\" content=\"article\" \/>\n<meta property=\"og:title\" content=\"Jordi Salvatella: &quot;la comunicaci\u00f3 entre les \u00e0rees comercial i t\u00e8cnica \u00e9s clau&quot;\" \/>\n<meta property=\"og:description\" content=\"Jordi Salvatella: La comunicaci\u00f3 entre l&#039;\u00e0rea comercial i la t\u00e8cnica \u00e9s clau per oferir un servei de qualitat.\" \/>\n<meta property=\"og:url\" content=\"https:\/\/www.eninter.com\/ca\/jordi-salvatella-la-comunicacio-entre-les-arees-comercial-i-tecnica-es-clau\/\" \/>\n<meta property=\"og:site_name\" content=\"ENINTER\" \/>\n<meta property=\"article:publisher\" content=\"https:\/\/www.facebook.com\/EninterAscensores\" \/>\n<meta property=\"article:published_time\" content=\"2022-01-03T16:23:53+00:00\" \/>\n<meta property=\"og:image\" content=\"https:\/\/www.eninter.com\/wp-content\/uploads\/2022\/01\/Eninter-portadas-youtube.jpg\" \/>\n\t<meta property=\"og:image:width\" content=\"1920\" \/>\n\t<meta property=\"og:image:height\" content=\"1080\" \/>\n\t<meta property=\"og:image:type\" content=\"image\/jpeg\" \/>\n<meta name=\"author\" content=\"Albert Puig\" \/>\n<meta name=\"twitter:card\" content=\"summary_large_image\" \/>\n<meta name=\"twitter:creator\" content=\"@Eninter\" \/>\n<meta name=\"twitter:site\" content=\"@Eninter\" \/>\n<meta name=\"twitter:label1\" content=\"Escrit per\" \/>\n\t<meta name=\"twitter:data1\" content=\"Albert Puig\" \/>\n\t<meta name=\"twitter:label2\" content=\"Temps estimat de lectura\" \/>\n\t<meta name=\"twitter:data2\" content=\"3 minuts\" \/>\n<!-- \/ Yoast SEO Premium plugin. -->","yoast_head_json":{"title":"Jordi Salvatella: \"la comunicaci\u00f3 entre les \u00e0rees comercial i t\u00e8cnica \u00e9s clau\" | Eninter Ascensores","description":"Jordi Salvatella: La comunicaci\u00f3 entre l'\u00e0rea comercial i la t\u00e8cnica \u00e9s clau per oferir un servei de qualitat.","robots":{"index":"index","follow":"follow","max-snippet":"max-snippet:-1","max-image-preview":"max-image-preview:large","max-video-preview":"max-video-preview:-1"},"canonical":"https:\/\/www.eninter.com\/ca\/jordi-salvatella-la-comunicacio-entre-les-arees-comercial-i-tecnica-es-clau\/","og_locale":"ca_ES","og_type":"article","og_title":"Jordi Salvatella: \"la comunicaci\u00f3 entre les \u00e0rees comercial i t\u00e8cnica \u00e9s clau\"","og_description":"Jordi Salvatella: La comunicaci\u00f3 entre l'\u00e0rea comercial i la t\u00e8cnica \u00e9s clau per oferir un servei de qualitat.","og_url":"https:\/\/www.eninter.com\/ca\/jordi-salvatella-la-comunicacio-entre-les-arees-comercial-i-tecnica-es-clau\/","og_site_name":"ENINTER","article_publisher":"https:\/\/www.facebook.com\/EninterAscensores","article_published_time":"2022-01-03T16:23:53+00:00","og_image":[{"width":1920,"height":1080,"url":"https:\/\/www.eninter.com\/wp-content\/uploads\/2022\/01\/Eninter-portadas-youtube.jpg","type":"image\/jpeg"}],"author":"Albert Puig","twitter_card":"summary_large_image","twitter_creator":"@Eninter","twitter_site":"@Eninter","twitter_misc":{"Escrit per":"Albert Puig","Temps estimat de lectura":"3 minuts"},"schema":{"@context":"https:\/\/schema.org","@graph":[{"@type":"Article","@id":"https:\/\/www.eninter.com\/ca\/jordi-salvatella-la-comunicacio-entre-les-arees-comercial-i-tecnica-es-clau\/#article","isPartOf":{"@id":"https:\/\/www.eninter.com\/ca\/jordi-salvatella-la-comunicacio-entre-les-arees-comercial-i-tecnica-es-clau\/"},"author":{"name":"Albert Puig","@id":"https:\/\/www.eninter.com\/ca\/#\/schema\/person\/e6178c261ac4210884c0e0264dd59043"},"headline":"Jordi Salvatella: &#8220;la comunicaci\u00f3 entre les \u00e0rees comercial i t\u00e8cnica \u00e9s clau&#8221;","datePublished":"2022-01-03T16:23:53+00:00","mainEntityOfPage":{"@id":"https:\/\/www.eninter.com\/ca\/jordi-salvatella-la-comunicacio-entre-les-arees-comercial-i-tecnica-es-clau\/"},"wordCount":625,"publisher":{"@id":"https:\/\/www.eninter.com\/ca\/#organization"},"image":{"@id":"https:\/\/www.eninter.com\/ca\/jordi-salvatella-la-comunicacio-entre-les-arees-comercial-i-tecnica-es-clau\/#primaryimage"},"thumbnailUrl":"https:\/\/www.eninter.com\/wp-content\/uploads\/2022\/01\/Eninter-portadas-youtube.jpg","articleSection":["Sobre Eninter"],"inLanguage":"ca"},{"@type":"WebPage","@id":"https:\/\/www.eninter.com\/ca\/jordi-salvatella-la-comunicacio-entre-les-arees-comercial-i-tecnica-es-clau\/","url":"https:\/\/www.eninter.com\/ca\/jordi-salvatella-la-comunicacio-entre-les-arees-comercial-i-tecnica-es-clau\/","name":"Jordi Salvatella: \"la comunicaci\u00f3 entre les \u00e0rees comercial i t\u00e8cnica \u00e9s clau\" | Eninter Ascensores","isPartOf":{"@id":"https:\/\/www.eninter.com\/ca\/#website"},"primaryImageOfPage":{"@id":"https:\/\/www.eninter.com\/ca\/jordi-salvatella-la-comunicacio-entre-les-arees-comercial-i-tecnica-es-clau\/#primaryimage"},"image":{"@id":"https:\/\/www.eninter.com\/ca\/jordi-salvatella-la-comunicacio-entre-les-arees-comercial-i-tecnica-es-clau\/#primaryimage"},"thumbnailUrl":"https:\/\/www.eninter.com\/wp-content\/uploads\/2022\/01\/Eninter-portadas-youtube.jpg","datePublished":"2022-01-03T16:23:53+00:00","description":"Jordi Salvatella: La comunicaci\u00f3 entre l'\u00e0rea comercial i la t\u00e8cnica \u00e9s clau per oferir un servei de qualitat.","breadcrumb":{"@id":"https:\/\/www.eninter.com\/ca\/jordi-salvatella-la-comunicacio-entre-les-arees-comercial-i-tecnica-es-clau\/#breadcrumb"},"inLanguage":"ca","potentialAction":[{"@type":"ReadAction","target":["https:\/\/www.eninter.com\/ca\/jordi-salvatella-la-comunicacio-entre-les-arees-comercial-i-tecnica-es-clau\/"]}]},{"@type":"ImageObject","inLanguage":"ca","@id":"https:\/\/www.eninter.com\/ca\/jordi-salvatella-la-comunicacio-entre-les-arees-comercial-i-tecnica-es-clau\/#primaryimage","url":"https:\/\/www.eninter.com\/wp-content\/uploads\/2022\/01\/Eninter-portadas-youtube.jpg","contentUrl":"https:\/\/www.eninter.com\/wp-content\/uploads\/2022\/01\/Eninter-portadas-youtube.jpg","width":1920,"height":1080},{"@type":"BreadcrumbList","@id":"https:\/\/www.eninter.com\/ca\/jordi-salvatella-la-comunicacio-entre-les-arees-comercial-i-tecnica-es-clau\/#breadcrumb","itemListElement":[{"@type":"ListItem","position":1,"name":"Portada","item":"https:\/\/www.eninter.com\/ca\/"},{"@type":"ListItem","position":2,"name":"Jordi Salvatella: &#8220;la comunicaci\u00f3 entre les \u00e0rees comercial i t\u00e8cnica \u00e9s clau&#8221;"}]},{"@type":"WebSite","@id":"https:\/\/www.eninter.com\/ca\/#website","url":"https:\/\/www.eninter.com\/ca\/","name":"ENINTER","description":"Mantenimiento de Ascensores Multimarca","publisher":{"@id":"https:\/\/www.eninter.com\/ca\/#organization"},"potentialAction":[{"@type":"SearchAction","target":{"@type":"EntryPoint","urlTemplate":"https:\/\/www.eninter.com\/ca\/?s={search_term_string}"},"query-input":{"@type":"PropertyValueSpecification","valueRequired":true,"valueName":"search_term_string"}}],"inLanguage":"ca"},{"@type":"Organization","@id":"https:\/\/www.eninter.com\/ca\/#organization","name":"Eniter","url":"https:\/\/www.eninter.com\/ca\/","logo":{"@type":"ImageObject","inLanguage":"ca","@id":"https:\/\/www.eninter.com\/ca\/#\/schema\/logo\/image\/","url":"https:\/\/www.eninter.com\/wp-content\/uploads\/2023\/08\/logo-eninter-png.png","contentUrl":"https:\/\/www.eninter.com\/wp-content\/uploads\/2023\/08\/logo-eninter-png.png","width":600,"height":340,"caption":"Eniter"},"image":{"@id":"https:\/\/www.eninter.com\/ca\/#\/schema\/logo\/image\/"},"sameAs":["https:\/\/www.facebook.com\/EninterAscensores","https:\/\/x.com\/Eninter","https:\/\/www.instagram.com\/eninterascensores\/","https:\/\/www.youtube.com\/user\/ascensoreseninter"]},{"@type":"Person","@id":"https:\/\/www.eninter.com\/ca\/#\/schema\/person\/e6178c261ac4210884c0e0264dd59043","name":"Albert Puig","image":{"@type":"ImageObject","inLanguage":"ca","@id":"https:\/\/secure.gravatar.com\/avatar\/583d07f3f1036f58d0e44e873586278b582179a16b27a5b3951504e9ee001c06?s=96&d=mm&r=g","url":"https:\/\/secure.gravatar.com\/avatar\/583d07f3f1036f58d0e44e873586278b582179a16b27a5b3951504e9ee001c06?s=96&d=mm&r=g","contentUrl":"https:\/\/secure.gravatar.com\/avatar\/583d07f3f1036f58d0e44e873586278b582179a16b27a5b3951504e9ee001c06?s=96&d=mm&r=g","caption":"Albert Puig"}}]}},"_links":{"self":[{"href":"https:\/\/www.eninter.com\/ca\/wp-json\/wp\/v2\/posts\/9034","targetHints":{"allow":["GET"]}}],"collection":[{"href":"https:\/\/www.eninter.com\/ca\/wp-json\/wp\/v2\/posts"}],"about":[{"href":"https:\/\/www.eninter.com\/ca\/wp-json\/wp\/v2\/types\/post"}],"author":[{"embeddable":true,"href":"https:\/\/www.eninter.com\/ca\/wp-json\/wp\/v2\/users\/3"}],"replies":[{"embeddable":true,"href":"https:\/\/www.eninter.com\/ca\/wp-json\/wp\/v2\/comments?post=9034"}],"version-history":[{"count":0,"href":"https:\/\/www.eninter.com\/ca\/wp-json\/wp\/v2\/posts\/9034\/revisions"}],"wp:featuredmedia":[{"embeddable":true,"href":"https:\/\/www.eninter.com\/ca\/wp-json\/wp\/v2\/media\/9446"}],"wp:attachment":[{"href":"https:\/\/www.eninter.com\/ca\/wp-json\/wp\/v2\/media?parent=9034"}],"wp:term":[{"taxonomy":"category","embeddable":true,"href":"https:\/\/www.eninter.com\/ca\/wp-json\/wp\/v2\/categories?post=9034"},{"taxonomy":"post_tag","embeddable":true,"href":"https:\/\/www.eninter.com\/ca\/wp-json\/wp\/v2\/tags?post=9034"}],"curies":[{"name":"wp","href":"https:\/\/api.w.org\/{rel}","templated":true}]}}