{"id":9037,"date":"2021-11-11T12:55:42","date_gmt":"2021-11-11T12:55:42","guid":{"rendered":"https:\/\/www.eninter.com\/daniel-fernandez-aquestes-accions-fan-a-les-empreses-mes-grans-i-als-seus-empleats-mes-felices\/"},"modified":"2025-01-08T11:45:46","modified_gmt":"2025-01-08T11:45:46","slug":"daniel-fernandez-aquestes-accions-fan-a-les-empreses-mes-grans-i-als-seus-empleats-mes-felices","status":"publish","type":"post","link":"https:\/\/www.eninter.com\/ca\/daniel-fernandez-aquestes-accions-fan-a-les-empreses-mes-grans-i-als-seus-empleats-mes-felices\/","title":{"rendered":"Daniel Fern\u00e1ndez: &#8220;aquestes accions fan a les empreses m\u00e9s grans i als seus empleats m\u00e9s felices &#8220;"},"content":{"rendered":"<p>Daniel Fern\u00e1ndez, comercial <strong>d&#8217;Eninter Ascensores<\/strong>, nom\u00e9s havia vist alguns membres de l&#8217;Associaci\u00f3 pedalejar per la seva ciutat i el cert \u00e9s que li havien cridat l&#8217;atenci\u00f3, per\u00f2 el dest\u00ed va voler que fos precisament ell l&#8217;encarregat de lliurar el premi de la campanya d&#8217;Eninter Ajuda a Isabel Mora, una de les usu\u00e0ries de la  Associaci\u00f3 Discamino.  A partir d&#8217;aqu\u00ed, es va plantejar aportar el seu granet de sorra al projecte. Actualment, ha aconseguit que Eninter Ascensores s&#8217;uni tamb\u00e9 a la causa. Ell mateix ens explica la seva experi\u00e8ncia.<\/p>\n<p><strong>Isabel Mora, membre de Discamino, va ser una de les guanyadores de la campanya <a href=\"https:\/\/www.eninter.com\/eninterayuda\/2021\/index.php\">EninterAyuda<\/a> 2020 per\u00f2 coneixes m\u00e9s hist\u00f2ries impactants com la seva d&#8217;altres membres de l&#8217;associaci\u00f3?<br \/>\n<\/strong>S\u00ed, en aquest temps que vaig col\u00b7laborar amb ells he conegut diverses hist\u00f2ries, cadasc\u00fa m\u00e9s impactant. Una de les que m&#8217;ha cridat m\u00e9s l&#8217;atenci\u00f3 \u00e9s la d&#8217;un noi amb una malaltia degenerativa en els m\u00fasculs. Li hem de posar unes gomes que l&#8217;ajudin a recollir el peu despr\u00e9s d&#8217;impulsar el pedal, ja que no \u00e9s capa\u00e7 de fer for\u00e7a cap amunt. No obstant aix\u00f2, amb aquestes gomes hem aconseguit que gaudeixi entrenant. Acompanyem tamb\u00e9 un nen que, com \u00e9s tan petit, no arriba als pedals, per\u00f2 gr\u00e0cies a uns tacs de fusta \u00e9s capa\u00e7 de pedalejar i gaudir molt de l&#8217;activitat.<\/p>\n<p><strong>Actualment, #EninterAscensores disposa d&#8217;un contracte de col\u00b7laboraci\u00f3 amb l&#8217;associaci\u00f3 que impulsa tu mateix. Com i per qu\u00e8 se&#8217;t va oc\u00f3rrer posar en marxa aquesta col\u00b7laboraci\u00f3?<br \/>\n<\/strong>Em vaig adonar que m\u00e9s enll\u00e0 del que jo estava aportant individualment en el meu temps lliure, aquest col\u00b7lectiu necessitava de tota l&#8217;ajuda possible. Va ser quan li ho vaig proposar a la meva empresa que asseguda es va unir a la causa.<\/p>\n<p><strong>En qu\u00e8 consisteix aquest contracte de col\u00b7laboraci\u00f3?<br \/>\n<\/strong>El contracte consisteix en una aportaci\u00f3 econ\u00f2mica per part d&#8217;Eninter Ascensores per sufragar les despeses de la compra de materials. A m\u00e9s, hem signat un acord que consisteix a realitzar una aportaci\u00f3 a l&#8217;associaci\u00f3 per cada client que vingui referenciat per Discamino.<\/p>\n<p><strong>Com et sents en formar part d&#8217;una empresa que potencia aquest costat hum\u00e0 amb accions com \u00e9<\/strong><strong>sta?<br \/>\n<\/strong>Personalment, crec que \u00e9s una sort poder formar part d&#8217;aquesta empresa i d&#8217;aquest projecte en concret. Crec que aquestes accions fan a les empreses m\u00e9s grans i als seus empleats m\u00e9s felices.<\/p>\n<p><strong>A banda, tamb\u00e9 col\u00b7labores personalment amb l&#8217;associaci\u00f3. De quina manera ho fas?<br \/>\n<\/strong>Acompanyo els usuaris amb dificultats en els entrenaments. Jo s\u00f3c el pilot que dirigeix la bicicleta i tant ells com jo pedalem, d&#8217;aquesta manera els chic@s es preparen per realitzar el cam\u00ed de Santiago. Molts d&#8217;ells s\u00f3n persones que estan ingressades en centres especials i per ell@s el dia d&#8217;entreno \u00e9s el dia m\u00e9s esperat de la setmana.<\/p>\n<p><strong>Quines motivacions personals et van portar a escollir aquesta associaci\u00f3 i no una altra?<br \/>\n<\/strong>Des de feia temps els veia entrenat i sempre em van cridar l&#8217;atenci\u00f3. Em semblava una tasca molt bonica i entretinguda, tamb\u00e9 em va ajudar la meva afici\u00f3 a l&#8217;esport. Penseu qu\u00e8 millor que fer esport i ajudar els altres.<\/p>\n<p><strong>De tot el que has viscut col\u00b7laborant amb Discamino, en tens alguna an\u00e8cdota digna de ser recordada?<br \/>\n<\/strong>He portat un noi sord i cec. Vaig aprendre alguns signes i escrivint-li al palmell de la m\u00e0 m&#8217;entenia amb ell. L&#8217;an\u00e8cdota \u00e9s que al cap d&#8217;un temps vaig arribar a un altre noi sord i cec, amb el qual em va ser molt dif\u00edcil comunicar-me. Quan ho vaig aconseguir, em va contar em va contar que ja li havia contat el seu company que em coneixia i que estava desitjant que torn\u00e9ssim a coincidir en una altra sortida. Tots dos comparteixen la mateixa resid\u00e8ncia. Aquest \u00faltim noi no us podeu imaginar com pedaleja, t\u00e9 una energia bruta, fins i tot, si no anem amb bon ritme s&#8217;enfada amb mi.<br \/>\nPodria comptar-vos m\u00e9s an\u00e8cdotes, per\u00f2 crec que el millor \u00e9s viure-les. Aix\u00ed que us animo a tots a que busqueu a les vostres ciutats una associaci\u00f3 per col\u00b7laborar, ja que per a nosaltres \u00e9s un m\u00ednim esfor\u00e7 i per a ells pot significar tot un m\u00f3n.<\/p>\n<p>&nbsp;<\/p>\n<p>&nbsp;<\/p>\n<p>&nbsp;<\/p>\n","protected":false},"excerpt":{"rendered":"<p>Daniel Fern\u00e1ndez, comercial d&#8217;Eninter Ascensores, nom\u00e9s havia vist alguns membres de l&#8217;Associaci\u00f3 pedalejar per la seva ciutat i el cert \u00e9s que li havien cridat l&#8217;atenci\u00f3, per\u00f2 el dest\u00ed va voler que fos precisament ell l&#8217;encarregat de lliurar el premi de la campanya d&#8217;Eninter Ajuda a Isabel Mora, una de les usu\u00e0ries de la Associaci\u00f3 [&hellip;]<\/p>\n","protected":false},"author":3,"featured_media":7653,"comment_status":"closed","ping_status":"closed","sticky":false,"template":"","format":"standard","meta":{"_acf_changed":false,"content-type":"","footnotes":""},"categories":[222],"tags":[],"class_list":["post-9037","post","type-post","status-publish","format-standard","has-post-thumbnail","hentry","category-sobre-eninter-ca"],"acf":[],"_yoast_wpseo_focuskw":"Eninter Ascensores col\u00b7labora Discamino","_yoast_wpseo_metadesc":"Eninter Ascensores col\u00b7labora amb l'Associaci\u00f3 Discamino. Daniel Fern\u00e1ndez, comercial, ens explica com va n\u00e9ixer aquesta col\u00b7laboraci\u00f3.","yoast_head":"<!-- This site is optimized with the Yoast SEO Premium plugin v21.6 (Yoast SEO v27.5) - https:\/\/yoast.com\/product\/yoast-seo-premium-wordpress\/ -->\n<title>Eninter Ascensores col\u00b7labora amb l&#039;Associaci\u00f3 Discamino<\/title>\n<meta name=\"description\" content=\"Eninter Ascensores col\u00b7labora amb l&#039;Associaci\u00f3 Discamino. Daniel Fern\u00e1ndez, comercial, ens explica com va n\u00e9ixer aquesta col\u00b7laboraci\u00f3.\" \/>\n<meta name=\"robots\" content=\"index, follow, max-snippet:-1, max-image-preview:large, max-video-preview:-1\" \/>\n<link rel=\"canonical\" href=\"https:\/\/www.eninter.com\/ca\/daniel-fernandez-aquestes-accions-fan-a-les-empreses-mes-grans-i-als-seus-empleats-mes-felices\/\" \/>\n<meta property=\"og:locale\" content=\"ca_ES\" \/>\n<meta property=\"og:type\" content=\"article\" \/>\n<meta property=\"og:title\" content=\"Daniel Fern\u00e1ndez: &quot;aquestes accions fan a les empreses m\u00e9s grans i als seus empleats m\u00e9s felices &quot;\" \/>\n<meta property=\"og:description\" content=\"Eninter Ascensores col\u00b7labora amb l&#039;Associaci\u00f3 Discamino. Daniel Fern\u00e1ndez, comercial, ens explica com va n\u00e9ixer aquesta col\u00b7laboraci\u00f3.\" \/>\n<meta property=\"og:url\" content=\"https:\/\/www.eninter.com\/ca\/daniel-fernandez-aquestes-accions-fan-a-les-empreses-mes-grans-i-als-seus-empleats-mes-felices\/\" \/>\n<meta property=\"og:site_name\" content=\"ENINTER\" \/>\n<meta property=\"article:publisher\" content=\"https:\/\/www.facebook.com\/EninterAscensores\" \/>\n<meta property=\"article:published_time\" content=\"2021-11-11T12:55:42+00:00\" \/>\n<meta property=\"article:modified_time\" content=\"2025-01-08T11:45:46+00:00\" \/>\n<meta property=\"og:image\" content=\"https:\/\/www.eninter.com\/wp-content\/uploads\/2021\/11\/Eninter-Ascensores-colabora-con-la-Asociacion-Discamino.jpg\" \/>\n\t<meta property=\"og:image:width\" content=\"790\" \/>\n\t<meta property=\"og:image:height\" content=\"444\" \/>\n\t<meta property=\"og:image:type\" content=\"image\/jpeg\" \/>\n<meta name=\"author\" content=\"Albert Puig\" \/>\n<meta name=\"twitter:card\" content=\"summary_large_image\" \/>\n<meta name=\"twitter:creator\" content=\"@Eninter\" \/>\n<meta name=\"twitter:site\" content=\"@Eninter\" \/>\n<meta name=\"twitter:label1\" content=\"Escrit per\" \/>\n\t<meta name=\"twitter:data1\" content=\"Albert Puig\" \/>\n\t<meta name=\"twitter:label2\" content=\"Temps estimat de lectura\" \/>\n\t<meta name=\"twitter:data2\" content=\"4 minuts\" \/>\n<!-- \/ Yoast SEO Premium plugin. -->","yoast_head_json":{"title":"Eninter Ascensores col\u00b7labora amb l'Associaci\u00f3 Discamino","description":"Eninter Ascensores col\u00b7labora amb l'Associaci\u00f3 Discamino. Daniel Fern\u00e1ndez, comercial, ens explica com va n\u00e9ixer aquesta col\u00b7laboraci\u00f3.","robots":{"index":"index","follow":"follow","max-snippet":"max-snippet:-1","max-image-preview":"max-image-preview:large","max-video-preview":"max-video-preview:-1"},"canonical":"https:\/\/www.eninter.com\/ca\/daniel-fernandez-aquestes-accions-fan-a-les-empreses-mes-grans-i-als-seus-empleats-mes-felices\/","og_locale":"ca_ES","og_type":"article","og_title":"Daniel Fern\u00e1ndez: \"aquestes accions fan a les empreses m\u00e9s grans i als seus empleats m\u00e9s felices \"","og_description":"Eninter Ascensores col\u00b7labora amb l'Associaci\u00f3 Discamino. Daniel Fern\u00e1ndez, comercial, ens explica com va n\u00e9ixer aquesta col\u00b7laboraci\u00f3.","og_url":"https:\/\/www.eninter.com\/ca\/daniel-fernandez-aquestes-accions-fan-a-les-empreses-mes-grans-i-als-seus-empleats-mes-felices\/","og_site_name":"ENINTER","article_publisher":"https:\/\/www.facebook.com\/EninterAscensores","article_published_time":"2021-11-11T12:55:42+00:00","article_modified_time":"2025-01-08T11:45:46+00:00","og_image":[{"width":790,"height":444,"url":"https:\/\/www.eninter.com\/wp-content\/uploads\/2021\/11\/Eninter-Ascensores-colabora-con-la-Asociacion-Discamino.jpg","type":"image\/jpeg"}],"author":"Albert Puig","twitter_card":"summary_large_image","twitter_creator":"@Eninter","twitter_site":"@Eninter","twitter_misc":{"Escrit per":"Albert Puig","Temps estimat de lectura":"4 minuts"},"schema":{"@context":"https:\/\/schema.org","@graph":[{"@type":"Article","@id":"https:\/\/www.eninter.com\/ca\/daniel-fernandez-aquestes-accions-fan-a-les-empreses-mes-grans-i-als-seus-empleats-mes-felices\/#article","isPartOf":{"@id":"https:\/\/www.eninter.com\/ca\/daniel-fernandez-aquestes-accions-fan-a-les-empreses-mes-grans-i-als-seus-empleats-mes-felices\/"},"author":{"name":"Albert Puig","@id":"https:\/\/www.eninter.com\/ca\/#\/schema\/person\/e6178c261ac4210884c0e0264dd59043"},"headline":"Daniel Fern\u00e1ndez: &#8220;aquestes accions fan a les empreses m\u00e9s grans i als seus empleats m\u00e9s felices &#8220;","datePublished":"2021-11-11T12:55:42+00:00","dateModified":"2025-01-08T11:45:46+00:00","mainEntityOfPage":{"@id":"https:\/\/www.eninter.com\/ca\/daniel-fernandez-aquestes-accions-fan-a-les-empreses-mes-grans-i-als-seus-empleats-mes-felices\/"},"wordCount":776,"publisher":{"@id":"https:\/\/www.eninter.com\/ca\/#organization"},"image":{"@id":"https:\/\/www.eninter.com\/ca\/daniel-fernandez-aquestes-accions-fan-a-les-empreses-mes-grans-i-als-seus-empleats-mes-felices\/#primaryimage"},"thumbnailUrl":"https:\/\/www.eninter.com\/wp-content\/uploads\/2021\/11\/Eninter-Ascensores-colabora-con-la-Asociacion-Discamino.jpg","articleSection":["Sobre Eninter"],"inLanguage":"ca"},{"@type":"WebPage","@id":"https:\/\/www.eninter.com\/ca\/daniel-fernandez-aquestes-accions-fan-a-les-empreses-mes-grans-i-als-seus-empleats-mes-felices\/","url":"https:\/\/www.eninter.com\/ca\/daniel-fernandez-aquestes-accions-fan-a-les-empreses-mes-grans-i-als-seus-empleats-mes-felices\/","name":"Eninter Ascensores col\u00b7labora amb l'Associaci\u00f3 Discamino","isPartOf":{"@id":"https:\/\/www.eninter.com\/ca\/#website"},"primaryImageOfPage":{"@id":"https:\/\/www.eninter.com\/ca\/daniel-fernandez-aquestes-accions-fan-a-les-empreses-mes-grans-i-als-seus-empleats-mes-felices\/#primaryimage"},"image":{"@id":"https:\/\/www.eninter.com\/ca\/daniel-fernandez-aquestes-accions-fan-a-les-empreses-mes-grans-i-als-seus-empleats-mes-felices\/#primaryimage"},"thumbnailUrl":"https:\/\/www.eninter.com\/wp-content\/uploads\/2021\/11\/Eninter-Ascensores-colabora-con-la-Asociacion-Discamino.jpg","datePublished":"2021-11-11T12:55:42+00:00","dateModified":"2025-01-08T11:45:46+00:00","description":"Eninter Ascensores col\u00b7labora amb l'Associaci\u00f3 Discamino. Daniel Fern\u00e1ndez, comercial, ens explica com va n\u00e9ixer aquesta col\u00b7laboraci\u00f3.","breadcrumb":{"@id":"https:\/\/www.eninter.com\/ca\/daniel-fernandez-aquestes-accions-fan-a-les-empreses-mes-grans-i-als-seus-empleats-mes-felices\/#breadcrumb"},"inLanguage":"ca","potentialAction":[{"@type":"ReadAction","target":["https:\/\/www.eninter.com\/ca\/daniel-fernandez-aquestes-accions-fan-a-les-empreses-mes-grans-i-als-seus-empleats-mes-felices\/"]}]},{"@type":"ImageObject","inLanguage":"ca","@id":"https:\/\/www.eninter.com\/ca\/daniel-fernandez-aquestes-accions-fan-a-les-empreses-mes-grans-i-als-seus-empleats-mes-felices\/#primaryimage","url":"https:\/\/www.eninter.com\/wp-content\/uploads\/2021\/11\/Eninter-Ascensores-colabora-con-la-Asociacion-Discamino.jpg","contentUrl":"https:\/\/www.eninter.com\/wp-content\/uploads\/2021\/11\/Eninter-Ascensores-colabora-con-la-Asociacion-Discamino.jpg","width":790,"height":444},{"@type":"BreadcrumbList","@id":"https:\/\/www.eninter.com\/ca\/daniel-fernandez-aquestes-accions-fan-a-les-empreses-mes-grans-i-als-seus-empleats-mes-felices\/#breadcrumb","itemListElement":[{"@type":"ListItem","position":1,"name":"Portada","item":"https:\/\/www.eninter.com\/ca\/"},{"@type":"ListItem","position":2,"name":"Daniel Fern\u00e1ndez: \u00abaquestes accions fan a les empreses m\u00e9s grans i als seus empleats m\u00e9s felices \u00ab"}]},{"@type":"WebSite","@id":"https:\/\/www.eninter.com\/ca\/#website","url":"https:\/\/www.eninter.com\/ca\/","name":"ENINTER","description":"Mantenimiento de Ascensores Multimarca","publisher":{"@id":"https:\/\/www.eninter.com\/ca\/#organization"},"potentialAction":[{"@type":"SearchAction","target":{"@type":"EntryPoint","urlTemplate":"https:\/\/www.eninter.com\/ca\/?s={search_term_string}"},"query-input":{"@type":"PropertyValueSpecification","valueRequired":true,"valueName":"search_term_string"}}],"inLanguage":"ca"},{"@type":"Organization","@id":"https:\/\/www.eninter.com\/ca\/#organization","name":"Eniter","url":"https:\/\/www.eninter.com\/ca\/","logo":{"@type":"ImageObject","inLanguage":"ca","@id":"https:\/\/www.eninter.com\/ca\/#\/schema\/logo\/image\/","url":"https:\/\/www.eninter.com\/wp-content\/uploads\/2023\/08\/logo-eninter-png.png","contentUrl":"https:\/\/www.eninter.com\/wp-content\/uploads\/2023\/08\/logo-eninter-png.png","width":600,"height":340,"caption":"Eniter"},"image":{"@id":"https:\/\/www.eninter.com\/ca\/#\/schema\/logo\/image\/"},"sameAs":["https:\/\/www.facebook.com\/EninterAscensores","https:\/\/x.com\/Eninter","https:\/\/www.instagram.com\/eninterascensores\/","https:\/\/www.youtube.com\/user\/ascensoreseninter"]},{"@type":"Person","@id":"https:\/\/www.eninter.com\/ca\/#\/schema\/person\/e6178c261ac4210884c0e0264dd59043","name":"Albert Puig","image":{"@type":"ImageObject","inLanguage":"ca","@id":"https:\/\/secure.gravatar.com\/avatar\/583d07f3f1036f58d0e44e873586278b582179a16b27a5b3951504e9ee001c06?s=96&d=mm&r=g","url":"https:\/\/secure.gravatar.com\/avatar\/583d07f3f1036f58d0e44e873586278b582179a16b27a5b3951504e9ee001c06?s=96&d=mm&r=g","contentUrl":"https:\/\/secure.gravatar.com\/avatar\/583d07f3f1036f58d0e44e873586278b582179a16b27a5b3951504e9ee001c06?s=96&d=mm&r=g","caption":"Albert Puig"}}]}},"_links":{"self":[{"href":"https:\/\/www.eninter.com\/ca\/wp-json\/wp\/v2\/posts\/9037","targetHints":{"allow":["GET"]}}],"collection":[{"href":"https:\/\/www.eninter.com\/ca\/wp-json\/wp\/v2\/posts"}],"about":[{"href":"https:\/\/www.eninter.com\/ca\/wp-json\/wp\/v2\/types\/post"}],"author":[{"embeddable":true,"href":"https:\/\/www.eninter.com\/ca\/wp-json\/wp\/v2\/users\/3"}],"replies":[{"embeddable":true,"href":"https:\/\/www.eninter.com\/ca\/wp-json\/wp\/v2\/comments?post=9037"}],"version-history":[{"count":0,"href":"https:\/\/www.eninter.com\/ca\/wp-json\/wp\/v2\/posts\/9037\/revisions"}],"wp:featuredmedia":[{"embeddable":true,"href":"https:\/\/www.eninter.com\/ca\/wp-json\/wp\/v2\/media\/7653"}],"wp:attachment":[{"href":"https:\/\/www.eninter.com\/ca\/wp-json\/wp\/v2\/media?parent=9037"}],"wp:term":[{"taxonomy":"category","embeddable":true,"href":"https:\/\/www.eninter.com\/ca\/wp-json\/wp\/v2\/categories?post=9037"},{"taxonomy":"post_tag","embeddable":true,"href":"https:\/\/www.eninter.com\/ca\/wp-json\/wp\/v2\/tags?post=9037"}],"curies":[{"name":"wp","href":"https:\/\/api.w.org\/{rel}","templated":true}]}}