{"id":9038,"date":"2021-11-03T13:52:36","date_gmt":"2021-11-03T13:52:36","guid":{"rendered":"https:\/\/www.eninter.com\/redueix-el-consum-energetic-del-teu-ascensor-fins-a-un-30\/"},"modified":"2024-09-05T08:09:16","modified_gmt":"2024-09-05T08:09:16","slug":"redueix-el-consum-energetic-del-teu-ascensor-fins-a-un-30","status":"publish","type":"post","link":"https:\/\/www.eninter.com\/ca\/redueix-el-consum-energetic-del-teu-ascensor-fins-a-un-30\/","title":{"rendered":"Redueix el consum energ\u00e8tic del teu ascensor fins a un 30%"},"content":{"rendered":"<p>Ara que puja la factura de la llum i \u00e9s important reduir despeses, segur que t&#8217;has preguntat si \u00e9s possible disminuir el <strong>consum energ\u00e8tic<\/strong> de <strong>l&#8217;ascensor<\/strong> del teu habitatge o de la teva comunitat. Doncs, la resposta \u00e9s s\u00ed. T&#8217;expliquem com.<\/p>\n<p>El cert \u00e9s que, amb la maquin\u00e0ria i el producte adequat, es pot arribar a <strong>reduir el consum energ\u00e8tic de l&#8217;ascensor fins a un 30%<\/strong>. Per\u00f2, <a href=\"https:\/\/www.eninter.com\/blog\/ahorrar-energia-ascensores-comunidad-vecinos\/\">quins factors<\/a> cal tenir en compte?<\/p>\n<p>En primer lloc, hauries de valorar l&#8217;antiguitat de la <strong>maquin\u00e0ria<\/strong> de l&#8217;ascensor. Si la maquin\u00e0ria ja t\u00e9 uns anys, el seu consum ser\u00e0 m\u00e9s elevat i menys eficient. Les maquin\u00e0ries antigues necessiten molta energia per a l&#8217;arrencada inicial del motor, les noves s\u00f3n molt m\u00e9s eficients. Per aix\u00f2, valorar la possibilitat de renovar-la podria ser la resposta si el que busques \u00e9s reduir despeses en el futur.<\/p>\n<p>Un altre dels factors clau s\u00f3n els <strong>viatges<\/strong>. Si s&#8217; aconsegueix gestionar els viatges de forma eficient, la reducci\u00f3 del consum ser\u00e0 evident. L&#8217; \u00fas de portes autom\u00e0tiques \u00e9s un element que beneficia la seva efici\u00e8ncia i ajuda a la seva optimitzaci\u00f3.<\/p>\n<p>La <strong>il\u00b7luminaci\u00f3<\/strong> \u00e9s un altre dels elements a tenir en compte. Per a un major estalvi es recomana que l&#8217;ascensor tingui llum tipus LED intel\u00b7ligent. A Eninter Ascensores disposem del <strong>Kit<\/strong> <strong>Ecolift Led<\/strong> que consisteix a substituir els tubs fluorescents cl\u00e0ssics pels actuals tubs LED i aconseguir aix\u00ed un estalvi en el consum de fins a un 98% d&#8217;energia amb la mateixa intensitat de llum. Els tubs led no fan servir balastre (react\u00e0ncia), ni encenedor (arrencador), per la qual cosa en comptar amb menys elements es redueixen les possibilitats d&#8217;avaries, reduint encara m\u00e9s el cost general de manteniment.<\/p>\n<p>A m\u00e9s del <strong>Kit Ecolift Led<\/strong>, a Eninter Ascensores disposem d&#8217;altres productes perqu\u00e8 el teu ascensor sigui m\u00e9s sostenible sense haver de renunciar al confort. El <strong>Kit Ecolift Hidr\u00e0ulic <\/strong>compta amb un dispositiu digital de control de moviment per freq\u00fc\u00e8ncia variable que elimina canvis bruscos de velocitat i permet acceleracions i desacceleracions progressives. Aix\u00ed, proporciona el m\u00e0xim estalvi i permet la reducci\u00f3 de tarifes el\u00e8ctriques.<\/p>\n<p>Amb el <strong>Kit Ecolift Connect <\/strong>tamb\u00e9 podr\u00e0s aconseguir una important disminuci\u00f3 del consum. L&#8217;ascensor consumir\u00e0 menys que un assecador de p\u00e8l, ja que nom\u00e9s necessitar\u00e0 500W de pot\u00e8ncia. Generar\u00e0 la seva pr\u00f2pia energia aprofitant els seus despla\u00e7aments, i recarregant les seves bateries.<\/p>\n<p>El <strong>Kit Ecolift Gearless Connect<\/strong> et proporcionar\u00e0 un gran estalvi energ\u00e8tic reduint la contaminaci\u00f3 (318 quilos menys de CO2 a l&#8217;any).<\/p>\n<p>No oblidem l&#8217;energia solar, una altra opci\u00f3 a tenir en compte per reduir fins a un 32% la factura energ\u00e8tica. Si aquesta \u00e9s la teva intenci\u00f3, disposem del <strong>Kit Ecolift Connect Sun, <\/strong><strong>es tracta<\/strong> d&#8217;afegir uns panells solars de tal manera que, tota l&#8217;energia produ\u00efda pel panell solar \u00e9s acumulada en el sistema de bateries. Tota l&#8217; aportaci\u00f3 energ\u00e8tica solar deixa de consumir-se de la xarxa i per tant s&#8217; estalvia en la factura el\u00e8ctrica.<\/p>\n<p>Aquestes s\u00f3n algunes solucions per reduir la factura de la llum en el consum del teu ascensor. Ja saps, tens en compte els elements clau que t&#8217;hem enumerat i <a href=\"https:\/\/www.eninter.com\/blog\/ahorra-energia-y-cuida-el-planeta-con-nuestros-kits\/\">recorda els nostres kits<\/a>, dissenyats exclusivament perqu\u00e8 redueixis despeses de manera sostenible.<\/p>\n<p>&nbsp;<\/p>\n","protected":false},"excerpt":{"rendered":"<p>Ara que puja la factura de la llum i \u00e9s important reduir despeses, segur que t&#8217;has preguntat si \u00e9s possible disminuir el consum energ\u00e8tic de l&#8217;ascensor del teu habitatge o de la teva comunitat. Doncs, la resposta \u00e9s s\u00ed. T&#8217;expliquem com. El cert \u00e9s que, amb la maquin\u00e0ria i el producte adequat, es pot arribar [&hellip;]<\/p>\n","protected":false},"author":3,"featured_media":7635,"comment_status":"open","ping_status":"open","sticky":false,"template":"","format":"standard","meta":{"_acf_changed":false,"content-type":"","footnotes":""},"categories":[221],"tags":[],"class_list":["post-9038","post","type-post","status-publish","format-standard","has-post-thumbnail","hentry","category-ascensors"],"acf":[],"_yoast_wpseo_focuskw":"Estalvia en el consum del teu ascensor","_yoast_wpseo_metadesc":"Ssube la factura de la llum i \u00e9s important reduir despeses. Segur que t'has preguntat si \u00e9s possible estalvia en el consum del teu ascensor.","yoast_head":"<!-- This site is optimized with the Yoast SEO Premium plugin v21.6 (Yoast SEO v27.5) - https:\/\/yoast.com\/product\/yoast-seo-premium-wordpress\/ -->\n<title>Redueix el consum energ\u00e8tic del teu ascensor fins a un 30% | Eninter Ascensores<\/title>\n<meta name=\"description\" content=\"Ssube la factura de la llum i \u00e9s important reduir despeses. Segur que t&#039;has preguntat si \u00e9s possible estalvia en el consum del teu ascensor.\" \/>\n<meta name=\"robots\" content=\"index, follow, max-snippet:-1, max-image-preview:large, max-video-preview:-1\" \/>\n<link rel=\"canonical\" href=\"https:\/\/www.eninter.com\/ca\/redueix-el-consum-energetic-del-teu-ascensor-fins-a-un-30\/\" \/>\n<meta property=\"og:locale\" content=\"ca_ES\" \/>\n<meta property=\"og:type\" content=\"article\" \/>\n<meta property=\"og:title\" content=\"Redueix el consum energ\u00e8tic del teu ascensor fins a un 30%\" \/>\n<meta property=\"og:description\" content=\"Ssube la factura de la llum i \u00e9s important reduir despeses. Segur que t&#039;has preguntat si \u00e9s possible estalvia en el consum del teu ascensor.\" \/>\n<meta property=\"og:url\" content=\"https:\/\/www.eninter.com\/ca\/redueix-el-consum-energetic-del-teu-ascensor-fins-a-un-30\/\" \/>\n<meta property=\"og:site_name\" content=\"ENINTER\" \/>\n<meta property=\"article:publisher\" content=\"https:\/\/www.facebook.com\/EninterAscensores\" \/>\n<meta property=\"article:published_time\" content=\"2021-11-03T13:52:36+00:00\" \/>\n<meta property=\"article:modified_time\" content=\"2024-09-05T08:09:16+00:00\" \/>\n<meta property=\"og:image\" content=\"https:\/\/www.eninter.com\/wp-content\/uploads\/2021\/11\/Ahorra-en-el-consumo-de-tu-ascensor.jpeg\" \/>\n\t<meta property=\"og:image:width\" content=\"790\" \/>\n\t<meta property=\"og:image:height\" content=\"444\" \/>\n\t<meta property=\"og:image:type\" content=\"image\/jpeg\" \/>\n<meta name=\"author\" content=\"Albert Puig\" \/>\n<meta name=\"twitter:card\" content=\"summary_large_image\" \/>\n<meta name=\"twitter:creator\" content=\"@Eninter\" \/>\n<meta name=\"twitter:site\" content=\"@Eninter\" \/>\n<meta name=\"twitter:label1\" content=\"Escrit per\" \/>\n\t<meta name=\"twitter:data1\" content=\"Albert Puig\" \/>\n\t<meta name=\"twitter:label2\" content=\"Temps estimat de lectura\" \/>\n\t<meta name=\"twitter:data2\" content=\"3 minuts\" \/>\n<!-- \/ Yoast SEO Premium plugin. -->","yoast_head_json":{"title":"Redueix el consum energ\u00e8tic del teu ascensor fins a un 30% | Eninter Ascensores","description":"Ssube la factura de la llum i \u00e9s important reduir despeses. Segur que t'has preguntat si \u00e9s possible estalvia en el consum del teu ascensor.","robots":{"index":"index","follow":"follow","max-snippet":"max-snippet:-1","max-image-preview":"max-image-preview:large","max-video-preview":"max-video-preview:-1"},"canonical":"https:\/\/www.eninter.com\/ca\/redueix-el-consum-energetic-del-teu-ascensor-fins-a-un-30\/","og_locale":"ca_ES","og_type":"article","og_title":"Redueix el consum energ\u00e8tic del teu ascensor fins a un 30%","og_description":"Ssube la factura de la llum i \u00e9s important reduir despeses. Segur que t'has preguntat si \u00e9s possible estalvia en el consum del teu ascensor.","og_url":"https:\/\/www.eninter.com\/ca\/redueix-el-consum-energetic-del-teu-ascensor-fins-a-un-30\/","og_site_name":"ENINTER","article_publisher":"https:\/\/www.facebook.com\/EninterAscensores","article_published_time":"2021-11-03T13:52:36+00:00","article_modified_time":"2024-09-05T08:09:16+00:00","og_image":[{"width":790,"height":444,"url":"https:\/\/www.eninter.com\/wp-content\/uploads\/2021\/11\/Ahorra-en-el-consumo-de-tu-ascensor.jpeg","type":"image\/jpeg"}],"author":"Albert Puig","twitter_card":"summary_large_image","twitter_creator":"@Eninter","twitter_site":"@Eninter","twitter_misc":{"Escrit per":"Albert Puig","Temps estimat de lectura":"3 minuts"},"schema":{"@context":"https:\/\/schema.org","@graph":[{"@type":"Article","@id":"https:\/\/www.eninter.com\/ca\/redueix-el-consum-energetic-del-teu-ascensor-fins-a-un-30\/#article","isPartOf":{"@id":"https:\/\/www.eninter.com\/ca\/redueix-el-consum-energetic-del-teu-ascensor-fins-a-un-30\/"},"author":{"name":"Albert Puig","@id":"https:\/\/www.eninter.com\/ca\/#\/schema\/person\/e6178c261ac4210884c0e0264dd59043"},"headline":"Redueix el consum energ\u00e8tic del teu ascensor fins a un 30%","datePublished":"2021-11-03T13:52:36+00:00","dateModified":"2024-09-05T08:09:16+00:00","mainEntityOfPage":{"@id":"https:\/\/www.eninter.com\/ca\/redueix-el-consum-energetic-del-teu-ascensor-fins-a-un-30\/"},"wordCount":584,"commentCount":0,"publisher":{"@id":"https:\/\/www.eninter.com\/ca\/#organization"},"image":{"@id":"https:\/\/www.eninter.com\/ca\/redueix-el-consum-energetic-del-teu-ascensor-fins-a-un-30\/#primaryimage"},"thumbnailUrl":"https:\/\/www.eninter.com\/wp-content\/uploads\/2021\/11\/Ahorra-en-el-consumo-de-tu-ascensor.jpeg","articleSection":["Ascensors"],"inLanguage":"ca","potentialAction":[{"@type":"CommentAction","name":"Comment","target":["https:\/\/www.eninter.com\/ca\/redueix-el-consum-energetic-del-teu-ascensor-fins-a-un-30\/#respond"]}]},{"@type":"WebPage","@id":"https:\/\/www.eninter.com\/ca\/redueix-el-consum-energetic-del-teu-ascensor-fins-a-un-30\/","url":"https:\/\/www.eninter.com\/ca\/redueix-el-consum-energetic-del-teu-ascensor-fins-a-un-30\/","name":"Redueix el consum energ\u00e8tic del teu ascensor fins a un 30% | Eninter Ascensores","isPartOf":{"@id":"https:\/\/www.eninter.com\/ca\/#website"},"primaryImageOfPage":{"@id":"https:\/\/www.eninter.com\/ca\/redueix-el-consum-energetic-del-teu-ascensor-fins-a-un-30\/#primaryimage"},"image":{"@id":"https:\/\/www.eninter.com\/ca\/redueix-el-consum-energetic-del-teu-ascensor-fins-a-un-30\/#primaryimage"},"thumbnailUrl":"https:\/\/www.eninter.com\/wp-content\/uploads\/2021\/11\/Ahorra-en-el-consumo-de-tu-ascensor.jpeg","datePublished":"2021-11-03T13:52:36+00:00","dateModified":"2024-09-05T08:09:16+00:00","description":"Ssube la factura de la llum i \u00e9s important reduir despeses. Segur que t'has preguntat si \u00e9s possible estalvia en el consum del teu ascensor.","breadcrumb":{"@id":"https:\/\/www.eninter.com\/ca\/redueix-el-consum-energetic-del-teu-ascensor-fins-a-un-30\/#breadcrumb"},"inLanguage":"ca","potentialAction":[{"@type":"ReadAction","target":["https:\/\/www.eninter.com\/ca\/redueix-el-consum-energetic-del-teu-ascensor-fins-a-un-30\/"]}]},{"@type":"ImageObject","inLanguage":"ca","@id":"https:\/\/www.eninter.com\/ca\/redueix-el-consum-energetic-del-teu-ascensor-fins-a-un-30\/#primaryimage","url":"https:\/\/www.eninter.com\/wp-content\/uploads\/2021\/11\/Ahorra-en-el-consumo-de-tu-ascensor.jpeg","contentUrl":"https:\/\/www.eninter.com\/wp-content\/uploads\/2021\/11\/Ahorra-en-el-consumo-de-tu-ascensor.jpeg","width":790,"height":444},{"@type":"BreadcrumbList","@id":"https:\/\/www.eninter.com\/ca\/redueix-el-consum-energetic-del-teu-ascensor-fins-a-un-30\/#breadcrumb","itemListElement":[{"@type":"ListItem","position":1,"name":"Portada","item":"https:\/\/www.eninter.com\/ca\/"},{"@type":"ListItem","position":2,"name":"Redueix el consum energ\u00e8tic del teu ascensor fins a un 30%"}]},{"@type":"WebSite","@id":"https:\/\/www.eninter.com\/ca\/#website","url":"https:\/\/www.eninter.com\/ca\/","name":"ENINTER","description":"Mantenimiento de Ascensores Multimarca","publisher":{"@id":"https:\/\/www.eninter.com\/ca\/#organization"},"potentialAction":[{"@type":"SearchAction","target":{"@type":"EntryPoint","urlTemplate":"https:\/\/www.eninter.com\/ca\/?s={search_term_string}"},"query-input":{"@type":"PropertyValueSpecification","valueRequired":true,"valueName":"search_term_string"}}],"inLanguage":"ca"},{"@type":"Organization","@id":"https:\/\/www.eninter.com\/ca\/#organization","name":"Eniter","url":"https:\/\/www.eninter.com\/ca\/","logo":{"@type":"ImageObject","inLanguage":"ca","@id":"https:\/\/www.eninter.com\/ca\/#\/schema\/logo\/image\/","url":"https:\/\/www.eninter.com\/wp-content\/uploads\/2023\/08\/logo-eninter-png.png","contentUrl":"https:\/\/www.eninter.com\/wp-content\/uploads\/2023\/08\/logo-eninter-png.png","width":600,"height":340,"caption":"Eniter"},"image":{"@id":"https:\/\/www.eninter.com\/ca\/#\/schema\/logo\/image\/"},"sameAs":["https:\/\/www.facebook.com\/EninterAscensores","https:\/\/x.com\/Eninter","https:\/\/www.instagram.com\/eninterascensores\/","https:\/\/www.youtube.com\/user\/ascensoreseninter"]},{"@type":"Person","@id":"https:\/\/www.eninter.com\/ca\/#\/schema\/person\/e6178c261ac4210884c0e0264dd59043","name":"Albert Puig","image":{"@type":"ImageObject","inLanguage":"ca","@id":"https:\/\/secure.gravatar.com\/avatar\/583d07f3f1036f58d0e44e873586278b582179a16b27a5b3951504e9ee001c06?s=96&d=mm&r=g","url":"https:\/\/secure.gravatar.com\/avatar\/583d07f3f1036f58d0e44e873586278b582179a16b27a5b3951504e9ee001c06?s=96&d=mm&r=g","contentUrl":"https:\/\/secure.gravatar.com\/avatar\/583d07f3f1036f58d0e44e873586278b582179a16b27a5b3951504e9ee001c06?s=96&d=mm&r=g","caption":"Albert Puig"}}]}},"_links":{"self":[{"href":"https:\/\/www.eninter.com\/ca\/wp-json\/wp\/v2\/posts\/9038","targetHints":{"allow":["GET"]}}],"collection":[{"href":"https:\/\/www.eninter.com\/ca\/wp-json\/wp\/v2\/posts"}],"about":[{"href":"https:\/\/www.eninter.com\/ca\/wp-json\/wp\/v2\/types\/post"}],"author":[{"embeddable":true,"href":"https:\/\/www.eninter.com\/ca\/wp-json\/wp\/v2\/users\/3"}],"replies":[{"embeddable":true,"href":"https:\/\/www.eninter.com\/ca\/wp-json\/wp\/v2\/comments?post=9038"}],"version-history":[{"count":0,"href":"https:\/\/www.eninter.com\/ca\/wp-json\/wp\/v2\/posts\/9038\/revisions"}],"wp:featuredmedia":[{"embeddable":true,"href":"https:\/\/www.eninter.com\/ca\/wp-json\/wp\/v2\/media\/7635"}],"wp:attachment":[{"href":"https:\/\/www.eninter.com\/ca\/wp-json\/wp\/v2\/media?parent=9038"}],"wp:term":[{"taxonomy":"category","embeddable":true,"href":"https:\/\/www.eninter.com\/ca\/wp-json\/wp\/v2\/categories?post=9038"},{"taxonomy":"post_tag","embeddable":true,"href":"https:\/\/www.eninter.com\/ca\/wp-json\/wp\/v2\/tags?post=9038"}],"curies":[{"name":"wp","href":"https:\/\/api.w.org\/{rel}","templated":true}]}}