{"id":9040,"date":"2021-10-25T11:39:11","date_gmt":"2021-10-25T10:39:11","guid":{"rendered":"https:\/\/www.eninter.com\/eninter-ascensores-participa-en-la-reconstruccio-dun-immoble-destruit-per-les-flames\/"},"modified":"2026-01-28T10:42:14","modified_gmt":"2026-01-28T09:42:14","slug":"eninter-ascensores-participa-en-la-reconstruccio-dun-immoble-destruit-per-les-flames","status":"publish","type":"post","link":"https:\/\/www.eninter.com\/ca\/eninter-ascensores-participa-en-la-reconstruccio-dun-immoble-destruit-per-les-flames\/","title":{"rendered":"Eninter Ascensores participa en la reconstrucci\u00f3 d&#8217;un immoble destru\u00eft per les flames"},"content":{"rendered":"<p>El novembre del 2017, les flames van arrasar un immoble de la zona de Pepri, a la ciutat vella d&#8217;A Coru\u00f1a. Avui, quatre anys despr\u00e9s, l&#8217; immoble calcinat, que data de 1850 i \u00e9s considerat b\u00e9 d&#8217; inter\u00e8s cultural dins el conjunt hist\u00f2ric, sembla nou.<\/p>\n<p>Actualment, l&#8217; edifici \u00e9s un habitatge unifamiliar de 156 metres quadrats amb baix, dues al\u00e7ades, \u00e0tic i, per suposat, ascensor incorporat. Per <strong>a Eninter Ascensores<\/strong> ha estat tot un honor poder participar en el repte d&#8217;aquesta reforma duta a terme per <a href=\"http:\/\/enreforma.net\/\">Enreforma<\/a>.<\/p>\n<p>Pel que fa a la nostra participaci\u00f3 en la reforma, tenint en compte aspectes com la velocitat id\u00f2nia, la c\u00e0rrega a elevar, l&#8217;espai disponible i les caracter\u00edstiques espec\u00edfiques de l&#8217;edifici, es va decidir instal\u00b7 <strong>lar un ascensor<\/strong> hidr\u00e0ulic.<\/p>\n<p>El que caracteritza aquest tipus <a href=\"https:\/\/www.eninter.com\/blog\/ascensores\/\">d&#8217;ascensors<\/a> \u00e9s que l&#8217;accionament s&#8217;aconsegueix gr\u00e0cies a una bomba acoblada a un motor el\u00e8ctric. La cabina puja gr\u00e0cies a la injecci\u00f3 d&#8217;oli a pressi\u00f3 a trav\u00e9s d&#8217;un bloc de v\u00e0lvules i el descens \u00e9s possible gr\u00e0cies a la for\u00e7a de la gravetat, ja que \u00e9s el propi pes de la cabina que el provoca. Fa uns anys, aquest tipus d&#8217;ascensors eren menys sorollosos i molt m\u00e9s suaus en el transport per\u00f2 el cert \u00e9s que, actualment, els aven\u00e7os en els <strong>ascensors el\u00e8ctrics<\/strong> han aconseguit reduir per complet aquestes difer\u00e8ncies.<\/p>\n<p>Una altra particularitat essencial d&#8217; aquest tipus d <strong>&#8216; ascensors<\/strong> \u00e9s la seva capacitat d&#8217; adaptaci\u00f3 a espais petits. Per aix\u00f2, tenint en compte la superf\u00edcie disponible i les necessitats de l&#8217; habitatge es va escollir aquesta modalitat d&#8217; aparell per a la reforma d&#8217; A Coru\u00f1a. L&#8217;ascensor de l&#8217;immoble gallec est\u00e0 dissenyat per a un \u00fas familiar moderat, per aix\u00f2, ocupa molt poc espai. T\u00e9 tres parades i es considera un ascensor lent, ja que assoleix els 0,15 metres per segon. La velocitat no era un aspecte primordial en un immoble familiar per\u00f2 s\u00ed que ho era l&#8217;est\u00e8tica, ja que es tracta d&#8217;un edifici hist\u00f2ric en el qual calia integrar l&#8217;aparell en un estil de decoraci\u00f3 concret. Una <a href=\"https:\/\/www.eninter.com\/blog\/por-que-las-botoneras-de-eninter-ascensores-son-triangulares\/\">botonera<\/a> horitzontal, un mig mirall a la cabina per generar la sensaci\u00f3 d&#8217;espai i un passamans al fons s\u00f3n alguns dels elements que han aportat l&#8217;eleg\u00e0ncia necess\u00e0ria perqu\u00e8 l&#8217;aparell no desentoni amb l&#8217;ambient. Tal com assenyala l&#8217;arquitecte <strong>d&#8217;Eninter Ascensores<\/strong>, &#8220;els acabats escollits encaixen a la perfecci\u00f3 amb l&#8217;est\u00e8tica de l&#8217;edifici&#8221;.<\/p>\n<p>El repte de barrejar disseny, modernitat i tradici\u00f3 que representava la instal\u00b7laci\u00f3 de l&#8217;ascensor s&#8217;ha superat amb un resultat m\u00e9s que satisfactori: un aparell de disseny contemporani que s&#8217;integra en la modernitat de la reforma per\u00f2 sense deixar de banda la tradici\u00f3 i elements m\u00e9s cl\u00e0ssics i naturals com la fusta.<\/p>\n<p>La Veu de Gal\u00edcia s&#8217;ha fet ress\u00f2 de la reforma en aquest extens article, ho pots consultar <a href=\"https:\/\/www.lavozdegalicia.es\/noticia\/coruna\/2021\/09\/30\/historia-casa-salvada-llamas-rescato-inmueble-coruna\/00031632996852879521722.htm?utm_source=whatsapp&amp;utm_medium=referral&amp;utm_campaign=share&amp;utm_content=00031632996852879521722\">aqu\u00ed<\/a>.<\/p>\n","protected":false},"excerpt":{"rendered":"<p>El novembre del 2017, les flames van arrasar un immoble de la zona de Pepri, a la ciutat vella d&#8217;A Coru\u00f1a. Avui, quatre anys despr\u00e9s, l&#8217; immoble calcinat, que data de 1850 i \u00e9s considerat b\u00e9 d&#8217; inter\u00e8s cultural dins el conjunt hist\u00f2ric, sembla nou. Actualment, l&#8217; edifici \u00e9s un habitatge unifamiliar de 156 metres [&hellip;]<\/p>\n","protected":false},"author":3,"featured_media":7637,"comment_status":"closed","ping_status":"closed","sticky":false,"template":"","format":"standard","meta":{"_acf_changed":false,"content-type":"","footnotes":""},"categories":[221],"tags":[],"class_list":["post-9040","post","type-post","status-publish","format-standard","has-post-thumbnail","hentry","category-ascensors"],"acf":[],"_yoast_wpseo_focuskw":"reconstrucci\u00f3 d' un immoble destru\u00eft per les flames","_yoast_wpseo_metadesc":"El repte de barrejar disseny, modernitat i tradici\u00f3 que representava la instal\u00b7laci\u00f3 de l'ascensor s'ha superat amb un resultat m\u00e9s que satisfactori: un aparell de disseny contemporani que s'integra en la modernitat de la reforma per\u00f2 sense deixar de banda la tradici\u00f3 i elements m\u00e9s cl\u00e0ssics i naturals com la fusta.","yoast_head":"<!-- This site is optimized with the Yoast SEO Premium plugin v21.6 (Yoast SEO v27.5) - https:\/\/yoast.com\/product\/yoast-seo-premium-wordpress\/ -->\n<title>Eninter Ascensores participa en la reconstrucci\u00f3 d&#039;un immoble destru\u00eft per les flames | Eninter Ascensores<\/title>\n<meta name=\"description\" content=\"El repte de barrejar disseny, modernitat i tradici\u00f3 que representava la instal\u00b7laci\u00f3 de l&#039;ascensor s&#039;ha superat amb un resultat m\u00e9s que satisfactori: un aparell de disseny contemporani que s&#039;integra en la modernitat de la reforma per\u00f2 sense deixar de banda la tradici\u00f3 i elements m\u00e9s cl\u00e0ssics i naturals com la fusta.\" \/>\n<meta name=\"robots\" content=\"index, follow, max-snippet:-1, max-image-preview:large, max-video-preview:-1\" \/>\n<link rel=\"canonical\" href=\"https:\/\/www.eninter.com\/ca\/eninter-ascensores-participa-en-la-reconstruccio-dun-immoble-destruit-per-les-flames\/\" \/>\n<meta property=\"og:locale\" content=\"ca_ES\" \/>\n<meta property=\"og:type\" content=\"article\" \/>\n<meta property=\"og:title\" content=\"Eninter Ascensores participa en la reconstrucci\u00f3 d&#039;un immoble destru\u00eft per les flames\" \/>\n<meta property=\"og:description\" content=\"El repte de barrejar disseny, modernitat i tradici\u00f3 que representava la instal\u00b7laci\u00f3 de l&#039;ascensor s&#039;ha superat amb un resultat m\u00e9s que satisfactori: un aparell de disseny contemporani que s&#039;integra en la modernitat de la reforma per\u00f2 sense deixar de banda la tradici\u00f3 i elements m\u00e9s cl\u00e0ssics i naturals com la fusta.\" \/>\n<meta property=\"og:url\" content=\"https:\/\/www.eninter.com\/ca\/eninter-ascensores-participa-en-la-reconstruccio-dun-immoble-destruit-per-les-flames\/\" \/>\n<meta property=\"og:site_name\" content=\"ENINTER\" \/>\n<meta property=\"article:publisher\" content=\"https:\/\/www.facebook.com\/EninterAscensores\" \/>\n<meta property=\"article:published_time\" content=\"2021-10-25T10:39:11+00:00\" \/>\n<meta property=\"article:modified_time\" content=\"2026-01-28T09:42:14+00:00\" \/>\n<meta property=\"og:image\" content=\"https:\/\/www.eninter.com\/wp-content\/uploads\/2021\/10\/reconstruccion-de-un-inmueble-destruido-por-la-llamas.jpeg\" \/>\n\t<meta property=\"og:image:width\" content=\"790\" \/>\n\t<meta property=\"og:image:height\" content=\"444\" \/>\n\t<meta property=\"og:image:type\" content=\"image\/jpeg\" \/>\n<meta name=\"author\" content=\"Albert Puig\" \/>\n<meta name=\"twitter:card\" content=\"summary_large_image\" \/>\n<meta name=\"twitter:creator\" content=\"@Eninter\" \/>\n<meta name=\"twitter:site\" content=\"@Eninter\" \/>\n<meta name=\"twitter:label1\" content=\"Escrit per\" \/>\n\t<meta name=\"twitter:data1\" content=\"Albert Puig\" \/>\n\t<meta name=\"twitter:label2\" content=\"Temps estimat de lectura\" \/>\n\t<meta name=\"twitter:data2\" content=\"3 minuts\" \/>\n<!-- \/ Yoast SEO Premium plugin. -->","yoast_head_json":{"title":"Eninter Ascensores participa en la reconstrucci\u00f3 d'un immoble destru\u00eft per les flames | Eninter Ascensores","description":"El repte de barrejar disseny, modernitat i tradici\u00f3 que representava la instal\u00b7laci\u00f3 de l'ascensor s'ha superat amb un resultat m\u00e9s que satisfactori: un aparell de disseny contemporani que s'integra en la modernitat de la reforma per\u00f2 sense deixar de banda la tradici\u00f3 i elements m\u00e9s cl\u00e0ssics i naturals com la fusta.","robots":{"index":"index","follow":"follow","max-snippet":"max-snippet:-1","max-image-preview":"max-image-preview:large","max-video-preview":"max-video-preview:-1"},"canonical":"https:\/\/www.eninter.com\/ca\/eninter-ascensores-participa-en-la-reconstruccio-dun-immoble-destruit-per-les-flames\/","og_locale":"ca_ES","og_type":"article","og_title":"Eninter Ascensores participa en la reconstrucci\u00f3 d'un immoble destru\u00eft per les flames","og_description":"El repte de barrejar disseny, modernitat i tradici\u00f3 que representava la instal\u00b7laci\u00f3 de l'ascensor s'ha superat amb un resultat m\u00e9s que satisfactori: un aparell de disseny contemporani que s'integra en la modernitat de la reforma per\u00f2 sense deixar de banda la tradici\u00f3 i elements m\u00e9s cl\u00e0ssics i naturals com la fusta.","og_url":"https:\/\/www.eninter.com\/ca\/eninter-ascensores-participa-en-la-reconstruccio-dun-immoble-destruit-per-les-flames\/","og_site_name":"ENINTER","article_publisher":"https:\/\/www.facebook.com\/EninterAscensores","article_published_time":"2021-10-25T10:39:11+00:00","article_modified_time":"2026-01-28T09:42:14+00:00","og_image":[{"width":790,"height":444,"url":"https:\/\/www.eninter.com\/wp-content\/uploads\/2021\/10\/reconstruccion-de-un-inmueble-destruido-por-la-llamas.jpeg","type":"image\/jpeg"}],"author":"Albert Puig","twitter_card":"summary_large_image","twitter_creator":"@Eninter","twitter_site":"@Eninter","twitter_misc":{"Escrit per":"Albert Puig","Temps estimat de lectura":"3 minuts"},"schema":{"@context":"https:\/\/schema.org","@graph":[{"@type":"Article","@id":"https:\/\/www.eninter.com\/ca\/eninter-ascensores-participa-en-la-reconstruccio-dun-immoble-destruit-per-les-flames\/#article","isPartOf":{"@id":"https:\/\/www.eninter.com\/ca\/eninter-ascensores-participa-en-la-reconstruccio-dun-immoble-destruit-per-les-flames\/"},"author":{"name":"Albert Puig","@id":"https:\/\/www.eninter.com\/ca\/#\/schema\/person\/e6178c261ac4210884c0e0264dd59043"},"headline":"Eninter Ascensores participa en la reconstrucci\u00f3 d&#8217;un immoble destru\u00eft per les flames","datePublished":"2021-10-25T10:39:11+00:00","dateModified":"2026-01-28T09:42:14+00:00","mainEntityOfPage":{"@id":"https:\/\/www.eninter.com\/ca\/eninter-ascensores-participa-en-la-reconstruccio-dun-immoble-destruit-per-les-flames\/"},"wordCount":527,"publisher":{"@id":"https:\/\/www.eninter.com\/ca\/#organization"},"image":{"@id":"https:\/\/www.eninter.com\/ca\/eninter-ascensores-participa-en-la-reconstruccio-dun-immoble-destruit-per-les-flames\/#primaryimage"},"thumbnailUrl":"https:\/\/www.eninter.com\/wp-content\/uploads\/2021\/10\/reconstruccion-de-un-inmueble-destruido-por-la-llamas.jpeg","articleSection":["Ascensors"],"inLanguage":"ca"},{"@type":"WebPage","@id":"https:\/\/www.eninter.com\/ca\/eninter-ascensores-participa-en-la-reconstruccio-dun-immoble-destruit-per-les-flames\/","url":"https:\/\/www.eninter.com\/ca\/eninter-ascensores-participa-en-la-reconstruccio-dun-immoble-destruit-per-les-flames\/","name":"Eninter Ascensores participa en la reconstrucci\u00f3 d'un immoble destru\u00eft per les flames | Eninter Ascensores","isPartOf":{"@id":"https:\/\/www.eninter.com\/ca\/#website"},"primaryImageOfPage":{"@id":"https:\/\/www.eninter.com\/ca\/eninter-ascensores-participa-en-la-reconstruccio-dun-immoble-destruit-per-les-flames\/#primaryimage"},"image":{"@id":"https:\/\/www.eninter.com\/ca\/eninter-ascensores-participa-en-la-reconstruccio-dun-immoble-destruit-per-les-flames\/#primaryimage"},"thumbnailUrl":"https:\/\/www.eninter.com\/wp-content\/uploads\/2021\/10\/reconstruccion-de-un-inmueble-destruido-por-la-llamas.jpeg","datePublished":"2021-10-25T10:39:11+00:00","dateModified":"2026-01-28T09:42:14+00:00","description":"El repte de barrejar disseny, modernitat i tradici\u00f3 que representava la instal\u00b7laci\u00f3 de l'ascensor s'ha superat amb un resultat m\u00e9s que satisfactori: un aparell de disseny contemporani que s'integra en la modernitat de la reforma per\u00f2 sense deixar de banda la tradici\u00f3 i elements m\u00e9s cl\u00e0ssics i naturals com la fusta.","breadcrumb":{"@id":"https:\/\/www.eninter.com\/ca\/eninter-ascensores-participa-en-la-reconstruccio-dun-immoble-destruit-per-les-flames\/#breadcrumb"},"inLanguage":"ca","potentialAction":[{"@type":"ReadAction","target":["https:\/\/www.eninter.com\/ca\/eninter-ascensores-participa-en-la-reconstruccio-dun-immoble-destruit-per-les-flames\/"]}]},{"@type":"ImageObject","inLanguage":"ca","@id":"https:\/\/www.eninter.com\/ca\/eninter-ascensores-participa-en-la-reconstruccio-dun-immoble-destruit-per-les-flames\/#primaryimage","url":"https:\/\/www.eninter.com\/wp-content\/uploads\/2021\/10\/reconstruccion-de-un-inmueble-destruido-por-la-llamas.jpeg","contentUrl":"https:\/\/www.eninter.com\/wp-content\/uploads\/2021\/10\/reconstruccion-de-un-inmueble-destruido-por-la-llamas.jpeg","width":790,"height":444},{"@type":"BreadcrumbList","@id":"https:\/\/www.eninter.com\/ca\/eninter-ascensores-participa-en-la-reconstruccio-dun-immoble-destruit-per-les-flames\/#breadcrumb","itemListElement":[{"@type":"ListItem","position":1,"name":"Portada","item":"https:\/\/www.eninter.com\/ca\/"},{"@type":"ListItem","position":2,"name":"Eninter Ascensores participa en la reconstrucci\u00f3 d&#8217;un immoble destru\u00eft per les flames"}]},{"@type":"WebSite","@id":"https:\/\/www.eninter.com\/ca\/#website","url":"https:\/\/www.eninter.com\/ca\/","name":"ENINTER","description":"Mantenimiento de Ascensores Multimarca","publisher":{"@id":"https:\/\/www.eninter.com\/ca\/#organization"},"potentialAction":[{"@type":"SearchAction","target":{"@type":"EntryPoint","urlTemplate":"https:\/\/www.eninter.com\/ca\/?s={search_term_string}"},"query-input":{"@type":"PropertyValueSpecification","valueRequired":true,"valueName":"search_term_string"}}],"inLanguage":"ca"},{"@type":"Organization","@id":"https:\/\/www.eninter.com\/ca\/#organization","name":"Eniter","url":"https:\/\/www.eninter.com\/ca\/","logo":{"@type":"ImageObject","inLanguage":"ca","@id":"https:\/\/www.eninter.com\/ca\/#\/schema\/logo\/image\/","url":"https:\/\/www.eninter.com\/wp-content\/uploads\/2023\/08\/logo-eninter-png.png","contentUrl":"https:\/\/www.eninter.com\/wp-content\/uploads\/2023\/08\/logo-eninter-png.png","width":600,"height":340,"caption":"Eniter"},"image":{"@id":"https:\/\/www.eninter.com\/ca\/#\/schema\/logo\/image\/"},"sameAs":["https:\/\/www.facebook.com\/EninterAscensores","https:\/\/x.com\/Eninter","https:\/\/www.instagram.com\/eninterascensores\/","https:\/\/www.youtube.com\/user\/ascensoreseninter"]},{"@type":"Person","@id":"https:\/\/www.eninter.com\/ca\/#\/schema\/person\/e6178c261ac4210884c0e0264dd59043","name":"Albert Puig","image":{"@type":"ImageObject","inLanguage":"ca","@id":"https:\/\/secure.gravatar.com\/avatar\/583d07f3f1036f58d0e44e873586278b582179a16b27a5b3951504e9ee001c06?s=96&d=mm&r=g","url":"https:\/\/secure.gravatar.com\/avatar\/583d07f3f1036f58d0e44e873586278b582179a16b27a5b3951504e9ee001c06?s=96&d=mm&r=g","contentUrl":"https:\/\/secure.gravatar.com\/avatar\/583d07f3f1036f58d0e44e873586278b582179a16b27a5b3951504e9ee001c06?s=96&d=mm&r=g","caption":"Albert Puig"}}]}},"_links":{"self":[{"href":"https:\/\/www.eninter.com\/ca\/wp-json\/wp\/v2\/posts\/9040","targetHints":{"allow":["GET"]}}],"collection":[{"href":"https:\/\/www.eninter.com\/ca\/wp-json\/wp\/v2\/posts"}],"about":[{"href":"https:\/\/www.eninter.com\/ca\/wp-json\/wp\/v2\/types\/post"}],"author":[{"embeddable":true,"href":"https:\/\/www.eninter.com\/ca\/wp-json\/wp\/v2\/users\/3"}],"replies":[{"embeddable":true,"href":"https:\/\/www.eninter.com\/ca\/wp-json\/wp\/v2\/comments?post=9040"}],"version-history":[{"count":1,"href":"https:\/\/www.eninter.com\/ca\/wp-json\/wp\/v2\/posts\/9040\/revisions"}],"predecessor-version":[{"id":35621,"href":"https:\/\/www.eninter.com\/ca\/wp-json\/wp\/v2\/posts\/9040\/revisions\/35621"}],"wp:featuredmedia":[{"embeddable":true,"href":"https:\/\/www.eninter.com\/ca\/wp-json\/wp\/v2\/media\/7637"}],"wp:attachment":[{"href":"https:\/\/www.eninter.com\/ca\/wp-json\/wp\/v2\/media?parent=9040"}],"wp:term":[{"taxonomy":"category","embeddable":true,"href":"https:\/\/www.eninter.com\/ca\/wp-json\/wp\/v2\/categories?post=9040"},{"taxonomy":"post_tag","embeddable":true,"href":"https:\/\/www.eninter.com\/ca\/wp-json\/wp\/v2\/tags?post=9040"}],"curies":[{"name":"wp","href":"https:\/\/api.w.org\/{rel}","templated":true}]}}