{"id":9041,"date":"2021-07-21T09:14:22","date_gmt":"2021-07-21T09:14:22","guid":{"rendered":"https:\/\/www.eninter.com\/nova-instruccio-tecnica-complementaria-per-a-ascensors-itc-et-donem-totes-les-claus\/"},"modified":"2025-01-08T12:45:30","modified_gmt":"2025-01-08T12:45:30","slug":"nova-instruccio-tecnica-complementaria-per-a-ascensors-itc-et-donem-totes-les-claus","status":"publish","type":"post","link":"https:\/\/www.eninter.com\/ca\/nova-instruccio-tecnica-complementaria-per-a-ascensors-itc-et-donem-totes-les-claus\/","title":{"rendered":"Nova Instrucci\u00f3 T\u00e8cnica Complement\u00e0ria per a ascensors (ITC): Et donem totes les claus"},"content":{"rendered":"<p><strong>Arriba<\/strong> <strong>una nova normativa <\/strong><strong>ITC per a ascensors? <\/strong> <\/p>\n<p>SI, est\u00e0 en proc\u00e9s d&#8217; estudi<\/p>\n<p style=\"text-align: justify;\"><strong data-wp-editing=\"1\">Quines<\/strong> <strong>novetats suposa?<\/strong><\/p>\n<p style=\"text-align: justify;\">La ITC o <span style=\"color: #2ed43a;\"><br \/>\n  <strong>Instrucci\u00f3 T\u00e8cnica Complement\u00e0ria AEM 1 &#8220;Ascensors&#8221;<\/strong><br \/>\n<\/span> actual, es veu modificada amb un nou Reial Decret per a aparells d&#8217;elevaci\u00f3, que afecta la seva manutenci\u00f3 i modificacions, i que actualment est\u00e0 en fase d&#8217;esborrany (estudi), previ a la seva entrada en vigor prevista per a Juliol de 2022. El nou Reial decret preveu actualitzar les mesures d&#8217;inspecci\u00f3 i manteniment, aix\u00ed com la seguretat dels ascensors existents, per\u00f2 quines novetats es plantegen? T&#8217;ho expliquem.<\/p>\n<p style=\"text-align: justify;\">La nova Instrucci\u00f3 T\u00e8cnica Complement\u00e0ria AEM 1 preveu en el seu esborrany actual canvis pel que fa als aspectes seg\u00fcents:<\/p>\n<ul>\n<li>\n<hr>\n<p><span style=\"color: #2ed43a;\"><strong>Posada en servei dels ascensors <\/strong><strong>(posada en marxa)<\/strong>:  <\/span>A partir de l&#8217; entrada en vigor d&#8217; aquesta nova ITC s&#8217; haur\u00e0 de presentar davant l&#8217; \u00f2rgan competent de la Comunitat Aut\u00f2noma una s\u00e8rie de documentaci\u00f3, entre ella el  <strong>manual de funcionament de l&#8217; ascensor i un certificat<\/strong> <strong>favorable d&#8217; inspecci\u00f3 inicial<\/strong>  com a elements novedosos. El certificat d&#8217; inspecci\u00f3, basat en la norma espanyola d&#8217; inspecci\u00f3 UNE 192008-1, es realitzar\u00e0 abans de la primera posada en servei de l&#8217; ascensor i el seu resultat haur\u00e0 de ser favorable sense defectes.<\/li>\n<li>\n<hr>\n<p><span style=\"color: #2ed43a;\"><strong>Freq\u00fc\u00e8ncia d&#8217; inspeccions:<\/strong> <\/span>es preveu un canvi en els <strong>terminis de<\/strong><strong> les inspeccions<\/strong>:<\/p>\n<ul>\n<li>Els edificis de m\u00e9s de vint habitatges, o amb m\u00e9s de quatre plantes, hauran de realitzar la inspecci\u00f3 cada 4 anys.<\/li>\n<li>Els ascensors instal\u00b7lats en edificis d&#8217;\u00fas industrial, llocs de p\u00fablica concurr\u00e8ncia, cada dos anys.<\/li>\n<li>Ascensors no inclosos en els sup\u00f2sits anteriors, cada sis anys.<\/li>\n<\/ul>\n<\/li>\n<\/ul>\n<p style=\"padding-left: 40px;\"><em>En el cas que l&#8217; ascensor superi els 24 anys d&#8217; antiguitat, els terminis d&#8217; inspecci\u00f3 es reduiran a la meitat.<\/em><\/p>\n<ul style=\"text-align: justify;\">\n<li>\n<hr>\n<p><strong><span style=\"color: #2ed43a;\">Obligacions del titular:<\/span> el titular de l&#8217; ascensor amplia les seves obligacions respecte al <\/strong>correcte estat, funcionament, reparacions i servei dels aparells. Les m\u00e9s significatives s\u00f3n:<\/li>\n<\/ul>\n<ul>\n<li style=\"list-style-type: none;\">\n<ul style=\"text-align: justify;\">\n<li>Permetre l&#8217; \u00fas de l&#8217; ascensor nom\u00e9s durant el per\u00edode en qu\u00e8 tingui contractat un servei de manteniment que asseguri el seu bon funcionament.<\/li>\n<li>Demanar a l&#8217; empresa conservadora, de forma fidedigna, la posada fora de servei de l&#8217; ascensor si aquest no reuneix les degudes garanties de seguretat, a petici\u00f3 de l&#8217; empresa conservadora o d&#8217; un \u00f2rgan competent de l&#8217; Administraci\u00f3 P\u00fablica.<\/li>\n<li>En cas que l&#8217; empresa conservadora detecti elements en l&#8217; ascensor que hagin de reparar-se o corregir-se, per apreciar que no es compleixen les condicions de seguretat que li fossin exigibles, haur\u00e0 de procedir segons el que indica l&#8217; empresa conservadora.<\/li>\n<li>Conservar els originals o c\u00f2pia de la documentaci\u00f3 de l&#8217; ascensor, segons s&#8217; indica al punt 8 de l&#8217; article 4.<\/li>\n<\/ul>\n<\/li>\n<\/ul>\n<ul style=\"text-align: justify;\">\n<li>\n<hr>\n<p><span style=\"color: #2ed43a;\"><br \/>\n  <strong>Obligacions de les empreses conservadores: <\/strong><br \/>\n<\/span>punts destacables:<\/li>\n<\/ul>\n<ul>\n<li style=\"list-style-type: none;\">\n<ul style=\"text-align: justify;\">\n<li>Asseguran\u00e7a de responsabilitat civil amb cobertura m\u00ednima de 600.000 \u20ac per sinistre<\/li>\n<li>Garantir, durant un per\u00edode de dos anys, la correcci\u00f3 de les defici\u00e8ncies atribu\u00efdes, aix\u00ed com de les conseq\u00fc\u00e8ncies que se&#8217; n derivin.<\/li>\n<li>Elaborar un pla de manteniment per a cada ascensor, segons el tipus, d&#8217; acord amb la norma UNE 58720: 2020.<\/li>\n<\/ul>\n<\/li>\n<\/ul>\n<ul style=\"text-align: justify;\">\n<li>\n<hr>\n<p><strong><span style=\"color: #2ed43a;\">Mesures m\u00ednimes de seguretat en els ascensors existents:<\/span> S&#8217; ha definit a part un ANNEX VI per indicar les mesures m\u00ednimes de seguretat a implementar en els ascensors <\/strong>ja existents, que detallem en els punts seg\u00fcents:<\/li>\n<\/ul>\n<ul>\n<li style=\"list-style-type: none;\">\n<ul style=\"text-align: justify;\">\n<li>Anivellament deficient. Seguretat i accessibilitat.<\/li>\n<li>Protecci\u00f3 de l&#8217;usuari contra el tancament de portes durant l&#8217;entrada o sortida de la cabina amb la instal\u00b7laci\u00f3 d&#8217;una barrera fotoel\u00e8ctrica.<\/li>\n<li>Protecci\u00f3 de l&#8217; usuari contra els moviments ascendents incontrolats de la cabina i els moviments incontrolats de cabina en rep\u00f2s i portes obertes.<\/li>\n<li>Comunicaci\u00f3 bidireccional en cabina.<\/li>\n<li>Dispositius de control de c\u00e0rrega.<\/li>\n<li>Substituci\u00f3 de guies no adequades a la nova normativa.<\/li>\n<li>Substituci\u00f3 de Contrap\u00e8s<\/li>\n<li>Mesures d&#8217; increment de la seguretat derivades de legislacions anteriors amb obligatorietat en el seu compliment.<\/li>\n<\/ul>\n<\/li>\n<\/ul>\n<hr>\n<p style=\"text-align: justify;\">Aquestes mesures encara estan en fase d&#8217;esborrany, com la resta dels punts indicats anteriorment, que, si es confirmen, suposaran un canvi important en la legislaci\u00f3 augmentant la seguretat dels usuaris, especialment en aquelles instal\u00b7lacions m\u00e9s antigues, la qual cosa tamb\u00e9 suposar\u00e0 una inversi\u00f3, per part del titular, a adequar les instal\u00b7lacions perqu\u00e8 compleixin amb les normes m\u00e9s actuals.<\/p>\n<p>Descarregar taula en pdf<\/p>\n","protected":false},"excerpt":{"rendered":"<p>Arriba una nova normativa ITC per a ascensors? SI, est\u00e0 en proc\u00e9s d&#8217; estudi Quines novetats suposa? La ITC o Instrucci\u00f3 T\u00e8cnica Complement\u00e0ria AEM 1 &#8220;Ascensors&#8221; actual, es veu modificada amb un nou Reial Decret per a aparells d&#8217;elevaci\u00f3, que afecta la seva manutenci\u00f3 i modificacions, i que actualment est\u00e0 en fase d&#8217;esborrany (estudi), previ [&hellip;]<\/p>\n","protected":false},"author":3,"featured_media":7639,"comment_status":"closed","ping_status":"closed","sticky":false,"template":"","format":"standard","meta":{"_acf_changed":false,"content-type":"","footnotes":""},"categories":[221],"tags":[],"class_list":["post-9041","post","type-post","status-publish","format-standard","has-post-thumbnail","hentry","category-ascensors"],"acf":[],"_yoast_wpseo_focuskw":"Nova Instrucci\u00f3 T\u00e8cnica Complement\u00e0ria per a ascensors (ITC)","_yoast_wpseo_metadesc":null,"yoast_head":"<!-- This site is optimized with the Yoast SEO Premium plugin v21.6 (Yoast SEO v27.5) - https:\/\/yoast.com\/product\/yoast-seo-premium-wordpress\/ -->\n<title>Nova Instrucci\u00f3 T\u00e8cnica Complement\u00e0ria per a ascensors (ITC): Et donem totes les claus - ENINTER<\/title>\n<meta name=\"robots\" content=\"index, follow, max-snippet:-1, max-image-preview:large, max-video-preview:-1\" \/>\n<link rel=\"canonical\" href=\"https:\/\/www.eninter.com\/ca\/nova-instruccio-tecnica-complementaria-per-a-ascensors-itc-et-donem-totes-les-claus\/\" \/>\n<meta property=\"og:locale\" content=\"ca_ES\" \/>\n<meta property=\"og:type\" content=\"article\" \/>\n<meta property=\"og:title\" content=\"Nova Instrucci\u00f3 T\u00e8cnica Complement\u00e0ria per a ascensors (ITC): Et donem totes les claus\" \/>\n<meta property=\"og:description\" content=\"Arriba una nova normativa ITC per a ascensors? SI, est\u00e0 en proc\u00e9s d&#8217; estudi Quines novetats suposa? La ITC o Instrucci\u00f3 T\u00e8cnica Complement\u00e0ria AEM 1 &#8220;Ascensors&#8221; actual, es veu modificada amb un nou Reial Decret per a aparells d&#8217;elevaci\u00f3, que afecta la seva manutenci\u00f3 i modificacions, i que actualment est\u00e0 en fase d&#8217;esborrany (estudi), previ [&hellip;]\" \/>\n<meta property=\"og:url\" content=\"https:\/\/www.eninter.com\/ca\/nova-instruccio-tecnica-complementaria-per-a-ascensors-itc-et-donem-totes-les-claus\/\" \/>\n<meta property=\"og:site_name\" content=\"ENINTER\" \/>\n<meta property=\"article:publisher\" content=\"https:\/\/www.facebook.com\/EninterAscensores\" \/>\n<meta property=\"article:published_time\" content=\"2021-07-21T09:14:22+00:00\" \/>\n<meta property=\"article:modified_time\" content=\"2025-01-08T12:45:30+00:00\" \/>\n<meta property=\"og:image\" content=\"https:\/\/www.eninter.com\/wp-content\/uploads\/2021\/07\/Nueva-Instruccion-Tecnica-Complementaria-para-ascensores-ITC.jpeg\" \/>\n\t<meta property=\"og:image:width\" content=\"1200\" \/>\n\t<meta property=\"og:image:height\" content=\"675\" \/>\n\t<meta property=\"og:image:type\" content=\"image\/jpeg\" \/>\n<meta name=\"author\" content=\"Albert Puig\" \/>\n<meta name=\"twitter:card\" content=\"summary_large_image\" \/>\n<meta name=\"twitter:creator\" content=\"@Eninter\" \/>\n<meta name=\"twitter:site\" content=\"@Eninter\" \/>\n<meta name=\"twitter:label1\" content=\"Escrit per\" \/>\n\t<meta name=\"twitter:data1\" content=\"Albert Puig\" \/>\n\t<meta name=\"twitter:label2\" content=\"Temps estimat de lectura\" \/>\n\t<meta name=\"twitter:data2\" content=\"4 minuts\" \/>\n<!-- \/ Yoast SEO Premium plugin. -->","yoast_head_json":{"title":"Nova Instrucci\u00f3 T\u00e8cnica Complement\u00e0ria per a ascensors (ITC): Et donem totes les claus - ENINTER","robots":{"index":"index","follow":"follow","max-snippet":"max-snippet:-1","max-image-preview":"max-image-preview:large","max-video-preview":"max-video-preview:-1"},"canonical":"https:\/\/www.eninter.com\/ca\/nova-instruccio-tecnica-complementaria-per-a-ascensors-itc-et-donem-totes-les-claus\/","og_locale":"ca_ES","og_type":"article","og_title":"Nova Instrucci\u00f3 T\u00e8cnica Complement\u00e0ria per a ascensors (ITC): Et donem totes les claus","og_description":"Arriba una nova normativa ITC per a ascensors? SI, est\u00e0 en proc\u00e9s d&#8217; estudi Quines novetats suposa? La ITC o Instrucci\u00f3 T\u00e8cnica Complement\u00e0ria AEM 1 &#8220;Ascensors&#8221; actual, es veu modificada amb un nou Reial Decret per a aparells d&#8217;elevaci\u00f3, que afecta la seva manutenci\u00f3 i modificacions, i que actualment est\u00e0 en fase d&#8217;esborrany (estudi), previ [&hellip;]","og_url":"https:\/\/www.eninter.com\/ca\/nova-instruccio-tecnica-complementaria-per-a-ascensors-itc-et-donem-totes-les-claus\/","og_site_name":"ENINTER","article_publisher":"https:\/\/www.facebook.com\/EninterAscensores","article_published_time":"2021-07-21T09:14:22+00:00","article_modified_time":"2025-01-08T12:45:30+00:00","og_image":[{"width":1200,"height":675,"url":"https:\/\/www.eninter.com\/wp-content\/uploads\/2021\/07\/Nueva-Instruccion-Tecnica-Complementaria-para-ascensores-ITC.jpeg","type":"image\/jpeg"}],"author":"Albert Puig","twitter_card":"summary_large_image","twitter_creator":"@Eninter","twitter_site":"@Eninter","twitter_misc":{"Escrit per":"Albert Puig","Temps estimat de lectura":"4 minuts"},"schema":{"@context":"https:\/\/schema.org","@graph":[{"@type":"Article","@id":"https:\/\/www.eninter.com\/ca\/nova-instruccio-tecnica-complementaria-per-a-ascensors-itc-et-donem-totes-les-claus\/#article","isPartOf":{"@id":"https:\/\/www.eninter.com\/ca\/nova-instruccio-tecnica-complementaria-per-a-ascensors-itc-et-donem-totes-les-claus\/"},"author":{"name":"Albert Puig","@id":"https:\/\/www.eninter.com\/ca\/#\/schema\/person\/e6178c261ac4210884c0e0264dd59043"},"headline":"Nova Instrucci\u00f3 T\u00e8cnica Complement\u00e0ria per a ascensors (ITC): Et donem totes les claus","datePublished":"2021-07-21T09:14:22+00:00","dateModified":"2025-01-08T12:45:30+00:00","mainEntityOfPage":{"@id":"https:\/\/www.eninter.com\/ca\/nova-instruccio-tecnica-complementaria-per-a-ascensors-itc-et-donem-totes-les-claus\/"},"wordCount":730,"publisher":{"@id":"https:\/\/www.eninter.com\/ca\/#organization"},"image":{"@id":"https:\/\/www.eninter.com\/ca\/nova-instruccio-tecnica-complementaria-per-a-ascensors-itc-et-donem-totes-les-claus\/#primaryimage"},"thumbnailUrl":"https:\/\/www.eninter.com\/wp-content\/uploads\/2021\/07\/Nueva-Instruccion-Tecnica-Complementaria-para-ascensores-ITC.jpeg","articleSection":["Ascensors"],"inLanguage":"ca"},{"@type":"WebPage","@id":"https:\/\/www.eninter.com\/ca\/nova-instruccio-tecnica-complementaria-per-a-ascensors-itc-et-donem-totes-les-claus\/","url":"https:\/\/www.eninter.com\/ca\/nova-instruccio-tecnica-complementaria-per-a-ascensors-itc-et-donem-totes-les-claus\/","name":"Nova Instrucci\u00f3 T\u00e8cnica Complement\u00e0ria per a ascensors (ITC): Et donem totes les claus - ENINTER","isPartOf":{"@id":"https:\/\/www.eninter.com\/ca\/#website"},"primaryImageOfPage":{"@id":"https:\/\/www.eninter.com\/ca\/nova-instruccio-tecnica-complementaria-per-a-ascensors-itc-et-donem-totes-les-claus\/#primaryimage"},"image":{"@id":"https:\/\/www.eninter.com\/ca\/nova-instruccio-tecnica-complementaria-per-a-ascensors-itc-et-donem-totes-les-claus\/#primaryimage"},"thumbnailUrl":"https:\/\/www.eninter.com\/wp-content\/uploads\/2021\/07\/Nueva-Instruccion-Tecnica-Complementaria-para-ascensores-ITC.jpeg","datePublished":"2021-07-21T09:14:22+00:00","dateModified":"2025-01-08T12:45:30+00:00","breadcrumb":{"@id":"https:\/\/www.eninter.com\/ca\/nova-instruccio-tecnica-complementaria-per-a-ascensors-itc-et-donem-totes-les-claus\/#breadcrumb"},"inLanguage":"ca","potentialAction":[{"@type":"ReadAction","target":["https:\/\/www.eninter.com\/ca\/nova-instruccio-tecnica-complementaria-per-a-ascensors-itc-et-donem-totes-les-claus\/"]}]},{"@type":"ImageObject","inLanguage":"ca","@id":"https:\/\/www.eninter.com\/ca\/nova-instruccio-tecnica-complementaria-per-a-ascensors-itc-et-donem-totes-les-claus\/#primaryimage","url":"https:\/\/www.eninter.com\/wp-content\/uploads\/2021\/07\/Nueva-Instruccion-Tecnica-Complementaria-para-ascensores-ITC.jpeg","contentUrl":"https:\/\/www.eninter.com\/wp-content\/uploads\/2021\/07\/Nueva-Instruccion-Tecnica-Complementaria-para-ascensores-ITC.jpeg","width":1200,"height":675},{"@type":"BreadcrumbList","@id":"https:\/\/www.eninter.com\/ca\/nova-instruccio-tecnica-complementaria-per-a-ascensors-itc-et-donem-totes-les-claus\/#breadcrumb","itemListElement":[{"@type":"ListItem","position":1,"name":"Portada","item":"https:\/\/www.eninter.com\/ca\/"},{"@type":"ListItem","position":2,"name":"Nova Instrucci\u00f3 T\u00e8cnica Complement\u00e0ria per a ascensors (ITC): Et donem totes les claus"}]},{"@type":"WebSite","@id":"https:\/\/www.eninter.com\/ca\/#website","url":"https:\/\/www.eninter.com\/ca\/","name":"ENINTER","description":"Mantenimiento de Ascensores Multimarca","publisher":{"@id":"https:\/\/www.eninter.com\/ca\/#organization"},"potentialAction":[{"@type":"SearchAction","target":{"@type":"EntryPoint","urlTemplate":"https:\/\/www.eninter.com\/ca\/?s={search_term_string}"},"query-input":{"@type":"PropertyValueSpecification","valueRequired":true,"valueName":"search_term_string"}}],"inLanguage":"ca"},{"@type":"Organization","@id":"https:\/\/www.eninter.com\/ca\/#organization","name":"Eniter","url":"https:\/\/www.eninter.com\/ca\/","logo":{"@type":"ImageObject","inLanguage":"ca","@id":"https:\/\/www.eninter.com\/ca\/#\/schema\/logo\/image\/","url":"https:\/\/www.eninter.com\/wp-content\/uploads\/2023\/08\/logo-eninter-png.png","contentUrl":"https:\/\/www.eninter.com\/wp-content\/uploads\/2023\/08\/logo-eninter-png.png","width":600,"height":340,"caption":"Eniter"},"image":{"@id":"https:\/\/www.eninter.com\/ca\/#\/schema\/logo\/image\/"},"sameAs":["https:\/\/www.facebook.com\/EninterAscensores","https:\/\/x.com\/Eninter","https:\/\/www.instagram.com\/eninterascensores\/","https:\/\/www.youtube.com\/user\/ascensoreseninter"]},{"@type":"Person","@id":"https:\/\/www.eninter.com\/ca\/#\/schema\/person\/e6178c261ac4210884c0e0264dd59043","name":"Albert Puig","image":{"@type":"ImageObject","inLanguage":"ca","@id":"https:\/\/secure.gravatar.com\/avatar\/583d07f3f1036f58d0e44e873586278b582179a16b27a5b3951504e9ee001c06?s=96&d=mm&r=g","url":"https:\/\/secure.gravatar.com\/avatar\/583d07f3f1036f58d0e44e873586278b582179a16b27a5b3951504e9ee001c06?s=96&d=mm&r=g","contentUrl":"https:\/\/secure.gravatar.com\/avatar\/583d07f3f1036f58d0e44e873586278b582179a16b27a5b3951504e9ee001c06?s=96&d=mm&r=g","caption":"Albert Puig"}}]}},"_links":{"self":[{"href":"https:\/\/www.eninter.com\/ca\/wp-json\/wp\/v2\/posts\/9041","targetHints":{"allow":["GET"]}}],"collection":[{"href":"https:\/\/www.eninter.com\/ca\/wp-json\/wp\/v2\/posts"}],"about":[{"href":"https:\/\/www.eninter.com\/ca\/wp-json\/wp\/v2\/types\/post"}],"author":[{"embeddable":true,"href":"https:\/\/www.eninter.com\/ca\/wp-json\/wp\/v2\/users\/3"}],"replies":[{"embeddable":true,"href":"https:\/\/www.eninter.com\/ca\/wp-json\/wp\/v2\/comments?post=9041"}],"version-history":[{"count":0,"href":"https:\/\/www.eninter.com\/ca\/wp-json\/wp\/v2\/posts\/9041\/revisions"}],"wp:featuredmedia":[{"embeddable":true,"href":"https:\/\/www.eninter.com\/ca\/wp-json\/wp\/v2\/media\/7639"}],"wp:attachment":[{"href":"https:\/\/www.eninter.com\/ca\/wp-json\/wp\/v2\/media?parent=9041"}],"wp:term":[{"taxonomy":"category","embeddable":true,"href":"https:\/\/www.eninter.com\/ca\/wp-json\/wp\/v2\/categories?post=9041"},{"taxonomy":"post_tag","embeddable":true,"href":"https:\/\/www.eninter.com\/ca\/wp-json\/wp\/v2\/tags?post=9041"}],"curies":[{"name":"wp","href":"https:\/\/api.w.org\/{rel}","templated":true}]}}