{"id":9042,"date":"2021-07-12T10:57:14","date_gmt":"2021-07-12T10:57:14","guid":{"rendered":"https:\/\/www.eninter.com\/manel-torrents-el-mes-important-en-un-rescat-es-calmar-les-persones-atrapades-a-lascensor\/"},"modified":"2021-07-12T10:57:14","modified_gmt":"2021-07-12T10:57:14","slug":"manel-torrents-el-mes-important-en-un-rescat-es-calmar-les-persones-atrapades-a-lascensor","status":"publish","type":"post","link":"https:\/\/www.eninter.com\/ca\/manel-torrents-el-mes-important-en-un-rescat-es-calmar-les-persones-atrapades-a-lascensor\/","title":{"rendered":"Manel Torrents: &#8220;El m\u00e9s important en un rescat \u00e9s calmar les persones atrapades a l&#8217;ascensor&#8221;"},"content":{"rendered":"<p>\u2014Alguna vegada us heu preguntat com \u00e9s el dia a dia d&#8217;un t\u00e8cnic d&#8217;ascensor? Quina ser\u00e0 la situaci\u00f3 m\u00e9s surrealista que s&#8217;hagi viscut en un ascensor? Per contestar-nos-hi i altres moltes preguntes curioses hem parlat amb Manel Torrents, encarregat del servei de conservaci\u00f3 d&#8217;Eninter Ascensores. No et perdis aquesta interessant entrevista perqu\u00e8 no t\u00e9 desperdici!<\/p>\n<p><strong>Les avaries i la seva resoluci\u00f3 \u00e9s el treball diari de l&#8217;equip t\u00e8cnic, per\u00f2&#8230; \u00bfQuantes avaries soluciona el departament t\u00e8cnic al dia?<\/strong><\/p>\n<p>A l&#8217;\u00e0rea metropolitana de Barcelona atenem entre 125 i 150 avisos de mitjana di\u00e0ria (actualment estem en 100\/120).<\/p>\n<p><strong>Quantes avaries pot arribar a solucionar un t\u00e8cnic al dia?<\/strong><\/p>\n<p>Un t\u00e8cnic pot realitzar una mitjana de 8 o 10 avaries. Dep\u00e8n molt del tipus d&#8217;avaria, per\u00f2, en cas de tempestes, per exemple, tenim avaries m\u00e9s properes geogr\u00e0ficament, aix\u00ed que podem arribar a solucionar-n moltes m\u00e9s. En el cas que les avaries siguin m\u00e9s complicades, el nombre es redueix.<\/p>\n<p><strong>Quin tipus d&#8217;avaries s\u00f3n les m\u00e9s habituals?<\/strong><\/p>\n<p>La majoria de les avaries que atenem solen ser de portes, ja que aquestes funcionen amb mecanismes molt complexos i diversos contactes de seguretat.<\/p>\n<p><strong>Suposo que en m\u00e9s d&#8217;una ocasi\u00f3 us heu trobat amb una persona o diverses atrapada en un ascensor, en aquests casos, com es realitza un rescat en un ascensor?<\/strong><\/p>\n<p>En fer un rescat, el primer que fem \u00e9s calmar les persones que estiguin tancades a l&#8217;ascensor i informar-los que estem treballant per treure&#8217;ls amb la m\u00e0xima urg\u00e8ncia i sobretot, amb la m\u00e0xima seguretat. Els informem que dins de l&#8217;ascensor no els passar\u00e0 res, que no s&#8217;acostin a les portes de cabina, que no intentin sortir pel seu propi peu i que esperin que obrim nosaltres la porta. Quan les persones ja s&#8217;han tranquil\u00b7litzat, anem al quart de m\u00e0quines, desconnectem el corrent i seguim el protocol de rescat establert, segons el tipus d&#8217;ascensor. El m\u00e9s important en aquests casos \u00e9s calmar els usuaris atrapats.<\/p>\n<p><strong>En tota la teva traject\u00f2ria professional haur\u00e0s realitzat molts rescats, quin ha estat el m\u00e9s dif\u00edcil que has dut a terme?<\/strong><\/p>\n<p>El rescat m\u00e9s dif\u00edcil que he realitzat va ser en un ascensor del carrer Balmes de Barcelona. Els usuaris van sobrepassar molt la c\u00e0rrega m\u00e0xima permesa i en baixar, es van activar els frens de seguretat. Es van quedar tancats en el que anomenem un pis cec, \u00e9s a dir sense porta, i quan arribem, en intentar moure l&#8217;ascensor cap amunt per desclavar-lo, els cables van comen\u00e7ar a patinar de la politja i no an\u00e0vem moure&#8217;l. Els bombers tamb\u00e9 van intentar moure&#8217;l per\u00f2 tampoc van poder i al final, un parell de mec\u00e0nics d&#8217;Eninter Ascensores van haver de desmuntar les falques per treure les persones atrapades. El rescat va durar hores.<\/p>\n<p><strong>Quins tipus de reacci\u00f3 s\u00f3n les m\u00e9s habituals en les persones quan es veuen atrapades en un ascensor?<\/strong><\/p>\n<p>La gent generalment est\u00e0 assenyada o enfadada. Hem vist tota mena de reaccions, des de persones que ens truquen des del seu tel\u00e8fon m\u00f2bil amb tota la tranquil\u00b7litat del m\u00f3n, sense picar a l&#8217;alarma i fins a persones que cal esperar que es clamin per procedir a treure-les.<\/p>\n<p><strong>Pots recordar alguna an\u00e8cdota digna de menci\u00f3 quan persones s&#8217;han quedat atrapades en un ascensor?<\/strong><\/p>\n<p>Sempre recordar\u00e9 un recat el dia que el Bar\u00e7a va guanyar la Champions de Paris. Despr\u00e9s del partit, que vaig veure amb els meus amics, em van dir d&#8217;anar a Canaletes a celebrar-ho, per\u00f2 els vaig dir que millor que no, que estava de gu\u00e0rdia i me&#8217;n vaig per casa. Abans d&#8217;arribar, em van trucar per efectuar un rescat a Travessera de les Corts, davant del Camp Nou. De cam\u00ed, la gent celebrava la vict\u00f2ria amb v\u00edtors, can\u00e7ons i petons de cotxe. Quan vaig arribar, em vaig trobar un noi que em va preguntar si era el de l&#8217;ascensor, en respondre-li que s\u00ed que es va posar molt content i em va portar a l&#8217;ascensor explicant-me que el perill havia passat perqu\u00e8 havien aconseguit desmuntar la mireta i ara els corria l&#8217;aire a la cabina.<\/p>\n<p>Quan vaig anar a la porta de l&#8217;ascensor, m\u00e9s que l&#8217;aire, el que corria era la festa que s&#8217;havien muntat en cabina. S&#8217;ho estaven passant molt b\u00e9. En obrir la porta vaig veure que hi havia 7 o 8 persones en una cabina de 4. Normalment, quan s&#8217;incompleixen les normes de seguretat va etzimir la bronca als usuaris per\u00f2 van sortir de tan bon humor, donant-me abra\u00e7ades i besos, que em va ser impossible.<\/p>\n<p>&nbsp;<\/p>\n<p>&nbsp;<\/p>\n","protected":false},"excerpt":{"rendered":"<p>\u2014Alguna vegada us heu preguntat com \u00e9s el dia a dia d&#8217;un t\u00e8cnic d&#8217;ascensor? Quina ser\u00e0 la situaci\u00f3 m\u00e9s surrealista que s&#8217;hagi viscut en un ascensor? Per contestar-nos-hi i altres moltes preguntes curioses hem parlat amb Manel Torrents, encarregat del servei de conservaci\u00f3 d&#8217;Eninter Ascensores. No et perdis aquesta interessant entrevista perqu\u00e8 no t\u00e9 desperdici! [&hellip;]<\/p>\n","protected":false},"author":3,"featured_media":7655,"comment_status":"closed","ping_status":"closed","sticky":false,"template":"","format":"standard","meta":{"_acf_changed":false,"content-type":"","footnotes":""},"categories":[221],"tags":[],"class_list":["post-9042","post","type-post","status-publish","format-standard","has-post-thumbnail","hentry","category-ascensors"],"acf":[],"_yoast_wpseo_focuskw":"calmar atrapat ascensor","_yoast_wpseo_metadesc":null,"yoast_head":"<!-- This site is optimized with the Yoast SEO Premium plugin v21.6 (Yoast SEO v27.5) - https:\/\/yoast.com\/product\/yoast-seo-premium-wordpress\/ -->\n<title>Manel Torrents: &quot;El m\u00e9s important en un rescat \u00e9s calmar les persones atrapades a l&#039;ascensor&quot; - ENINTER<\/title>\n<meta name=\"robots\" content=\"index, follow, max-snippet:-1, max-image-preview:large, max-video-preview:-1\" \/>\n<link rel=\"canonical\" href=\"https:\/\/www.eninter.com\/ca\/manel-torrents-el-mes-important-en-un-rescat-es-calmar-les-persones-atrapades-a-lascensor\/\" \/>\n<meta property=\"og:locale\" content=\"ca_ES\" \/>\n<meta property=\"og:type\" content=\"article\" \/>\n<meta property=\"og:title\" content=\"Manel Torrents: &quot;El m\u00e9s important en un rescat \u00e9s calmar les persones atrapades a l&#039;ascensor&quot;\" \/>\n<meta property=\"og:description\" content=\"\u2014Alguna vegada us heu preguntat com \u00e9s el dia a dia d&#8217;un t\u00e8cnic d&#8217;ascensor? Quina ser\u00e0 la situaci\u00f3 m\u00e9s surrealista que s&#8217;hagi viscut en un ascensor? Per contestar-nos-hi i altres moltes preguntes curioses hem parlat amb Manel Torrents, encarregat del servei de conservaci\u00f3 d&#8217;Eninter Ascensores. No et perdis aquesta interessant entrevista perqu\u00e8 no t\u00e9 desperdici! [&hellip;]\" \/>\n<meta property=\"og:url\" content=\"https:\/\/www.eninter.com\/ca\/manel-torrents-el-mes-important-en-un-rescat-es-calmar-les-persones-atrapades-a-lascensor\/\" \/>\n<meta property=\"og:site_name\" content=\"ENINTER\" \/>\n<meta property=\"article:publisher\" content=\"https:\/\/www.facebook.com\/EninterAscensores\" \/>\n<meta property=\"article:published_time\" content=\"2021-07-12T10:57:14+00:00\" \/>\n<meta property=\"og:image\" content=\"https:\/\/www.eninter.com\/wp-content\/uploads\/2021\/07\/calmar-atrapado-ascensor.jpg\" \/>\n\t<meta property=\"og:image:width\" content=\"1200\" \/>\n\t<meta property=\"og:image:height\" content=\"675\" \/>\n\t<meta property=\"og:image:type\" content=\"image\/jpeg\" \/>\n<meta name=\"author\" content=\"Albert Puig\" \/>\n<meta name=\"twitter:card\" content=\"summary_large_image\" \/>\n<meta name=\"twitter:creator\" content=\"@Eninter\" \/>\n<meta name=\"twitter:site\" content=\"@Eninter\" \/>\n<meta name=\"twitter:label1\" content=\"Escrit per\" \/>\n\t<meta name=\"twitter:data1\" content=\"Albert Puig\" \/>\n\t<meta name=\"twitter:label2\" content=\"Temps estimat de lectura\" \/>\n\t<meta name=\"twitter:data2\" content=\"4 minuts\" \/>\n<!-- \/ Yoast SEO Premium plugin. -->","yoast_head_json":{"title":"Manel Torrents: \"El m\u00e9s important en un rescat \u00e9s calmar les persones atrapades a l'ascensor\" - ENINTER","robots":{"index":"index","follow":"follow","max-snippet":"max-snippet:-1","max-image-preview":"max-image-preview:large","max-video-preview":"max-video-preview:-1"},"canonical":"https:\/\/www.eninter.com\/ca\/manel-torrents-el-mes-important-en-un-rescat-es-calmar-les-persones-atrapades-a-lascensor\/","og_locale":"ca_ES","og_type":"article","og_title":"Manel Torrents: \"El m\u00e9s important en un rescat \u00e9s calmar les persones atrapades a l'ascensor\"","og_description":"\u2014Alguna vegada us heu preguntat com \u00e9s el dia a dia d&#8217;un t\u00e8cnic d&#8217;ascensor? Quina ser\u00e0 la situaci\u00f3 m\u00e9s surrealista que s&#8217;hagi viscut en un ascensor? Per contestar-nos-hi i altres moltes preguntes curioses hem parlat amb Manel Torrents, encarregat del servei de conservaci\u00f3 d&#8217;Eninter Ascensores. No et perdis aquesta interessant entrevista perqu\u00e8 no t\u00e9 desperdici! [&hellip;]","og_url":"https:\/\/www.eninter.com\/ca\/manel-torrents-el-mes-important-en-un-rescat-es-calmar-les-persones-atrapades-a-lascensor\/","og_site_name":"ENINTER","article_publisher":"https:\/\/www.facebook.com\/EninterAscensores","article_published_time":"2021-07-12T10:57:14+00:00","og_image":[{"width":1200,"height":675,"url":"https:\/\/www.eninter.com\/wp-content\/uploads\/2021\/07\/calmar-atrapado-ascensor.jpg","type":"image\/jpeg"}],"author":"Albert Puig","twitter_card":"summary_large_image","twitter_creator":"@Eninter","twitter_site":"@Eninter","twitter_misc":{"Escrit per":"Albert Puig","Temps estimat de lectura":"4 minuts"},"schema":{"@context":"https:\/\/schema.org","@graph":[{"@type":"Article","@id":"https:\/\/www.eninter.com\/ca\/manel-torrents-el-mes-important-en-un-rescat-es-calmar-les-persones-atrapades-a-lascensor\/#article","isPartOf":{"@id":"https:\/\/www.eninter.com\/ca\/manel-torrents-el-mes-important-en-un-rescat-es-calmar-les-persones-atrapades-a-lascensor\/"},"author":{"name":"Albert Puig","@id":"https:\/\/www.eninter.com\/ca\/#\/schema\/person\/e6178c261ac4210884c0e0264dd59043"},"headline":"Manel Torrents: &#8220;El m\u00e9s important en un rescat \u00e9s calmar les persones atrapades a l&#8217;ascensor&#8221;","datePublished":"2021-07-12T10:57:14+00:00","mainEntityOfPage":{"@id":"https:\/\/www.eninter.com\/ca\/manel-torrents-el-mes-important-en-un-rescat-es-calmar-les-persones-atrapades-a-lascensor\/"},"wordCount":830,"publisher":{"@id":"https:\/\/www.eninter.com\/ca\/#organization"},"image":{"@id":"https:\/\/www.eninter.com\/ca\/manel-torrents-el-mes-important-en-un-rescat-es-calmar-les-persones-atrapades-a-lascensor\/#primaryimage"},"thumbnailUrl":"https:\/\/www.eninter.com\/wp-content\/uploads\/2021\/07\/calmar-atrapado-ascensor.jpg","articleSection":["Ascensors"],"inLanguage":"ca"},{"@type":"WebPage","@id":"https:\/\/www.eninter.com\/ca\/manel-torrents-el-mes-important-en-un-rescat-es-calmar-les-persones-atrapades-a-lascensor\/","url":"https:\/\/www.eninter.com\/ca\/manel-torrents-el-mes-important-en-un-rescat-es-calmar-les-persones-atrapades-a-lascensor\/","name":"Manel Torrents: \"El m\u00e9s important en un rescat \u00e9s calmar les persones atrapades a l'ascensor\" - ENINTER","isPartOf":{"@id":"https:\/\/www.eninter.com\/ca\/#website"},"primaryImageOfPage":{"@id":"https:\/\/www.eninter.com\/ca\/manel-torrents-el-mes-important-en-un-rescat-es-calmar-les-persones-atrapades-a-lascensor\/#primaryimage"},"image":{"@id":"https:\/\/www.eninter.com\/ca\/manel-torrents-el-mes-important-en-un-rescat-es-calmar-les-persones-atrapades-a-lascensor\/#primaryimage"},"thumbnailUrl":"https:\/\/www.eninter.com\/wp-content\/uploads\/2021\/07\/calmar-atrapado-ascensor.jpg","datePublished":"2021-07-12T10:57:14+00:00","breadcrumb":{"@id":"https:\/\/www.eninter.com\/ca\/manel-torrents-el-mes-important-en-un-rescat-es-calmar-les-persones-atrapades-a-lascensor\/#breadcrumb"},"inLanguage":"ca","potentialAction":[{"@type":"ReadAction","target":["https:\/\/www.eninter.com\/ca\/manel-torrents-el-mes-important-en-un-rescat-es-calmar-les-persones-atrapades-a-lascensor\/"]}]},{"@type":"ImageObject","inLanguage":"ca","@id":"https:\/\/www.eninter.com\/ca\/manel-torrents-el-mes-important-en-un-rescat-es-calmar-les-persones-atrapades-a-lascensor\/#primaryimage","url":"https:\/\/www.eninter.com\/wp-content\/uploads\/2021\/07\/calmar-atrapado-ascensor.jpg","contentUrl":"https:\/\/www.eninter.com\/wp-content\/uploads\/2021\/07\/calmar-atrapado-ascensor.jpg","width":1200,"height":675},{"@type":"BreadcrumbList","@id":"https:\/\/www.eninter.com\/ca\/manel-torrents-el-mes-important-en-un-rescat-es-calmar-les-persones-atrapades-a-lascensor\/#breadcrumb","itemListElement":[{"@type":"ListItem","position":1,"name":"Portada","item":"https:\/\/www.eninter.com\/ca\/"},{"@type":"ListItem","position":2,"name":"Manel Torrents: \u00abEl m\u00e9s important en un rescat \u00e9s calmar les persones atrapades a l&#8217;ascensor\u00bb"}]},{"@type":"WebSite","@id":"https:\/\/www.eninter.com\/ca\/#website","url":"https:\/\/www.eninter.com\/ca\/","name":"ENINTER","description":"Mantenimiento de Ascensores Multimarca","publisher":{"@id":"https:\/\/www.eninter.com\/ca\/#organization"},"potentialAction":[{"@type":"SearchAction","target":{"@type":"EntryPoint","urlTemplate":"https:\/\/www.eninter.com\/ca\/?s={search_term_string}"},"query-input":{"@type":"PropertyValueSpecification","valueRequired":true,"valueName":"search_term_string"}}],"inLanguage":"ca"},{"@type":"Organization","@id":"https:\/\/www.eninter.com\/ca\/#organization","name":"Eniter","url":"https:\/\/www.eninter.com\/ca\/","logo":{"@type":"ImageObject","inLanguage":"ca","@id":"https:\/\/www.eninter.com\/ca\/#\/schema\/logo\/image\/","url":"https:\/\/www.eninter.com\/wp-content\/uploads\/2023\/08\/logo-eninter-png.png","contentUrl":"https:\/\/www.eninter.com\/wp-content\/uploads\/2023\/08\/logo-eninter-png.png","width":600,"height":340,"caption":"Eniter"},"image":{"@id":"https:\/\/www.eninter.com\/ca\/#\/schema\/logo\/image\/"},"sameAs":["https:\/\/www.facebook.com\/EninterAscensores","https:\/\/x.com\/Eninter","https:\/\/www.instagram.com\/eninterascensores\/","https:\/\/www.youtube.com\/user\/ascensoreseninter"]},{"@type":"Person","@id":"https:\/\/www.eninter.com\/ca\/#\/schema\/person\/e6178c261ac4210884c0e0264dd59043","name":"Albert Puig","image":{"@type":"ImageObject","inLanguage":"ca","@id":"https:\/\/secure.gravatar.com\/avatar\/583d07f3f1036f58d0e44e873586278b582179a16b27a5b3951504e9ee001c06?s=96&d=mm&r=g","url":"https:\/\/secure.gravatar.com\/avatar\/583d07f3f1036f58d0e44e873586278b582179a16b27a5b3951504e9ee001c06?s=96&d=mm&r=g","contentUrl":"https:\/\/secure.gravatar.com\/avatar\/583d07f3f1036f58d0e44e873586278b582179a16b27a5b3951504e9ee001c06?s=96&d=mm&r=g","caption":"Albert Puig"}}]}},"_links":{"self":[{"href":"https:\/\/www.eninter.com\/ca\/wp-json\/wp\/v2\/posts\/9042","targetHints":{"allow":["GET"]}}],"collection":[{"href":"https:\/\/www.eninter.com\/ca\/wp-json\/wp\/v2\/posts"}],"about":[{"href":"https:\/\/www.eninter.com\/ca\/wp-json\/wp\/v2\/types\/post"}],"author":[{"embeddable":true,"href":"https:\/\/www.eninter.com\/ca\/wp-json\/wp\/v2\/users\/3"}],"replies":[{"embeddable":true,"href":"https:\/\/www.eninter.com\/ca\/wp-json\/wp\/v2\/comments?post=9042"}],"version-history":[{"count":0,"href":"https:\/\/www.eninter.com\/ca\/wp-json\/wp\/v2\/posts\/9042\/revisions"}],"wp:featuredmedia":[{"embeddable":true,"href":"https:\/\/www.eninter.com\/ca\/wp-json\/wp\/v2\/media\/7655"}],"wp:attachment":[{"href":"https:\/\/www.eninter.com\/ca\/wp-json\/wp\/v2\/media?parent=9042"}],"wp:term":[{"taxonomy":"category","embeddable":true,"href":"https:\/\/www.eninter.com\/ca\/wp-json\/wp\/v2\/categories?post=9042"},{"taxonomy":"post_tag","embeddable":true,"href":"https:\/\/www.eninter.com\/ca\/wp-json\/wp\/v2\/tags?post=9042"}],"curies":[{"name":"wp","href":"https:\/\/api.w.org\/{rel}","templated":true}]}}