{"id":9043,"date":"2021-07-01T12:01:44","date_gmt":"2021-07-01T12:01:44","guid":{"rendered":"https:\/\/www.eninter.com\/rafa-lactualitzacio-de-la-itc-dascensors-es-necessaria-perque-la-reglamentacio-sadapti-als-nous-temps\/"},"modified":"2021-07-01T12:01:44","modified_gmt":"2021-07-01T12:01:44","slug":"rafa-lactualitzacio-de-la-itc-dascensors-es-necessaria-perque-la-reglamentacio-sadapti-als-nous-temps","status":"publish","type":"post","link":"https:\/\/www.eninter.com\/ca\/rafa-lactualitzacio-de-la-itc-dascensors-es-necessaria-perque-la-reglamentacio-sadapti-als-nous-temps\/","title":{"rendered":"Rafa: &#8220;L&#8217;actualitzaci\u00f3 de la ITC d&#8217;ascensors \u00e9s necess\u00e0ria perqu\u00e8 la reglamentaci\u00f3 s&#8217;adapti als nous temps&#8221;"},"content":{"rendered":"<p style=\"text-align: justify;\">A finals del 2022 entrar\u00e0 en vigor la nova Instrucci\u00f3 T\u00e8cnica Complement\u00e0ria (ITC) d&#8217;ascensors, que suposar\u00e0 algunes modificacions respecte a la seguretat, les obligacions del titular i les revisions t\u00e8cniques, entre altres coses. Rafa Rubio, Standard-Setting Manager de la nostra oficina t\u00e8cnica, ens explica en qu\u00e8 consistiran aquests canvis en aquesta entrevista. No te la perdis!<\/p>\n<p style=\"text-align: justify;\"><strong>En quins aspectes concrets afecta el canvi de normativa?<\/strong><\/p>\n<p style=\"text-align: justify;\">Hi ha diversos aspectes que han motivat l&#8217; actualitzaci\u00f3 de la normativa. Un d&#8217; ells \u00e9s el canvi en la revisi\u00f3 dels ascensors per les seves noves condicions d&#8217; utilitzaci\u00f3. La incorporaci\u00f3 d&#8217;ascensors amb nous aven\u00e7os tecnol\u00f2gics, ampliar la informaci\u00f3 dels titulars i la modernitzaci\u00f3 d&#8217;ascensors antics, ja que s&#8217;estima que un 40 % dels ascensors compta amb m\u00e9s de 30 anys d&#8217;antiguitat, s\u00f3n alguns dels motius que han obligat a revisar la normativa.<\/p>\n<p style=\"text-align: justify;\">Amb la nova normativa es busca millorar en el manteniment de cada ascensor duent a terme plans concrets per a cadascun d&#8217;ells, a m\u00e9s els nous canvis ajudaran a regular millor els mitjans humans i les seves aptituds per realitzar el manteniment. La reglamentaci\u00f3 ha hagut d&#8217; adaptar-se als nous temps tenint en compte els aven\u00e7os tecnol\u00f2gics i respecte als ascensors antics, tamb\u00e9 s&#8217; han hagut d&#8217; aplicar noves mesures per millorar la seguretat.<\/p>\n<p style=\"text-align: justify;\"><strong>Quan estar\u00e0 vigent aquesta nova normativa?<\/strong><\/p>\n<p style=\"text-align: justify;\">Actualment estan en estudi les al\u00b7legacions a l&#8217;esborrany del projecte de Reial Decret tret a consulta p\u00fablica pel Ministeri d&#8217;Ind\u00fastria el desembre de 2020, i que es van presentar abans del 29 de gener 2021.<\/p>\n<p style=\"text-align: justify;\">Segons indica aquest esborrany en la seva <em>Disposici\u00f3 final segona<\/em>, l&#8217;entrada en vigor est\u00e0 prevista per a finals del 2022, per\u00f2 hem de tenir en compte que nom\u00e9s es tracta d&#8217;un esborrany que previsiblement tindr\u00e0 diverses modificacions m\u00e9s fins a la seva entrada en vigor definitiva.<\/p>\n<p style=\"text-align: justify;\"><strong>Aquesta nova normativa, \u00bfsuposa algun canvi respecte a les mesures de seguretat als ascensors?<\/strong><\/p>\n<p style=\"text-align: justify;\">S\u00ed, es pret\u00e9n actualitzar la seguretat del parc d&#8217;ascensors actual i adaptar-los mesures, als quals no en tinguin, que actualment s&#8217;estan implementant als ascensors de nova instal\u00b7laci\u00f3, la normativa dels quals va canviar el 2016 (RD 203\/2016). L&#8217;\u00faltima vegada que es va realitzar una cosa aix\u00ed va ser fa 16 anys, mitjan\u00e7ant el Reial decret 57\/2005, amb la implementaci\u00f3 de 16 mesures de seguretat que ha de tenir implementades tot el parc d&#8217;ascensors existent.<\/p>\n<p style=\"text-align: justify;\"><strong>La nova normativa contempla noves freq\u00fc\u00e8ncies en inspeccions peri\u00f2diques obligat\u00f2ries, quines serien aquestes noves freq\u00fc\u00e8ncies?<\/strong><\/p>\n<p style=\"text-align: justify;\">D&#8217;entrada, l&#8217;esborrany actual contempla la freq\u00fc\u00e8ncia de les inspeccions en funci\u00f3 del tr\u00e0nsit que tingui i \u00fas que se li doni a l&#8217;ascensor. Contempla un increment en la freq\u00fc\u00e8ncia per a les instal\u00b7lacions m\u00e9s antigues, tot i que aix\u00f2 s&#8217;haur\u00e0 de concretar m\u00e9s, perqu\u00e8, sota la meva opini\u00f3, si tots els ascensors existents s\u00f3n actualitzats amb mesures de seguretat d&#8217;acord amb la normativa actual, acabaran estant en condicions similars als ascensors nous el que no ser\u00e0 representatiu de la seva antiguitat.<\/p>\n<p style=\"text-align: justify;\"><strong>Com afecta aquest canvi al departament t\u00e8cnic?<\/strong><\/p>\n<p style=\"text-align: justify;\">Aquests canvis implicaran m\u00e9s formaci\u00f3 per als t\u00e8cnics, la qual cosa incrementar\u00e0 la seva qualificaci\u00f3 per a la realitzaci\u00f3 del seu treball. Tamb\u00e9 es preveu una forta inversi\u00f3 en la digitalitzaci\u00f3 de les empreses per proporcionar als titulars tota la informaci\u00f3 referent a la seva instal\u00b7laci\u00f3.<\/p>\n<p style=\"text-align: justify;\">D&#8217;altra banda, les millores en seguretat a implementar comportaran un estudi individual de cada ascensor per definir els elements a implementar, que necessitar\u00e0 de la dedicaci\u00f3 completa dels nostres t\u00e8cnics, i fins i tot d&#8217;una possible ampliaci\u00f3 de plantilla.<\/p>\n<p style=\"text-align: justify;\">En definitiva, es preveu una inversi\u00f3 important per part de les empreses en mitjans t\u00e8cnics.<\/p>\n<p style=\"text-align: justify;\"><strong>Quins s\u00f3n els efectes d&#8217;aquesta nova normativa per a l&#8217;usuari com\u00fa de l&#8217;ascensor?<\/strong><\/p>\n<p style=\"text-align: justify;\">En general, l&#8217; actualitzaci\u00f3 de tot el parc d&#8217; ascensors implicar\u00e0 un augment en la seguretat de l&#8217; usuari i millores en el funcionament que implicaran un major confort del viatge. A aix\u00f2 li afegim un coneixement m\u00e9s detallat de l&#8217;estat de l&#8217;ascensor per part del titular, aix\u00ed com de la inversi\u00f3 econ\u00f2mica, segons les modificacions a realitzar a l&#8217;ascensor.<\/p>\n","protected":false},"excerpt":{"rendered":"<p>A finals del 2022 entrar\u00e0 en vigor la nova Instrucci\u00f3 T\u00e8cnica Complement\u00e0ria (ITC) d&#8217;ascensors, que suposar\u00e0 algunes modificacions respecte a la seguretat, les obligacions del titular i les revisions t\u00e8cniques, entre altres coses. Rafa Rubio, Standard-Setting Manager de la nostra oficina t\u00e8cnica, ens explica en qu\u00e8 consistiran aquests canvis en aquesta entrevista. No te la [&hellip;]<\/p>\n","protected":false},"author":3,"featured_media":7657,"comment_status":"closed","ping_status":"closed","sticky":false,"template":"","format":"standard","meta":{"_acf_changed":false,"content-type":"","footnotes":""},"categories":[222],"tags":[],"class_list":["post-9043","post","type-post","status-publish","format-standard","has-post-thumbnail","hentry","category-sobre-eninter-ca"],"acf":[],"_yoast_wpseo_focuskw":"itc d' ascensors","_yoast_wpseo_metadesc":null,"yoast_head":"<!-- This site is optimized with the Yoast SEO Premium plugin v21.6 (Yoast SEO v27.5) - https:\/\/yoast.com\/product\/yoast-seo-premium-wordpress\/ -->\n<title>Rafa: &quot;L&#039;actualitzaci\u00f3 de la ITC d&#039;ascensors \u00e9s necess\u00e0ria perqu\u00e8 la reglamentaci\u00f3 s&#039;adapti als nous temps&quot; - ENINTER<\/title>\n<meta name=\"robots\" content=\"index, follow, max-snippet:-1, max-image-preview:large, max-video-preview:-1\" \/>\n<link rel=\"canonical\" href=\"https:\/\/www.eninter.com\/ca\/rafa-lactualitzacio-de-la-itc-dascensors-es-necessaria-perque-la-reglamentacio-sadapti-als-nous-temps\/\" \/>\n<meta property=\"og:locale\" content=\"ca_ES\" \/>\n<meta property=\"og:type\" content=\"article\" \/>\n<meta property=\"og:title\" content=\"Rafa: &quot;L&#039;actualitzaci\u00f3 de la ITC d&#039;ascensors \u00e9s necess\u00e0ria perqu\u00e8 la reglamentaci\u00f3 s&#039;adapti als nous temps&quot;\" \/>\n<meta property=\"og:description\" content=\"A finals del 2022 entrar\u00e0 en vigor la nova Instrucci\u00f3 T\u00e8cnica Complement\u00e0ria (ITC) d&#8217;ascensors, que suposar\u00e0 algunes modificacions respecte a la seguretat, les obligacions del titular i les revisions t\u00e8cniques, entre altres coses. Rafa Rubio, Standard-Setting Manager de la nostra oficina t\u00e8cnica, ens explica en qu\u00e8 consistiran aquests canvis en aquesta entrevista. No te la [&hellip;]\" \/>\n<meta property=\"og:url\" content=\"https:\/\/www.eninter.com\/ca\/rafa-lactualitzacio-de-la-itc-dascensors-es-necessaria-perque-la-reglamentacio-sadapti-als-nous-temps\/\" \/>\n<meta property=\"og:site_name\" content=\"ENINTER\" \/>\n<meta property=\"article:publisher\" content=\"https:\/\/www.facebook.com\/EninterAscensores\" \/>\n<meta property=\"article:published_time\" content=\"2021-07-01T12:01:44+00:00\" \/>\n<meta property=\"og:image\" content=\"https:\/\/www.eninter.com\/wp-content\/uploads\/2021\/07\/itc-de-ascensores.jpg\" \/>\n\t<meta property=\"og:image:width\" content=\"1200\" \/>\n\t<meta property=\"og:image:height\" content=\"675\" \/>\n\t<meta property=\"og:image:type\" content=\"image\/jpeg\" \/>\n<meta name=\"author\" content=\"Albert Puig\" \/>\n<meta name=\"twitter:card\" content=\"summary_large_image\" \/>\n<meta name=\"twitter:creator\" content=\"@Eninter\" \/>\n<meta name=\"twitter:site\" content=\"@Eninter\" \/>\n<meta name=\"twitter:label1\" content=\"Escrit per\" \/>\n\t<meta name=\"twitter:data1\" content=\"Albert Puig\" \/>\n\t<meta name=\"twitter:label2\" content=\"Temps estimat de lectura\" \/>\n\t<meta name=\"twitter:data2\" content=\"3 minuts\" \/>\n<!-- \/ Yoast SEO Premium plugin. -->","yoast_head_json":{"title":"Rafa: \"L'actualitzaci\u00f3 de la ITC d'ascensors \u00e9s necess\u00e0ria perqu\u00e8 la reglamentaci\u00f3 s'adapti als nous temps\" - ENINTER","robots":{"index":"index","follow":"follow","max-snippet":"max-snippet:-1","max-image-preview":"max-image-preview:large","max-video-preview":"max-video-preview:-1"},"canonical":"https:\/\/www.eninter.com\/ca\/rafa-lactualitzacio-de-la-itc-dascensors-es-necessaria-perque-la-reglamentacio-sadapti-als-nous-temps\/","og_locale":"ca_ES","og_type":"article","og_title":"Rafa: \"L'actualitzaci\u00f3 de la ITC d'ascensors \u00e9s necess\u00e0ria perqu\u00e8 la reglamentaci\u00f3 s'adapti als nous temps\"","og_description":"A finals del 2022 entrar\u00e0 en vigor la nova Instrucci\u00f3 T\u00e8cnica Complement\u00e0ria (ITC) d&#8217;ascensors, que suposar\u00e0 algunes modificacions respecte a la seguretat, les obligacions del titular i les revisions t\u00e8cniques, entre altres coses. Rafa Rubio, Standard-Setting Manager de la nostra oficina t\u00e8cnica, ens explica en qu\u00e8 consistiran aquests canvis en aquesta entrevista. No te la [&hellip;]","og_url":"https:\/\/www.eninter.com\/ca\/rafa-lactualitzacio-de-la-itc-dascensors-es-necessaria-perque-la-reglamentacio-sadapti-als-nous-temps\/","og_site_name":"ENINTER","article_publisher":"https:\/\/www.facebook.com\/EninterAscensores","article_published_time":"2021-07-01T12:01:44+00:00","og_image":[{"width":1200,"height":675,"url":"https:\/\/www.eninter.com\/wp-content\/uploads\/2021\/07\/itc-de-ascensores.jpg","type":"image\/jpeg"}],"author":"Albert Puig","twitter_card":"summary_large_image","twitter_creator":"@Eninter","twitter_site":"@Eninter","twitter_misc":{"Escrit per":"Albert Puig","Temps estimat de lectura":"3 minuts"},"schema":{"@context":"https:\/\/schema.org","@graph":[{"@type":"Article","@id":"https:\/\/www.eninter.com\/ca\/rafa-lactualitzacio-de-la-itc-dascensors-es-necessaria-perque-la-reglamentacio-sadapti-als-nous-temps\/#article","isPartOf":{"@id":"https:\/\/www.eninter.com\/ca\/rafa-lactualitzacio-de-la-itc-dascensors-es-necessaria-perque-la-reglamentacio-sadapti-als-nous-temps\/"},"author":{"name":"Albert Puig","@id":"https:\/\/www.eninter.com\/ca\/#\/schema\/person\/e6178c261ac4210884c0e0264dd59043"},"headline":"Rafa: &#8220;L&#8217;actualitzaci\u00f3 de la ITC d&#8217;ascensors \u00e9s necess\u00e0ria perqu\u00e8 la reglamentaci\u00f3 s&#8217;adapti als nous temps&#8221;","datePublished":"2021-07-01T12:01:44+00:00","mainEntityOfPage":{"@id":"https:\/\/www.eninter.com\/ca\/rafa-lactualitzacio-de-la-itc-dascensors-es-necessaria-perque-la-reglamentacio-sadapti-als-nous-temps\/"},"wordCount":736,"publisher":{"@id":"https:\/\/www.eninter.com\/ca\/#organization"},"image":{"@id":"https:\/\/www.eninter.com\/ca\/rafa-lactualitzacio-de-la-itc-dascensors-es-necessaria-perque-la-reglamentacio-sadapti-als-nous-temps\/#primaryimage"},"thumbnailUrl":"https:\/\/www.eninter.com\/wp-content\/uploads\/2021\/07\/itc-de-ascensores.jpg","articleSection":["Sobre Eninter"],"inLanguage":"ca"},{"@type":"WebPage","@id":"https:\/\/www.eninter.com\/ca\/rafa-lactualitzacio-de-la-itc-dascensors-es-necessaria-perque-la-reglamentacio-sadapti-als-nous-temps\/","url":"https:\/\/www.eninter.com\/ca\/rafa-lactualitzacio-de-la-itc-dascensors-es-necessaria-perque-la-reglamentacio-sadapti-als-nous-temps\/","name":"Rafa: \"L'actualitzaci\u00f3 de la ITC d'ascensors \u00e9s necess\u00e0ria perqu\u00e8 la reglamentaci\u00f3 s'adapti als nous temps\" - ENINTER","isPartOf":{"@id":"https:\/\/www.eninter.com\/ca\/#website"},"primaryImageOfPage":{"@id":"https:\/\/www.eninter.com\/ca\/rafa-lactualitzacio-de-la-itc-dascensors-es-necessaria-perque-la-reglamentacio-sadapti-als-nous-temps\/#primaryimage"},"image":{"@id":"https:\/\/www.eninter.com\/ca\/rafa-lactualitzacio-de-la-itc-dascensors-es-necessaria-perque-la-reglamentacio-sadapti-als-nous-temps\/#primaryimage"},"thumbnailUrl":"https:\/\/www.eninter.com\/wp-content\/uploads\/2021\/07\/itc-de-ascensores.jpg","datePublished":"2021-07-01T12:01:44+00:00","breadcrumb":{"@id":"https:\/\/www.eninter.com\/ca\/rafa-lactualitzacio-de-la-itc-dascensors-es-necessaria-perque-la-reglamentacio-sadapti-als-nous-temps\/#breadcrumb"},"inLanguage":"ca","potentialAction":[{"@type":"ReadAction","target":["https:\/\/www.eninter.com\/ca\/rafa-lactualitzacio-de-la-itc-dascensors-es-necessaria-perque-la-reglamentacio-sadapti-als-nous-temps\/"]}]},{"@type":"ImageObject","inLanguage":"ca","@id":"https:\/\/www.eninter.com\/ca\/rafa-lactualitzacio-de-la-itc-dascensors-es-necessaria-perque-la-reglamentacio-sadapti-als-nous-temps\/#primaryimage","url":"https:\/\/www.eninter.com\/wp-content\/uploads\/2021\/07\/itc-de-ascensores.jpg","contentUrl":"https:\/\/www.eninter.com\/wp-content\/uploads\/2021\/07\/itc-de-ascensores.jpg","width":1200,"height":675},{"@type":"BreadcrumbList","@id":"https:\/\/www.eninter.com\/ca\/rafa-lactualitzacio-de-la-itc-dascensors-es-necessaria-perque-la-reglamentacio-sadapti-als-nous-temps\/#breadcrumb","itemListElement":[{"@type":"ListItem","position":1,"name":"Portada","item":"https:\/\/www.eninter.com\/ca\/"},{"@type":"ListItem","position":2,"name":"Rafa: \u00abL&#8217;actualitzaci\u00f3 de la ITC d&#8217;ascensors \u00e9s necess\u00e0ria perqu\u00e8 la reglamentaci\u00f3 s&#8217;adapti als nous temps\u00bb"}]},{"@type":"WebSite","@id":"https:\/\/www.eninter.com\/ca\/#website","url":"https:\/\/www.eninter.com\/ca\/","name":"ENINTER","description":"Mantenimiento de Ascensores Multimarca","publisher":{"@id":"https:\/\/www.eninter.com\/ca\/#organization"},"potentialAction":[{"@type":"SearchAction","target":{"@type":"EntryPoint","urlTemplate":"https:\/\/www.eninter.com\/ca\/?s={search_term_string}"},"query-input":{"@type":"PropertyValueSpecification","valueRequired":true,"valueName":"search_term_string"}}],"inLanguage":"ca"},{"@type":"Organization","@id":"https:\/\/www.eninter.com\/ca\/#organization","name":"Eniter","url":"https:\/\/www.eninter.com\/ca\/","logo":{"@type":"ImageObject","inLanguage":"ca","@id":"https:\/\/www.eninter.com\/ca\/#\/schema\/logo\/image\/","url":"https:\/\/www.eninter.com\/wp-content\/uploads\/2023\/08\/logo-eninter-png.png","contentUrl":"https:\/\/www.eninter.com\/wp-content\/uploads\/2023\/08\/logo-eninter-png.png","width":600,"height":340,"caption":"Eniter"},"image":{"@id":"https:\/\/www.eninter.com\/ca\/#\/schema\/logo\/image\/"},"sameAs":["https:\/\/www.facebook.com\/EninterAscensores","https:\/\/x.com\/Eninter","https:\/\/www.instagram.com\/eninterascensores\/","https:\/\/www.youtube.com\/user\/ascensoreseninter"]},{"@type":"Person","@id":"https:\/\/www.eninter.com\/ca\/#\/schema\/person\/e6178c261ac4210884c0e0264dd59043","name":"Albert Puig","image":{"@type":"ImageObject","inLanguage":"ca","@id":"https:\/\/secure.gravatar.com\/avatar\/583d07f3f1036f58d0e44e873586278b582179a16b27a5b3951504e9ee001c06?s=96&d=mm&r=g","url":"https:\/\/secure.gravatar.com\/avatar\/583d07f3f1036f58d0e44e873586278b582179a16b27a5b3951504e9ee001c06?s=96&d=mm&r=g","contentUrl":"https:\/\/secure.gravatar.com\/avatar\/583d07f3f1036f58d0e44e873586278b582179a16b27a5b3951504e9ee001c06?s=96&d=mm&r=g","caption":"Albert Puig"}}]}},"_links":{"self":[{"href":"https:\/\/www.eninter.com\/ca\/wp-json\/wp\/v2\/posts\/9043","targetHints":{"allow":["GET"]}}],"collection":[{"href":"https:\/\/www.eninter.com\/ca\/wp-json\/wp\/v2\/posts"}],"about":[{"href":"https:\/\/www.eninter.com\/ca\/wp-json\/wp\/v2\/types\/post"}],"author":[{"embeddable":true,"href":"https:\/\/www.eninter.com\/ca\/wp-json\/wp\/v2\/users\/3"}],"replies":[{"embeddable":true,"href":"https:\/\/www.eninter.com\/ca\/wp-json\/wp\/v2\/comments?post=9043"}],"version-history":[{"count":0,"href":"https:\/\/www.eninter.com\/ca\/wp-json\/wp\/v2\/posts\/9043\/revisions"}],"wp:featuredmedia":[{"embeddable":true,"href":"https:\/\/www.eninter.com\/ca\/wp-json\/wp\/v2\/media\/7657"}],"wp:attachment":[{"href":"https:\/\/www.eninter.com\/ca\/wp-json\/wp\/v2\/media?parent=9043"}],"wp:term":[{"taxonomy":"category","embeddable":true,"href":"https:\/\/www.eninter.com\/ca\/wp-json\/wp\/v2\/categories?post=9043"},{"taxonomy":"post_tag","embeddable":true,"href":"https:\/\/www.eninter.com\/ca\/wp-json\/wp\/v2\/tags?post=9043"}],"curies":[{"name":"wp","href":"https:\/\/api.w.org\/{rel}","templated":true}]}}