{"id":9046,"date":"2021-05-31T09:27:11","date_gmt":"2021-05-31T09:27:11","guid":{"rendered":"https:\/\/www.eninter.com\/com-millora-la-nostra-qualitat-de-vida-lus-de-lascensor\/"},"modified":"2023-09-20T12:32:52","modified_gmt":"2023-09-20T12:32:52","slug":"com-millora-la-nostra-qualitat-de-vida-lus-de-lascensor","status":"publish","type":"post","link":"https:\/\/www.eninter.com\/ca\/com-millora-la-nostra-qualitat-de-vida-lus-de-lascensor\/","title":{"rendered":"Com millora la nostra qualitat de vida l&#8217;\u00fas de l&#8217;ascensor"},"content":{"rendered":"&#13;\n<p>Vivim en un escenari en qu\u00e8 la globalitzaci\u00f3 juga un paper clau. Aquesta comporta una major concentraci\u00f3 de gent a les grans ciutats, de manera que els edificis s\u00f3n cada vegada m\u00e9s alts. Facilitant l&#8217; augment de poblaci\u00f3 en nuclis urbans, millorant l&#8217; accessibilitat a determinats llocs o garantint una major seguretat, entre altres coses, s&#8217; aconsegueix augmentar la llibertat de moviment. I us preguntareu, i quin paper juga aqu\u00ed l&#8217;ascensor? Doncs, el cert \u00e9s que gr\u00e0cies als ascensors la nostra qualitat de vida ha millorat considerablement. T&#8217;ho expliquem.<\/p>&#13;\n&#13;\n<p>Una de les principals facilitats que ens aporta un ascensor, \u00e9s <strong>\n  <a href=\"https:\/\/www.eninter.com\/ca\/accesibilidad-2\/\">l&#8217;accessibilitat<\/a>\n<\/strong>, especialment a aquells sectors de la poblaci\u00f3 que tenen problemes de mobilitat. L&#8217;ascensor permet que aquesta part de la poblaci\u00f3 pugui despla\u00e7ar-se per un edifici sense necessitat d&#8217;una altra persona que els ajudi, \u00e9s a dir, poden mantenir una gran independ\u00e8ncia. A m\u00e9s, fins i tot per a tots els que disposem d&#8217;una mobilitat id\u00f2nia, l&#8217;ascensor ens ajuda a assolir altures que si no n&#8217;hi ha, ens suposarien un gran esfor\u00e7 f\u00edsic. Facilitant-nos l&#8217;acc\u00e9s a superf\u00edcies que no podr\u00edem assolir amb facilitat pel nostre propi peu ens aporta llibertat per\u00f2 alhora, facilita l&#8217;aprofitament m\u00e0xim de l&#8217;espai en nuclis urbans. Qui s&#8217;atreviria a construir rascades si no existissin els ascensors?<\/p>&#13;\n&#13;\n<p>Una altra de les aportacions que ens ofereixen els ascensors \u00e9s la <strong>seguretat<\/strong>. De fet, un ascensor \u00e9s el mitj\u00e0 de transport m\u00e9s segur per moure&#8217;s en un edifici. Es construeixen complint unes estrictes mesures de seguretat per accedir a les zones de menor accessibilitat com podria ser un aparcament o pisos d&#8217; acc\u00e9s restringit.<\/p>&#13;\n&#13;\n<p>L&#8217; \u00e9sser hum\u00e0 tendeix a agrupar-se, construint una societat repartida en nuclis urbans d&#8217; una mida cada vegada m\u00e9s gran. Aquest fet provoca que es duguin a terme <strong>construccions verticals de cada vegada m\u00e9s pisos<\/strong>, per donar cabuda a cada vegada m\u00e9s habitants.<\/p>&#13;\n&#13;\n<p>Gr\u00e0cies a aquest progr\u00e9s, s&#8217;aconsegueix <strong>reduir l&#8217;impacte ambiental,<\/strong> preservant zones de bosc i d&#8217;alt valor ecol\u00f2gic, en no destruir ecosistemes per aixecar ciutats. Gr\u00e0cies a l&#8217;exist\u00e8ncia dels ascensors \u00e9s possible dissenyar edificis amb un gran nombre de plantes i cuidar aix\u00ed, el medi ambient.  <\/p>&#13;\n&#13;\n<p>A m\u00e9s, els <strong>ascensors permeten transportar c\u00e0rregues molt pesades<\/strong> per poder dur a terme determinades activitats industrials. Aix\u00ed ens ajuden en el transport de mercaderies.<\/p>&#13;\n&#13;\n<p>T&#8217;havies plantejat tots els avantatges que t&#8217;ofereix un ascensor i com repercuteix el seu \u00fas en la millora de la teva qualitat de vida? En #EninterAscensores sempre hem estat conscients per aix\u00f2 ens dediquem a aquest m\u00f3n que tants beneficis ens reporta.<\/p>&#13;\n","protected":false},"excerpt":{"rendered":"<p>&#13; Vivim en un escenari en qu\u00e8 la globalitzaci\u00f3 juga un paper clau. Aquesta comporta una major concentraci\u00f3 de gent a les grans ciutats, de manera que els edificis s\u00f3n cada vegada m\u00e9s alts. Facilitant l&#8217; augment de poblaci\u00f3 en nuclis urbans, millorant l&#8217; accessibilitat a determinats llocs o garantint una major seguretat, entre altres [&hellip;]<\/p>\n","protected":false},"author":3,"featured_media":7661,"comment_status":"closed","ping_status":"closed","sticky":false,"template":"","format":"standard","meta":{"_acf_changed":false,"content-type":"","footnotes":""},"categories":[221],"tags":[],"class_list":["post-9046","post","type-post","status-publish","format-standard","has-post-thumbnail","hentry","category-ascensors"],"acf":[],"_yoast_wpseo_focuskw":"qualitat de vida","_yoast_wpseo_metadesc":null,"yoast_head":"<!-- This site is optimized with the Yoast SEO Premium plugin v21.6 (Yoast SEO v27.5) - https:\/\/yoast.com\/product\/yoast-seo-premium-wordpress\/ -->\n<title>Com millora la nostra qualitat de vida l&#039;\u00fas de l&#039;ascensor - ENINTER<\/title>\n<meta name=\"robots\" content=\"index, follow, max-snippet:-1, max-image-preview:large, max-video-preview:-1\" \/>\n<link rel=\"canonical\" href=\"https:\/\/www.eninter.com\/ca\/com-millora-la-nostra-qualitat-de-vida-lus-de-lascensor\/\" \/>\n<meta property=\"og:locale\" content=\"ca_ES\" \/>\n<meta property=\"og:type\" content=\"article\" \/>\n<meta property=\"og:title\" content=\"Com millora la nostra qualitat de vida l&#039;\u00fas de l&#039;ascensor\" \/>\n<meta property=\"og:description\" content=\"&#013; Vivim en un escenari en qu\u00e8 la globalitzaci\u00f3 juga un paper clau. Aquesta comporta una major concentraci\u00f3 de gent a les grans ciutats, de manera que els edificis s\u00f3n cada vegada m\u00e9s alts. Facilitant l&#8217; augment de poblaci\u00f3 en nuclis urbans, millorant l&#8217; accessibilitat a determinats llocs o garantint una major seguretat, entre altres [&hellip;]\" \/>\n<meta property=\"og:url\" content=\"https:\/\/www.eninter.com\/ca\/com-millora-la-nostra-qualitat-de-vida-lus-de-lascensor\/\" \/>\n<meta property=\"og:site_name\" content=\"ENINTER\" \/>\n<meta property=\"article:publisher\" content=\"https:\/\/www.facebook.com\/EninterAscensores\" \/>\n<meta property=\"article:published_time\" content=\"2021-05-31T09:27:11+00:00\" \/>\n<meta property=\"article:modified_time\" content=\"2023-09-20T12:32:52+00:00\" \/>\n<meta property=\"og:image\" content=\"https:\/\/www.eninter.com\/wp-content\/uploads\/2021\/05\/calidad-de-vida.png\" \/>\n\t<meta property=\"og:image:width\" content=\"770\" \/>\n\t<meta property=\"og:image:height\" content=\"514\" \/>\n\t<meta property=\"og:image:type\" content=\"image\/png\" \/>\n<meta name=\"author\" content=\"Albert Puig\" \/>\n<meta name=\"twitter:card\" content=\"summary_large_image\" \/>\n<meta name=\"twitter:creator\" content=\"@Eninter\" \/>\n<meta name=\"twitter:site\" content=\"@Eninter\" \/>\n<meta name=\"twitter:label1\" content=\"Escrit per\" \/>\n\t<meta name=\"twitter:data1\" content=\"Albert Puig\" \/>\n\t<meta name=\"twitter:label2\" content=\"Temps estimat de lectura\" \/>\n\t<meta name=\"twitter:data2\" content=\"2 minuts\" \/>\n<!-- \/ Yoast SEO Premium plugin. -->","yoast_head_json":{"title":"Com millora la nostra qualitat de vida l'\u00fas de l'ascensor - ENINTER","robots":{"index":"index","follow":"follow","max-snippet":"max-snippet:-1","max-image-preview":"max-image-preview:large","max-video-preview":"max-video-preview:-1"},"canonical":"https:\/\/www.eninter.com\/ca\/com-millora-la-nostra-qualitat-de-vida-lus-de-lascensor\/","og_locale":"ca_ES","og_type":"article","og_title":"Com millora la nostra qualitat de vida l'\u00fas de l'ascensor","og_description":"&#13; Vivim en un escenari en qu\u00e8 la globalitzaci\u00f3 juga un paper clau. Aquesta comporta una major concentraci\u00f3 de gent a les grans ciutats, de manera que els edificis s\u00f3n cada vegada m\u00e9s alts. Facilitant l&#8217; augment de poblaci\u00f3 en nuclis urbans, millorant l&#8217; accessibilitat a determinats llocs o garantint una major seguretat, entre altres [&hellip;]","og_url":"https:\/\/www.eninter.com\/ca\/com-millora-la-nostra-qualitat-de-vida-lus-de-lascensor\/","og_site_name":"ENINTER","article_publisher":"https:\/\/www.facebook.com\/EninterAscensores","article_published_time":"2021-05-31T09:27:11+00:00","article_modified_time":"2023-09-20T12:32:52+00:00","og_image":[{"width":770,"height":514,"url":"https:\/\/www.eninter.com\/wp-content\/uploads\/2021\/05\/calidad-de-vida.png","type":"image\/png"}],"author":"Albert Puig","twitter_card":"summary_large_image","twitter_creator":"@Eninter","twitter_site":"@Eninter","twitter_misc":{"Escrit per":"Albert Puig","Temps estimat de lectura":"2 minuts"},"schema":{"@context":"https:\/\/schema.org","@graph":[{"@type":"Article","@id":"https:\/\/www.eninter.com\/ca\/com-millora-la-nostra-qualitat-de-vida-lus-de-lascensor\/#article","isPartOf":{"@id":"https:\/\/www.eninter.com\/ca\/com-millora-la-nostra-qualitat-de-vida-lus-de-lascensor\/"},"author":{"name":"Albert Puig","@id":"https:\/\/www.eninter.com\/ca\/#\/schema\/person\/e6178c261ac4210884c0e0264dd59043"},"headline":"Com millora la nostra qualitat de vida l&#8217;\u00fas de l&#8217;ascensor","datePublished":"2021-05-31T09:27:11+00:00","dateModified":"2023-09-20T12:32:52+00:00","mainEntityOfPage":{"@id":"https:\/\/www.eninter.com\/ca\/com-millora-la-nostra-qualitat-de-vida-lus-de-lascensor\/"},"wordCount":475,"publisher":{"@id":"https:\/\/www.eninter.com\/ca\/#organization"},"image":{"@id":"https:\/\/www.eninter.com\/ca\/com-millora-la-nostra-qualitat-de-vida-lus-de-lascensor\/#primaryimage"},"thumbnailUrl":"https:\/\/www.eninter.com\/wp-content\/uploads\/2021\/05\/calidad-de-vida.png","articleSection":["Ascensors"],"inLanguage":"ca"},{"@type":"WebPage","@id":"https:\/\/www.eninter.com\/ca\/com-millora-la-nostra-qualitat-de-vida-lus-de-lascensor\/","url":"https:\/\/www.eninter.com\/ca\/com-millora-la-nostra-qualitat-de-vida-lus-de-lascensor\/","name":"Com millora la nostra qualitat de vida l'\u00fas de l'ascensor - ENINTER","isPartOf":{"@id":"https:\/\/www.eninter.com\/ca\/#website"},"primaryImageOfPage":{"@id":"https:\/\/www.eninter.com\/ca\/com-millora-la-nostra-qualitat-de-vida-lus-de-lascensor\/#primaryimage"},"image":{"@id":"https:\/\/www.eninter.com\/ca\/com-millora-la-nostra-qualitat-de-vida-lus-de-lascensor\/#primaryimage"},"thumbnailUrl":"https:\/\/www.eninter.com\/wp-content\/uploads\/2021\/05\/calidad-de-vida.png","datePublished":"2021-05-31T09:27:11+00:00","dateModified":"2023-09-20T12:32:52+00:00","breadcrumb":{"@id":"https:\/\/www.eninter.com\/ca\/com-millora-la-nostra-qualitat-de-vida-lus-de-lascensor\/#breadcrumb"},"inLanguage":"ca","potentialAction":[{"@type":"ReadAction","target":["https:\/\/www.eninter.com\/ca\/com-millora-la-nostra-qualitat-de-vida-lus-de-lascensor\/"]}]},{"@type":"ImageObject","inLanguage":"ca","@id":"https:\/\/www.eninter.com\/ca\/com-millora-la-nostra-qualitat-de-vida-lus-de-lascensor\/#primaryimage","url":"https:\/\/www.eninter.com\/wp-content\/uploads\/2021\/05\/calidad-de-vida.png","contentUrl":"https:\/\/www.eninter.com\/wp-content\/uploads\/2021\/05\/calidad-de-vida.png","width":770,"height":514,"caption":"calidad de vida"},{"@type":"BreadcrumbList","@id":"https:\/\/www.eninter.com\/ca\/com-millora-la-nostra-qualitat-de-vida-lus-de-lascensor\/#breadcrumb","itemListElement":[{"@type":"ListItem","position":1,"name":"Portada","item":"https:\/\/www.eninter.com\/ca\/"},{"@type":"ListItem","position":2,"name":"Com millora la nostra qualitat de vida l&#8217;\u00fas de l&#8217;ascensor"}]},{"@type":"WebSite","@id":"https:\/\/www.eninter.com\/ca\/#website","url":"https:\/\/www.eninter.com\/ca\/","name":"ENINTER","description":"Mantenimiento de Ascensores Multimarca","publisher":{"@id":"https:\/\/www.eninter.com\/ca\/#organization"},"potentialAction":[{"@type":"SearchAction","target":{"@type":"EntryPoint","urlTemplate":"https:\/\/www.eninter.com\/ca\/?s={search_term_string}"},"query-input":{"@type":"PropertyValueSpecification","valueRequired":true,"valueName":"search_term_string"}}],"inLanguage":"ca"},{"@type":"Organization","@id":"https:\/\/www.eninter.com\/ca\/#organization","name":"Eniter","url":"https:\/\/www.eninter.com\/ca\/","logo":{"@type":"ImageObject","inLanguage":"ca","@id":"https:\/\/www.eninter.com\/ca\/#\/schema\/logo\/image\/","url":"https:\/\/www.eninter.com\/wp-content\/uploads\/2023\/08\/logo-eninter-png.png","contentUrl":"https:\/\/www.eninter.com\/wp-content\/uploads\/2023\/08\/logo-eninter-png.png","width":600,"height":340,"caption":"Eniter"},"image":{"@id":"https:\/\/www.eninter.com\/ca\/#\/schema\/logo\/image\/"},"sameAs":["https:\/\/www.facebook.com\/EninterAscensores","https:\/\/x.com\/Eninter","https:\/\/www.instagram.com\/eninterascensores\/","https:\/\/www.youtube.com\/user\/ascensoreseninter"]},{"@type":"Person","@id":"https:\/\/www.eninter.com\/ca\/#\/schema\/person\/e6178c261ac4210884c0e0264dd59043","name":"Albert Puig","image":{"@type":"ImageObject","inLanguage":"ca","@id":"https:\/\/secure.gravatar.com\/avatar\/583d07f3f1036f58d0e44e873586278b582179a16b27a5b3951504e9ee001c06?s=96&d=mm&r=g","url":"https:\/\/secure.gravatar.com\/avatar\/583d07f3f1036f58d0e44e873586278b582179a16b27a5b3951504e9ee001c06?s=96&d=mm&r=g","contentUrl":"https:\/\/secure.gravatar.com\/avatar\/583d07f3f1036f58d0e44e873586278b582179a16b27a5b3951504e9ee001c06?s=96&d=mm&r=g","caption":"Albert Puig"}}]}},"_links":{"self":[{"href":"https:\/\/www.eninter.com\/ca\/wp-json\/wp\/v2\/posts\/9046","targetHints":{"allow":["GET"]}}],"collection":[{"href":"https:\/\/www.eninter.com\/ca\/wp-json\/wp\/v2\/posts"}],"about":[{"href":"https:\/\/www.eninter.com\/ca\/wp-json\/wp\/v2\/types\/post"}],"author":[{"embeddable":true,"href":"https:\/\/www.eninter.com\/ca\/wp-json\/wp\/v2\/users\/3"}],"replies":[{"embeddable":true,"href":"https:\/\/www.eninter.com\/ca\/wp-json\/wp\/v2\/comments?post=9046"}],"version-history":[{"count":0,"href":"https:\/\/www.eninter.com\/ca\/wp-json\/wp\/v2\/posts\/9046\/revisions"}],"wp:featuredmedia":[{"embeddable":true,"href":"https:\/\/www.eninter.com\/ca\/wp-json\/wp\/v2\/media\/7661"}],"wp:attachment":[{"href":"https:\/\/www.eninter.com\/ca\/wp-json\/wp\/v2\/media?parent=9046"}],"wp:term":[{"taxonomy":"category","embeddable":true,"href":"https:\/\/www.eninter.com\/ca\/wp-json\/wp\/v2\/categories?post=9046"},{"taxonomy":"post_tag","embeddable":true,"href":"https:\/\/www.eninter.com\/ca\/wp-json\/wp\/v2\/tags?post=9046"}],"curies":[{"name":"wp","href":"https:\/\/api.w.org\/{rel}","templated":true}]}}