{"id":9048,"date":"2021-05-26T10:23:08","date_gmt":"2021-05-26T10:23:08","guid":{"rendered":"https:\/\/www.eninter.com\/per-que-hi-ha-un-mirall-en-la-majoria-dels-ascensors\/"},"modified":"2023-09-20T12:33:22","modified_gmt":"2023-09-20T12:33:22","slug":"per-que-hi-ha-un-mirall-en-la-majoria-dels-ascensors","status":"publish","type":"post","link":"https:\/\/www.eninter.com\/ca\/per-que-hi-ha-un-mirall-en-la-majoria-dels-ascensors\/","title":{"rendered":"Per qu\u00e8 hi ha un mirall en la majoria dels ascensors?"},"content":{"rendered":"&#13;\n<p>\u00bfAlguna vegada t&#8217;has preguntat per quin motiu la gran majoria d&#8217;ascensors tenen un mirall? A m\u00e9s de per veure&#8217;ns a nosaltres mateixos, que \u00e9s el seu principal \u00fas, aquests tenen curioses utilitats que segur que desconeixes. Te les expliquem en aquest post.<\/p>&#13;\n&#13;\n<h2 class=\"wp-block-heading\">Quina \u00e9s la funci\u00f3 del mirall?<\/h2>&#13;\n&#13;\n<p>Principalment, els miralls serveixen per donar amplitud a l&#8217;espai de l&#8217;ascensor, reduint d&#8217;aquesta manera el sentiment de claustrof\u00f2bia que pot arribar a provocar un espai tan petit. Col\u00b7locant un mirall s&#8217;aconsegueix doblar a nivell visual l&#8217;espai real de l&#8217;ascensor.<\/p>&#13;\n&#13;\n<p>A m\u00e9s, el mirall pot ser la distracci\u00f3 perfecta que pot escur\u00e7ar el viatge fins al pis que se&#8217;n vol anar, i distreu l&#8217;atenci\u00f3 quan se&#8217;n va amb desconeguts.<\/p>&#13;\n&#13;\n<p>Els miralls tamb\u00e9 donen m\u00e9s seguretat perqu\u00e8 dissuadeixen de fer actes vand\u00e0lics ja que donen la sensaci\u00f3 d&#8217;estar vigilats, cosa que inhibeix aquesta conducta.<\/p>&#13;\n&#13;\n<p>Com podem comprovar, les raons per les quals podem trobar un mirall dins d&#8217;un ascensor, s\u00f3n purament psicol\u00f2giques: per entretenir i fer que el viatge resulti m\u00e9s curt, per dissuadir delinq\u00fcents, per no tenir un sentiment claustrof\u00f2bic i per poder viatjar amb desconeguts sense por. Al cap i a la fi, els miralls ens donen seguretat.<\/p>&#13;\n&#13;\n<h2 class=\"wp-block-heading\">Hi ha ascensors sense miralls?<\/h2>&#13;\n&#13;\n<p>S\u00ed, n&#8217;hi ha. Com a norma general, es tracta d&#8217; ascensors de grans capacitats o d&#8217; ascensors exteriors amb cristalls. En aquest tipus d&#8217;elevadors, la sensaci\u00f3 \u00e9s molt diferent a la d&#8217;un que disposi d&#8217;una mida molt redu\u00efda i per aquest motiu, no cal col\u00b7locar un mirall ja que el nostre cervell \u00e9s capa\u00e7 de distreure&#8217;s amb altres aspectes, com podria ser el seu gran espai o, en el cas de disposar d&#8217;una cristallera,  amb les vistes que es puguin apreciar.<\/p>&#13;\n&#13;\n<h2 class=\"wp-block-heading\">Hi haur\u00e0 miralls als ascensors del futur?<\/h2>&#13;\n&#13;\n<p>Els ascensors es troben en un constant proc\u00e9s d&#8217;evoluci\u00f3, ja que ara s\u00f3n m\u00e9s r\u00e0pids, recorren m\u00e9s pisos i s\u00f3n m\u00e9s segurs. No obstant aix\u00f2,<strong> <\/strong>els miralls continuen trobant-se als ascensors com un element necessari per al benestar dels qui els utilitzen. \u00c9s obvi que, a banda de ser un bon recurs a nivell est\u00e8tic i visual de l&#8217;ascensor, aporta grans beneficis per als seus usuaris, aconseguint oferir un viatge m\u00e9s c\u00f2mode. I tu, creus que s\u00f3n \u00fatils? els fas servir?<\/p>&#13;\n","protected":false},"excerpt":{"rendered":"<p>&#13; \u00bfAlguna vegada t&#8217;has preguntat per quin motiu la gran majoria d&#8217;ascensors tenen un mirall? A m\u00e9s de per veure&#8217;ns a nosaltres mateixos, que \u00e9s el seu principal \u00fas, aquests tenen curioses utilitats que segur que desconeixes. Te les expliquem en aquest post. &#13; &#13; Quina \u00e9s la funci\u00f3 del mirall? &#13; &#13; Principalment, els [&hellip;]<\/p>\n","protected":false},"author":3,"featured_media":7663,"comment_status":"closed","ping_status":"closed","sticky":false,"template":"","format":"standard","meta":{"_acf_changed":false,"content-type":"","footnotes":""},"categories":[221,224],"tags":[],"class_list":["post-9048","post","type-post","status-publish","format-standard","has-post-thumbnail","hentry","category-ascensors","category-curiositats"],"acf":[],"_yoast_wpseo_focuskw":"perqu\u00e8 mirall ascensors","_yoast_wpseo_metadesc":null,"yoast_head":"<!-- This site is optimized with the Yoast SEO Premium plugin v21.6 (Yoast SEO v27.5) - https:\/\/yoast.com\/product\/yoast-seo-premium-wordpress\/ -->\n<title>Per qu\u00e8 hi ha un mirall en la majoria dels ascensors? - ENINTER<\/title>\n<meta name=\"robots\" content=\"index, follow, max-snippet:-1, max-image-preview:large, max-video-preview:-1\" \/>\n<link rel=\"canonical\" href=\"https:\/\/www.eninter.com\/ca\/per-que-hi-ha-un-mirall-en-la-majoria-dels-ascensors\/\" \/>\n<meta property=\"og:locale\" content=\"ca_ES\" \/>\n<meta property=\"og:type\" content=\"article\" \/>\n<meta property=\"og:title\" content=\"Per qu\u00e8 hi ha un mirall en la majoria dels ascensors?\" \/>\n<meta property=\"og:description\" content=\"&#013; \u00bfAlguna vegada t&#8217;has preguntat per quin motiu la gran majoria d&#8217;ascensors tenen un mirall? A m\u00e9s de per veure&#8217;ns a nosaltres mateixos, que \u00e9s el seu principal \u00fas, aquests tenen curioses utilitats que segur que desconeixes. Te les expliquem en aquest post. &#013; &#013; Quina \u00e9s la funci\u00f3 del mirall? &#013; &#013; Principalment, els [&hellip;]\" \/>\n<meta property=\"og:url\" content=\"https:\/\/www.eninter.com\/ca\/per-que-hi-ha-un-mirall-en-la-majoria-dels-ascensors\/\" \/>\n<meta property=\"og:site_name\" content=\"ENINTER\" \/>\n<meta property=\"article:publisher\" content=\"https:\/\/www.facebook.com\/EninterAscensores\" \/>\n<meta property=\"article:published_time\" content=\"2021-05-26T10:23:08+00:00\" \/>\n<meta property=\"article:modified_time\" content=\"2023-09-20T12:33:22+00:00\" \/>\n<meta property=\"og:image\" content=\"https:\/\/www.eninter.com\/wp-content\/uploads\/2021\/05\/espejos-ascensores.jpg\" \/>\n\t<meta property=\"og:image:width\" content=\"1024\" \/>\n\t<meta property=\"og:image:height\" content=\"683\" \/>\n\t<meta property=\"og:image:type\" content=\"image\/jpeg\" \/>\n<meta name=\"author\" content=\"Albert Puig\" \/>\n<meta name=\"twitter:card\" content=\"summary_large_image\" \/>\n<meta name=\"twitter:creator\" content=\"@Eninter\" \/>\n<meta name=\"twitter:site\" content=\"@Eninter\" \/>\n<meta name=\"twitter:label1\" content=\"Escrit per\" \/>\n\t<meta name=\"twitter:data1\" content=\"Albert Puig\" \/>\n\t<meta name=\"twitter:label2\" content=\"Temps estimat de lectura\" \/>\n\t<meta name=\"twitter:data2\" content=\"2 minuts\" \/>\n<!-- \/ Yoast SEO Premium plugin. -->","yoast_head_json":{"title":"Per qu\u00e8 hi ha un mirall en la majoria dels ascensors? - ENINTER","robots":{"index":"index","follow":"follow","max-snippet":"max-snippet:-1","max-image-preview":"max-image-preview:large","max-video-preview":"max-video-preview:-1"},"canonical":"https:\/\/www.eninter.com\/ca\/per-que-hi-ha-un-mirall-en-la-majoria-dels-ascensors\/","og_locale":"ca_ES","og_type":"article","og_title":"Per qu\u00e8 hi ha un mirall en la majoria dels ascensors?","og_description":"&#13; \u00bfAlguna vegada t&#8217;has preguntat per quin motiu la gran majoria d&#8217;ascensors tenen un mirall? A m\u00e9s de per veure&#8217;ns a nosaltres mateixos, que \u00e9s el seu principal \u00fas, aquests tenen curioses utilitats que segur que desconeixes. Te les expliquem en aquest post. &#13; &#13; Quina \u00e9s la funci\u00f3 del mirall? &#13; &#13; Principalment, els [&hellip;]","og_url":"https:\/\/www.eninter.com\/ca\/per-que-hi-ha-un-mirall-en-la-majoria-dels-ascensors\/","og_site_name":"ENINTER","article_publisher":"https:\/\/www.facebook.com\/EninterAscensores","article_published_time":"2021-05-26T10:23:08+00:00","article_modified_time":"2023-09-20T12:33:22+00:00","og_image":[{"width":1024,"height":683,"url":"https:\/\/www.eninter.com\/wp-content\/uploads\/2021\/05\/espejos-ascensores.jpg","type":"image\/jpeg"}],"author":"Albert Puig","twitter_card":"summary_large_image","twitter_creator":"@Eninter","twitter_site":"@Eninter","twitter_misc":{"Escrit per":"Albert Puig","Temps estimat de lectura":"2 minuts"},"schema":{"@context":"https:\/\/schema.org","@graph":[{"@type":"Article","@id":"https:\/\/www.eninter.com\/ca\/per-que-hi-ha-un-mirall-en-la-majoria-dels-ascensors\/#article","isPartOf":{"@id":"https:\/\/www.eninter.com\/ca\/per-que-hi-ha-un-mirall-en-la-majoria-dels-ascensors\/"},"author":{"name":"Albert Puig","@id":"https:\/\/www.eninter.com\/ca\/#\/schema\/person\/e6178c261ac4210884c0e0264dd59043"},"headline":"Per qu\u00e8 hi ha un mirall en la majoria dels ascensors?","datePublished":"2021-05-26T10:23:08+00:00","dateModified":"2023-09-20T12:33:22+00:00","mainEntityOfPage":{"@id":"https:\/\/www.eninter.com\/ca\/per-que-hi-ha-un-mirall-en-la-majoria-dels-ascensors\/"},"wordCount":428,"publisher":{"@id":"https:\/\/www.eninter.com\/ca\/#organization"},"image":{"@id":"https:\/\/www.eninter.com\/ca\/per-que-hi-ha-un-mirall-en-la-majoria-dels-ascensors\/#primaryimage"},"thumbnailUrl":"https:\/\/www.eninter.com\/wp-content\/uploads\/2021\/05\/espejos-ascensores.jpg","articleSection":["Ascensors","Curiositats"],"inLanguage":"ca"},{"@type":"WebPage","@id":"https:\/\/www.eninter.com\/ca\/per-que-hi-ha-un-mirall-en-la-majoria-dels-ascensors\/","url":"https:\/\/www.eninter.com\/ca\/per-que-hi-ha-un-mirall-en-la-majoria-dels-ascensors\/","name":"Per qu\u00e8 hi ha un mirall en la majoria dels ascensors? - ENINTER","isPartOf":{"@id":"https:\/\/www.eninter.com\/ca\/#website"},"primaryImageOfPage":{"@id":"https:\/\/www.eninter.com\/ca\/per-que-hi-ha-un-mirall-en-la-majoria-dels-ascensors\/#primaryimage"},"image":{"@id":"https:\/\/www.eninter.com\/ca\/per-que-hi-ha-un-mirall-en-la-majoria-dels-ascensors\/#primaryimage"},"thumbnailUrl":"https:\/\/www.eninter.com\/wp-content\/uploads\/2021\/05\/espejos-ascensores.jpg","datePublished":"2021-05-26T10:23:08+00:00","dateModified":"2023-09-20T12:33:22+00:00","breadcrumb":{"@id":"https:\/\/www.eninter.com\/ca\/per-que-hi-ha-un-mirall-en-la-majoria-dels-ascensors\/#breadcrumb"},"inLanguage":"ca","potentialAction":[{"@type":"ReadAction","target":["https:\/\/www.eninter.com\/ca\/per-que-hi-ha-un-mirall-en-la-majoria-dels-ascensors\/"]}]},{"@type":"ImageObject","inLanguage":"ca","@id":"https:\/\/www.eninter.com\/ca\/per-que-hi-ha-un-mirall-en-la-majoria-dels-ascensors\/#primaryimage","url":"https:\/\/www.eninter.com\/wp-content\/uploads\/2021\/05\/espejos-ascensores.jpg","contentUrl":"https:\/\/www.eninter.com\/wp-content\/uploads\/2021\/05\/espejos-ascensores.jpg","width":1024,"height":683},{"@type":"BreadcrumbList","@id":"https:\/\/www.eninter.com\/ca\/per-que-hi-ha-un-mirall-en-la-majoria-dels-ascensors\/#breadcrumb","itemListElement":[{"@type":"ListItem","position":1,"name":"Portada","item":"https:\/\/www.eninter.com\/ca\/"},{"@type":"ListItem","position":2,"name":"Per qu\u00e8 hi ha un mirall en la majoria dels ascensors?"}]},{"@type":"WebSite","@id":"https:\/\/www.eninter.com\/ca\/#website","url":"https:\/\/www.eninter.com\/ca\/","name":"ENINTER","description":"Mantenimiento de Ascensores Multimarca","publisher":{"@id":"https:\/\/www.eninter.com\/ca\/#organization"},"potentialAction":[{"@type":"SearchAction","target":{"@type":"EntryPoint","urlTemplate":"https:\/\/www.eninter.com\/ca\/?s={search_term_string}"},"query-input":{"@type":"PropertyValueSpecification","valueRequired":true,"valueName":"search_term_string"}}],"inLanguage":"ca"},{"@type":"Organization","@id":"https:\/\/www.eninter.com\/ca\/#organization","name":"Eniter","url":"https:\/\/www.eninter.com\/ca\/","logo":{"@type":"ImageObject","inLanguage":"ca","@id":"https:\/\/www.eninter.com\/ca\/#\/schema\/logo\/image\/","url":"https:\/\/www.eninter.com\/wp-content\/uploads\/2023\/08\/logo-eninter-png.png","contentUrl":"https:\/\/www.eninter.com\/wp-content\/uploads\/2023\/08\/logo-eninter-png.png","width":600,"height":340,"caption":"Eniter"},"image":{"@id":"https:\/\/www.eninter.com\/ca\/#\/schema\/logo\/image\/"},"sameAs":["https:\/\/www.facebook.com\/EninterAscensores","https:\/\/x.com\/Eninter","https:\/\/www.instagram.com\/eninterascensores\/","https:\/\/www.youtube.com\/user\/ascensoreseninter"]},{"@type":"Person","@id":"https:\/\/www.eninter.com\/ca\/#\/schema\/person\/e6178c261ac4210884c0e0264dd59043","name":"Albert Puig","image":{"@type":"ImageObject","inLanguage":"ca","@id":"https:\/\/secure.gravatar.com\/avatar\/583d07f3f1036f58d0e44e873586278b582179a16b27a5b3951504e9ee001c06?s=96&d=mm&r=g","url":"https:\/\/secure.gravatar.com\/avatar\/583d07f3f1036f58d0e44e873586278b582179a16b27a5b3951504e9ee001c06?s=96&d=mm&r=g","contentUrl":"https:\/\/secure.gravatar.com\/avatar\/583d07f3f1036f58d0e44e873586278b582179a16b27a5b3951504e9ee001c06?s=96&d=mm&r=g","caption":"Albert Puig"}}]}},"_links":{"self":[{"href":"https:\/\/www.eninter.com\/ca\/wp-json\/wp\/v2\/posts\/9048","targetHints":{"allow":["GET"]}}],"collection":[{"href":"https:\/\/www.eninter.com\/ca\/wp-json\/wp\/v2\/posts"}],"about":[{"href":"https:\/\/www.eninter.com\/ca\/wp-json\/wp\/v2\/types\/post"}],"author":[{"embeddable":true,"href":"https:\/\/www.eninter.com\/ca\/wp-json\/wp\/v2\/users\/3"}],"replies":[{"embeddable":true,"href":"https:\/\/www.eninter.com\/ca\/wp-json\/wp\/v2\/comments?post=9048"}],"version-history":[{"count":0,"href":"https:\/\/www.eninter.com\/ca\/wp-json\/wp\/v2\/posts\/9048\/revisions"}],"wp:featuredmedia":[{"embeddable":true,"href":"https:\/\/www.eninter.com\/ca\/wp-json\/wp\/v2\/media\/7663"}],"wp:attachment":[{"href":"https:\/\/www.eninter.com\/ca\/wp-json\/wp\/v2\/media?parent=9048"}],"wp:term":[{"taxonomy":"category","embeddable":true,"href":"https:\/\/www.eninter.com\/ca\/wp-json\/wp\/v2\/categories?post=9048"},{"taxonomy":"post_tag","embeddable":true,"href":"https:\/\/www.eninter.com\/ca\/wp-json\/wp\/v2\/tags?post=9048"}],"curies":[{"name":"wp","href":"https:\/\/api.w.org\/{rel}","templated":true}]}}