{"id":9050,"date":"2021-05-19T10:26:14","date_gmt":"2021-05-19T10:26:14","guid":{"rendered":"https:\/\/www.eninter.com\/marc-galvez-teniu-la-sort-de-creixer-a-eninter-ascensores-amb-valors-com-el-treball-en-equip-i-lesforc\/"},"modified":"2023-09-20T12:33:43","modified_gmt":"2023-09-20T12:33:43","slug":"marc-galvez-teniu-la-sort-de-creixer-a-eninter-ascensores-amb-valors-com-el-treball-en-equip-i-lesforc","status":"publish","type":"post","link":"https:\/\/www.eninter.com\/ca\/marc-galvez-teniu-la-sort-de-creixer-a-eninter-ascensores-amb-valors-com-el-treball-en-equip-i-lesforc\/","title":{"rendered":"Marc G\u00e1lvez: &#8220;Teniu la sort de cr\u00e9ixer a Eninter Ascensores amb valors com el treball en equip i l&#8217;esfor\u00e7&#8221;"},"content":{"rendered":"&#13;\n<p>En #EninterAscensores, el nostre major objectiu \u00e9s millorar la qualitat de vida dels nostres clients, sigui quina sigui la seva edat. Aquesta vegada hem decidit centrar-nos en el p\u00fablic m\u00e9s jove, ja que a Eninter Ascensores apostem per l&#8217;educaci\u00f3, perqu\u00e8 som conscients que el futur del nostre planeta i la nostra societat est\u00e0 en mans de ell@s.<\/p>&#13;\n&#13;\n<p>Aquest p\u00fablic, acostumat a assistir a classe, malgrat estar vivint una situaci\u00f3 excepcional causada per la crisi sanit\u00e0ria, ha pogut viure una experi\u00e8ncia diferent. L@s alumn@s de 5\u00e8 de prim\u00e0ria de l&#8217;escola Marjal de les Cases, a Tarragona tenen com a projecte realitzar un treball sobre el m\u00f3n empresarial i per aix\u00f2, han comptat amb el testimoni de Marc G\u00e1lvez, representant d&#8217;Eninter Ascensores, qui els ha explicat algunes de les seves experi\u00e8ncies i viv\u00e8ncies al llarg de la seva traject\u00f2ria professional.<\/p>&#13;\n&#13;\n<p>Per a Marco aquesta experi\u00e8ncia ha sigut enriquidora aix\u00ed que en el blog d&#8217;Eninter no ens pod\u00edem perdre el seu testimoni.<\/p>&#13;\n&#13;\n<p><strong>Qu\u00e8 \u00e9s el que m\u00e9s inter\u00e8s va causar a l@s alumn@s de la teva hist\u00f2ria personal?<br\/><\/strong>Crec que el que m\u00e9s inter\u00e8s els va causar va ser la meva llarga traject\u00f2ria a l&#8217;empresa, ja que s\u00f3n 33 anys dels 49 que vaig complir aquest mes. Tamb\u00e9 els ha cridat molt l&#8217;atenci\u00f3 el fet que naix a Sevilla i els meus pares van emigrar a Cornell\u00e0, per\u00f2 des de fa 15 anys estic a Tortosa gestionant la delegaci\u00f3 d&#8217;Eninter Ascensores a la zona. S\u00f3n molts anys treballant per\u00f2 a dia d&#8217;avui segueixo amb les mateixes ganes de continuar creixent i descobrir nous projectes.<\/p>&#13;\n&#13;\n<p><strong>Quins consells diste a aquests joves alumnes que en un futur comen\u00e7aran el seu cam\u00ed en el m\u00f3n laboral?<\/strong><br\/>Els aconsello que es formin tant com puguin, ara a l&#8217;escola, i de cara al futur, a l&#8217;Institut i la Universitat. Els he recomanat que es marquin un objectiu en la vida, i que s&#8217;endevinin de persones que els puguin proporcionar els recursos i les eines necess\u00e0ries per poder assolir-lo. Hi ha la import\u00e0ncia d&#8217;afrontar els seus reptes amb una bona actitud davant la vida, perqu\u00e8 aquesta combinada amb els seus coneixements i l&#8217;esfor\u00e7 necessari, els permetr\u00e0 aconseguir grans resultats.<\/p>&#13;\n&#13;\n<p><strong>Com descriueu la teva experi\u00e8ncia a Eninter Ascensores i com arribeu a formar part de la nostra empresa?<br\/><\/strong>\u00c9s un sentiment de pertinen\u00e7a dif\u00edcil d&#8217;explicar, un sentiment que ens va inculcar el fundador, D\u00e1maso Mart\u00ednez, des del primer dia que vaig entrar a l&#8217;oficina. Aleshores corria l&#8217;any 1988, em dirigia a la biblioteca quan vaig entrar al local del carrer Costa Brava, a Cornell\u00e0, a demanar feina com a aprenent en pr\u00e0ctiques. Des d&#8217;aleshores, he seguit treballant per a l&#8217;empresa fins a dia d&#8217;avui.<\/p>&#13;\n&#13;\n<p>Tamb\u00e9 destaqu\u00e9s un dia que recordo com si fos ahir. Pocs mesos despr\u00e9s de formar part de l&#8217;empresa, viatjava al cotxe amb D\u00e1maso i la seva fam\u00edlia. La seva dona, Rosa, va preguntar qui era jo i D\u00e1maso va contestar: &#8220;\u00e9s el futur encarregat! Aquell moment se&#8217;m va quedar gravat. En aquell moment em vaig adonar de la import\u00e0ncia dels petits gestos, i a dia d&#8217;avui tracte de mantenir aquests detalls a l&#8217;hora de motivar i formar el meu equip de 10 persones.<\/p>&#13;\n&#13;\n<p><strong>Creus que la teva experi\u00e8ncia en Eninter Ascensores ha ajudat aquests alumnes a entendre el funcionament d&#8217;una empresa?<br\/><\/strong>S\u00ed. Ho van entendre amb l&#8217;exemple del meu creixement al llarg del meu pas per l&#8217;empresa. Comen\u00e7o com a aprenent, i vaig progressant a operari, supervisor, encarregat i delegat, i aix\u00f2, forma part de qualsevol organigrama de moltes empreses. Tamb\u00e9 van entendre la responsabilitat que comporta cada c\u00e0rrec, i que, igual que en qualsevol fam\u00edlia, cr\u00e9ixer amb valors dins d&#8217; una empresa \u00e9s tamb\u00e9 fonamental. Vaig tenir la sort de cr\u00e9ixer a Eninter amb valors com el treball en equip, l&#8217;esfor\u00e7, la responsabilitat i la sinceritat.<\/p>&#13;\n&#13;\n<p><strong>Qu\u00e8 ha estat el m\u00e9s interessant de tractar amb alumnes tan joves?<br\/><\/strong>Per a mi, el m\u00e9s interessant ha estat l&#8217;inter\u00e8s i les ganes d&#8217;aprendre que han mostrat, ja que han pres apunts de tot el que els explicava. Tamb\u00e9 ha estat un repte respondre a preguntes dif\u00edcils i directes, formulades amb la naturalitat de qualsevol jove amb ganes d&#8217;aprendre.<\/p>&#13;\n&#13;\n<p><strong>Com descriuries aquesta experi\u00e8ncia?<br\/><\/strong>Considero que ha estat una gran iniciativa per part de l&#8217;Escola Marjal de les Cases D&#8217;Alcanar, ja que ha suposat una activitat diferent per als alumnes i un pas cap endavant en la seva formaci\u00f3. Per a mi ha estat una experi\u00e8ncia inoblidable i un contrast d&#8217;emocions que m&#8217;han fet reviure els bons i els mals moments viscuts a Eninter Ascensores durant aquests 33 anys, que en definitiva m&#8217;han portat a ser qui soc avui dia. N&#8217;estic feli\u00e7 i orgull\u00f3s.<\/p>&#13;\n","protected":false},"excerpt":{"rendered":"<p>&#13; En #EninterAscensores, el nostre major objectiu \u00e9s millorar la qualitat de vida dels nostres clients, sigui quina sigui la seva edat. Aquesta vegada hem decidit centrar-nos en el p\u00fablic m\u00e9s jove, ja que a Eninter Ascensores apostem per l&#8217;educaci\u00f3, perqu\u00e8 som conscients que el futur del nostre planeta i la nostra societat est\u00e0 en [&hellip;]<\/p>\n","protected":false},"author":3,"featured_media":7665,"comment_status":"closed","ping_status":"closed","sticky":false,"template":"","format":"standard","meta":{"_acf_changed":false,"content-type":"","footnotes":""},"categories":[222],"tags":[],"class_list":["post-9050","post","type-post","status-publish","format-standard","has-post-thumbnail","hentry","category-sobre-eninter-ca"],"acf":[],"_yoast_wpseo_focuskw":"cr\u00e9ixer en eninter ascensors","_yoast_wpseo_metadesc":null,"yoast_head":"<!-- This site is optimized with the Yoast SEO Premium plugin v21.6 (Yoast SEO v27.5) - https:\/\/yoast.com\/product\/yoast-seo-premium-wordpress\/ -->\n<title>Marc G\u00e1lvez: &quot;Teniu la sort de cr\u00e9ixer a Eninter Ascensores amb valors com el treball en equip i l&#039;esfor\u00e7&quot; - ENINTER<\/title>\n<meta name=\"robots\" content=\"index, follow, max-snippet:-1, max-image-preview:large, max-video-preview:-1\" \/>\n<link rel=\"canonical\" href=\"https:\/\/www.eninter.com\/ca\/marc-galvez-teniu-la-sort-de-creixer-a-eninter-ascensores-amb-valors-com-el-treball-en-equip-i-lesforc\/\" \/>\n<meta property=\"og:locale\" content=\"ca_ES\" \/>\n<meta property=\"og:type\" content=\"article\" \/>\n<meta property=\"og:title\" content=\"Marc G\u00e1lvez: &quot;Teniu la sort de cr\u00e9ixer a Eninter Ascensores amb valors com el treball en equip i l&#039;esfor\u00e7&quot;\" \/>\n<meta property=\"og:description\" content=\"&#013; En #EninterAscensores, el nostre major objectiu \u00e9s millorar la qualitat de vida dels nostres clients, sigui quina sigui la seva edat. Aquesta vegada hem decidit centrar-nos en el p\u00fablic m\u00e9s jove, ja que a Eninter Ascensores apostem per l&#8217;educaci\u00f3, perqu\u00e8 som conscients que el futur del nostre planeta i la nostra societat est\u00e0 en [&hellip;]\" \/>\n<meta property=\"og:url\" content=\"https:\/\/www.eninter.com\/ca\/marc-galvez-teniu-la-sort-de-creixer-a-eninter-ascensores-amb-valors-com-el-treball-en-equip-i-lesforc\/\" \/>\n<meta property=\"og:site_name\" content=\"ENINTER\" \/>\n<meta property=\"article:publisher\" content=\"https:\/\/www.facebook.com\/EninterAscensores\" \/>\n<meta property=\"article:published_time\" content=\"2021-05-19T10:26:14+00:00\" \/>\n<meta property=\"article:modified_time\" content=\"2023-09-20T12:33:43+00:00\" \/>\n<meta property=\"og:image\" content=\"https:\/\/www.eninter.com\/wp-content\/uploads\/2021\/05\/Entrevsita-a-Marco770514.png\" \/>\n\t<meta property=\"og:image:width\" content=\"770\" \/>\n\t<meta property=\"og:image:height\" content=\"514\" \/>\n\t<meta property=\"og:image:type\" content=\"image\/png\" \/>\n<meta name=\"author\" content=\"Albert Puig\" \/>\n<meta name=\"twitter:card\" content=\"summary_large_image\" \/>\n<meta name=\"twitter:creator\" content=\"@Eninter\" \/>\n<meta name=\"twitter:site\" content=\"@Eninter\" \/>\n<meta name=\"twitter:label1\" content=\"Escrit per\" \/>\n\t<meta name=\"twitter:data1\" content=\"Albert Puig\" \/>\n\t<meta name=\"twitter:label2\" content=\"Temps estimat de lectura\" \/>\n\t<meta name=\"twitter:data2\" content=\"4 minuts\" \/>\n<!-- \/ Yoast SEO Premium plugin. -->","yoast_head_json":{"title":"Marc G\u00e1lvez: \"Teniu la sort de cr\u00e9ixer a Eninter Ascensores amb valors com el treball en equip i l'esfor\u00e7\" - ENINTER","robots":{"index":"index","follow":"follow","max-snippet":"max-snippet:-1","max-image-preview":"max-image-preview:large","max-video-preview":"max-video-preview:-1"},"canonical":"https:\/\/www.eninter.com\/ca\/marc-galvez-teniu-la-sort-de-creixer-a-eninter-ascensores-amb-valors-com-el-treball-en-equip-i-lesforc\/","og_locale":"ca_ES","og_type":"article","og_title":"Marc G\u00e1lvez: \"Teniu la sort de cr\u00e9ixer a Eninter Ascensores amb valors com el treball en equip i l'esfor\u00e7\"","og_description":"&#13; En #EninterAscensores, el nostre major objectiu \u00e9s millorar la qualitat de vida dels nostres clients, sigui quina sigui la seva edat. Aquesta vegada hem decidit centrar-nos en el p\u00fablic m\u00e9s jove, ja que a Eninter Ascensores apostem per l&#8217;educaci\u00f3, perqu\u00e8 som conscients que el futur del nostre planeta i la nostra societat est\u00e0 en [&hellip;]","og_url":"https:\/\/www.eninter.com\/ca\/marc-galvez-teniu-la-sort-de-creixer-a-eninter-ascensores-amb-valors-com-el-treball-en-equip-i-lesforc\/","og_site_name":"ENINTER","article_publisher":"https:\/\/www.facebook.com\/EninterAscensores","article_published_time":"2021-05-19T10:26:14+00:00","article_modified_time":"2023-09-20T12:33:43+00:00","og_image":[{"width":770,"height":514,"url":"https:\/\/www.eninter.com\/wp-content\/uploads\/2021\/05\/Entrevsita-a-Marco770514.png","type":"image\/png"}],"author":"Albert Puig","twitter_card":"summary_large_image","twitter_creator":"@Eninter","twitter_site":"@Eninter","twitter_misc":{"Escrit per":"Albert Puig","Temps estimat de lectura":"4 minuts"},"schema":{"@context":"https:\/\/schema.org","@graph":[{"@type":"Article","@id":"https:\/\/www.eninter.com\/ca\/marc-galvez-teniu-la-sort-de-creixer-a-eninter-ascensores-amb-valors-com-el-treball-en-equip-i-lesforc\/#article","isPartOf":{"@id":"https:\/\/www.eninter.com\/ca\/marc-galvez-teniu-la-sort-de-creixer-a-eninter-ascensores-amb-valors-com-el-treball-en-equip-i-lesforc\/"},"author":{"name":"Albert Puig","@id":"https:\/\/www.eninter.com\/ca\/#\/schema\/person\/e6178c261ac4210884c0e0264dd59043"},"headline":"Marc G\u00e1lvez: &#8220;Teniu la sort de cr\u00e9ixer a Eninter Ascensores amb valors com el treball en equip i l&#8217;esfor\u00e7&#8221;","datePublished":"2021-05-19T10:26:14+00:00","dateModified":"2023-09-20T12:33:43+00:00","mainEntityOfPage":{"@id":"https:\/\/www.eninter.com\/ca\/marc-galvez-teniu-la-sort-de-creixer-a-eninter-ascensores-amb-valors-com-el-treball-en-equip-i-lesforc\/"},"wordCount":881,"publisher":{"@id":"https:\/\/www.eninter.com\/ca\/#organization"},"image":{"@id":"https:\/\/www.eninter.com\/ca\/marc-galvez-teniu-la-sort-de-creixer-a-eninter-ascensores-amb-valors-com-el-treball-en-equip-i-lesforc\/#primaryimage"},"thumbnailUrl":"https:\/\/www.eninter.com\/wp-content\/uploads\/2021\/05\/Entrevsita-a-Marco770514.png","articleSection":["Sobre Eninter"],"inLanguage":"ca"},{"@type":"WebPage","@id":"https:\/\/www.eninter.com\/ca\/marc-galvez-teniu-la-sort-de-creixer-a-eninter-ascensores-amb-valors-com-el-treball-en-equip-i-lesforc\/","url":"https:\/\/www.eninter.com\/ca\/marc-galvez-teniu-la-sort-de-creixer-a-eninter-ascensores-amb-valors-com-el-treball-en-equip-i-lesforc\/","name":"Marc G\u00e1lvez: \"Teniu la sort de cr\u00e9ixer a Eninter Ascensores amb valors com el treball en equip i l'esfor\u00e7\" - ENINTER","isPartOf":{"@id":"https:\/\/www.eninter.com\/ca\/#website"},"primaryImageOfPage":{"@id":"https:\/\/www.eninter.com\/ca\/marc-galvez-teniu-la-sort-de-creixer-a-eninter-ascensores-amb-valors-com-el-treball-en-equip-i-lesforc\/#primaryimage"},"image":{"@id":"https:\/\/www.eninter.com\/ca\/marc-galvez-teniu-la-sort-de-creixer-a-eninter-ascensores-amb-valors-com-el-treball-en-equip-i-lesforc\/#primaryimage"},"thumbnailUrl":"https:\/\/www.eninter.com\/wp-content\/uploads\/2021\/05\/Entrevsita-a-Marco770514.png","datePublished":"2021-05-19T10:26:14+00:00","dateModified":"2023-09-20T12:33:43+00:00","breadcrumb":{"@id":"https:\/\/www.eninter.com\/ca\/marc-galvez-teniu-la-sort-de-creixer-a-eninter-ascensores-amb-valors-com-el-treball-en-equip-i-lesforc\/#breadcrumb"},"inLanguage":"ca","potentialAction":[{"@type":"ReadAction","target":["https:\/\/www.eninter.com\/ca\/marc-galvez-teniu-la-sort-de-creixer-a-eninter-ascensores-amb-valors-com-el-treball-en-equip-i-lesforc\/"]}]},{"@type":"ImageObject","inLanguage":"ca","@id":"https:\/\/www.eninter.com\/ca\/marc-galvez-teniu-la-sort-de-creixer-a-eninter-ascensores-amb-valors-com-el-treball-en-equip-i-lesforc\/#primaryimage","url":"https:\/\/www.eninter.com\/wp-content\/uploads\/2021\/05\/Entrevsita-a-Marco770514.png","contentUrl":"https:\/\/www.eninter.com\/wp-content\/uploads\/2021\/05\/Entrevsita-a-Marco770514.png","width":770,"height":514,"caption":"crecer en eninter ascensores"},{"@type":"BreadcrumbList","@id":"https:\/\/www.eninter.com\/ca\/marc-galvez-teniu-la-sort-de-creixer-a-eninter-ascensores-amb-valors-com-el-treball-en-equip-i-lesforc\/#breadcrumb","itemListElement":[{"@type":"ListItem","position":1,"name":"Portada","item":"https:\/\/www.eninter.com\/ca\/"},{"@type":"ListItem","position":2,"name":"Marc G\u00e1lvez: &#8220;Teniu la sort de cr\u00e9ixer a Eninter Ascensores amb valors com el treball en equip i l&#8217;esfor\u00e7&#8221;"}]},{"@type":"WebSite","@id":"https:\/\/www.eninter.com\/ca\/#website","url":"https:\/\/www.eninter.com\/ca\/","name":"ENINTER","description":"Mantenimiento de Ascensores Multimarca","publisher":{"@id":"https:\/\/www.eninter.com\/ca\/#organization"},"potentialAction":[{"@type":"SearchAction","target":{"@type":"EntryPoint","urlTemplate":"https:\/\/www.eninter.com\/ca\/?s={search_term_string}"},"query-input":{"@type":"PropertyValueSpecification","valueRequired":true,"valueName":"search_term_string"}}],"inLanguage":"ca"},{"@type":"Organization","@id":"https:\/\/www.eninter.com\/ca\/#organization","name":"Eniter","url":"https:\/\/www.eninter.com\/ca\/","logo":{"@type":"ImageObject","inLanguage":"ca","@id":"https:\/\/www.eninter.com\/ca\/#\/schema\/logo\/image\/","url":"https:\/\/www.eninter.com\/wp-content\/uploads\/2023\/08\/logo-eninter-png.png","contentUrl":"https:\/\/www.eninter.com\/wp-content\/uploads\/2023\/08\/logo-eninter-png.png","width":600,"height":340,"caption":"Eniter"},"image":{"@id":"https:\/\/www.eninter.com\/ca\/#\/schema\/logo\/image\/"},"sameAs":["https:\/\/www.facebook.com\/EninterAscensores","https:\/\/x.com\/Eninter","https:\/\/www.instagram.com\/eninterascensores\/","https:\/\/www.youtube.com\/user\/ascensoreseninter"]},{"@type":"Person","@id":"https:\/\/www.eninter.com\/ca\/#\/schema\/person\/e6178c261ac4210884c0e0264dd59043","name":"Albert Puig","image":{"@type":"ImageObject","inLanguage":"ca","@id":"https:\/\/secure.gravatar.com\/avatar\/583d07f3f1036f58d0e44e873586278b582179a16b27a5b3951504e9ee001c06?s=96&d=mm&r=g","url":"https:\/\/secure.gravatar.com\/avatar\/583d07f3f1036f58d0e44e873586278b582179a16b27a5b3951504e9ee001c06?s=96&d=mm&r=g","contentUrl":"https:\/\/secure.gravatar.com\/avatar\/583d07f3f1036f58d0e44e873586278b582179a16b27a5b3951504e9ee001c06?s=96&d=mm&r=g","caption":"Albert Puig"}}]}},"_links":{"self":[{"href":"https:\/\/www.eninter.com\/ca\/wp-json\/wp\/v2\/posts\/9050","targetHints":{"allow":["GET"]}}],"collection":[{"href":"https:\/\/www.eninter.com\/ca\/wp-json\/wp\/v2\/posts"}],"about":[{"href":"https:\/\/www.eninter.com\/ca\/wp-json\/wp\/v2\/types\/post"}],"author":[{"embeddable":true,"href":"https:\/\/www.eninter.com\/ca\/wp-json\/wp\/v2\/users\/3"}],"replies":[{"embeddable":true,"href":"https:\/\/www.eninter.com\/ca\/wp-json\/wp\/v2\/comments?post=9050"}],"version-history":[{"count":0,"href":"https:\/\/www.eninter.com\/ca\/wp-json\/wp\/v2\/posts\/9050\/revisions"}],"wp:featuredmedia":[{"embeddable":true,"href":"https:\/\/www.eninter.com\/ca\/wp-json\/wp\/v2\/media\/7665"}],"wp:attachment":[{"href":"https:\/\/www.eninter.com\/ca\/wp-json\/wp\/v2\/media?parent=9050"}],"wp:term":[{"taxonomy":"category","embeddable":true,"href":"https:\/\/www.eninter.com\/ca\/wp-json\/wp\/v2\/categories?post=9050"},{"taxonomy":"post_tag","embeddable":true,"href":"https:\/\/www.eninter.com\/ca\/wp-json\/wp\/v2\/tags?post=9050"}],"curies":[{"name":"wp","href":"https:\/\/api.w.org\/{rel}","templated":true}]}}