{"id":9054,"date":"2021-03-24T10:39:39","date_gmt":"2021-03-24T09:39:39","guid":{"rendered":"https:\/\/www.eninter.com\/maria-luisa-si-no-haguessim-pogut-disposar-del-servei-deninter-ascensores-i-accedan-hauriem-tingut-un-gran-problema\/"},"modified":"2026-01-28T10:45:13","modified_gmt":"2026-01-28T09:45:13","slug":"maria-luisa-si-no-haguessim-pogut-disposar-del-servei-deninter-ascensores-i-accedan-hauriem-tingut-un-gran-problema","status":"publish","type":"post","link":"https:\/\/www.eninter.com\/ca\/maria-luisa-si-no-haguessim-pogut-disposar-del-servei-deninter-ascensores-i-accedan-hauriem-tingut-un-gran-problema\/","title":{"rendered":"Mar\u00eda Luisa: &#8220;Si no hagu\u00e9ssim pogut disposar del servei d&#8217;Eninter Ascensores i Accedan, haur\u00edem tingut un gran problema&#8221;"},"content":{"rendered":"<p>Malgrat les dif\u00edcils circumst\u00e0ncies sanit\u00e0ries que estem vivint, a Eninter Ascensores mai hem oblidat que el nostre objectiu m\u00e0xim \u00e9s millorar la qualitat de vida dels nostres clients, per aix\u00f2, fa uns mesos us present\u00e0vem el <a href=\"https:\/\/www.eninter.com\/blog\/los-primeros-en-ofrecer-movilidad-a-nuestros-clientes-incluso-en-periodos-de-averia\/\">servei d&#8217;Accessibilitat 100%<\/a>. Es tracta d&#8217;un servei dissenyat per solucionar les dificultats a qu\u00e8 s&#8217;enfronten les persones amb mobilitat redu\u00efda en el cas que l&#8217;ascensor pateixi una avaria.<\/p>\n<p>Aquest servei l&#8217;hem posat en marxa gr\u00e0cies a la col\u00b7laboraci\u00f3 <a href=\"https:\/\/www.accedan.com\/\">d&#8217;Accedan<\/a>, una empresa especialitzada en accessibilitat global, al servei de les persones amb mobilitat redu\u00efda que garanteix professionalitat, sensibilitat i el millor tracte hum\u00e0.<\/p>\n<p>Avui parlem amb Mar\u00eda Luisa, una de les primeres clientes a gaudir d&#8217;aquest servei. Es va veure obligada a trobar una soluci\u00f3 per a la seva mare, quan es va enfrontar al problema que aquesta acabava de ser operada del genoll i l&#8217;ascensor de l&#8217;habitatge estava avariat.<\/p>\n<p>Ens explica la seva experi\u00e8ncia amb el nostre servei d&#8217;accessibilitat 100%.<\/p>\n<p><strong>Com va con\u00e8ixer vost\u00e8 el servei d&#8217;Eninter Ascensores i Accedan?<\/strong><\/p>\n<p>Quan la meva mare es va haver d&#8217;operar, l&#8217;ascensor estava malm\u00e8tom i ens vam veure obligades a trobar una soluci\u00f3. En exposar-li el problema al t\u00e8cnic de l&#8217;ascensor, ens va comentar que col\u00b7laboraven amb una empresa per oferir un servei que consistia que, en cas d&#8217;avaria a l&#8217;ascensor, acudia un professional per encarregar-se de la mobilitat de la persona que ho requeria.<\/p>\n<p><strong>Com va demanar aquest servei?<\/strong><\/p>\n<p>Vaig trucar a Eninter Ascensores i em van posar en contacte amb Accedan. Els vaig comentar el meu cas, i en tan sols 5 minuts em van explicar el servei i em van solucionar el problema. Va ser molt r\u00e0pida la resposta per la seva part.<\/p>\n<p><strong>Si no hagu\u00e9s pogut disposar d&#8217;aquest servei, hagu\u00e9s tingut un problema important, veritat?<\/strong><\/p>\n<p>Si no hagu\u00e9ssim pogut disposar d&#8217;aquest servei, hagu\u00e9ssim tingut un problema for\u00e7a important, ja que es tractava d&#8217;una persona que s&#8217;acabava d&#8217;operar del genoll. No hagu\u00e9s pogut pujar dos pisos per les escales de cap manera.<\/p>\n<p>Per sort, des d&#8217;Accedan ens van demanar que una vegada que la meva mare tingu\u00e9s l&#8217;alta de l&#8217;hospital, els truqu\u00e9ssim i acudirien al nostre domicili. I aix\u00ed va ser. La persona que ens va atendre va ser molt amable en tot moment, i ens va oferir un servei excel\u00b7lent.<\/p>\n<p><strong>Qu\u00e8 li van semblar els salvaescales electr\u00f2nics que es van utilitzar?<\/strong><\/p>\n<p>Els salvaescales em van semblar molt \u00fatils. \u00c9s la primera vegada que veig aquest aparell i el servei en si, ja que mai s&#8217;havia ofert en aquest barri. Em va semblar genial i vam rebre un molt bon tracte.<\/p>\n<p><strong>Vost\u00e8 recomanaria a la resta de ve\u00efns que tinguin el contracte amb Eninter Ascensores i Accedan?<\/strong><\/p>\n<p>Ho recomanaria sense cap dubte. A m\u00e9s, tant per part d&#8217;Eninter com d&#8217;Accedan, el tracte i el servei ofert ha estat excel\u00b7lent, del qual m&#8217;agradaria destacar la puntualitat per venir a ajudar-nos.<\/p>\n","protected":false},"excerpt":{"rendered":"<p>Malgrat les dif\u00edcils circumst\u00e0ncies sanit\u00e0ries que estem vivint, a Eninter Ascensores mai hem oblidat que el nostre objectiu m\u00e0xim \u00e9s millorar la qualitat de vida dels nostres clients, per aix\u00f2, fa uns mesos us present\u00e0vem el servei d&#8217;Accessibilitat 100%. Es tracta d&#8217;un servei dissenyat per solucionar les dificultats a qu\u00e8 s&#8217;enfronten les persones amb mobilitat [&hellip;]<\/p>\n","protected":false},"author":3,"featured_media":7669,"comment_status":"closed","ping_status":"closed","sticky":false,"template":"","format":"standard","meta":{"_acf_changed":false,"content-type":"","footnotes":""},"categories":[223],"tags":[],"class_list":["post-9054","post","type-post","status-publish","format-standard","has-post-thumbnail","hentry","category-accessibilitat"],"acf":[],"_yoast_wpseo_focuskw":"eninteressen","_yoast_wpseo_metadesc":null,"yoast_head":"<!-- This site is optimized with the Yoast SEO Premium plugin v21.6 (Yoast SEO v27.5) - https:\/\/yoast.com\/product\/yoast-seo-premium-wordpress\/ -->\n<title>Mar\u00eda Luisa: &quot;Si no hagu\u00e9ssim pogut disposar del servei d&#039;Eninter Ascensores i Accedan, haur\u00edem tingut un gran problema&quot; - ENINTER<\/title>\n<meta name=\"robots\" content=\"index, follow, max-snippet:-1, max-image-preview:large, max-video-preview:-1\" \/>\n<link rel=\"canonical\" href=\"https:\/\/www.eninter.com\/ca\/maria-luisa-si-no-haguessim-pogut-disposar-del-servei-deninter-ascensores-i-accedan-hauriem-tingut-un-gran-problema\/\" \/>\n<meta property=\"og:locale\" content=\"ca_ES\" \/>\n<meta property=\"og:type\" content=\"article\" \/>\n<meta property=\"og:title\" content=\"Mar\u00eda Luisa: &quot;Si no hagu\u00e9ssim pogut disposar del servei d&#039;Eninter Ascensores i Accedan, haur\u00edem tingut un gran problema&quot;\" \/>\n<meta property=\"og:description\" content=\"Malgrat les dif\u00edcils circumst\u00e0ncies sanit\u00e0ries que estem vivint, a Eninter Ascensores mai hem oblidat que el nostre objectiu m\u00e0xim \u00e9s millorar la qualitat de vida dels nostres clients, per aix\u00f2, fa uns mesos us present\u00e0vem el servei d&#8217;Accessibilitat 100%. Es tracta d&#8217;un servei dissenyat per solucionar les dificultats a qu\u00e8 s&#8217;enfronten les persones amb mobilitat [&hellip;]\" \/>\n<meta property=\"og:url\" content=\"https:\/\/www.eninter.com\/ca\/maria-luisa-si-no-haguessim-pogut-disposar-del-servei-deninter-ascensores-i-accedan-hauriem-tingut-un-gran-problema\/\" \/>\n<meta property=\"og:site_name\" content=\"ENINTER\" \/>\n<meta property=\"article:publisher\" content=\"https:\/\/www.facebook.com\/EninterAscensores\" \/>\n<meta property=\"article:published_time\" content=\"2021-03-24T09:39:39+00:00\" \/>\n<meta property=\"article:modified_time\" content=\"2026-01-28T09:45:13+00:00\" \/>\n<meta property=\"og:image\" content=\"https:\/\/www.eninter.com\/wp-content\/uploads\/2021\/03\/eninter-accedan.png\" \/>\n\t<meta property=\"og:image:width\" content=\"770\" \/>\n\t<meta property=\"og:image:height\" content=\"514\" \/>\n\t<meta property=\"og:image:type\" content=\"image\/png\" \/>\n<meta name=\"author\" content=\"Albert Puig\" \/>\n<meta name=\"twitter:card\" content=\"summary_large_image\" \/>\n<meta name=\"twitter:creator\" content=\"@Eninter\" \/>\n<meta name=\"twitter:site\" content=\"@Eninter\" \/>\n<meta name=\"twitter:label1\" content=\"Escrit per\" \/>\n\t<meta name=\"twitter:data1\" content=\"Albert Puig\" \/>\n\t<meta name=\"twitter:label2\" content=\"Temps estimat de lectura\" \/>\n\t<meta name=\"twitter:data2\" content=\"3 minuts\" \/>\n<!-- \/ Yoast SEO Premium plugin. -->","yoast_head_json":{"title":"Mar\u00eda Luisa: \"Si no hagu\u00e9ssim pogut disposar del servei d'Eninter Ascensores i Accedan, haur\u00edem tingut un gran problema\" - ENINTER","robots":{"index":"index","follow":"follow","max-snippet":"max-snippet:-1","max-image-preview":"max-image-preview:large","max-video-preview":"max-video-preview:-1"},"canonical":"https:\/\/www.eninter.com\/ca\/maria-luisa-si-no-haguessim-pogut-disposar-del-servei-deninter-ascensores-i-accedan-hauriem-tingut-un-gran-problema\/","og_locale":"ca_ES","og_type":"article","og_title":"Mar\u00eda Luisa: \"Si no hagu\u00e9ssim pogut disposar del servei d'Eninter Ascensores i Accedan, haur\u00edem tingut un gran problema\"","og_description":"Malgrat les dif\u00edcils circumst\u00e0ncies sanit\u00e0ries que estem vivint, a Eninter Ascensores mai hem oblidat que el nostre objectiu m\u00e0xim \u00e9s millorar la qualitat de vida dels nostres clients, per aix\u00f2, fa uns mesos us present\u00e0vem el servei d&#8217;Accessibilitat 100%. Es tracta d&#8217;un servei dissenyat per solucionar les dificultats a qu\u00e8 s&#8217;enfronten les persones amb mobilitat [&hellip;]","og_url":"https:\/\/www.eninter.com\/ca\/maria-luisa-si-no-haguessim-pogut-disposar-del-servei-deninter-ascensores-i-accedan-hauriem-tingut-un-gran-problema\/","og_site_name":"ENINTER","article_publisher":"https:\/\/www.facebook.com\/EninterAscensores","article_published_time":"2021-03-24T09:39:39+00:00","article_modified_time":"2026-01-28T09:45:13+00:00","og_image":[{"width":770,"height":514,"url":"https:\/\/www.eninter.com\/wp-content\/uploads\/2021\/03\/eninter-accedan.png","type":"image\/png"}],"author":"Albert Puig","twitter_card":"summary_large_image","twitter_creator":"@Eninter","twitter_site":"@Eninter","twitter_misc":{"Escrit per":"Albert Puig","Temps estimat de lectura":"3 minuts"},"schema":{"@context":"https:\/\/schema.org","@graph":[{"@type":"Article","@id":"https:\/\/www.eninter.com\/ca\/maria-luisa-si-no-haguessim-pogut-disposar-del-servei-deninter-ascensores-i-accedan-hauriem-tingut-un-gran-problema\/#article","isPartOf":{"@id":"https:\/\/www.eninter.com\/ca\/maria-luisa-si-no-haguessim-pogut-disposar-del-servei-deninter-ascensores-i-accedan-hauriem-tingut-un-gran-problema\/"},"author":{"name":"Albert Puig","@id":"https:\/\/www.eninter.com\/ca\/#\/schema\/person\/e6178c261ac4210884c0e0264dd59043"},"headline":"Mar\u00eda Luisa: &#8220;Si no hagu\u00e9ssim pogut disposar del servei d&#8217;Eninter Ascensores i Accedan, haur\u00edem tingut un gran problema&#8221;","datePublished":"2021-03-24T09:39:39+00:00","dateModified":"2026-01-28T09:45:13+00:00","mainEntityOfPage":{"@id":"https:\/\/www.eninter.com\/ca\/maria-luisa-si-no-haguessim-pogut-disposar-del-servei-deninter-ascensores-i-accedan-hauriem-tingut-un-gran-problema\/"},"wordCount":551,"publisher":{"@id":"https:\/\/www.eninter.com\/ca\/#organization"},"image":{"@id":"https:\/\/www.eninter.com\/ca\/maria-luisa-si-no-haguessim-pogut-disposar-del-servei-deninter-ascensores-i-accedan-hauriem-tingut-un-gran-problema\/#primaryimage"},"thumbnailUrl":"https:\/\/www.eninter.com\/wp-content\/uploads\/2021\/03\/eninter-accedan.png","articleSection":["Accessibilitat"],"inLanguage":"ca"},{"@type":"WebPage","@id":"https:\/\/www.eninter.com\/ca\/maria-luisa-si-no-haguessim-pogut-disposar-del-servei-deninter-ascensores-i-accedan-hauriem-tingut-un-gran-problema\/","url":"https:\/\/www.eninter.com\/ca\/maria-luisa-si-no-haguessim-pogut-disposar-del-servei-deninter-ascensores-i-accedan-hauriem-tingut-un-gran-problema\/","name":"Mar\u00eda Luisa: \"Si no hagu\u00e9ssim pogut disposar del servei d'Eninter Ascensores i Accedan, haur\u00edem tingut un gran problema\" - ENINTER","isPartOf":{"@id":"https:\/\/www.eninter.com\/ca\/#website"},"primaryImageOfPage":{"@id":"https:\/\/www.eninter.com\/ca\/maria-luisa-si-no-haguessim-pogut-disposar-del-servei-deninter-ascensores-i-accedan-hauriem-tingut-un-gran-problema\/#primaryimage"},"image":{"@id":"https:\/\/www.eninter.com\/ca\/maria-luisa-si-no-haguessim-pogut-disposar-del-servei-deninter-ascensores-i-accedan-hauriem-tingut-un-gran-problema\/#primaryimage"},"thumbnailUrl":"https:\/\/www.eninter.com\/wp-content\/uploads\/2021\/03\/eninter-accedan.png","datePublished":"2021-03-24T09:39:39+00:00","dateModified":"2026-01-28T09:45:13+00:00","breadcrumb":{"@id":"https:\/\/www.eninter.com\/ca\/maria-luisa-si-no-haguessim-pogut-disposar-del-servei-deninter-ascensores-i-accedan-hauriem-tingut-un-gran-problema\/#breadcrumb"},"inLanguage":"ca","potentialAction":[{"@type":"ReadAction","target":["https:\/\/www.eninter.com\/ca\/maria-luisa-si-no-haguessim-pogut-disposar-del-servei-deninter-ascensores-i-accedan-hauriem-tingut-un-gran-problema\/"]}]},{"@type":"ImageObject","inLanguage":"ca","@id":"https:\/\/www.eninter.com\/ca\/maria-luisa-si-no-haguessim-pogut-disposar-del-servei-deninter-ascensores-i-accedan-hauriem-tingut-un-gran-problema\/#primaryimage","url":"https:\/\/www.eninter.com\/wp-content\/uploads\/2021\/03\/eninter-accedan.png","contentUrl":"https:\/\/www.eninter.com\/wp-content\/uploads\/2021\/03\/eninter-accedan.png","width":770,"height":514},{"@type":"BreadcrumbList","@id":"https:\/\/www.eninter.com\/ca\/maria-luisa-si-no-haguessim-pogut-disposar-del-servei-deninter-ascensores-i-accedan-hauriem-tingut-un-gran-problema\/#breadcrumb","itemListElement":[{"@type":"ListItem","position":1,"name":"Portada","item":"https:\/\/www.eninter.com\/ca\/"},{"@type":"ListItem","position":2,"name":"Mar\u00eda Luisa: &#8220;Si no hagu\u00e9ssim pogut disposar del servei d&#8217;Eninter Ascensores i Accedan, haur\u00edem tingut un gran problema&#8221;"}]},{"@type":"WebSite","@id":"https:\/\/www.eninter.com\/ca\/#website","url":"https:\/\/www.eninter.com\/ca\/","name":"ENINTER","description":"Mantenimiento de Ascensores Multimarca","publisher":{"@id":"https:\/\/www.eninter.com\/ca\/#organization"},"potentialAction":[{"@type":"SearchAction","target":{"@type":"EntryPoint","urlTemplate":"https:\/\/www.eninter.com\/ca\/?s={search_term_string}"},"query-input":{"@type":"PropertyValueSpecification","valueRequired":true,"valueName":"search_term_string"}}],"inLanguage":"ca"},{"@type":"Organization","@id":"https:\/\/www.eninter.com\/ca\/#organization","name":"Eniter","url":"https:\/\/www.eninter.com\/ca\/","logo":{"@type":"ImageObject","inLanguage":"ca","@id":"https:\/\/www.eninter.com\/ca\/#\/schema\/logo\/image\/","url":"https:\/\/www.eninter.com\/wp-content\/uploads\/2023\/08\/logo-eninter-png.png","contentUrl":"https:\/\/www.eninter.com\/wp-content\/uploads\/2023\/08\/logo-eninter-png.png","width":600,"height":340,"caption":"Eniter"},"image":{"@id":"https:\/\/www.eninter.com\/ca\/#\/schema\/logo\/image\/"},"sameAs":["https:\/\/www.facebook.com\/EninterAscensores","https:\/\/x.com\/Eninter","https:\/\/www.instagram.com\/eninterascensores\/","https:\/\/www.youtube.com\/user\/ascensoreseninter"]},{"@type":"Person","@id":"https:\/\/www.eninter.com\/ca\/#\/schema\/person\/e6178c261ac4210884c0e0264dd59043","name":"Albert Puig","image":{"@type":"ImageObject","inLanguage":"ca","@id":"https:\/\/secure.gravatar.com\/avatar\/583d07f3f1036f58d0e44e873586278b582179a16b27a5b3951504e9ee001c06?s=96&d=mm&r=g","url":"https:\/\/secure.gravatar.com\/avatar\/583d07f3f1036f58d0e44e873586278b582179a16b27a5b3951504e9ee001c06?s=96&d=mm&r=g","contentUrl":"https:\/\/secure.gravatar.com\/avatar\/583d07f3f1036f58d0e44e873586278b582179a16b27a5b3951504e9ee001c06?s=96&d=mm&r=g","caption":"Albert Puig"}}]}},"_links":{"self":[{"href":"https:\/\/www.eninter.com\/ca\/wp-json\/wp\/v2\/posts\/9054","targetHints":{"allow":["GET"]}}],"collection":[{"href":"https:\/\/www.eninter.com\/ca\/wp-json\/wp\/v2\/posts"}],"about":[{"href":"https:\/\/www.eninter.com\/ca\/wp-json\/wp\/v2\/types\/post"}],"author":[{"embeddable":true,"href":"https:\/\/www.eninter.com\/ca\/wp-json\/wp\/v2\/users\/3"}],"replies":[{"embeddable":true,"href":"https:\/\/www.eninter.com\/ca\/wp-json\/wp\/v2\/comments?post=9054"}],"version-history":[{"count":1,"href":"https:\/\/www.eninter.com\/ca\/wp-json\/wp\/v2\/posts\/9054\/revisions"}],"predecessor-version":[{"id":35622,"href":"https:\/\/www.eninter.com\/ca\/wp-json\/wp\/v2\/posts\/9054\/revisions\/35622"}],"wp:featuredmedia":[{"embeddable":true,"href":"https:\/\/www.eninter.com\/ca\/wp-json\/wp\/v2\/media\/7669"}],"wp:attachment":[{"href":"https:\/\/www.eninter.com\/ca\/wp-json\/wp\/v2\/media?parent=9054"}],"wp:term":[{"taxonomy":"category","embeddable":true,"href":"https:\/\/www.eninter.com\/ca\/wp-json\/wp\/v2\/categories?post=9054"},{"taxonomy":"post_tag","embeddable":true,"href":"https:\/\/www.eninter.com\/ca\/wp-json\/wp\/v2\/tags?post=9054"}],"curies":[{"name":"wp","href":"https:\/\/api.w.org\/{rel}","templated":true}]}}