{"id":9055,"date":"2021-03-08T09:53:39","date_gmt":"2021-03-08T08:53:39","guid":{"rendered":"https:\/\/www.eninter.com\/el-covid-19-dins-dun-ascensor-com-minimitzar-el-risc-de-contagi\/"},"modified":"2026-01-28T10:47:11","modified_gmt":"2026-01-28T09:47:11","slug":"el-covid-19-dins-dun-ascensor-com-minimitzar-el-risc-de-contagi","status":"publish","type":"post","link":"https:\/\/www.eninter.com\/ca\/el-covid-19-dins-dun-ascensor-com-minimitzar-el-risc-de-contagi\/","title":{"rendered":"El COVID-19 dins d&#8217;un ascensor: com minimitzar el risc de contagi"},"content":{"rendered":"<p>A Eninter Ascensores, tractem di\u00e0riament de millorar la qualitat de vida de les persones. Per aquest motiu, en la situaci\u00f3 excepcional que estem vivint des de principi de 2020, considerem que \u00e9s de vital import\u00e0ncia con\u00e8ixer les mesures necess\u00e0ries per reduir al m\u00e0xim el risc de contagi de Covid-19 als ascensors.<\/p>\n<p>La dist\u00e0ncia de seguretat \u00e9s una de les principals mesures que s&#8217;han de prendre per minimitzar els riscos de contagi de coronavirus. Per\u00f2, hi ha situacions en el nostre dia a dia en les quals, de vegades, \u00e9s impossible respectar al complet aquest tipus de mesures, com per exemple, en utilitzar un ascensor.<\/p>\n<p>Els ascensors s\u00f3n espais generalment redu\u00efts i que, en ocasions, aglutinen un nombre elevat de persones en relaci\u00f3 amb l&#8217; espai proporcionat. Tot i aix\u00ed, des de l&#8217;inici de la pand\u00e8mia, hi ha hagut molt pocs casos en els quals els ascensors hagin suposat un focus important d&#8217;infecci\u00f3. Aix\u00f2 no treu que, evidentment, s&#8217;hagin de prendre unes determinades precaucions per minimitzar al m\u00e0xim les probabilitats de contagi, tant en el seu \u00fas com en el seu manteniment i higiene.<\/p>\n<p>&nbsp;<\/p>\n<h2><strong>Quines precaucions haig de tenir en compte en fer servir un ascensor?<\/strong><\/h2>\n<p>S\u00f3n moltes les mesures que es poden prendre per evitar contagis en un ascensor. De tota manera, aquests no s\u00f3n uns espais en els quals el risc sigui molt elevat. Segons el Doctor Juan Pablo Horcajada, cap del Servei de Malalties Infeccioses i Coordinador COVID-19 de l&#8217;Hospital del Mar de Barcelona, el nombre de contagiats per coronavirus hagu\u00e9s estat molt m\u00e9s gran si realment els ascensors suposessin un perill\u00f3s focus de contagi. Igualment, destaca unes recomanacions b\u00e0siques a tenir en compte: <em>&#8220;No compartir mai ascensor, portar sempre la mascareta posada i higiene de mans abans i despr\u00e9s d&#8217;utilitzar-lo, perqu\u00e8 tothom toca botons i portes&#8221;.<\/em><\/p>\n<p>De manera resumida, les diferents mesures que poden reduir el risc de contagi, s\u00f3n les seg\u00fcents:<\/p>\n<ul>\n<li>Utilitzar l&#8217; ascensor de manera individual<\/li>\n<li>En el cas de compartir ascensor, mantenir-se el m\u00e9s apartat possible<\/li>\n<li>Portar la mascareta posada en tot moment<\/li>\n<li>Usar gel hidroalcoh\u00f2lic abans i despr\u00e9s d&#8217;agafar l&#8217;ascensor<\/li>\n<\/ul>\n<p>Si a m\u00e9s de tenir en compte aquestes precaucions, l&#8217;edifici mant\u00e9 ventilats els espais comuns i es duen a terme tasques de manteniment i desinfecci\u00f3 als ascensors de manera freq\u00fcent, les possibilitats de contagi s\u00f3n m\u00ednimes. Tamb\u00e9 s&#8217; ha de valorar l&#8217; opci\u00f3 de ventilar l&#8217; ascensor, ja que no \u00e9s un espai opac i per tant \u00e9s una mesura viable que elevaria substancialment la seva seguretat, sempre que es tinguin en compte les precaucions exposades anteriorment.<\/p>\n<p>&nbsp;<\/p>\n<h2><strong>Higiene de l&#8217; ascensor<\/strong><\/h2>\n<p>Pel que fa a la neteja i desinfecci\u00f3 de l&#8217;ascensor, la informaci\u00f3 proporcionada per la Generalitat recomana l&#8217;\u00fas dels detergents utilitzats habitualment al local i detalla les zones en les quals s&#8217;ha d&#8217;intensificar la neteja, entre elles, els interruptors, botoneres dels ascensors, manilles, poms i baranes. Encara que de manera general les superf\u00edcies no siguin una amena\u00e7a directa, aquestes s\u00ed que podrien ser-ho a causa del continu moviment i activitat que mant\u00e9 el virus actiu.<\/p>\n<p>Els ascensors s\u00f3n espais necessaris i en alguns casos ens veiem obligats a utilitzar-los. Per aquest motiu no podem descartar-los, per\u00f2 s&#8217;ha de fer un \u00fas responsable i prendre les m\u00e0ximes mesures possibles, tant per part de l&#8217;usuari com per part del centre o local que el mant\u00e9, i d&#8217;aquesta manera \u00e9s possible minimitzar al m\u00e0xim els riscos de contagi.<\/p>\n<p>Finalment, en cas de no poder esperar a utilitzar l&#8217;ascensor de manera individual, sempre quedaran les escales.<\/p>\n","protected":false},"excerpt":{"rendered":"<p>A Eninter Ascensores, tractem di\u00e0riament de millorar la qualitat de vida de les persones. Per aquest motiu, en la situaci\u00f3 excepcional que estem vivint des de principi de 2020, considerem que \u00e9s de vital import\u00e0ncia con\u00e8ixer les mesures necess\u00e0ries per reduir al m\u00e0xim el risc de contagi de Covid-19 als ascensors. La dist\u00e0ncia de seguretat [&hellip;]<\/p>\n","protected":false},"author":3,"featured_media":7671,"comment_status":"closed","ping_status":"closed","sticky":false,"template":"","format":"standard","meta":{"_acf_changed":false,"content-type":"","footnotes":""},"categories":[221],"tags":[],"class_list":["post-9055","post","type-post","status-publish","format-standard","has-post-thumbnail","hentry","category-ascensors"],"acf":[],"_yoast_wpseo_focuskw":"covid19-dins-ascensor","_yoast_wpseo_metadesc":null,"yoast_head":"<!-- This site is optimized with the Yoast SEO Premium plugin v21.6 (Yoast SEO v27.5) - https:\/\/yoast.com\/product\/yoast-seo-premium-wordpress\/ -->\n<title>El COVID-19 dins d&#039;un ascensor: com minimitzar el risc de contagi - ENINTER<\/title>\n<meta name=\"robots\" content=\"index, follow, max-snippet:-1, max-image-preview:large, max-video-preview:-1\" \/>\n<link rel=\"canonical\" href=\"https:\/\/www.eninter.com\/ca\/el-covid-19-dins-dun-ascensor-com-minimitzar-el-risc-de-contagi\/\" \/>\n<meta property=\"og:locale\" content=\"ca_ES\" \/>\n<meta property=\"og:type\" content=\"article\" \/>\n<meta property=\"og:title\" content=\"El COVID-19 dins d&#039;un ascensor: com minimitzar el risc de contagi\" \/>\n<meta property=\"og:description\" content=\"A Eninter Ascensores, tractem di\u00e0riament de millorar la qualitat de vida de les persones. Per aquest motiu, en la situaci\u00f3 excepcional que estem vivint des de principi de 2020, considerem que \u00e9s de vital import\u00e0ncia con\u00e8ixer les mesures necess\u00e0ries per reduir al m\u00e0xim el risc de contagi de Covid-19 als ascensors. La dist\u00e0ncia de seguretat [&hellip;]\" \/>\n<meta property=\"og:url\" content=\"https:\/\/www.eninter.com\/ca\/el-covid-19-dins-dun-ascensor-com-minimitzar-el-risc-de-contagi\/\" \/>\n<meta property=\"og:site_name\" content=\"ENINTER\" \/>\n<meta property=\"article:publisher\" content=\"https:\/\/www.facebook.com\/EninterAscensores\" \/>\n<meta property=\"article:published_time\" content=\"2021-03-08T08:53:39+00:00\" \/>\n<meta property=\"article:modified_time\" content=\"2026-01-28T09:47:11+00:00\" \/>\n<meta property=\"og:image\" content=\"https:\/\/www.eninter.com\/wp-content\/uploads\/2021\/03\/covid19-dentro-ascensor.png\" \/>\n\t<meta property=\"og:image:width\" content=\"770\" \/>\n\t<meta property=\"og:image:height\" content=\"514\" \/>\n\t<meta property=\"og:image:type\" content=\"image\/png\" \/>\n<meta name=\"author\" content=\"Albert Puig\" \/>\n<meta name=\"twitter:card\" content=\"summary_large_image\" \/>\n<meta name=\"twitter:creator\" content=\"@Eninter\" \/>\n<meta name=\"twitter:site\" content=\"@Eninter\" \/>\n<meta name=\"twitter:label1\" content=\"Escrit per\" \/>\n\t<meta name=\"twitter:data1\" content=\"Albert Puig\" \/>\n\t<meta name=\"twitter:label2\" content=\"Temps estimat de lectura\" \/>\n\t<meta name=\"twitter:data2\" content=\"3 minuts\" \/>\n<!-- \/ Yoast SEO Premium plugin. -->","yoast_head_json":{"title":"El COVID-19 dins d'un ascensor: com minimitzar el risc de contagi - ENINTER","robots":{"index":"index","follow":"follow","max-snippet":"max-snippet:-1","max-image-preview":"max-image-preview:large","max-video-preview":"max-video-preview:-1"},"canonical":"https:\/\/www.eninter.com\/ca\/el-covid-19-dins-dun-ascensor-com-minimitzar-el-risc-de-contagi\/","og_locale":"ca_ES","og_type":"article","og_title":"El COVID-19 dins d'un ascensor: com minimitzar el risc de contagi","og_description":"A Eninter Ascensores, tractem di\u00e0riament de millorar la qualitat de vida de les persones. Per aquest motiu, en la situaci\u00f3 excepcional que estem vivint des de principi de 2020, considerem que \u00e9s de vital import\u00e0ncia con\u00e8ixer les mesures necess\u00e0ries per reduir al m\u00e0xim el risc de contagi de Covid-19 als ascensors. La dist\u00e0ncia de seguretat [&hellip;]","og_url":"https:\/\/www.eninter.com\/ca\/el-covid-19-dins-dun-ascensor-com-minimitzar-el-risc-de-contagi\/","og_site_name":"ENINTER","article_publisher":"https:\/\/www.facebook.com\/EninterAscensores","article_published_time":"2021-03-08T08:53:39+00:00","article_modified_time":"2026-01-28T09:47:11+00:00","og_image":[{"width":770,"height":514,"url":"https:\/\/www.eninter.com\/wp-content\/uploads\/2021\/03\/covid19-dentro-ascensor.png","type":"image\/png"}],"author":"Albert Puig","twitter_card":"summary_large_image","twitter_creator":"@Eninter","twitter_site":"@Eninter","twitter_misc":{"Escrit per":"Albert Puig","Temps estimat de lectura":"3 minuts"},"schema":{"@context":"https:\/\/schema.org","@graph":[{"@type":"Article","@id":"https:\/\/www.eninter.com\/ca\/el-covid-19-dins-dun-ascensor-com-minimitzar-el-risc-de-contagi\/#article","isPartOf":{"@id":"https:\/\/www.eninter.com\/ca\/el-covid-19-dins-dun-ascensor-com-minimitzar-el-risc-de-contagi\/"},"author":{"name":"Albert Puig","@id":"https:\/\/www.eninter.com\/ca\/#\/schema\/person\/e6178c261ac4210884c0e0264dd59043"},"headline":"El COVID-19 dins d&#8217;un ascensor: com minimitzar el risc de contagi","datePublished":"2021-03-08T08:53:39+00:00","dateModified":"2026-01-28T09:47:11+00:00","mainEntityOfPage":{"@id":"https:\/\/www.eninter.com\/ca\/el-covid-19-dins-dun-ascensor-com-minimitzar-el-risc-de-contagi\/"},"wordCount":641,"publisher":{"@id":"https:\/\/www.eninter.com\/ca\/#organization"},"image":{"@id":"https:\/\/www.eninter.com\/ca\/el-covid-19-dins-dun-ascensor-com-minimitzar-el-risc-de-contagi\/#primaryimage"},"thumbnailUrl":"https:\/\/www.eninter.com\/wp-content\/uploads\/2021\/03\/covid19-dentro-ascensor.png","articleSection":["Ascensors"],"inLanguage":"ca"},{"@type":"WebPage","@id":"https:\/\/www.eninter.com\/ca\/el-covid-19-dins-dun-ascensor-com-minimitzar-el-risc-de-contagi\/","url":"https:\/\/www.eninter.com\/ca\/el-covid-19-dins-dun-ascensor-com-minimitzar-el-risc-de-contagi\/","name":"El COVID-19 dins d'un ascensor: com minimitzar el risc de contagi - ENINTER","isPartOf":{"@id":"https:\/\/www.eninter.com\/ca\/#website"},"primaryImageOfPage":{"@id":"https:\/\/www.eninter.com\/ca\/el-covid-19-dins-dun-ascensor-com-minimitzar-el-risc-de-contagi\/#primaryimage"},"image":{"@id":"https:\/\/www.eninter.com\/ca\/el-covid-19-dins-dun-ascensor-com-minimitzar-el-risc-de-contagi\/#primaryimage"},"thumbnailUrl":"https:\/\/www.eninter.com\/wp-content\/uploads\/2021\/03\/covid19-dentro-ascensor.png","datePublished":"2021-03-08T08:53:39+00:00","dateModified":"2026-01-28T09:47:11+00:00","breadcrumb":{"@id":"https:\/\/www.eninter.com\/ca\/el-covid-19-dins-dun-ascensor-com-minimitzar-el-risc-de-contagi\/#breadcrumb"},"inLanguage":"ca","potentialAction":[{"@type":"ReadAction","target":["https:\/\/www.eninter.com\/ca\/el-covid-19-dins-dun-ascensor-com-minimitzar-el-risc-de-contagi\/"]}]},{"@type":"ImageObject","inLanguage":"ca","@id":"https:\/\/www.eninter.com\/ca\/el-covid-19-dins-dun-ascensor-com-minimitzar-el-risc-de-contagi\/#primaryimage","url":"https:\/\/www.eninter.com\/wp-content\/uploads\/2021\/03\/covid19-dentro-ascensor.png","contentUrl":"https:\/\/www.eninter.com\/wp-content\/uploads\/2021\/03\/covid19-dentro-ascensor.png","width":770,"height":514},{"@type":"BreadcrumbList","@id":"https:\/\/www.eninter.com\/ca\/el-covid-19-dins-dun-ascensor-com-minimitzar-el-risc-de-contagi\/#breadcrumb","itemListElement":[{"@type":"ListItem","position":1,"name":"Portada","item":"https:\/\/www.eninter.com\/ca\/"},{"@type":"ListItem","position":2,"name":"El COVID-19 dins d&#8217;un ascensor: com minimitzar el risc de contagi"}]},{"@type":"WebSite","@id":"https:\/\/www.eninter.com\/ca\/#website","url":"https:\/\/www.eninter.com\/ca\/","name":"ENINTER","description":"Mantenimiento de Ascensores Multimarca","publisher":{"@id":"https:\/\/www.eninter.com\/ca\/#organization"},"potentialAction":[{"@type":"SearchAction","target":{"@type":"EntryPoint","urlTemplate":"https:\/\/www.eninter.com\/ca\/?s={search_term_string}"},"query-input":{"@type":"PropertyValueSpecification","valueRequired":true,"valueName":"search_term_string"}}],"inLanguage":"ca"},{"@type":"Organization","@id":"https:\/\/www.eninter.com\/ca\/#organization","name":"Eniter","url":"https:\/\/www.eninter.com\/ca\/","logo":{"@type":"ImageObject","inLanguage":"ca","@id":"https:\/\/www.eninter.com\/ca\/#\/schema\/logo\/image\/","url":"https:\/\/www.eninter.com\/wp-content\/uploads\/2023\/08\/logo-eninter-png.png","contentUrl":"https:\/\/www.eninter.com\/wp-content\/uploads\/2023\/08\/logo-eninter-png.png","width":600,"height":340,"caption":"Eniter"},"image":{"@id":"https:\/\/www.eninter.com\/ca\/#\/schema\/logo\/image\/"},"sameAs":["https:\/\/www.facebook.com\/EninterAscensores","https:\/\/x.com\/Eninter","https:\/\/www.instagram.com\/eninterascensores\/","https:\/\/www.youtube.com\/user\/ascensoreseninter"]},{"@type":"Person","@id":"https:\/\/www.eninter.com\/ca\/#\/schema\/person\/e6178c261ac4210884c0e0264dd59043","name":"Albert Puig","image":{"@type":"ImageObject","inLanguage":"ca","@id":"https:\/\/secure.gravatar.com\/avatar\/583d07f3f1036f58d0e44e873586278b582179a16b27a5b3951504e9ee001c06?s=96&d=mm&r=g","url":"https:\/\/secure.gravatar.com\/avatar\/583d07f3f1036f58d0e44e873586278b582179a16b27a5b3951504e9ee001c06?s=96&d=mm&r=g","contentUrl":"https:\/\/secure.gravatar.com\/avatar\/583d07f3f1036f58d0e44e873586278b582179a16b27a5b3951504e9ee001c06?s=96&d=mm&r=g","caption":"Albert Puig"}}]}},"_links":{"self":[{"href":"https:\/\/www.eninter.com\/ca\/wp-json\/wp\/v2\/posts\/9055","targetHints":{"allow":["GET"]}}],"collection":[{"href":"https:\/\/www.eninter.com\/ca\/wp-json\/wp\/v2\/posts"}],"about":[{"href":"https:\/\/www.eninter.com\/ca\/wp-json\/wp\/v2\/types\/post"}],"author":[{"embeddable":true,"href":"https:\/\/www.eninter.com\/ca\/wp-json\/wp\/v2\/users\/3"}],"replies":[{"embeddable":true,"href":"https:\/\/www.eninter.com\/ca\/wp-json\/wp\/v2\/comments?post=9055"}],"version-history":[{"count":1,"href":"https:\/\/www.eninter.com\/ca\/wp-json\/wp\/v2\/posts\/9055\/revisions"}],"predecessor-version":[{"id":35623,"href":"https:\/\/www.eninter.com\/ca\/wp-json\/wp\/v2\/posts\/9055\/revisions\/35623"}],"wp:featuredmedia":[{"embeddable":true,"href":"https:\/\/www.eninter.com\/ca\/wp-json\/wp\/v2\/media\/7671"}],"wp:attachment":[{"href":"https:\/\/www.eninter.com\/ca\/wp-json\/wp\/v2\/media?parent=9055"}],"wp:term":[{"taxonomy":"category","embeddable":true,"href":"https:\/\/www.eninter.com\/ca\/wp-json\/wp\/v2\/categories?post=9055"},{"taxonomy":"post_tag","embeddable":true,"href":"https:\/\/www.eninter.com\/ca\/wp-json\/wp\/v2\/tags?post=9055"}],"curies":[{"name":"wp","href":"https:\/\/api.w.org\/{rel}","templated":true}]}}