{"id":9056,"date":"2021-03-03T15:00:53","date_gmt":"2021-03-03T15:00:53","guid":{"rendered":"https:\/\/www.eninter.com\/per-que-els-polsadors-deninter-ascensores-son-triangulars\/"},"modified":"2021-03-03T15:00:53","modified_gmt":"2021-03-03T15:00:53","slug":"per-que-els-polsadors-deninter-ascensores-son-triangulars","status":"publish","type":"post","link":"https:\/\/www.eninter.com\/ca\/per-que-els-polsadors-deninter-ascensores-son-triangulars\/","title":{"rendered":"Per qu\u00e8 els polsadors d&#8217;Eninter Ascensores s\u00f3n triangulars?"},"content":{"rendered":"<p>Diuen que tot t\u00e9 un per qu\u00e8 i el disseny triangular dels nostres polsadors tamb\u00e9 t\u00e9 una explicaci\u00f3.<\/p>\n<p>Molt probablement, molts ni us n&#8217;hi ha, per\u00f2 la seva forma \u00e9s un d&#8217;aquests petits detalls que ens diferencia. La majoria s\u00f3n rodones o quadrades per\u00f2, els nostres s\u00f3n triangulars amb una vora del color que ens representa: el verd. I aix\u00f2, no \u00e9s casualitat, amb els nostres polsadors tractem de transmetre un missatge a tots els nostres clients.<\/p>\n<p>Sabem que la vida \u00e9s un continu pujar i baixar i aix\u00ed ha de ser perqu\u00e8 viure en una l\u00ednia recta seria massa avorrit. Eninter Ascensores som una marca viva, creiem que en les pujades hi ha els grans reptes de la vida i en les baixades, el temps per gaudir dels fruits assolits.<\/p>\n<p>Per aix\u00f2, els nostres polsadors s\u00f3n triangulars perqu\u00e8 creiem que el moviment \u00e9s vida. En aquesta mateixa l\u00ednia, fa uns mesos, vam llancem la nostra campanya <a href=\"https:\/\/www.eninter.com\/blog\/eninterayuda-una-campana-para-subir-sin-limites\/\">#EninterAyuda<\/a>, protagonitzada per Maria, Dar\u00edo i Carme, tres valents que, gr\u00e0cies al seu esperit de superaci\u00f3 i la col\u00b7laboraci\u00f3 d&#8217;Eninter Ascensores, van aconseguir superar reptes que representaven pujades en les seves vides que mai haguessin cregut que serien capa\u00e7os de superar.<\/p>\n<p>El nostre logo \u00e9s un altre d&#8217;aquests petits detalls. Les fletxes verdes en direcci\u00f3 ascendent i descendent que l&#8217;acompanyen tracten de transmetre aquesta mateixa idea. El nostre color tampoc \u00e9s casualitat, el verd tecnol\u00f2gic que tant ens caracteritza, transmet que el moviment, l&#8217;adaptabilitat al canvi, l&#8217;actitud optimista i plena de vitalitat amb qu\u00e8 hem d&#8217;afrontar aquests reptes ser\u00e0 decisiva per superar-los. Davant les dificultats, no hem de perdre l&#8217;esperan\u00e7a i continuar confiant en nosaltres mateixos.<\/p>\n<p>Aix\u00ed que, a seguir pujant i baixant, a seguir vivint, a seguir creixent&#8230; perqu\u00e8 sense moviment, no hi ha vida. Nosaltres us seguirem acompanyant per fer m\u00e9s assequibles aquestes pujades, complint un dels objectius que ens empeny a seguir treballant dia a dia: millorar la qualitat de vida de les persones.<\/p>\n","protected":false},"excerpt":{"rendered":"<p>Diuen que tot t\u00e9 un per qu\u00e8 i el disseny triangular dels nostres polsadors tamb\u00e9 t\u00e9 una explicaci\u00f3. Molt probablement, molts ni us n&#8217;hi ha, per\u00f2 la seva forma \u00e9s un d&#8217;aquests petits detalls que ens diferencia. La majoria s\u00f3n rodones o quadrades per\u00f2, els nostres s\u00f3n triangulars amb una vora del color que ens [&hellip;]<\/p>\n","protected":false},"author":3,"featured_media":7673,"comment_status":"closed","ping_status":"closed","sticky":false,"template":"","format":"standard","meta":{"_acf_changed":false,"content-type":"","footnotes":""},"categories":[222],"tags":[],"class_list":["post-9056","post","type-post","status-publish","format-standard","has-post-thumbnail","hentry","category-sobre-eninter-ca"],"acf":[],"_yoast_wpseo_focuskw":"polsadors eninter triangulars","_yoast_wpseo_metadesc":null,"yoast_head":"<!-- This site is optimized with the Yoast SEO Premium plugin v21.6 (Yoast SEO v27.5) - https:\/\/yoast.com\/product\/yoast-seo-premium-wordpress\/ -->\n<title>Per qu\u00e8 els polsadors d&#039;Eninter Ascensores s\u00f3n triangulars? - ENINTER<\/title>\n<meta name=\"robots\" content=\"index, follow, max-snippet:-1, max-image-preview:large, max-video-preview:-1\" \/>\n<link rel=\"canonical\" href=\"https:\/\/www.eninter.com\/ca\/per-que-els-polsadors-deninter-ascensores-son-triangulars\/\" \/>\n<meta property=\"og:locale\" content=\"ca_ES\" \/>\n<meta property=\"og:type\" content=\"article\" \/>\n<meta property=\"og:title\" content=\"Per qu\u00e8 els polsadors d&#039;Eninter Ascensores s\u00f3n triangulars?\" \/>\n<meta property=\"og:description\" content=\"Diuen que tot t\u00e9 un per qu\u00e8 i el disseny triangular dels nostres polsadors tamb\u00e9 t\u00e9 una explicaci\u00f3. Molt probablement, molts ni us n&#8217;hi ha, per\u00f2 la seva forma \u00e9s un d&#8217;aquests petits detalls que ens diferencia. La majoria s\u00f3n rodones o quadrades per\u00f2, els nostres s\u00f3n triangulars amb una vora del color que ens [&hellip;]\" \/>\n<meta property=\"og:url\" content=\"https:\/\/www.eninter.com\/ca\/per-que-els-polsadors-deninter-ascensores-son-triangulars\/\" \/>\n<meta property=\"og:site_name\" content=\"ENINTER\" \/>\n<meta property=\"article:publisher\" content=\"https:\/\/www.facebook.com\/EninterAscensores\" \/>\n<meta property=\"article:published_time\" content=\"2021-03-03T15:00:53+00:00\" \/>\n<meta property=\"og:image\" content=\"https:\/\/www.eninter.com\/wp-content\/uploads\/2021\/03\/pulsadores-eninter-triangulares.png\" \/>\n\t<meta property=\"og:image:width\" content=\"770\" \/>\n\t<meta property=\"og:image:height\" content=\"514\" \/>\n\t<meta property=\"og:image:type\" content=\"image\/png\" \/>\n<meta name=\"author\" content=\"Albert Puig\" \/>\n<meta name=\"twitter:card\" content=\"summary_large_image\" \/>\n<meta name=\"twitter:creator\" content=\"@Eninter\" \/>\n<meta name=\"twitter:site\" content=\"@Eninter\" \/>\n<meta name=\"twitter:label1\" content=\"Escrit per\" \/>\n\t<meta name=\"twitter:data1\" content=\"Albert Puig\" \/>\n\t<meta name=\"twitter:label2\" content=\"Temps estimat de lectura\" \/>\n\t<meta name=\"twitter:data2\" content=\"2 minuts\" \/>\n<!-- \/ Yoast SEO Premium plugin. -->","yoast_head_json":{"title":"Per qu\u00e8 els polsadors d'Eninter Ascensores s\u00f3n triangulars? - ENINTER","robots":{"index":"index","follow":"follow","max-snippet":"max-snippet:-1","max-image-preview":"max-image-preview:large","max-video-preview":"max-video-preview:-1"},"canonical":"https:\/\/www.eninter.com\/ca\/per-que-els-polsadors-deninter-ascensores-son-triangulars\/","og_locale":"ca_ES","og_type":"article","og_title":"Per qu\u00e8 els polsadors d'Eninter Ascensores s\u00f3n triangulars?","og_description":"Diuen que tot t\u00e9 un per qu\u00e8 i el disseny triangular dels nostres polsadors tamb\u00e9 t\u00e9 una explicaci\u00f3. Molt probablement, molts ni us n&#8217;hi ha, per\u00f2 la seva forma \u00e9s un d&#8217;aquests petits detalls que ens diferencia. La majoria s\u00f3n rodones o quadrades per\u00f2, els nostres s\u00f3n triangulars amb una vora del color que ens [&hellip;]","og_url":"https:\/\/www.eninter.com\/ca\/per-que-els-polsadors-deninter-ascensores-son-triangulars\/","og_site_name":"ENINTER","article_publisher":"https:\/\/www.facebook.com\/EninterAscensores","article_published_time":"2021-03-03T15:00:53+00:00","og_image":[{"width":770,"height":514,"url":"https:\/\/www.eninter.com\/wp-content\/uploads\/2021\/03\/pulsadores-eninter-triangulares.png","type":"image\/png"}],"author":"Albert Puig","twitter_card":"summary_large_image","twitter_creator":"@Eninter","twitter_site":"@Eninter","twitter_misc":{"Escrit per":"Albert Puig","Temps estimat de lectura":"2 minuts"},"schema":{"@context":"https:\/\/schema.org","@graph":[{"@type":"Article","@id":"https:\/\/www.eninter.com\/ca\/per-que-els-polsadors-deninter-ascensores-son-triangulars\/#article","isPartOf":{"@id":"https:\/\/www.eninter.com\/ca\/per-que-els-polsadors-deninter-ascensores-son-triangulars\/"},"author":{"name":"Albert Puig","@id":"https:\/\/www.eninter.com\/ca\/#\/schema\/person\/e6178c261ac4210884c0e0264dd59043"},"headline":"Per qu\u00e8 els polsadors d&#8217;Eninter Ascensores s\u00f3n triangulars?","datePublished":"2021-03-03T15:00:53+00:00","mainEntityOfPage":{"@id":"https:\/\/www.eninter.com\/ca\/per-que-els-polsadors-deninter-ascensores-son-triangulars\/"},"wordCount":355,"publisher":{"@id":"https:\/\/www.eninter.com\/ca\/#organization"},"image":{"@id":"https:\/\/www.eninter.com\/ca\/per-que-els-polsadors-deninter-ascensores-son-triangulars\/#primaryimage"},"thumbnailUrl":"https:\/\/www.eninter.com\/wp-content\/uploads\/2021\/03\/pulsadores-eninter-triangulares.png","articleSection":["Sobre Eninter"],"inLanguage":"ca"},{"@type":"WebPage","@id":"https:\/\/www.eninter.com\/ca\/per-que-els-polsadors-deninter-ascensores-son-triangulars\/","url":"https:\/\/www.eninter.com\/ca\/per-que-els-polsadors-deninter-ascensores-son-triangulars\/","name":"Per qu\u00e8 els polsadors d'Eninter Ascensores s\u00f3n triangulars? - ENINTER","isPartOf":{"@id":"https:\/\/www.eninter.com\/ca\/#website"},"primaryImageOfPage":{"@id":"https:\/\/www.eninter.com\/ca\/per-que-els-polsadors-deninter-ascensores-son-triangulars\/#primaryimage"},"image":{"@id":"https:\/\/www.eninter.com\/ca\/per-que-els-polsadors-deninter-ascensores-son-triangulars\/#primaryimage"},"thumbnailUrl":"https:\/\/www.eninter.com\/wp-content\/uploads\/2021\/03\/pulsadores-eninter-triangulares.png","datePublished":"2021-03-03T15:00:53+00:00","breadcrumb":{"@id":"https:\/\/www.eninter.com\/ca\/per-que-els-polsadors-deninter-ascensores-son-triangulars\/#breadcrumb"},"inLanguage":"ca","potentialAction":[{"@type":"ReadAction","target":["https:\/\/www.eninter.com\/ca\/per-que-els-polsadors-deninter-ascensores-son-triangulars\/"]}]},{"@type":"ImageObject","inLanguage":"ca","@id":"https:\/\/www.eninter.com\/ca\/per-que-els-polsadors-deninter-ascensores-son-triangulars\/#primaryimage","url":"https:\/\/www.eninter.com\/wp-content\/uploads\/2021\/03\/pulsadores-eninter-triangulares.png","contentUrl":"https:\/\/www.eninter.com\/wp-content\/uploads\/2021\/03\/pulsadores-eninter-triangulares.png","width":770,"height":514},{"@type":"BreadcrumbList","@id":"https:\/\/www.eninter.com\/ca\/per-que-els-polsadors-deninter-ascensores-son-triangulars\/#breadcrumb","itemListElement":[{"@type":"ListItem","position":1,"name":"Portada","item":"https:\/\/www.eninter.com\/ca\/"},{"@type":"ListItem","position":2,"name":"Per qu\u00e8 els polsadors d&#8217;Eninter Ascensores s\u00f3n triangulars?"}]},{"@type":"WebSite","@id":"https:\/\/www.eninter.com\/ca\/#website","url":"https:\/\/www.eninter.com\/ca\/","name":"ENINTER","description":"Mantenimiento de Ascensores Multimarca","publisher":{"@id":"https:\/\/www.eninter.com\/ca\/#organization"},"potentialAction":[{"@type":"SearchAction","target":{"@type":"EntryPoint","urlTemplate":"https:\/\/www.eninter.com\/ca\/?s={search_term_string}"},"query-input":{"@type":"PropertyValueSpecification","valueRequired":true,"valueName":"search_term_string"}}],"inLanguage":"ca"},{"@type":"Organization","@id":"https:\/\/www.eninter.com\/ca\/#organization","name":"Eniter","url":"https:\/\/www.eninter.com\/ca\/","logo":{"@type":"ImageObject","inLanguage":"ca","@id":"https:\/\/www.eninter.com\/ca\/#\/schema\/logo\/image\/","url":"https:\/\/www.eninter.com\/wp-content\/uploads\/2023\/08\/logo-eninter-png.png","contentUrl":"https:\/\/www.eninter.com\/wp-content\/uploads\/2023\/08\/logo-eninter-png.png","width":600,"height":340,"caption":"Eniter"},"image":{"@id":"https:\/\/www.eninter.com\/ca\/#\/schema\/logo\/image\/"},"sameAs":["https:\/\/www.facebook.com\/EninterAscensores","https:\/\/x.com\/Eninter","https:\/\/www.instagram.com\/eninterascensores\/","https:\/\/www.youtube.com\/user\/ascensoreseninter"]},{"@type":"Person","@id":"https:\/\/www.eninter.com\/ca\/#\/schema\/person\/e6178c261ac4210884c0e0264dd59043","name":"Albert Puig","image":{"@type":"ImageObject","inLanguage":"ca","@id":"https:\/\/secure.gravatar.com\/avatar\/583d07f3f1036f58d0e44e873586278b582179a16b27a5b3951504e9ee001c06?s=96&d=mm&r=g","url":"https:\/\/secure.gravatar.com\/avatar\/583d07f3f1036f58d0e44e873586278b582179a16b27a5b3951504e9ee001c06?s=96&d=mm&r=g","contentUrl":"https:\/\/secure.gravatar.com\/avatar\/583d07f3f1036f58d0e44e873586278b582179a16b27a5b3951504e9ee001c06?s=96&d=mm&r=g","caption":"Albert Puig"}}]}},"_links":{"self":[{"href":"https:\/\/www.eninter.com\/ca\/wp-json\/wp\/v2\/posts\/9056","targetHints":{"allow":["GET"]}}],"collection":[{"href":"https:\/\/www.eninter.com\/ca\/wp-json\/wp\/v2\/posts"}],"about":[{"href":"https:\/\/www.eninter.com\/ca\/wp-json\/wp\/v2\/types\/post"}],"author":[{"embeddable":true,"href":"https:\/\/www.eninter.com\/ca\/wp-json\/wp\/v2\/users\/3"}],"replies":[{"embeddable":true,"href":"https:\/\/www.eninter.com\/ca\/wp-json\/wp\/v2\/comments?post=9056"}],"version-history":[{"count":0,"href":"https:\/\/www.eninter.com\/ca\/wp-json\/wp\/v2\/posts\/9056\/revisions"}],"wp:featuredmedia":[{"embeddable":true,"href":"https:\/\/www.eninter.com\/ca\/wp-json\/wp\/v2\/media\/7673"}],"wp:attachment":[{"href":"https:\/\/www.eninter.com\/ca\/wp-json\/wp\/v2\/media?parent=9056"}],"wp:term":[{"taxonomy":"category","embeddable":true,"href":"https:\/\/www.eninter.com\/ca\/wp-json\/wp\/v2\/categories?post=9056"},{"taxonomy":"post_tag","embeddable":true,"href":"https:\/\/www.eninter.com\/ca\/wp-json\/wp\/v2\/tags?post=9056"}],"curies":[{"name":"wp","href":"https:\/\/api.w.org\/{rel}","templated":true}]}}