{"id":9074,"date":"2020-07-21T11:05:54","date_gmt":"2020-07-21T11:05:54","guid":{"rendered":"https:\/\/www.eninter.com\/quines-son-les-opcions-per-fer-el-teu-habitatge-mes-accessible\/"},"modified":"2020-07-21T11:05:54","modified_gmt":"2020-07-21T11:05:54","slug":"quines-son-les-opcions-per-fer-el-teu-habitatge-mes-accessible","status":"publish","type":"post","link":"https:\/\/www.eninter.com\/ca\/quines-son-les-opcions-per-fer-el-teu-habitatge-mes-accessible\/","title":{"rendered":"Quines s\u00f3n les opcions per fer el teu habitatge m\u00e9s accessible"},"content":{"rendered":"<p>T&#8217;agradaria guanyar <strong>accessibilitat al teu habitatge<\/strong> per\u00f2 no saps on podries <a href=\"https:\/\/www.eninter.com\/nueva-instalacion-ascensor.php\"><br \/>\n  <strong>instal\u00b7lar l&#8217;ascensor<\/strong><br \/>\n<\/a>? Segons la llei vigent, hi ha diferents opcions. T&#8217;expliquem qu\u00e8 has de tenir en compte per escollir el lloc on instal\u00b7lar el teu ascensor, qu\u00e8 permet la llei i qu\u00e8 no i quines s\u00f3n les opcions que es poden presentar, segons el teu tipus d&#8217;habitatge o edifici.<\/p>\n<p>Si pertanys a una comunitat, l&#8217;ascensor s&#8217;haur\u00e0 d&#8217;instal\u00b7lar a les zones comunes de l&#8217;edifici, estant permesos per a aquest fi els espais del buit de l&#8217;escala, els replans intermedis i els patis.<\/p>\n<p><strong>La instal\u00b7laci\u00f3 en el buit de l&#8217;escaleria<\/strong>ser\u00e0 possible si comporta, com a m\u00e0xim, <strong>la reducci\u00f3 de l&#8217;amplada de les escales en 0,80 metres<\/strong>. En el cas que sigui necess\u00e0ria una reducci\u00f3 m\u00e9s gran d&#8217; aquesta amplada per dur a terme la instal.laci\u00f3, aquesta no ser\u00e0 possible en aquest espai com\u00fa.<\/p>\n<p>Perqu\u00e8 la <strong>instal\u00b7laci\u00f3 es realitzi en un repl\u00e0 intermedi<\/strong> o altipl\u00e0 de l&#8217;escala, l&#8217;usuari no s&#8217;haur\u00e0 de veure obligat a pujar o baixar m\u00e9s de deu esglaons per accedir al seu habitatge o a l&#8217;ascensor. En el cas dels patis, si l&#8217;ascensor no altera les condicions m\u00ednimes d&#8217;il\u00b7luminaci\u00f3 i ventilaci\u00f3, no hi haur\u00e0 problemes d&#8217;instal\u00b7laci\u00f3.<\/p>\n<p>Si estem davant d&#8217;un cas en qu\u00e8 \u00e9s impossible la instal\u00b7laci\u00f3 de l&#8217;ascensor en una de les  <strong>zones comunes de l&#8217; edifici<\/strong>, es podr\u00e0 dur a terme en un espai de l&#8217;habitatge, sempre que aquesta instal\u00b7laci\u00f3 no signifiqui que l&#8217;acc\u00e9s a l&#8217;habitatge s&#8217;hagi de fer per banys o dormitoris.<\/p>\n<p>La tercera opci\u00f3 \u00e9s la instal\u00b7laci\u00f3 en espais considerats p\u00fablics, com seria la <strong>fa\u00e7ana de l&#8217;edifici<\/strong>. En aquest cas, haurem de disposar de la deguda autoritzaci\u00f3 municipal per realitzar la instal\u00b7laci\u00f3.<\/p>\n<p>Un cop escollit el lloc, s&#8217; haur\u00e0 d&#8217; escollir el <a href=\"https:\/\/www.eninter.com\/fabricacion-instalacion-mantenimiento-ascensores.php\">tipus de <strong>cabina<\/strong> i les <strong>portes<\/strong><\/a> m\u00e9s adequades a les necessitats de l&#8217; edifici o l&#8217; habitatge, tenint en compte tots els aspectes t\u00e8cnics de l&#8217; espai. A m\u00e9s, s&#8217; haur\u00e0 de definir tamb\u00e9 la precisi\u00f3 de parada i l&#8217; anivellament.<\/p>\n<p>Els miralls, els passamans laterals, o el tipus de botonera seran aspectes m\u00e9s est\u00e8tics que s&#8217; escolliran, entre una gran varietat d&#8217; opcions, tenint en compte les necessitats pr\u00f2pies dels usuaris potencials.<\/p>\n","protected":false},"excerpt":{"rendered":"<p>T&#8217;agradaria guanyar accessibilitat al teu habitatge per\u00f2 no saps on podries instal\u00b7lar l&#8217;ascensor ? Segons la llei vigent, hi ha diferents opcions. T&#8217;expliquem qu\u00e8 has de tenir en compte per escollir el lloc on instal\u00b7lar el teu ascensor, qu\u00e8 permet la llei i qu\u00e8 no i quines s\u00f3n les opcions que es poden presentar, segons [&hellip;]<\/p>\n","protected":false},"author":3,"featured_media":7709,"comment_status":"closed","ping_status":"closed","sticky":false,"template":"","format":"standard","meta":{"_acf_changed":false,"content-type":"","footnotes":""},"categories":[221],"tags":[],"class_list":["post-9074","post","type-post","status-publish","format-standard","has-post-thumbnail","hentry","category-ascensors"],"acf":[],"_yoast_wpseo_focuskw":"quals-s\u00f3n-les-opcions-per-fer-tu-habitatge-mas-accessible","_yoast_wpseo_metadesc":null,"yoast_head":"<!-- This site is optimized with the Yoast SEO Premium plugin v21.6 (Yoast SEO v27.5) - https:\/\/yoast.com\/product\/yoast-seo-premium-wordpress\/ -->\n<title>Quines s\u00f3n les opcions per fer el teu habitatge m\u00e9s accessible | Eninter Ascensores<\/title>\n<meta name=\"robots\" content=\"index, follow, max-snippet:-1, max-image-preview:large, max-video-preview:-1\" \/>\n<link rel=\"canonical\" href=\"https:\/\/www.eninter.com\/ca\/quines-son-les-opcions-per-fer-el-teu-habitatge-mes-accessible\/\" \/>\n<meta property=\"og:locale\" content=\"ca_ES\" \/>\n<meta property=\"og:type\" content=\"article\" \/>\n<meta property=\"og:title\" content=\"Quines s\u00f3n les opcions per fer el teu habitatge m\u00e9s accessible\" \/>\n<meta property=\"og:description\" content=\"T&#8217;agradaria guanyar accessibilitat al teu habitatge per\u00f2 no saps on podries instal\u00b7lar l&#8217;ascensor ? Segons la llei vigent, hi ha diferents opcions. T&#8217;expliquem qu\u00e8 has de tenir en compte per escollir el lloc on instal\u00b7lar el teu ascensor, qu\u00e8 permet la llei i qu\u00e8 no i quines s\u00f3n les opcions que es poden presentar, segons [&hellip;]\" \/>\n<meta property=\"og:url\" content=\"https:\/\/www.eninter.com\/ca\/quines-son-les-opcions-per-fer-el-teu-habitatge-mes-accessible\/\" \/>\n<meta property=\"og:site_name\" content=\"ENINTER\" \/>\n<meta property=\"article:publisher\" content=\"https:\/\/www.facebook.com\/EninterAscensores\" \/>\n<meta property=\"article:published_time\" content=\"2020-07-21T11:05:54+00:00\" \/>\n<meta property=\"og:image\" content=\"https:\/\/www.eninter.com\/wp-content\/uploads\/2020\/07\/cuales-son-las-opciones-para-hacer-tu-vivienda-mas-accesible.jpg\" \/>\n\t<meta property=\"og:image:width\" content=\"1024\" \/>\n\t<meta property=\"og:image:height\" content=\"683\" \/>\n\t<meta property=\"og:image:type\" content=\"image\/jpeg\" \/>\n<meta name=\"author\" content=\"Albert Puig\" \/>\n<meta name=\"twitter:card\" content=\"summary_large_image\" \/>\n<meta name=\"twitter:creator\" content=\"@Eninter\" \/>\n<meta name=\"twitter:site\" content=\"@Eninter\" \/>\n<meta name=\"twitter:label1\" content=\"Escrit per\" \/>\n\t<meta name=\"twitter:data1\" content=\"Albert Puig\" \/>\n\t<meta name=\"twitter:label2\" content=\"Temps estimat de lectura\" \/>\n\t<meta name=\"twitter:data2\" content=\"2 minuts\" \/>\n<!-- \/ Yoast SEO Premium plugin. -->","yoast_head_json":{"title":"Quines s\u00f3n les opcions per fer el teu habitatge m\u00e9s accessible | Eninter Ascensores","robots":{"index":"index","follow":"follow","max-snippet":"max-snippet:-1","max-image-preview":"max-image-preview:large","max-video-preview":"max-video-preview:-1"},"canonical":"https:\/\/www.eninter.com\/ca\/quines-son-les-opcions-per-fer-el-teu-habitatge-mes-accessible\/","og_locale":"ca_ES","og_type":"article","og_title":"Quines s\u00f3n les opcions per fer el teu habitatge m\u00e9s accessible","og_description":"T&#8217;agradaria guanyar accessibilitat al teu habitatge per\u00f2 no saps on podries instal\u00b7lar l&#8217;ascensor ? Segons la llei vigent, hi ha diferents opcions. T&#8217;expliquem qu\u00e8 has de tenir en compte per escollir el lloc on instal\u00b7lar el teu ascensor, qu\u00e8 permet la llei i qu\u00e8 no i quines s\u00f3n les opcions que es poden presentar, segons [&hellip;]","og_url":"https:\/\/www.eninter.com\/ca\/quines-son-les-opcions-per-fer-el-teu-habitatge-mes-accessible\/","og_site_name":"ENINTER","article_publisher":"https:\/\/www.facebook.com\/EninterAscensores","article_published_time":"2020-07-21T11:05:54+00:00","og_image":[{"width":1024,"height":683,"url":"https:\/\/www.eninter.com\/wp-content\/uploads\/2020\/07\/cuales-son-las-opciones-para-hacer-tu-vivienda-mas-accesible.jpg","type":"image\/jpeg"}],"author":"Albert Puig","twitter_card":"summary_large_image","twitter_creator":"@Eninter","twitter_site":"@Eninter","twitter_misc":{"Escrit per":"Albert Puig","Temps estimat de lectura":"2 minuts"},"schema":{"@context":"https:\/\/schema.org","@graph":[{"@type":"Article","@id":"https:\/\/www.eninter.com\/ca\/quines-son-les-opcions-per-fer-el-teu-habitatge-mes-accessible\/#article","isPartOf":{"@id":"https:\/\/www.eninter.com\/ca\/quines-son-les-opcions-per-fer-el-teu-habitatge-mes-accessible\/"},"author":{"name":"Albert Puig","@id":"https:\/\/www.eninter.com\/ca\/#\/schema\/person\/e6178c261ac4210884c0e0264dd59043"},"headline":"Quines s\u00f3n les opcions per fer el teu habitatge m\u00e9s accessible","datePublished":"2020-07-21T11:05:54+00:00","mainEntityOfPage":{"@id":"https:\/\/www.eninter.com\/ca\/quines-son-les-opcions-per-fer-el-teu-habitatge-mes-accessible\/"},"wordCount":424,"publisher":{"@id":"https:\/\/www.eninter.com\/ca\/#organization"},"image":{"@id":"https:\/\/www.eninter.com\/ca\/quines-son-les-opcions-per-fer-el-teu-habitatge-mes-accessible\/#primaryimage"},"thumbnailUrl":"https:\/\/www.eninter.com\/wp-content\/uploads\/2020\/07\/cuales-son-las-opciones-para-hacer-tu-vivienda-mas-accesible.jpg","articleSection":["Ascensors"],"inLanguage":"ca"},{"@type":"WebPage","@id":"https:\/\/www.eninter.com\/ca\/quines-son-les-opcions-per-fer-el-teu-habitatge-mes-accessible\/","url":"https:\/\/www.eninter.com\/ca\/quines-son-les-opcions-per-fer-el-teu-habitatge-mes-accessible\/","name":"Quines s\u00f3n les opcions per fer el teu habitatge m\u00e9s accessible | Eninter Ascensores","isPartOf":{"@id":"https:\/\/www.eninter.com\/ca\/#website"},"primaryImageOfPage":{"@id":"https:\/\/www.eninter.com\/ca\/quines-son-les-opcions-per-fer-el-teu-habitatge-mes-accessible\/#primaryimage"},"image":{"@id":"https:\/\/www.eninter.com\/ca\/quines-son-les-opcions-per-fer-el-teu-habitatge-mes-accessible\/#primaryimage"},"thumbnailUrl":"https:\/\/www.eninter.com\/wp-content\/uploads\/2020\/07\/cuales-son-las-opciones-para-hacer-tu-vivienda-mas-accesible.jpg","datePublished":"2020-07-21T11:05:54+00:00","breadcrumb":{"@id":"https:\/\/www.eninter.com\/ca\/quines-son-les-opcions-per-fer-el-teu-habitatge-mes-accessible\/#breadcrumb"},"inLanguage":"ca","potentialAction":[{"@type":"ReadAction","target":["https:\/\/www.eninter.com\/ca\/quines-son-les-opcions-per-fer-el-teu-habitatge-mes-accessible\/"]}]},{"@type":"ImageObject","inLanguage":"ca","@id":"https:\/\/www.eninter.com\/ca\/quines-son-les-opcions-per-fer-el-teu-habitatge-mes-accessible\/#primaryimage","url":"https:\/\/www.eninter.com\/wp-content\/uploads\/2020\/07\/cuales-son-las-opciones-para-hacer-tu-vivienda-mas-accesible.jpg","contentUrl":"https:\/\/www.eninter.com\/wp-content\/uploads\/2020\/07\/cuales-son-las-opciones-para-hacer-tu-vivienda-mas-accesible.jpg","width":1024,"height":683},{"@type":"BreadcrumbList","@id":"https:\/\/www.eninter.com\/ca\/quines-son-les-opcions-per-fer-el-teu-habitatge-mes-accessible\/#breadcrumb","itemListElement":[{"@type":"ListItem","position":1,"name":"Portada","item":"https:\/\/www.eninter.com\/ca\/"},{"@type":"ListItem","position":2,"name":"Quines s\u00f3n les opcions per fer el teu habitatge m\u00e9s accessible"}]},{"@type":"WebSite","@id":"https:\/\/www.eninter.com\/ca\/#website","url":"https:\/\/www.eninter.com\/ca\/","name":"ENINTER","description":"Mantenimiento de Ascensores Multimarca","publisher":{"@id":"https:\/\/www.eninter.com\/ca\/#organization"},"potentialAction":[{"@type":"SearchAction","target":{"@type":"EntryPoint","urlTemplate":"https:\/\/www.eninter.com\/ca\/?s={search_term_string}"},"query-input":{"@type":"PropertyValueSpecification","valueRequired":true,"valueName":"search_term_string"}}],"inLanguage":"ca"},{"@type":"Organization","@id":"https:\/\/www.eninter.com\/ca\/#organization","name":"Eniter","url":"https:\/\/www.eninter.com\/ca\/","logo":{"@type":"ImageObject","inLanguage":"ca","@id":"https:\/\/www.eninter.com\/ca\/#\/schema\/logo\/image\/","url":"https:\/\/www.eninter.com\/wp-content\/uploads\/2023\/08\/logo-eninter-png.png","contentUrl":"https:\/\/www.eninter.com\/wp-content\/uploads\/2023\/08\/logo-eninter-png.png","width":600,"height":340,"caption":"Eniter"},"image":{"@id":"https:\/\/www.eninter.com\/ca\/#\/schema\/logo\/image\/"},"sameAs":["https:\/\/www.facebook.com\/EninterAscensores","https:\/\/x.com\/Eninter","https:\/\/www.instagram.com\/eninterascensores\/","https:\/\/www.youtube.com\/user\/ascensoreseninter"]},{"@type":"Person","@id":"https:\/\/www.eninter.com\/ca\/#\/schema\/person\/e6178c261ac4210884c0e0264dd59043","name":"Albert Puig","image":{"@type":"ImageObject","inLanguage":"ca","@id":"https:\/\/secure.gravatar.com\/avatar\/583d07f3f1036f58d0e44e873586278b582179a16b27a5b3951504e9ee001c06?s=96&d=mm&r=g","url":"https:\/\/secure.gravatar.com\/avatar\/583d07f3f1036f58d0e44e873586278b582179a16b27a5b3951504e9ee001c06?s=96&d=mm&r=g","contentUrl":"https:\/\/secure.gravatar.com\/avatar\/583d07f3f1036f58d0e44e873586278b582179a16b27a5b3951504e9ee001c06?s=96&d=mm&r=g","caption":"Albert Puig"}}]}},"_links":{"self":[{"href":"https:\/\/www.eninter.com\/ca\/wp-json\/wp\/v2\/posts\/9074","targetHints":{"allow":["GET"]}}],"collection":[{"href":"https:\/\/www.eninter.com\/ca\/wp-json\/wp\/v2\/posts"}],"about":[{"href":"https:\/\/www.eninter.com\/ca\/wp-json\/wp\/v2\/types\/post"}],"author":[{"embeddable":true,"href":"https:\/\/www.eninter.com\/ca\/wp-json\/wp\/v2\/users\/3"}],"replies":[{"embeddable":true,"href":"https:\/\/www.eninter.com\/ca\/wp-json\/wp\/v2\/comments?post=9074"}],"version-history":[{"count":0,"href":"https:\/\/www.eninter.com\/ca\/wp-json\/wp\/v2\/posts\/9074\/revisions"}],"wp:featuredmedia":[{"embeddable":true,"href":"https:\/\/www.eninter.com\/ca\/wp-json\/wp\/v2\/media\/7709"}],"wp:attachment":[{"href":"https:\/\/www.eninter.com\/ca\/wp-json\/wp\/v2\/media?parent=9074"}],"wp:term":[{"taxonomy":"category","embeddable":true,"href":"https:\/\/www.eninter.com\/ca\/wp-json\/wp\/v2\/categories?post=9074"},{"taxonomy":"post_tag","embeddable":true,"href":"https:\/\/www.eninter.com\/ca\/wp-json\/wp\/v2\/tags?post=9074"}],"curies":[{"name":"wp","href":"https:\/\/api.w.org\/{rel}","templated":true}]}}