{"id":12512,"date":"2015-06-23T10:42:57","date_gmt":"2015-06-23T10:42:57","guid":{"rendered":"https:\/\/www.eninter.com\/quanti-ascensori-ci-sono-in-spagna-per-abitante\/"},"modified":"2025-01-08T11:42:24","modified_gmt":"2025-01-08T11:42:24","slug":"quanti-ascensori-ci-sono-in-spagna-per-abitante","status":"publish","type":"post","link":"https:\/\/www.eninter.com\/it-ch\/quanti-ascensori-ci-sono-in-spagna-per-abitante\/","title":{"rendered":"Quanti ascensori ci sono in Spagna per abitante?"},"content":{"rendered":"<p>Nel mondo di oggi, le <strong>statistiche<\/strong> fanno parte della nostra vita, in quanto ci permettono di conoscere le abitudini e le idiosincrasie di molti Paesi. \u00c8 il caso della Spagna, che \u00e8 in cima alla<strong>&#8220;classifica mondiale degli ascensori per persona<\/strong>&#8220;, pubblicata dalla rivista economica Quartz, con <strong>venti<\/strong><strong>ascensori<\/strong> <strong>ogni mille abitanti<\/strong>.<\/p>\n<p>Questa statistica \u00e8 importante se confrontata con il resto del mondo, dato che in paesi come l&#8217;Italia il numero di ascensori \u00e8 di quindici ogni mille abitanti e, che ci crediate o no, negli Stati Uniti, la culla dei grattacieli e delle grandi citt\u00e0, ci sono solo tre ascensori ogni mille americani.<\/p>\n<h2>Classifica degli ascensori per persona<\/h2>\n<h2>Perch\u00e9 la Spagna ha cos\u00ec tanti ascensori?<\/h2>\n<p>Per molti specialisti del settore statistico, questo caso \u00e8 particolare perch\u00e9 tiene conto, tra l&#8217;altro, dei <strong>piani di sviluppo urbano<\/strong> promossi in diversi periodi della storia pi\u00f9 recente della Spagna.<\/p>\n<p>D&#8217;altra parte, nelle grandi e medie citt\u00e0 spagnole il <strong>65% della popolazione vive<\/strong> in <strong>appartamenti<\/strong>, una percentuale ben superiore alla media europea. Tuttavia, in un passato non cos\u00ec lontano, negli anni &#8217;60, i complessi di appartamenti che potevano ospitare fino a mille persone erano le principali abitazioni degli spagnoli.<\/p>\n<p>Anche la costruzione di appartamenti \u00e8 stata fortemente incentivata a partire dal 1960, quando la  <strong>Diritto di propriet\u00e0 orizzontale<\/strong>  Questo ha portato a massicci investimenti nella costruzione di edifici e alla migrazione della popolazione verso le citt\u00e0 per via di una migliore offerta di lavoro, dando il via al boom dei complessi residenziali.<\/p>\n<p>Cos\u00ec, la Spagna occupa questo  <strong>primo posto nella classifica degli impianti di risalita per persona<\/strong>Inoltre, si considerano anche altri fattori che contribuiscono a questo numero, come l&#8217;altezza degli edifici, che sono generalmente pi\u00f9 alti rispetto ad altri Paesi, con edifici che vanno dai cinque ai nove piani.<\/p>\n<p>Inoltre, \u00e8 necessario tenere conto del numero di abitanti per edificio, poich\u00e9 in Spagna \u00e8 comune trovare due o tre abitazioni per piano con ascensore, mentre in altre parti del mondo l&#8217;idea \u00e8 di costruire pi\u00f9 abitazioni per piano.<\/p>\n<p>La Spagna si differenzia dagli altri Paesi europei per il fatto che gli edifici fino a cinque piani hanno un solo ascensore o non ne hanno affatto, il che da un lato rende le spese mensili del consorzio pi\u00f9 economiche, ma dall&#8217;altro rappresenta un problema soprattutto per gli anziani, le persone con mobilit\u00e0 ridotta o semplicemente quando si cambia casa.<\/p>\n","protected":false},"excerpt":{"rendered":"<p>Nel mondo di oggi, le statistiche fanno parte della nostra vita, in quanto ci permettono di conoscere le abitudini e le idiosincrasie di molti Paesi. \u00c8 il caso della Spagna, che \u00e8 in cima alla&#8220;classifica mondiale degli ascensori per persona&#8220;, pubblicata dalla rivista economica Quartz, con ventiascensori ogni mille abitanti. Questa statistica \u00e8 importante se [&hellip;]<\/p>\n","protected":false},"author":3,"featured_media":12408,"comment_status":"closed","ping_status":"closed","sticky":false,"template":"","format":"standard","meta":{"_acf_changed":false,"content-type":"","footnotes":""},"categories":[370,371],"tags":[],"class_list":["post-12512","post","type-post","status-publish","format-standard","has-post-thumbnail","hentry","category-ascensori-it-ch","category-curiosita-it-ch"],"acf":[],"_yoast_wpseo_focuskw":"ascensori spagna","_yoast_wpseo_metadesc":"Sapevate che la Spagna \u00e8 al primo posto nel mondo per numero di ascensori per persona? Tutte le informazioni nel Blog di Eniner Ascensori.","yoast_head":"<!-- This site is optimized with the Yoast SEO Premium plugin v21.6 (Yoast SEO v27.5) - https:\/\/yoast.com\/product\/yoast-seo-premium-wordpress\/ -->\n<title>Quanti ascensori ci sono in Spagna per abitante? | Eninter<\/title>\n<meta name=\"description\" content=\"Sapevate che la Spagna \u00e8 al primo posto nel mondo per numero di ascensori per persona? Tutte le informazioni nel Blog di Eniner Ascensori.\" \/>\n<meta name=\"robots\" content=\"index, follow, max-snippet:-1, max-image-preview:large, max-video-preview:-1\" \/>\n<link rel=\"canonical\" href=\"https:\/\/www.eninter.com\/it-ch\/quanti-ascensori-ci-sono-in-spagna-per-abitante\/\" \/>\n<meta property=\"og:locale\" content=\"it_IT\" \/>\n<meta property=\"og:type\" content=\"article\" \/>\n<meta property=\"og:title\" content=\"Quanti ascensori ci sono in Spagna per abitante?\" \/>\n<meta property=\"og:description\" content=\"Sapevate che la Spagna \u00e8 al primo posto nel mondo per numero di ascensori per persona? Tutte le informazioni nel Blog di Eniner Ascensori.\" \/>\n<meta property=\"og:url\" content=\"https:\/\/www.eninter.com\/it-ch\/quanti-ascensori-ci-sono-in-spagna-per-abitante\/\" \/>\n<meta property=\"og:site_name\" content=\"ENINTER\" \/>\n<meta property=\"article:publisher\" content=\"https:\/\/www.facebook.com\/EninterAscensores\" \/>\n<meta property=\"article:published_time\" content=\"2015-06-23T10:42:57+00:00\" \/>\n<meta property=\"article:modified_time\" content=\"2025-01-08T11:42:24+00:00\" \/>\n<meta property=\"og:image\" content=\"https:\/\/www.eninter.com\/wp-content\/uploads\/2023\/08\/eninter-mantenimiento-ascensores-san-sebastian-01.jpg\" \/>\n\t<meta property=\"og:image:width\" content=\"1100\" \/>\n\t<meta property=\"og:image:height\" content=\"734\" \/>\n\t<meta property=\"og:image:type\" content=\"image\/jpeg\" \/>\n<meta name=\"author\" content=\"Albert Puig\" \/>\n<meta name=\"twitter:card\" content=\"summary_large_image\" \/>\n<meta name=\"twitter:creator\" content=\"@Eninter\" \/>\n<meta name=\"twitter:site\" content=\"@Eninter\" \/>\n<meta name=\"twitter:label1\" content=\"Written by\" \/>\n\t<meta name=\"twitter:data1\" content=\"Albert Puig\" \/>\n\t<meta name=\"twitter:label2\" content=\"Est. reading time\" \/>\n\t<meta name=\"twitter:data2\" content=\"2 minutes\" \/>\n<!-- \/ Yoast SEO Premium plugin. -->","yoast_head_json":{"title":"Quanti ascensori ci sono in Spagna per abitante? | Eninter","description":"Sapevate che la Spagna \u00e8 al primo posto nel mondo per numero di ascensori per persona? Tutte le informazioni nel Blog di Eniner Ascensori.","robots":{"index":"index","follow":"follow","max-snippet":"max-snippet:-1","max-image-preview":"max-image-preview:large","max-video-preview":"max-video-preview:-1"},"canonical":"https:\/\/www.eninter.com\/it-ch\/quanti-ascensori-ci-sono-in-spagna-per-abitante\/","og_locale":"it_IT","og_type":"article","og_title":"Quanti ascensori ci sono in Spagna per abitante?","og_description":"Sapevate che la Spagna \u00e8 al primo posto nel mondo per numero di ascensori per persona? Tutte le informazioni nel Blog di Eniner Ascensori.","og_url":"https:\/\/www.eninter.com\/it-ch\/quanti-ascensori-ci-sono-in-spagna-per-abitante\/","og_site_name":"ENINTER","article_publisher":"https:\/\/www.facebook.com\/EninterAscensores","article_published_time":"2015-06-23T10:42:57+00:00","article_modified_time":"2025-01-08T11:42:24+00:00","og_image":[{"width":1100,"height":734,"url":"https:\/\/www.eninter.com\/wp-content\/uploads\/2023\/08\/eninter-mantenimiento-ascensores-san-sebastian-01.jpg","type":"image\/jpeg"}],"author":"Albert Puig","twitter_card":"summary_large_image","twitter_creator":"@Eninter","twitter_site":"@Eninter","twitter_misc":{"Written by":"Albert Puig","Est. reading time":"2 minutes"},"schema":{"@context":"https:\/\/schema.org","@graph":[{"@type":"Article","@id":"https:\/\/www.eninter.com\/it-ch\/quanti-ascensori-ci-sono-in-spagna-per-abitante\/#article","isPartOf":{"@id":"https:\/\/www.eninter.com\/it-ch\/quanti-ascensori-ci-sono-in-spagna-per-abitante\/"},"author":{"name":"Albert Puig","@id":"https:\/\/www.eninter.com\/it-ch\/#\/schema\/person\/e6178c261ac4210884c0e0264dd59043"},"headline":"Quanti ascensori ci sono in Spagna per abitante?","datePublished":"2015-06-23T10:42:57+00:00","dateModified":"2025-01-08T11:42:24+00:00","mainEntityOfPage":{"@id":"https:\/\/www.eninter.com\/it-ch\/quanti-ascensori-ci-sono-in-spagna-per-abitante\/"},"wordCount":396,"publisher":{"@id":"https:\/\/www.eninter.com\/it-ch\/#organization"},"image":{"@id":"https:\/\/www.eninter.com\/it-ch\/quanti-ascensori-ci-sono-in-spagna-per-abitante\/#primaryimage"},"thumbnailUrl":"https:\/\/www.eninter.com\/wp-content\/uploads\/2023\/08\/eninter-mantenimiento-ascensores-san-sebastian-01.jpg","articleSection":["Ascensori","Curiosit\u00e0"],"inLanguage":"it-CH"},{"@type":"WebPage","@id":"https:\/\/www.eninter.com\/it-ch\/quanti-ascensori-ci-sono-in-spagna-per-abitante\/","url":"https:\/\/www.eninter.com\/it-ch\/quanti-ascensori-ci-sono-in-spagna-per-abitante\/","name":"Quanti ascensori ci sono in Spagna per abitante? | Eninter","isPartOf":{"@id":"https:\/\/www.eninter.com\/it-ch\/#website"},"primaryImageOfPage":{"@id":"https:\/\/www.eninter.com\/it-ch\/quanti-ascensori-ci-sono-in-spagna-per-abitante\/#primaryimage"},"image":{"@id":"https:\/\/www.eninter.com\/it-ch\/quanti-ascensori-ci-sono-in-spagna-per-abitante\/#primaryimage"},"thumbnailUrl":"https:\/\/www.eninter.com\/wp-content\/uploads\/2023\/08\/eninter-mantenimiento-ascensores-san-sebastian-01.jpg","datePublished":"2015-06-23T10:42:57+00:00","dateModified":"2025-01-08T11:42:24+00:00","description":"Sapevate che la Spagna \u00e8 al primo posto nel mondo per numero di ascensori per persona? Tutte le informazioni nel Blog di Eniner Ascensori.","breadcrumb":{"@id":"https:\/\/www.eninter.com\/it-ch\/quanti-ascensori-ci-sono-in-spagna-per-abitante\/#breadcrumb"},"inLanguage":"it-CH","potentialAction":[{"@type":"ReadAction","target":["https:\/\/www.eninter.com\/it-ch\/quanti-ascensori-ci-sono-in-spagna-per-abitante\/"]}]},{"@type":"ImageObject","inLanguage":"it-CH","@id":"https:\/\/www.eninter.com\/it-ch\/quanti-ascensori-ci-sono-in-spagna-per-abitante\/#primaryimage","url":"https:\/\/www.eninter.com\/wp-content\/uploads\/2023\/08\/eninter-mantenimiento-ascensores-san-sebastian-01.jpg","contentUrl":"https:\/\/www.eninter.com\/wp-content\/uploads\/2023\/08\/eninter-mantenimiento-ascensores-san-sebastian-01.jpg","width":1100,"height":734},{"@type":"BreadcrumbList","@id":"https:\/\/www.eninter.com\/it-ch\/quanti-ascensori-ci-sono-in-spagna-per-abitante\/#breadcrumb","itemListElement":[{"@type":"ListItem","position":1,"name":"Portada","item":"https:\/\/www.eninter.com\/it-ch\/"},{"@type":"ListItem","position":2,"name":"Quanti ascensori ci sono in Spagna per abitante?"}]},{"@type":"WebSite","@id":"https:\/\/www.eninter.com\/it-ch\/#website","url":"https:\/\/www.eninter.com\/it-ch\/","name":"ENINTER","description":"Mantenimiento de Ascensores Multimarca","publisher":{"@id":"https:\/\/www.eninter.com\/it-ch\/#organization"},"potentialAction":[{"@type":"SearchAction","target":{"@type":"EntryPoint","urlTemplate":"https:\/\/www.eninter.com\/it-ch\/?s={search_term_string}"},"query-input":{"@type":"PropertyValueSpecification","valueRequired":true,"valueName":"search_term_string"}}],"inLanguage":"it-CH"},{"@type":"Organization","@id":"https:\/\/www.eninter.com\/it-ch\/#organization","name":"Eniter","url":"https:\/\/www.eninter.com\/it-ch\/","logo":{"@type":"ImageObject","inLanguage":"it-CH","@id":"https:\/\/www.eninter.com\/it-ch\/#\/schema\/logo\/image\/","url":"https:\/\/www.eninter.com\/wp-content\/uploads\/2023\/08\/logo-eninter-png.png","contentUrl":"https:\/\/www.eninter.com\/wp-content\/uploads\/2023\/08\/logo-eninter-png.png","width":600,"height":340,"caption":"Eniter"},"image":{"@id":"https:\/\/www.eninter.com\/it-ch\/#\/schema\/logo\/image\/"},"sameAs":["https:\/\/www.facebook.com\/EninterAscensores","https:\/\/x.com\/Eninter","https:\/\/www.instagram.com\/eninterascensores\/","https:\/\/www.youtube.com\/user\/ascensoreseninter"]},{"@type":"Person","@id":"https:\/\/www.eninter.com\/it-ch\/#\/schema\/person\/e6178c261ac4210884c0e0264dd59043","name":"Albert Puig","image":{"@type":"ImageObject","inLanguage":"it-CH","@id":"https:\/\/secure.gravatar.com\/avatar\/583d07f3f1036f58d0e44e873586278b582179a16b27a5b3951504e9ee001c06?s=96&d=mm&r=g","url":"https:\/\/secure.gravatar.com\/avatar\/583d07f3f1036f58d0e44e873586278b582179a16b27a5b3951504e9ee001c06?s=96&d=mm&r=g","contentUrl":"https:\/\/secure.gravatar.com\/avatar\/583d07f3f1036f58d0e44e873586278b582179a16b27a5b3951504e9ee001c06?s=96&d=mm&r=g","caption":"Albert Puig"}}]}},"_links":{"self":[{"href":"https:\/\/www.eninter.com\/it-ch\/wp-json\/wp\/v2\/posts\/12512","targetHints":{"allow":["GET"]}}],"collection":[{"href":"https:\/\/www.eninter.com\/it-ch\/wp-json\/wp\/v2\/posts"}],"about":[{"href":"https:\/\/www.eninter.com\/it-ch\/wp-json\/wp\/v2\/types\/post"}],"author":[{"embeddable":true,"href":"https:\/\/www.eninter.com\/it-ch\/wp-json\/wp\/v2\/users\/3"}],"replies":[{"embeddable":true,"href":"https:\/\/www.eninter.com\/it-ch\/wp-json\/wp\/v2\/comments?post=12512"}],"version-history":[{"count":0,"href":"https:\/\/www.eninter.com\/it-ch\/wp-json\/wp\/v2\/posts\/12512\/revisions"}],"wp:featuredmedia":[{"embeddable":true,"href":"https:\/\/www.eninter.com\/it-ch\/wp-json\/wp\/v2\/media\/12408"}],"wp:attachment":[{"href":"https:\/\/www.eninter.com\/it-ch\/wp-json\/wp\/v2\/media?parent=12512"}],"wp:term":[{"taxonomy":"category","embeddable":true,"href":"https:\/\/www.eninter.com\/it-ch\/wp-json\/wp\/v2\/categories?post=12512"},{"taxonomy":"post_tag","embeddable":true,"href":"https:\/\/www.eninter.com\/it-ch\/wp-json\/wp\/v2\/tags?post=12512"}],"curies":[{"name":"wp","href":"https:\/\/api.w.org\/{rel}","templated":true}]}}