{"id":12554,"date":"2015-09-03T12:58:47","date_gmt":"2015-09-03T12:58:47","guid":{"rendered":"https:\/\/www.eninter.com\/porte-sezionali-automatiche-per-garage\/"},"modified":"2025-01-08T11:38:24","modified_gmt":"2025-01-08T11:38:24","slug":"porte-sezionali-automatiche-per-garage","status":"publish","type":"post","link":"https:\/\/www.eninter.com\/it-ch\/porte-sezionali-automatiche-per-garage\/","title":{"rendered":"Porte sezionali automatiche per garage"},"content":{"rendered":"<p>Cosa sono le porte sezionali per garage? Se volete che il vostro <strong>garage<\/strong> sia completamente sicuro, \u00e8 meglio che acquistiate una <strong>porta automatica per garage<\/strong> adeguata. Non \u00e8 complicato, ma \u00e8 vero che una volta vista la variet\u00e0 avrete molti dubbi. La cosa migliore da fare \u00e8 verificare le <strong>caratteristiche<\/strong> di ciascuno di essi per farsi un&#8217;idea di come funzionano e se sono ideali per il vostro garage.<\/p>\n<p>Per aiutarvi nella scelta, vi descriviamo le principali porte automatiche per garage <a href=\"https:\/\/www.eninter.com\/puertas-automaticas\/\" target=\"_blank\" rel=\"noopener\"><br \/>\n  <strong>porte da garage automatiche<\/strong><br \/>\n<\/a> che esistono, seguiteci sul nostro blog perch\u00e9 ve ne parleremo una per una, a partire dalla<\/p>\n<h2>Porte sezionali per garage<\/h2>\n<p>\u00c8 una <strong>porta<\/strong> pensata per il <strong>mercato residenziale<\/strong>, con un alto livello di <strong>isolamento termico, belle finiture esterne (anche in finto legno), silenziosa e pratica<\/strong>.<\/p>\n<p>Si tratta di una lastra composta da sezioni di pannelli singoli (da cui il nome). Oppure a sandwich con isolamento interno. Quando si aprono, si muovono verso l&#8217;alto. Sono compensate da molle laterali (quelle pi\u00f9 leggere) o da molle superiori o posteriori (negli altri casi).<\/p>\n<p>I pannelli che compongono l&#8217;anta sono realizzati in lamiera d&#8217;acciaio prelaccata e sono solitamente disponibili in colori standard, in un&#8217;ampia variet\u00e0 di <strong>colori<\/strong> personalizzati e con <strong>texture<\/strong> diverse (lisce, ruvide, a imitazione delle venature del legno, con pi\u00f9 linee orizzontali, ecc.) I colori molto scuri o neri sono sconsigliati quando la porta \u00e8 esposta al sole, poich\u00e9 il pannello potrebbe deteriorarsi a causa delle alte temperature, deformandosi pericolosamente e perdendo la sua resistenza strutturale.<\/p>\n<p><img fetchpriority=\"high\" decoding=\"async\" class=\"alignnone size-medium wp-image-6017\" src=\"https:\/\/www.eninter.com\/wp-content\/uploads\/2023\/08\/instalacion-mantenimiento-puerta-garaje-eninter-300x200.jpeg\" alt=\"Installazione della porta di garage eninter per la manutenzione\" width=\"300\" height=\"200\" srcset=\"https:\/\/www.eninter.com\/wp-content\/uploads\/2023\/08\/instalacion-mantenimiento-puerta-garaje-eninter-300x200.jpeg 300w, https:\/\/www.eninter.com\/wp-content\/uploads\/2023\/08\/instalacion-mantenimiento-puerta-garaje-eninter-1024x683.jpeg 1024w, https:\/\/www.eninter.com\/wp-content\/uploads\/2023\/08\/instalacion-mantenimiento-puerta-garaje-eninter-768x512.jpeg 768w, https:\/\/www.eninter.com\/wp-content\/uploads\/2023\/08\/instalacion-mantenimiento-puerta-garaje-eninter.jpeg 1100w\" sizes=\"(max-width: 300px) 100vw, 300px\" \/><\/p>\n<p>Di <strong>origine<\/strong> <strong>americana<\/strong>, molto efficace nelle regioni molto fredde, ha fatto s\u00ec che i produttori tedeschi siano quelli che l&#8217;hanno migliorata maggiormente e che la producono in grande serie. In definitiva, \u00e8 la <strong>soluzione ideale per le regioni con climi estremi<\/strong>.<\/p>\n<p>Sono abbastanza comodi e facili da installare, anche se richiedono uno spazio interno al soffitto (almeno delle dimensioni della porta stessa). Perdono poco spazio (esistono modelli con un&#8217;architrave di soli 9 centimetri, molto diffusi per i loro <a href=\"https:\/\/www.eninter.com\/blog\/ventajas-instalar-puerta-automatica-garaje\/\" target=\"_blank\" rel=\"noopener\">vantaggi <\/a>nei garage piccoli o per la variet\u00e0 di design e finiture.<\/p>\n<p>I loro progetti spaziano dalle vetrate (di materiali adatti), alle pannellature, alle finiture lisce o in finto legno. Sono molto variegati e al loro interno pu\u00f2 essere inclusa una porta pi\u00f9 piccola.<\/p>\n<p>I loro automatismi nel settore residenziale sono solitamente <strong>motori a bassissimo consumo <\/strong>. Si possono trovare anche con kit di pannelli solari con accumulatori. Sono molto silenziosi e non necessitano di ingrassaggio grazie al design del soffitto del garage. In questo modo si evita di macchiare il veicolo.<\/p>\n<h2>Manutenzione<\/h2>\n<p>La <strong>manutenzione<\/strong> di questo tipo di <strong>porte<\/strong> consiste solitamente in una pulizia approfondita degli elementi volventi e nella revisione e compensazione della perdita di forza dovuta all&#8217;affaticamento degli elementi di compensazione (molle). Potrebbe accadere che, quando l&#8217;operatore \u00e8 sbloccato, si verifichi un incidente a causa della caduta dell&#8217;anta, che non viene compensata in base al peso.<\/p>\n<p>Sono progettati e realizzati per non richiedere lubrificazione, con combinazioni di elementi in metallo e polimeri compositi. Hanno una versione industriale per le loro elevate qualit\u00e0 di isolamento termico, l&#8217;ingombro e la funzionalit\u00e0. Sono <strong>sconsigliati <\/strong>per l&#8217;uso in comunit\u00e0, in quanto progettati per l&#8217;uso residenziale, e in quelle industriali sono solitamente in aperture con un numero ridotto di manovre.<\/p>\n","protected":false},"excerpt":{"rendered":"<p>Cosa sono le porte sezionali per garage? Se volete che il vostro garage sia completamente sicuro, \u00e8 meglio che acquistiate una porta automatica per garage adeguata. Non \u00e8 complicato, ma \u00e8 vero che una volta vista la variet\u00e0 avrete molti dubbi. La cosa migliore da fare \u00e8 verificare le caratteristiche di ciascuno di essi per [&hellip;]<\/p>\n","protected":false},"author":3,"featured_media":12204,"comment_status":"closed","ping_status":"closed","sticky":false,"template":"","format":"standard","meta":{"_acf_changed":false,"content-type":"","footnotes":""},"categories":[373],"tags":[],"class_list":["post-12554","post","type-post","status-publish","format-standard","has-post-thumbnail","hentry","category-porte-di-garage-it-ch"],"acf":[],"_yoast_wpseo_focuskw":"porte sezionali da garage","_yoast_wpseo_metadesc":"Conoscete i diversi tipi di porte automatiche per garage? Noi di Eninter vi presentiamo le porte sezionali automatiche per garage.","yoast_head":"<!-- This site is optimized with the Yoast SEO Premium plugin v21.6 (Yoast SEO v27.5) - https:\/\/yoast.com\/product\/yoast-seo-premium-wordpress\/ -->\n<title>Porte sezionali automatiche per garage | Blog Eninter<\/title>\n<meta name=\"description\" content=\"Conoscete i diversi tipi di porte automatiche per garage? Noi di Eninter vi presentiamo le porte sezionali automatiche per garage.\" \/>\n<meta name=\"robots\" content=\"index, follow, max-snippet:-1, max-image-preview:large, max-video-preview:-1\" \/>\n<link rel=\"canonical\" href=\"https:\/\/www.eninter.com\/it-ch\/porte-sezionali-automatiche-per-garage\/\" \/>\n<meta property=\"og:locale\" content=\"it_IT\" \/>\n<meta property=\"og:type\" content=\"article\" \/>\n<meta property=\"og:title\" content=\"Porte sezionali automatiche per garage\" \/>\n<meta property=\"og:description\" content=\"Conoscete i diversi tipi di porte automatiche per garage? Noi di Eninter vi presentiamo le porte sezionali automatiche per garage.\" \/>\n<meta property=\"og:url\" content=\"https:\/\/www.eninter.com\/it-ch\/porte-sezionali-automatiche-per-garage\/\" \/>\n<meta property=\"og:site_name\" content=\"ENINTER\" \/>\n<meta property=\"article:publisher\" content=\"https:\/\/www.facebook.com\/EninterAscensores\" \/>\n<meta property=\"article:published_time\" content=\"2015-09-03T12:58:47+00:00\" \/>\n<meta property=\"article:modified_time\" content=\"2025-01-08T11:38:24+00:00\" \/>\n<meta property=\"og:image\" content=\"https:\/\/www.eninter.com\/wp-content\/uploads\/2023\/08\/eninter-mantenimiento-ascensores-jumilla-01.jpg\" \/>\n\t<meta property=\"og:image:width\" content=\"1100\" \/>\n\t<meta property=\"og:image:height\" content=\"734\" \/>\n\t<meta property=\"og:image:type\" content=\"image\/jpeg\" \/>\n<meta name=\"author\" content=\"Albert Puig\" \/>\n<meta name=\"twitter:card\" content=\"summary_large_image\" \/>\n<meta name=\"twitter:creator\" content=\"@Eninter\" \/>\n<meta name=\"twitter:site\" content=\"@Eninter\" \/>\n<meta name=\"twitter:label1\" content=\"Written by\" \/>\n\t<meta name=\"twitter:data1\" content=\"Albert Puig\" \/>\n\t<meta name=\"twitter:label2\" content=\"Est. reading time\" \/>\n\t<meta name=\"twitter:data2\" content=\"3 minutes\" \/>\n<!-- \/ Yoast SEO Premium plugin. -->","yoast_head_json":{"title":"Porte sezionali automatiche per garage | Blog Eninter","description":"Conoscete i diversi tipi di porte automatiche per garage? Noi di Eninter vi presentiamo le porte sezionali automatiche per garage.","robots":{"index":"index","follow":"follow","max-snippet":"max-snippet:-1","max-image-preview":"max-image-preview:large","max-video-preview":"max-video-preview:-1"},"canonical":"https:\/\/www.eninter.com\/it-ch\/porte-sezionali-automatiche-per-garage\/","og_locale":"it_IT","og_type":"article","og_title":"Porte sezionali automatiche per garage","og_description":"Conoscete i diversi tipi di porte automatiche per garage? Noi di Eninter vi presentiamo le porte sezionali automatiche per garage.","og_url":"https:\/\/www.eninter.com\/it-ch\/porte-sezionali-automatiche-per-garage\/","og_site_name":"ENINTER","article_publisher":"https:\/\/www.facebook.com\/EninterAscensores","article_published_time":"2015-09-03T12:58:47+00:00","article_modified_time":"2025-01-08T11:38:24+00:00","og_image":[{"width":1100,"height":734,"url":"https:\/\/www.eninter.com\/wp-content\/uploads\/2023\/08\/eninter-mantenimiento-ascensores-jumilla-01.jpg","type":"image\/jpeg"}],"author":"Albert Puig","twitter_card":"summary_large_image","twitter_creator":"@Eninter","twitter_site":"@Eninter","twitter_misc":{"Written by":"Albert Puig","Est. reading time":"3 minutes"},"schema":{"@context":"https:\/\/schema.org","@graph":[{"@type":"Article","@id":"https:\/\/www.eninter.com\/it-ch\/porte-sezionali-automatiche-per-garage\/#article","isPartOf":{"@id":"https:\/\/www.eninter.com\/it-ch\/porte-sezionali-automatiche-per-garage\/"},"author":{"name":"Albert Puig","@id":"https:\/\/www.eninter.com\/it-ch\/#\/schema\/person\/e6178c261ac4210884c0e0264dd59043"},"headline":"Porte sezionali automatiche per garage","datePublished":"2015-09-03T12:58:47+00:00","dateModified":"2025-01-08T11:38:24+00:00","mainEntityOfPage":{"@id":"https:\/\/www.eninter.com\/it-ch\/porte-sezionali-automatiche-per-garage\/"},"wordCount":542,"publisher":{"@id":"https:\/\/www.eninter.com\/it-ch\/#organization"},"image":{"@id":"https:\/\/www.eninter.com\/it-ch\/porte-sezionali-automatiche-per-garage\/#primaryimage"},"thumbnailUrl":"https:\/\/www.eninter.com\/wp-content\/uploads\/2023\/08\/eninter-mantenimiento-ascensores-jumilla-01.jpg","articleSection":["Porte di garage"],"inLanguage":"it-CH"},{"@type":"WebPage","@id":"https:\/\/www.eninter.com\/it-ch\/porte-sezionali-automatiche-per-garage\/","url":"https:\/\/www.eninter.com\/it-ch\/porte-sezionali-automatiche-per-garage\/","name":"Porte sezionali automatiche per garage | Blog Eninter","isPartOf":{"@id":"https:\/\/www.eninter.com\/it-ch\/#website"},"primaryImageOfPage":{"@id":"https:\/\/www.eninter.com\/it-ch\/porte-sezionali-automatiche-per-garage\/#primaryimage"},"image":{"@id":"https:\/\/www.eninter.com\/it-ch\/porte-sezionali-automatiche-per-garage\/#primaryimage"},"thumbnailUrl":"https:\/\/www.eninter.com\/wp-content\/uploads\/2023\/08\/eninter-mantenimiento-ascensores-jumilla-01.jpg","datePublished":"2015-09-03T12:58:47+00:00","dateModified":"2025-01-08T11:38:24+00:00","description":"Conoscete i diversi tipi di porte automatiche per garage? Noi di Eninter vi presentiamo le porte sezionali automatiche per garage.","breadcrumb":{"@id":"https:\/\/www.eninter.com\/it-ch\/porte-sezionali-automatiche-per-garage\/#breadcrumb"},"inLanguage":"it-CH","potentialAction":[{"@type":"ReadAction","target":["https:\/\/www.eninter.com\/it-ch\/porte-sezionali-automatiche-per-garage\/"]}]},{"@type":"ImageObject","inLanguage":"it-CH","@id":"https:\/\/www.eninter.com\/it-ch\/porte-sezionali-automatiche-per-garage\/#primaryimage","url":"https:\/\/www.eninter.com\/wp-content\/uploads\/2023\/08\/eninter-mantenimiento-ascensores-jumilla-01.jpg","contentUrl":"https:\/\/www.eninter.com\/wp-content\/uploads\/2023\/08\/eninter-mantenimiento-ascensores-jumilla-01.jpg","width":1100,"height":734},{"@type":"BreadcrumbList","@id":"https:\/\/www.eninter.com\/it-ch\/porte-sezionali-automatiche-per-garage\/#breadcrumb","itemListElement":[{"@type":"ListItem","position":1,"name":"Portada","item":"https:\/\/www.eninter.com\/it-ch\/"},{"@type":"ListItem","position":2,"name":"Porte sezionali automatiche per garage"}]},{"@type":"WebSite","@id":"https:\/\/www.eninter.com\/it-ch\/#website","url":"https:\/\/www.eninter.com\/it-ch\/","name":"ENINTER","description":"Mantenimiento de Ascensores Multimarca","publisher":{"@id":"https:\/\/www.eninter.com\/it-ch\/#organization"},"potentialAction":[{"@type":"SearchAction","target":{"@type":"EntryPoint","urlTemplate":"https:\/\/www.eninter.com\/it-ch\/?s={search_term_string}"},"query-input":{"@type":"PropertyValueSpecification","valueRequired":true,"valueName":"search_term_string"}}],"inLanguage":"it-CH"},{"@type":"Organization","@id":"https:\/\/www.eninter.com\/it-ch\/#organization","name":"Eniter","url":"https:\/\/www.eninter.com\/it-ch\/","logo":{"@type":"ImageObject","inLanguage":"it-CH","@id":"https:\/\/www.eninter.com\/it-ch\/#\/schema\/logo\/image\/","url":"https:\/\/www.eninter.com\/wp-content\/uploads\/2023\/08\/logo-eninter-png.png","contentUrl":"https:\/\/www.eninter.com\/wp-content\/uploads\/2023\/08\/logo-eninter-png.png","width":600,"height":340,"caption":"Eniter"},"image":{"@id":"https:\/\/www.eninter.com\/it-ch\/#\/schema\/logo\/image\/"},"sameAs":["https:\/\/www.facebook.com\/EninterAscensores","https:\/\/x.com\/Eninter","https:\/\/www.instagram.com\/eninterascensores\/","https:\/\/www.youtube.com\/user\/ascensoreseninter"]},{"@type":"Person","@id":"https:\/\/www.eninter.com\/it-ch\/#\/schema\/person\/e6178c261ac4210884c0e0264dd59043","name":"Albert Puig","image":{"@type":"ImageObject","inLanguage":"it-CH","@id":"https:\/\/secure.gravatar.com\/avatar\/583d07f3f1036f58d0e44e873586278b582179a16b27a5b3951504e9ee001c06?s=96&d=mm&r=g","url":"https:\/\/secure.gravatar.com\/avatar\/583d07f3f1036f58d0e44e873586278b582179a16b27a5b3951504e9ee001c06?s=96&d=mm&r=g","contentUrl":"https:\/\/secure.gravatar.com\/avatar\/583d07f3f1036f58d0e44e873586278b582179a16b27a5b3951504e9ee001c06?s=96&d=mm&r=g","caption":"Albert Puig"}}]}},"_links":{"self":[{"href":"https:\/\/www.eninter.com\/it-ch\/wp-json\/wp\/v2\/posts\/12554","targetHints":{"allow":["GET"]}}],"collection":[{"href":"https:\/\/www.eninter.com\/it-ch\/wp-json\/wp\/v2\/posts"}],"about":[{"href":"https:\/\/www.eninter.com\/it-ch\/wp-json\/wp\/v2\/types\/post"}],"author":[{"embeddable":true,"href":"https:\/\/www.eninter.com\/it-ch\/wp-json\/wp\/v2\/users\/3"}],"replies":[{"embeddable":true,"href":"https:\/\/www.eninter.com\/it-ch\/wp-json\/wp\/v2\/comments?post=12554"}],"version-history":[{"count":0,"href":"https:\/\/www.eninter.com\/it-ch\/wp-json\/wp\/v2\/posts\/12554\/revisions"}],"wp:featuredmedia":[{"embeddable":true,"href":"https:\/\/www.eninter.com\/it-ch\/wp-json\/wp\/v2\/media\/12204"}],"wp:attachment":[{"href":"https:\/\/www.eninter.com\/it-ch\/wp-json\/wp\/v2\/media?parent=12554"}],"wp:term":[{"taxonomy":"category","embeddable":true,"href":"https:\/\/www.eninter.com\/it-ch\/wp-json\/wp\/v2\/categories?post=12554"},{"taxonomy":"post_tag","embeddable":true,"href":"https:\/\/www.eninter.com\/it-ch\/wp-json\/wp\/v2\/tags?post=12554"}],"curies":[{"name":"wp","href":"https:\/\/api.w.org\/{rel}","templated":true}]}}