{"id":12556,"date":"2016-03-29T10:07:23","date_gmt":"2016-03-29T10:07:23","guid":{"rendered":"https:\/\/www.eninter.com\/ascensori-pubblici-per-disabili-caratteristiche\/"},"modified":"2025-01-08T11:40:20","modified_gmt":"2025-01-08T11:40:20","slug":"ascensori-pubblici-per-disabili-caratteristiche","status":"publish","type":"post","link":"https:\/\/www.eninter.com\/it-ch\/ascensori-pubblici-per-disabili-caratteristiche\/","title":{"rendered":"Ascensori pubblici per disabili: caratteristiche"},"content":{"rendered":"<p>L&#8217;<a href=\"http:\/\/www.eninter.com\/accesibilidad?utm_source=blog&amp;utm_medium=post&amp;utm_campaign=BlogEninter\">accessibilit\u00e0 <\/a>si riferisce alla possibilit\u00e0 per qualsiasi persona di <strong>accedere<\/strong>, <strong>passare<\/strong> o <strong>entrare in<\/strong> un luogo o in un&#8217;attivit\u00e0 <strong>senza<\/strong> alcun tipo di <strong>limitazione<\/strong> dovuta a menomazioni, disabilit\u00e0 o handicap.<\/p>\n<p>L&#8217;accessibilit\u00e0 architettonica \u00e8 quella che si riferisce sia agli edifici pubblici che a quelli privati, e in Spagna esiste una <strong>normativa legale<\/strong> in materia, che tiene conto della grande percentuale di persone che hanno necessit\u00e0, e tra queste necessit\u00e0 ci sono gli<strong> ascensori<\/strong> pubblici per i <strong>disabili<\/strong>.<\/p>\n<p>Grazie alla tecnologia, oggi esistono <strong>ascensori<\/strong> pubblici appositamente creati e progettati per soddisfare le esigenze delle persone disabili. Si tratta di cabine che hanno dimensioni adeguate e sufficienti per consentire a una sedia a rotelle e a uno o pi\u00f9 accompagnatori di entrare e uscire comodamente dalla cabina. Inoltre, oltre alle caratteristiche dimensionali, la norma EN 81-70 contempla anche le caratteristiche che facilitano l&#8217;uso da parte di persone con limitazioni motorie, visive e\/o uditive.<\/p>\n<h2>Specifiche per ascensori pubblici adattati<\/h2>\n<p>Nel  <a href=\"https:\/\/www.eninter.com\/ascensores\/\">ascensori  <\/a>adattato alle persone con disabilit\u00e0 il  <strong>porte<\/strong>  hanno una larghezza minima di 80 centimetri e sono dotate di un  <strong>sicurezza<\/strong>Il sistema \u00e8 dotato di una pulsantiera a un&#8217;altezza inferiore a 120 centimetri e di una numerazione in rilievo o in Braille per i non vedenti, oltre che di una  <strong>segnaletica<\/strong>  Un segnale luminoso indica il passaggio attraverso ogni piano e un segnale acustico annuncia l&#8217;arrivo a ogni piano.<\/p>\n<p>In tutti gli ascensori pubblici accessibili ai disabili le porte rimangono <strong>aperte<\/strong> per <strong>8 secondi<\/strong> e il tempo di <strong>chiusura<\/strong> \u00e8 di <strong>4 secondi<\/strong>.<\/p>\n<p>Come misura di <a href=\"https:\/\/www.eninter.com\/blog\/sistemas-de-seguridad-ascensores\/\">sicurezza<\/a>, all&#8217;interno della <a href=\"https:\/\/www.eninter.com\/cabinas\/\">cabina<\/a> dell&#8217;<a href=\"https:\/\/www.eninter.com\/cabinas\/\">ascensore<\/a> \u00e8 presente un <strong>allarme <\/strong>, un <strong>citofono<\/strong> installato a un&#8217;altezza compresa tra 1,10 e 1,30 m e una luce di <strong>emergenza<\/strong>.<\/p>\n<p>I problemi di accessibilit\u00e0 non riguardano solo le persone che devono usare la sedia a rotelle, ma anche una percentuale della popolazione che ha difficolt\u00e0 a vedere, a sentire o a comunicare; da qui l&#8217;importanza di una facile accessibilit\u00e0, che sar\u00e0 sempre sinonimo di comodit\u00e0.<\/p>\n<p>Le aziende che si occupano della produzione di ascensori hanno come core business  <strong>obiettivo di eliminare le barriere architettoniche<\/strong>  Per questo motivo oggi esistono diverse opzioni, come ascensori verticali di grandi altezze che possono essere utilizzati da tutti i tipi di persone e possono essere installati in tutti i tipi di edifici, compresi quelli pubblici o le case unifamiliari.<\/p>\n","protected":false},"excerpt":{"rendered":"<p>L&#8217;accessibilit\u00e0 si riferisce alla possibilit\u00e0 per qualsiasi persona di accedere, passare o entrare in un luogo o in un&#8217;attivit\u00e0 senza alcun tipo di limitazione dovuta a menomazioni, disabilit\u00e0 o handicap. L&#8217;accessibilit\u00e0 architettonica \u00e8 quella che si riferisce sia agli edifici pubblici che a quelli privati, e in Spagna esiste una normativa legale in materia, che [&hellip;]<\/p>\n","protected":false},"author":3,"featured_media":12051,"comment_status":"closed","ping_status":"closed","sticky":false,"template":"","format":"standard","meta":{"_acf_changed":false,"content-type":"","footnotes":""},"categories":[221],"tags":[],"class_list":["post-12556","post","type-post","status-publish","format-standard","has-post-thumbnail","hentry","category-ascensors"],"acf":[],"_yoast_wpseo_focuskw":"ascensori pubblici per persone disabili","_yoast_wpseo_metadesc":"Gli ascensori pubblici per disabili sono progettati in base a normative specifiche per garantire l'accessibilit\u00e0.","yoast_head":"<!-- This site is optimized with the Yoast SEO Premium plugin v21.6 (Yoast SEO v27.5) - https:\/\/yoast.com\/product\/yoast-seo-premium-wordpress\/ -->\n<title>Ascensori pubblici per disabili: caratteristiche<\/title>\n<meta name=\"description\" content=\"Gli ascensori pubblici per disabili sono progettati in base a normative specifiche per garantire l&#039;accessibilit\u00e0.\" \/>\n<meta name=\"robots\" content=\"index, follow, max-snippet:-1, max-image-preview:large, max-video-preview:-1\" \/>\n<link rel=\"canonical\" href=\"https:\/\/www.eninter.com\/it-ch\/ascensori-pubblici-per-disabili-caratteristiche\/\" \/>\n<meta property=\"og:locale\" content=\"it_IT\" \/>\n<meta property=\"og:type\" content=\"article\" \/>\n<meta property=\"og:title\" content=\"Ascensori pubblici per disabili: caratteristiche\" \/>\n<meta property=\"og:description\" content=\"Gli ascensori pubblici per disabili sono progettati in base a normative specifiche per garantire l&#039;accessibilit\u00e0.\" \/>\n<meta property=\"og:url\" content=\"https:\/\/www.eninter.com\/it-ch\/ascensori-pubblici-per-disabili-caratteristiche\/\" \/>\n<meta property=\"og:site_name\" content=\"ENINTER\" \/>\n<meta property=\"article:publisher\" content=\"https:\/\/www.facebook.com\/EninterAscensores\" \/>\n<meta property=\"article:published_time\" content=\"2016-03-29T10:07:23+00:00\" \/>\n<meta property=\"article:modified_time\" content=\"2025-01-08T11:40:20+00:00\" \/>\n<meta property=\"og:image\" content=\"https:\/\/www.eninter.com\/wp-content\/uploads\/2023\/08\/instalacion-rapida-sillas-salvaescaleras.jpeg\" \/>\n\t<meta property=\"og:image:width\" content=\"1240\" \/>\n\t<meta property=\"og:image:height\" content=\"800\" \/>\n\t<meta property=\"og:image:type\" content=\"image\/jpeg\" \/>\n<meta name=\"author\" content=\"Albert Puig\" \/>\n<meta name=\"twitter:card\" content=\"summary_large_image\" \/>\n<meta name=\"twitter:creator\" content=\"@Eninter\" \/>\n<meta name=\"twitter:site\" content=\"@Eninter\" \/>\n<meta name=\"twitter:label1\" content=\"Written by\" \/>\n\t<meta name=\"twitter:data1\" content=\"Albert Puig\" \/>\n\t<meta name=\"twitter:label2\" content=\"Est. reading time\" \/>\n\t<meta name=\"twitter:data2\" content=\"2 minutes\" \/>\n<!-- \/ Yoast SEO Premium plugin. -->","yoast_head_json":{"title":"Ascensori pubblici per disabili: caratteristiche","description":"Gli ascensori pubblici per disabili sono progettati in base a normative specifiche per garantire l'accessibilit\u00e0.","robots":{"index":"index","follow":"follow","max-snippet":"max-snippet:-1","max-image-preview":"max-image-preview:large","max-video-preview":"max-video-preview:-1"},"canonical":"https:\/\/www.eninter.com\/it-ch\/ascensori-pubblici-per-disabili-caratteristiche\/","og_locale":"it_IT","og_type":"article","og_title":"Ascensori pubblici per disabili: caratteristiche","og_description":"Gli ascensori pubblici per disabili sono progettati in base a normative specifiche per garantire l'accessibilit\u00e0.","og_url":"https:\/\/www.eninter.com\/it-ch\/ascensori-pubblici-per-disabili-caratteristiche\/","og_site_name":"ENINTER","article_publisher":"https:\/\/www.facebook.com\/EninterAscensores","article_published_time":"2016-03-29T10:07:23+00:00","article_modified_time":"2025-01-08T11:40:20+00:00","og_image":[{"width":1240,"height":800,"url":"https:\/\/www.eninter.com\/wp-content\/uploads\/2023\/08\/instalacion-rapida-sillas-salvaescaleras.jpeg","type":"image\/jpeg"}],"author":"Albert Puig","twitter_card":"summary_large_image","twitter_creator":"@Eninter","twitter_site":"@Eninter","twitter_misc":{"Written by":"Albert Puig","Est. reading time":"2 minutes"},"schema":{"@context":"https:\/\/schema.org","@graph":[{"@type":"Article","@id":"https:\/\/www.eninter.com\/it-ch\/ascensori-pubblici-per-disabili-caratteristiche\/#article","isPartOf":{"@id":"https:\/\/www.eninter.com\/it-ch\/ascensori-pubblici-per-disabili-caratteristiche\/"},"author":{"name":"Albert Puig","@id":"https:\/\/www.eninter.com\/it-ch\/#\/schema\/person\/e6178c261ac4210884c0e0264dd59043"},"headline":"Ascensori pubblici per disabili: caratteristiche","datePublished":"2016-03-29T10:07:23+00:00","dateModified":"2025-01-08T11:40:20+00:00","mainEntityOfPage":{"@id":"https:\/\/www.eninter.com\/it-ch\/ascensori-pubblici-per-disabili-caratteristiche\/"},"wordCount":388,"publisher":{"@id":"https:\/\/www.eninter.com\/it-ch\/#organization"},"image":{"@id":"https:\/\/www.eninter.com\/it-ch\/ascensori-pubblici-per-disabili-caratteristiche\/#primaryimage"},"thumbnailUrl":"https:\/\/www.eninter.com\/wp-content\/uploads\/2023\/08\/instalacion-rapida-sillas-salvaescaleras.jpeg","articleSection":["Ascensors"],"inLanguage":"it-CH"},{"@type":"WebPage","@id":"https:\/\/www.eninter.com\/it-ch\/ascensori-pubblici-per-disabili-caratteristiche\/","url":"https:\/\/www.eninter.com\/it-ch\/ascensori-pubblici-per-disabili-caratteristiche\/","name":"Ascensori pubblici per disabili: caratteristiche","isPartOf":{"@id":"https:\/\/www.eninter.com\/it-ch\/#website"},"primaryImageOfPage":{"@id":"https:\/\/www.eninter.com\/it-ch\/ascensori-pubblici-per-disabili-caratteristiche\/#primaryimage"},"image":{"@id":"https:\/\/www.eninter.com\/it-ch\/ascensori-pubblici-per-disabili-caratteristiche\/#primaryimage"},"thumbnailUrl":"https:\/\/www.eninter.com\/wp-content\/uploads\/2023\/08\/instalacion-rapida-sillas-salvaescaleras.jpeg","datePublished":"2016-03-29T10:07:23+00:00","dateModified":"2025-01-08T11:40:20+00:00","description":"Gli ascensori pubblici per disabili sono progettati in base a normative specifiche per garantire l'accessibilit\u00e0.","breadcrumb":{"@id":"https:\/\/www.eninter.com\/it-ch\/ascensori-pubblici-per-disabili-caratteristiche\/#breadcrumb"},"inLanguage":"it-CH","potentialAction":[{"@type":"ReadAction","target":["https:\/\/www.eninter.com\/it-ch\/ascensori-pubblici-per-disabili-caratteristiche\/"]}]},{"@type":"ImageObject","inLanguage":"it-CH","@id":"https:\/\/www.eninter.com\/it-ch\/ascensori-pubblici-per-disabili-caratteristiche\/#primaryimage","url":"https:\/\/www.eninter.com\/wp-content\/uploads\/2023\/08\/instalacion-rapida-sillas-salvaescaleras.jpeg","contentUrl":"https:\/\/www.eninter.com\/wp-content\/uploads\/2023\/08\/instalacion-rapida-sillas-salvaescaleras.jpeg","width":1240,"height":800,"caption":"ascensori pubblici per disabili"},{"@type":"BreadcrumbList","@id":"https:\/\/www.eninter.com\/it-ch\/ascensori-pubblici-per-disabili-caratteristiche\/#breadcrumb","itemListElement":[{"@type":"ListItem","position":1,"name":"Portada","item":"https:\/\/www.eninter.com\/it-ch\/"},{"@type":"ListItem","position":2,"name":"Ascensori pubblici per disabili: caratteristiche"}]},{"@type":"WebSite","@id":"https:\/\/www.eninter.com\/it-ch\/#website","url":"https:\/\/www.eninter.com\/it-ch\/","name":"ENINTER","description":"Mantenimiento de Ascensores Multimarca","publisher":{"@id":"https:\/\/www.eninter.com\/it-ch\/#organization"},"potentialAction":[{"@type":"SearchAction","target":{"@type":"EntryPoint","urlTemplate":"https:\/\/www.eninter.com\/it-ch\/?s={search_term_string}"},"query-input":{"@type":"PropertyValueSpecification","valueRequired":true,"valueName":"search_term_string"}}],"inLanguage":"it-CH"},{"@type":"Organization","@id":"https:\/\/www.eninter.com\/it-ch\/#organization","name":"Eniter","url":"https:\/\/www.eninter.com\/it-ch\/","logo":{"@type":"ImageObject","inLanguage":"it-CH","@id":"https:\/\/www.eninter.com\/it-ch\/#\/schema\/logo\/image\/","url":"https:\/\/www.eninter.com\/wp-content\/uploads\/2023\/08\/logo-eninter-png.png","contentUrl":"https:\/\/www.eninter.com\/wp-content\/uploads\/2023\/08\/logo-eninter-png.png","width":600,"height":340,"caption":"Eniter"},"image":{"@id":"https:\/\/www.eninter.com\/it-ch\/#\/schema\/logo\/image\/"},"sameAs":["https:\/\/www.facebook.com\/EninterAscensores","https:\/\/x.com\/Eninter","https:\/\/www.instagram.com\/eninterascensores\/","https:\/\/www.youtube.com\/user\/ascensoreseninter"]},{"@type":"Person","@id":"https:\/\/www.eninter.com\/it-ch\/#\/schema\/person\/e6178c261ac4210884c0e0264dd59043","name":"Albert Puig","image":{"@type":"ImageObject","inLanguage":"it-CH","@id":"https:\/\/secure.gravatar.com\/avatar\/583d07f3f1036f58d0e44e873586278b582179a16b27a5b3951504e9ee001c06?s=96&d=mm&r=g","url":"https:\/\/secure.gravatar.com\/avatar\/583d07f3f1036f58d0e44e873586278b582179a16b27a5b3951504e9ee001c06?s=96&d=mm&r=g","contentUrl":"https:\/\/secure.gravatar.com\/avatar\/583d07f3f1036f58d0e44e873586278b582179a16b27a5b3951504e9ee001c06?s=96&d=mm&r=g","caption":"Albert Puig"}}]}},"_links":{"self":[{"href":"https:\/\/www.eninter.com\/it-ch\/wp-json\/wp\/v2\/posts\/12556","targetHints":{"allow":["GET"]}}],"collection":[{"href":"https:\/\/www.eninter.com\/it-ch\/wp-json\/wp\/v2\/posts"}],"about":[{"href":"https:\/\/www.eninter.com\/it-ch\/wp-json\/wp\/v2\/types\/post"}],"author":[{"embeddable":true,"href":"https:\/\/www.eninter.com\/it-ch\/wp-json\/wp\/v2\/users\/3"}],"replies":[{"embeddable":true,"href":"https:\/\/www.eninter.com\/it-ch\/wp-json\/wp\/v2\/comments?post=12556"}],"version-history":[{"count":0,"href":"https:\/\/www.eninter.com\/it-ch\/wp-json\/wp\/v2\/posts\/12556\/revisions"}],"wp:featuredmedia":[{"embeddable":true,"href":"https:\/\/www.eninter.com\/it-ch\/wp-json\/wp\/v2\/media\/12051"}],"wp:attachment":[{"href":"https:\/\/www.eninter.com\/it-ch\/wp-json\/wp\/v2\/media?parent=12556"}],"wp:term":[{"taxonomy":"category","embeddable":true,"href":"https:\/\/www.eninter.com\/it-ch\/wp-json\/wp\/v2\/categories?post=12556"},{"taxonomy":"post_tag","embeddable":true,"href":"https:\/\/www.eninter.com\/it-ch\/wp-json\/wp\/v2\/tags?post=12556"}],"curies":[{"name":"wp","href":"https:\/\/api.w.org\/{rel}","templated":true}]}}