{"id":12562,"date":"2017-07-31T08:59:38","date_gmt":"2017-07-31T08:59:38","guid":{"rendered":"https:\/\/www.eninter.com\/come-si-fa-a-ridurre-la-potenza-contratta-dellascensore\/"},"modified":"2025-01-08T11:40:43","modified_gmt":"2025-01-08T11:40:43","slug":"come-si-fa-a-ridurre-la-potenza-contratta-dellascensore","status":"publish","type":"post","link":"https:\/\/www.eninter.com\/it-ch\/come-si-fa-a-ridurre-la-potenza-contratta-dellascensore\/","title":{"rendered":"Come si fa a ridurre la potenza contratta dell&#8217;ascensore?"},"content":{"rendered":"<p>Nel precedente post <a href=\"https:\/\/www.eninter.com\/blog\/cuanto-gasta-un-ascensor\/\" target=\"_blank\" rel=\"noopener\">Quanto consuma un ascensore?<\/a> abbiamo spiegato approssimativamente la quantit\u00e0 di <strong>elettricit\u00e0 consumata dagli ascensori<\/strong>. In Ascensores Eninter lavoriamo ogni giorno per migliorare i nostri ascensori e renderli sempre <strong>pi\u00f9 efficienti<\/strong>. Ma come abbassare la <strong>potenza elettrica contratta dell&#8217;ascensore<\/strong>? Vi toglieremo ogni dubbio!<\/p>\n<h2>Il mio ascensore potrebbe funzionare con una potenza inferiore?<\/h2>\n<p>Potrei! \u00c8 necessario verificare la somma delle potenze di tutte le installazioni elettriche e scegliere le seguenti.<br \/>\n  <strong>Kit Ecolift,<\/strong><br \/>\n la <strong>soluzione di efficienza energetica di Eninter Lifts<\/strong>.<\/p>\n<h2>Come richiedere una modifica della potenza elettrica contrattuale dell&#8217;ascensore?<\/h2>\n<p>Innanzitutto, la prima cosa da verificare \u00e8 lo stato dell&#8217;impianto elettrico, che deve essere corretto e valido. A seconda dello stato dell&#8217;impianto elettrico, \u00e8 necessario eseguire le seguenti operazioni:<\/p>\n<ul>\n<li>Se la <strong>casa ha pi\u00f9 di 20 anni<\/strong>, l&#8217;impianto deve superare un&#8217;ispezione e registrare il bollettino dell&#8217;impianto elettrico sia presso la delegazione del settore che presso l&#8217;azienda elettrica.<\/li>\n<li>Quando <strong>non esiste un bollettino<\/strong>, o non \u00e8 valido, o non \u00e8 stato registrato sia presso l&#8217;Industria che presso l&#8217;azienda fornitrice, \u00e8 necessario incaricare un installatore autorizzato di effettuare l&#8217;ispezione.<\/li>\n<li>Se l&#8217;installazione \u00e8 <strong>corretta e in vigore<\/strong>, la <strong>richiesta di modifica della potenza contrattuale<\/strong> pu\u00f2 essere effettuata nel modo seguente:<\/li>\n<\/ul>\n<ol>\n<li>Chiamare il fornitore di energia e richiedere la riduzione di potenza scelta. \u00c8 il proprietario dell&#8217;impianto o il suo rappresentante legale che deve indicare la nuova potenza contrattuale. \u00c8 inoltre consigliabile informare per lettera il registro dell&#8217;azienda della richiesta di riduzione della potenza.<\/li>\n<li>L&#8217;azienda \u00e8 tenuta a procedere alla riduzione di potenza richiesta entro un periodo di 5 giorni. Entro questo periodo, l&#8217;azienda deve recarsi presso la comunit\u00e0 e procedere alla modifica dell&#8217;ICP e alla sua sigillatura.<\/li>\n<\/ol>\n<p>Prima di ridurre la potenza elettrica contrattata, <strong>ricordatevi<\/strong> di verificare se il vostro ascensore dispone delle pi\u00f9 recenti caratteristiche <strong>di efficienza energetica<\/strong> compatibili con la riduzione di potenza richiesta.<\/p>\n","protected":false},"excerpt":{"rendered":"<p>Nel precedente post Quanto consuma un ascensore? abbiamo spiegato approssimativamente la quantit\u00e0 di elettricit\u00e0 consumata dagli ascensori. In Ascensores Eninter lavoriamo ogni giorno per migliorare i nostri ascensori e renderli sempre pi\u00f9 efficienti. Ma come abbassare la potenza elettrica contratta dell&#8217;ascensore? Vi toglieremo ogni dubbio! Il mio ascensore potrebbe funzionare con una potenza inferiore? Potrei! [&hellip;]<\/p>\n","protected":false},"author":3,"featured_media":0,"comment_status":"closed","ping_status":"closed","sticky":false,"template":"","format":"standard","meta":{"_acf_changed":false,"content-type":"","footnotes":""},"categories":[370],"tags":[],"class_list":["post-12562","post","type-post","status-publish","format-standard","hentry","category-ascensori-it-ch"],"acf":[],"_yoast_wpseo_focuskw":"potenza elettrica contratta dell'ascensore","_yoast_wpseo_metadesc":"Se riduco la potenza contratta dell'ascensore, funzioner\u00e0 ancora? Come si richiede il cambio di potere? Scoprite le risposte qui!","yoast_head":"<!-- This site is optimized with the Yoast SEO Premium plugin v21.6 (Yoast SEO v27.5) - https:\/\/yoast.com\/product\/yoast-seo-premium-wordpress\/ -->\n<title>Come si fa a ridurre la potenza contratta dell&#039;ascensore? - ENINTER<\/title>\n<meta name=\"description\" content=\"Se riduco la potenza contratta dell&#039;ascensore, funzioner\u00e0 ancora? Come si richiede il cambio di potere? Scoprite le risposte qui!\" \/>\n<meta name=\"robots\" content=\"index, follow, max-snippet:-1, max-image-preview:large, max-video-preview:-1\" \/>\n<link rel=\"canonical\" href=\"https:\/\/www.eninter.com\/it-ch\/come-si-fa-a-ridurre-la-potenza-contratta-dellascensore\/\" \/>\n<meta property=\"og:locale\" content=\"it_IT\" \/>\n<meta property=\"og:type\" content=\"article\" \/>\n<meta property=\"og:title\" content=\"Come si fa a ridurre la potenza contratta dell&#039;ascensore?\" \/>\n<meta property=\"og:description\" content=\"Se riduco la potenza contratta dell&#039;ascensore, funzioner\u00e0 ancora? Come si richiede il cambio di potere? Scoprite le risposte qui!\" \/>\n<meta property=\"og:url\" content=\"https:\/\/www.eninter.com\/it-ch\/come-si-fa-a-ridurre-la-potenza-contratta-dellascensore\/\" \/>\n<meta property=\"og:site_name\" content=\"ENINTER\" \/>\n<meta property=\"article:publisher\" content=\"https:\/\/www.facebook.com\/EninterAscensores\" \/>\n<meta property=\"article:published_time\" content=\"2017-07-31T08:59:38+00:00\" \/>\n<meta property=\"article:modified_time\" content=\"2025-01-08T11:40:43+00:00\" \/>\n<meta name=\"author\" content=\"Albert Puig\" \/>\n<meta name=\"twitter:card\" content=\"summary_large_image\" \/>\n<meta name=\"twitter:creator\" content=\"@Eninter\" \/>\n<meta name=\"twitter:site\" content=\"@Eninter\" \/>\n<meta name=\"twitter:label1\" content=\"Written by\" \/>\n\t<meta name=\"twitter:data1\" content=\"Albert Puig\" \/>\n\t<meta name=\"twitter:label2\" content=\"Est. reading time\" \/>\n\t<meta name=\"twitter:data2\" content=\"1 minute\" \/>\n<!-- \/ Yoast SEO Premium plugin. -->","yoast_head_json":{"title":"Come si fa a ridurre la potenza contratta dell'ascensore? - ENINTER","description":"Se riduco la potenza contratta dell'ascensore, funzioner\u00e0 ancora? Come si richiede il cambio di potere? Scoprite le risposte qui!","robots":{"index":"index","follow":"follow","max-snippet":"max-snippet:-1","max-image-preview":"max-image-preview:large","max-video-preview":"max-video-preview:-1"},"canonical":"https:\/\/www.eninter.com\/it-ch\/come-si-fa-a-ridurre-la-potenza-contratta-dellascensore\/","og_locale":"it_IT","og_type":"article","og_title":"Come si fa a ridurre la potenza contratta dell'ascensore?","og_description":"Se riduco la potenza contratta dell'ascensore, funzioner\u00e0 ancora? Come si richiede il cambio di potere? Scoprite le risposte qui!","og_url":"https:\/\/www.eninter.com\/it-ch\/come-si-fa-a-ridurre-la-potenza-contratta-dellascensore\/","og_site_name":"ENINTER","article_publisher":"https:\/\/www.facebook.com\/EninterAscensores","article_published_time":"2017-07-31T08:59:38+00:00","article_modified_time":"2025-01-08T11:40:43+00:00","author":"Albert Puig","twitter_card":"summary_large_image","twitter_creator":"@Eninter","twitter_site":"@Eninter","twitter_misc":{"Written by":"Albert Puig","Est. reading time":"1 minute"},"schema":{"@context":"https:\/\/schema.org","@graph":[{"@type":"Article","@id":"https:\/\/www.eninter.com\/it-ch\/come-si-fa-a-ridurre-la-potenza-contratta-dellascensore\/#article","isPartOf":{"@id":"https:\/\/www.eninter.com\/it-ch\/come-si-fa-a-ridurre-la-potenza-contratta-dellascensore\/"},"author":{"name":"Albert Puig","@id":"https:\/\/www.eninter.com\/it-ch\/#\/schema\/person\/e6178c261ac4210884c0e0264dd59043"},"headline":"Come si fa a ridurre la potenza contratta dell&#8217;ascensore?","datePublished":"2017-07-31T08:59:38+00:00","dateModified":"2025-01-08T11:40:43+00:00","mainEntityOfPage":{"@id":"https:\/\/www.eninter.com\/it-ch\/come-si-fa-a-ridurre-la-potenza-contratta-dellascensore\/"},"wordCount":318,"publisher":{"@id":"https:\/\/www.eninter.com\/it-ch\/#organization"},"articleSection":["Ascensori"],"inLanguage":"it-CH"},{"@type":"WebPage","@id":"https:\/\/www.eninter.com\/it-ch\/come-si-fa-a-ridurre-la-potenza-contratta-dellascensore\/","url":"https:\/\/www.eninter.com\/it-ch\/come-si-fa-a-ridurre-la-potenza-contratta-dellascensore\/","name":"Come si fa a ridurre la potenza contratta dell'ascensore? - ENINTER","isPartOf":{"@id":"https:\/\/www.eninter.com\/it-ch\/#website"},"datePublished":"2017-07-31T08:59:38+00:00","dateModified":"2025-01-08T11:40:43+00:00","description":"Se riduco la potenza contratta dell'ascensore, funzioner\u00e0 ancora? Come si richiede il cambio di potere? Scoprite le risposte qui!","breadcrumb":{"@id":"https:\/\/www.eninter.com\/it-ch\/come-si-fa-a-ridurre-la-potenza-contratta-dellascensore\/#breadcrumb"},"inLanguage":"it-CH","potentialAction":[{"@type":"ReadAction","target":["https:\/\/www.eninter.com\/it-ch\/come-si-fa-a-ridurre-la-potenza-contratta-dellascensore\/"]}]},{"@type":"BreadcrumbList","@id":"https:\/\/www.eninter.com\/it-ch\/come-si-fa-a-ridurre-la-potenza-contratta-dellascensore\/#breadcrumb","itemListElement":[{"@type":"ListItem","position":1,"name":"Portada","item":"https:\/\/www.eninter.com\/it-ch\/"},{"@type":"ListItem","position":2,"name":"Come si fa a ridurre la potenza contratta dell&#8217;ascensore?"}]},{"@type":"WebSite","@id":"https:\/\/www.eninter.com\/it-ch\/#website","url":"https:\/\/www.eninter.com\/it-ch\/","name":"ENINTER","description":"Mantenimiento de Ascensores Multimarca","publisher":{"@id":"https:\/\/www.eninter.com\/it-ch\/#organization"},"potentialAction":[{"@type":"SearchAction","target":{"@type":"EntryPoint","urlTemplate":"https:\/\/www.eninter.com\/it-ch\/?s={search_term_string}"},"query-input":{"@type":"PropertyValueSpecification","valueRequired":true,"valueName":"search_term_string"}}],"inLanguage":"it-CH"},{"@type":"Organization","@id":"https:\/\/www.eninter.com\/it-ch\/#organization","name":"Eniter","url":"https:\/\/www.eninter.com\/it-ch\/","logo":{"@type":"ImageObject","inLanguage":"it-CH","@id":"https:\/\/www.eninter.com\/it-ch\/#\/schema\/logo\/image\/","url":"https:\/\/www.eninter.com\/wp-content\/uploads\/2023\/08\/logo-eninter-png.png","contentUrl":"https:\/\/www.eninter.com\/wp-content\/uploads\/2023\/08\/logo-eninter-png.png","width":600,"height":340,"caption":"Eniter"},"image":{"@id":"https:\/\/www.eninter.com\/it-ch\/#\/schema\/logo\/image\/"},"sameAs":["https:\/\/www.facebook.com\/EninterAscensores","https:\/\/x.com\/Eninter","https:\/\/www.instagram.com\/eninterascensores\/","https:\/\/www.youtube.com\/user\/ascensoreseninter"]},{"@type":"Person","@id":"https:\/\/www.eninter.com\/it-ch\/#\/schema\/person\/e6178c261ac4210884c0e0264dd59043","name":"Albert Puig","image":{"@type":"ImageObject","inLanguage":"it-CH","@id":"https:\/\/secure.gravatar.com\/avatar\/583d07f3f1036f58d0e44e873586278b582179a16b27a5b3951504e9ee001c06?s=96&d=mm&r=g","url":"https:\/\/secure.gravatar.com\/avatar\/583d07f3f1036f58d0e44e873586278b582179a16b27a5b3951504e9ee001c06?s=96&d=mm&r=g","contentUrl":"https:\/\/secure.gravatar.com\/avatar\/583d07f3f1036f58d0e44e873586278b582179a16b27a5b3951504e9ee001c06?s=96&d=mm&r=g","caption":"Albert Puig"}}]}},"_links":{"self":[{"href":"https:\/\/www.eninter.com\/it-ch\/wp-json\/wp\/v2\/posts\/12562","targetHints":{"allow":["GET"]}}],"collection":[{"href":"https:\/\/www.eninter.com\/it-ch\/wp-json\/wp\/v2\/posts"}],"about":[{"href":"https:\/\/www.eninter.com\/it-ch\/wp-json\/wp\/v2\/types\/post"}],"author":[{"embeddable":true,"href":"https:\/\/www.eninter.com\/it-ch\/wp-json\/wp\/v2\/users\/3"}],"replies":[{"embeddable":true,"href":"https:\/\/www.eninter.com\/it-ch\/wp-json\/wp\/v2\/comments?post=12562"}],"version-history":[{"count":0,"href":"https:\/\/www.eninter.com\/it-ch\/wp-json\/wp\/v2\/posts\/12562\/revisions"}],"wp:attachment":[{"href":"https:\/\/www.eninter.com\/it-ch\/wp-json\/wp\/v2\/media?parent=12562"}],"wp:term":[{"taxonomy":"category","embeddable":true,"href":"https:\/\/www.eninter.com\/it-ch\/wp-json\/wp\/v2\/categories?post=12562"},{"taxonomy":"post_tag","embeddable":true,"href":"https:\/\/www.eninter.com\/it-ch\/wp-json\/wp\/v2\/tags?post=12562"}],"curies":[{"name":"wp","href":"https:\/\/api.w.org\/{rel}","templated":true}]}}