{"id":12564,"date":"2016-07-19T12:28:00","date_gmt":"2016-07-19T12:28:00","guid":{"rendered":"https:\/\/www.eninter.com\/quanto-consuma-un-ascensore\/"},"modified":"2025-01-08T11:40:45","modified_gmt":"2025-01-08T11:40:45","slug":"quanto-consuma-un-ascensore","status":"publish","type":"post","link":"https:\/\/www.eninter.com\/it-ch\/quanto-consuma-un-ascensore\/","title":{"rendered":"Quanto consuma un ascensore?"},"content":{"rendered":"<p>Uno dei fattori presi in considerazione al momento della messa in servizio di un ascensore \u00e8 il <strong>consumo energetico<\/strong>. Non sorprende che lo spostamento di macchinari simili richieda molta energia elettrica, per cui \u00e8 necessario chiedersi: <strong>quanto consuma un ascensore? <\/strong> <\/p>\n<p>Prima di tutto, dobbiamo considerare il costo dell&#8217;energia, quindi cominciamo da l\u00ec.<\/p>\n<h2><strong>Il prezzo dell&#8217;elettricit\u00e0<\/strong><\/h2>\n<p>Innanzitutto, \u00e8 importante considerare quanto ci viene addebitato dalla nostra societ\u00e0 elettrica per la fornitura di energia <strong>elettrica<\/strong>. \u00c8 fondamentale conoscere due concetti: la <strong>potenza contrattuale<\/strong> e l&#8217;elettricit\u00e0 <strong>consumata<\/strong> o, comunemente, il <strong>costo per kilowatt all&#8217;ora<\/strong>. Da qui possiamo stimare quanto denaro dobbiamo investire nel costo mensile del nostro ascensore.<\/p>\n<h2><strong>Potenza contrattuale<\/strong><\/h2>\n<p>Questa \u00e8 la potenza massima che pu\u00f2 essere consumata contemporaneamente. Ad esempio, in una comunit\u00e0 in cui sono accesi 1.000 W di illuminazione e contemporaneamente 9.500 W dall&#8217;ascensore idraulico e altri 2.000 W dalle pompe dell&#8217;acqua, viene utilizzata una potenza di 12.500 W (12,5kW).<\/p>\n<h2><strong>\u00bf<\/strong><strong>Come faccio a sapere qual \u00e8 la mia potenza contrattuale?<\/strong><\/h2>\n<p>La potenza contrattuale pu\u00f2 essere consultata sia nel contratto che in qualsiasi bolletta elettrica. La potenza contrattuale in kW \u00e8 indicata l\u00ec.<\/p>\n<h2><strong>Elettricit\u00e0 consumata<\/strong><\/h2>\n<p>Il kWh \u00e8 l&#8217;unit\u00e0 di misura utilizzata dalle aziende elettriche per addebitare i costi agli utenti; in ogni caso si riferisce alla quantit\u00e0 di energia consumata in un determinato periodo di tempo. Ad esempio, se abbiamo un ascensore che consuma 10 kWh\/ora e funziona per 4 ore, l&#8217;elettricit\u00e0 consumata sar\u00e0 di 40 kWh.<\/p>\n<h2><strong>Il tipo di ascensore influisce sul costo?<\/strong><\/h2>\n<p>Certo che lo \u00e8! Ogni modello di <strong>ascensore<\/strong> richiede una <strong>potenza elettrica minima contrattata<\/strong> e ha un <strong>consumo di<\/strong> <strong>kilowatt<\/strong> diverso, il che significa che le cifre possono variare notevolmente a seconda dell&#8217;ascensore installato.<\/p>\n<h2><strong>Quanto spende un ascensore?<\/strong><\/h2>\n<p>Il calcolo del costo dell&#8217;elettricit\u00e0 di un ascensore dipende quindi dai fattori sopra menzionati. Per farsi un&#8217;idea, \u00e8 possibile fare un calcolo approssimativo tenendo conto di elementi come il modello della macchina, la tariffa contrattuale, il numero di persone che possono viaggiare contemporaneamente e il tempo di funzionamento, come si pu\u00f2 vedere nell&#8217;immagine sottostante.<\/p>\n<p>&nbsp;<\/p>\n<p><img fetchpriority=\"high\" decoding=\"async\" class=\" wp-image-6111 aligncenter\" src=\"https:\/\/www.eninter.com\/wp-content\/uploads\/2023\/08\/rehabilitacion-ascensores-300x200.jpeg\" alt=\"ristrutturazione dell'ascensore\" width=\"365\" height=\"243\" srcset=\"https:\/\/www.eninter.com\/wp-content\/uploads\/2023\/08\/rehabilitacion-ascensores-300x200.jpeg 300w, https:\/\/www.eninter.com\/wp-content\/uploads\/2023\/08\/rehabilitacion-ascensores.jpeg 640w\" sizes=\"(max-width: 365px) 100vw, 365px\" \/><\/p>\n<p>&nbsp;<\/p>\n<p>In ogni <strong>Paese<\/strong>, ad esempio, le tariffe sono diverse, oltre al fatto che si possono acquistare ascensori grandi e piccoli, con un proprio consumo energetico. La spesa monetaria varia da pochi euro a migliaia, a seconda dell&#8217;infrastruttura installata.<\/p>\n<p>Nei casi in cui \u00e8 assolutamente necessario sapere quanta energia consuma un ascensore, \u00e8 meglio contattare l&#8217;<strong>azienda responsabile<\/strong> dell&#8217;installazione e della manutenzione e chiedere un preventivo per avere un&#8217;idea approssimativa.<\/p>\n<p>Nelle strutture in cui non \u00e8 necessario installare grandi ascensori, il consumo energetico \u00e8 pi\u00f9 o meno ridotto. Ci\u00f2 \u00e8 diverso negli edifici utilizzati da molte persone o con grandi macchine di questo tipo. La differenza, soprattutto per il portafoglio, pu\u00f2 essere estremamente grande. Diventando addirittura un problema da risolvere.<\/p>\n<p>Conoscete i kit di risparmio energetico Ecolift?<\/p>\n","protected":false},"excerpt":{"rendered":"<p>Uno dei fattori presi in considerazione al momento della messa in servizio di un ascensore \u00e8 il consumo energetico. Non sorprende che lo spostamento di macchinari simili richieda molta energia elettrica, per cui \u00e8 necessario chiedersi: quanto consuma un ascensore? Prima di tutto, dobbiamo considerare il costo dell&#8217;energia, quindi cominciamo da l\u00ec. Il prezzo dell&#8217;elettricit\u00e0 [&hellip;]<\/p>\n","protected":false},"author":3,"featured_media":0,"comment_status":"closed","ping_status":"closed","sticky":false,"template":"","format":"standard","meta":{"_acf_changed":false,"content-type":"","footnotes":""},"categories":[221],"tags":[],"class_list":["post-12564","post","type-post","status-publish","format-standard","hentry","category-ascensors"],"acf":[],"_yoast_wpseo_focuskw":"Quanto costa un ascensore","_yoast_wpseo_metadesc":"Quanto spende un ascensore? Da cosa dipende il consumo di elettricit\u00e0 del vostro ascensore? Perch\u00e9? Eninter ve ne parla.","yoast_head":"<!-- This site is optimized with the Yoast SEO Premium plugin v21.6 (Yoast SEO v27.5) - https:\/\/yoast.com\/product\/yoast-seo-premium-wordpress\/ -->\n<title>Quanto consuma un ascensore? - ENINTER<\/title>\n<meta name=\"description\" content=\"Quanto spende un ascensore? Da cosa dipende il consumo di elettricit\u00e0 del vostro ascensore? Perch\u00e9? Eninter ve ne parla.\" \/>\n<meta name=\"robots\" content=\"index, follow, max-snippet:-1, max-image-preview:large, max-video-preview:-1\" \/>\n<link rel=\"canonical\" href=\"https:\/\/www.eninter.com\/it-ch\/quanto-consuma-un-ascensore\/\" \/>\n<meta property=\"og:locale\" content=\"it_IT\" \/>\n<meta property=\"og:type\" content=\"article\" \/>\n<meta property=\"og:title\" content=\"Quanto consuma un ascensore?\" \/>\n<meta property=\"og:description\" content=\"Quanto spende un ascensore? Da cosa dipende il consumo di elettricit\u00e0 del vostro ascensore? Perch\u00e9? Eninter ve ne parla.\" \/>\n<meta property=\"og:url\" content=\"https:\/\/www.eninter.com\/it-ch\/quanto-consuma-un-ascensore\/\" \/>\n<meta property=\"og:site_name\" content=\"ENINTER\" \/>\n<meta property=\"article:publisher\" content=\"https:\/\/www.facebook.com\/EninterAscensores\" \/>\n<meta property=\"article:published_time\" content=\"2016-07-19T12:28:00+00:00\" \/>\n<meta property=\"article:modified_time\" content=\"2025-01-08T11:40:45+00:00\" \/>\n<meta property=\"og:image\" content=\"https:\/\/www.eninter.com\/wp-content\/uploads\/2023\/08\/rehabilitacion-ascensores-300x200.jpeg\" \/>\n<meta name=\"author\" content=\"Albert Puig\" \/>\n<meta name=\"twitter:card\" content=\"summary_large_image\" \/>\n<meta name=\"twitter:creator\" content=\"@Eninter\" \/>\n<meta name=\"twitter:site\" content=\"@Eninter\" \/>\n<meta name=\"twitter:label1\" content=\"Written by\" \/>\n\t<meta name=\"twitter:data1\" content=\"Albert Puig\" \/>\n\t<meta name=\"twitter:label2\" content=\"Est. reading time\" \/>\n\t<meta name=\"twitter:data2\" content=\"2 minutes\" \/>\n<!-- \/ Yoast SEO Premium plugin. -->","yoast_head_json":{"title":"Quanto consuma un ascensore? - ENINTER","description":"Quanto spende un ascensore? Da cosa dipende il consumo di elettricit\u00e0 del vostro ascensore? Perch\u00e9? Eninter ve ne parla.","robots":{"index":"index","follow":"follow","max-snippet":"max-snippet:-1","max-image-preview":"max-image-preview:large","max-video-preview":"max-video-preview:-1"},"canonical":"https:\/\/www.eninter.com\/it-ch\/quanto-consuma-un-ascensore\/","og_locale":"it_IT","og_type":"article","og_title":"Quanto consuma un ascensore?","og_description":"Quanto spende un ascensore? Da cosa dipende il consumo di elettricit\u00e0 del vostro ascensore? Perch\u00e9? Eninter ve ne parla.","og_url":"https:\/\/www.eninter.com\/it-ch\/quanto-consuma-un-ascensore\/","og_site_name":"ENINTER","article_publisher":"https:\/\/www.facebook.com\/EninterAscensores","article_published_time":"2016-07-19T12:28:00+00:00","article_modified_time":"2025-01-08T11:40:45+00:00","og_image":[{"url":"https:\/\/www.eninter.com\/wp-content\/uploads\/2023\/08\/rehabilitacion-ascensores-300x200.jpeg","type":"","width":"","height":""}],"author":"Albert Puig","twitter_card":"summary_large_image","twitter_creator":"@Eninter","twitter_site":"@Eninter","twitter_misc":{"Written by":"Albert Puig","Est. reading time":"2 minutes"},"schema":{"@context":"https:\/\/schema.org","@graph":[{"@type":"Article","@id":"https:\/\/www.eninter.com\/it-ch\/quanto-consuma-un-ascensore\/#article","isPartOf":{"@id":"https:\/\/www.eninter.com\/it-ch\/quanto-consuma-un-ascensore\/"},"author":{"name":"Albert Puig","@id":"https:\/\/www.eninter.com\/it-ch\/#\/schema\/person\/e6178c261ac4210884c0e0264dd59043"},"headline":"Quanto consuma un ascensore?","datePublished":"2016-07-19T12:28:00+00:00","dateModified":"2025-01-08T11:40:45+00:00","mainEntityOfPage":{"@id":"https:\/\/www.eninter.com\/it-ch\/quanto-consuma-un-ascensore\/"},"wordCount":463,"publisher":{"@id":"https:\/\/www.eninter.com\/it-ch\/#organization"},"image":{"@id":"https:\/\/www.eninter.com\/it-ch\/quanto-consuma-un-ascensore\/#primaryimage"},"thumbnailUrl":"https:\/\/www.eninter.com\/wp-content\/uploads\/2023\/08\/rehabilitacion-ascensores-300x200.jpeg","articleSection":["Ascensors"],"inLanguage":"it-CH"},{"@type":"WebPage","@id":"https:\/\/www.eninter.com\/it-ch\/quanto-consuma-un-ascensore\/","url":"https:\/\/www.eninter.com\/it-ch\/quanto-consuma-un-ascensore\/","name":"Quanto consuma un ascensore? - ENINTER","isPartOf":{"@id":"https:\/\/www.eninter.com\/it-ch\/#website"},"primaryImageOfPage":{"@id":"https:\/\/www.eninter.com\/it-ch\/quanto-consuma-un-ascensore\/#primaryimage"},"image":{"@id":"https:\/\/www.eninter.com\/it-ch\/quanto-consuma-un-ascensore\/#primaryimage"},"thumbnailUrl":"https:\/\/www.eninter.com\/wp-content\/uploads\/2023\/08\/rehabilitacion-ascensores-300x200.jpeg","datePublished":"2016-07-19T12:28:00+00:00","dateModified":"2025-01-08T11:40:45+00:00","description":"Quanto spende un ascensore? Da cosa dipende il consumo di elettricit\u00e0 del vostro ascensore? Perch\u00e9? Eninter ve ne parla.","breadcrumb":{"@id":"https:\/\/www.eninter.com\/it-ch\/quanto-consuma-un-ascensore\/#breadcrumb"},"inLanguage":"it-CH","potentialAction":[{"@type":"ReadAction","target":["https:\/\/www.eninter.com\/it-ch\/quanto-consuma-un-ascensore\/"]}]},{"@type":"ImageObject","inLanguage":"it-CH","@id":"https:\/\/www.eninter.com\/it-ch\/quanto-consuma-un-ascensore\/#primaryimage","url":"https:\/\/www.eninter.com\/wp-content\/uploads\/2023\/08\/rehabilitacion-ascensores-300x200.jpeg","contentUrl":"https:\/\/www.eninter.com\/wp-content\/uploads\/2023\/08\/rehabilitacion-ascensores-300x200.jpeg"},{"@type":"BreadcrumbList","@id":"https:\/\/www.eninter.com\/it-ch\/quanto-consuma-un-ascensore\/#breadcrumb","itemListElement":[{"@type":"ListItem","position":1,"name":"Portada","item":"https:\/\/www.eninter.com\/it-ch\/"},{"@type":"ListItem","position":2,"name":"Quanto consuma un ascensore?"}]},{"@type":"WebSite","@id":"https:\/\/www.eninter.com\/it-ch\/#website","url":"https:\/\/www.eninter.com\/it-ch\/","name":"ENINTER","description":"Mantenimiento de Ascensores Multimarca","publisher":{"@id":"https:\/\/www.eninter.com\/it-ch\/#organization"},"potentialAction":[{"@type":"SearchAction","target":{"@type":"EntryPoint","urlTemplate":"https:\/\/www.eninter.com\/it-ch\/?s={search_term_string}"},"query-input":{"@type":"PropertyValueSpecification","valueRequired":true,"valueName":"search_term_string"}}],"inLanguage":"it-CH"},{"@type":"Organization","@id":"https:\/\/www.eninter.com\/it-ch\/#organization","name":"Eniter","url":"https:\/\/www.eninter.com\/it-ch\/","logo":{"@type":"ImageObject","inLanguage":"it-CH","@id":"https:\/\/www.eninter.com\/it-ch\/#\/schema\/logo\/image\/","url":"https:\/\/www.eninter.com\/wp-content\/uploads\/2023\/08\/logo-eninter-png.png","contentUrl":"https:\/\/www.eninter.com\/wp-content\/uploads\/2023\/08\/logo-eninter-png.png","width":600,"height":340,"caption":"Eniter"},"image":{"@id":"https:\/\/www.eninter.com\/it-ch\/#\/schema\/logo\/image\/"},"sameAs":["https:\/\/www.facebook.com\/EninterAscensores","https:\/\/x.com\/Eninter","https:\/\/www.instagram.com\/eninterascensores\/","https:\/\/www.youtube.com\/user\/ascensoreseninter"]},{"@type":"Person","@id":"https:\/\/www.eninter.com\/it-ch\/#\/schema\/person\/e6178c261ac4210884c0e0264dd59043","name":"Albert Puig","image":{"@type":"ImageObject","inLanguage":"it-CH","@id":"https:\/\/secure.gravatar.com\/avatar\/583d07f3f1036f58d0e44e873586278b582179a16b27a5b3951504e9ee001c06?s=96&d=mm&r=g","url":"https:\/\/secure.gravatar.com\/avatar\/583d07f3f1036f58d0e44e873586278b582179a16b27a5b3951504e9ee001c06?s=96&d=mm&r=g","contentUrl":"https:\/\/secure.gravatar.com\/avatar\/583d07f3f1036f58d0e44e873586278b582179a16b27a5b3951504e9ee001c06?s=96&d=mm&r=g","caption":"Albert Puig"}}]}},"_links":{"self":[{"href":"https:\/\/www.eninter.com\/it-ch\/wp-json\/wp\/v2\/posts\/12564","targetHints":{"allow":["GET"]}}],"collection":[{"href":"https:\/\/www.eninter.com\/it-ch\/wp-json\/wp\/v2\/posts"}],"about":[{"href":"https:\/\/www.eninter.com\/it-ch\/wp-json\/wp\/v2\/types\/post"}],"author":[{"embeddable":true,"href":"https:\/\/www.eninter.com\/it-ch\/wp-json\/wp\/v2\/users\/3"}],"replies":[{"embeddable":true,"href":"https:\/\/www.eninter.com\/it-ch\/wp-json\/wp\/v2\/comments?post=12564"}],"version-history":[{"count":0,"href":"https:\/\/www.eninter.com\/it-ch\/wp-json\/wp\/v2\/posts\/12564\/revisions"}],"wp:attachment":[{"href":"https:\/\/www.eninter.com\/it-ch\/wp-json\/wp\/v2\/media?parent=12564"}],"wp:term":[{"taxonomy":"category","embeddable":true,"href":"https:\/\/www.eninter.com\/it-ch\/wp-json\/wp\/v2\/categories?post=12564"},{"taxonomy":"post_tag","embeddable":true,"href":"https:\/\/www.eninter.com\/it-ch\/wp-json\/wp\/v2\/tags?post=12564"}],"curies":[{"name":"wp","href":"https:\/\/api.w.org\/{rel}","templated":true}]}}