{"id":12566,"date":"2016-09-05T09:50:21","date_gmt":"2016-09-05T09:50:21","guid":{"rendered":"https:\/\/www.eninter.com\/caso-di-studio-sostituzione-di-due-ascensori-con-un-unico-ascensore\/"},"modified":"2025-01-08T11:44:46","modified_gmt":"2025-01-08T11:44:46","slug":"caso-di-studio-sostituzione-di-due-ascensori-con-un-unico-ascensore","status":"publish","type":"post","link":"https:\/\/www.eninter.com\/it-ch\/caso-di-studio-sostituzione-di-due-ascensori-con-un-unico-ascensore\/","title":{"rendered":"Caso di studio: sostituzione di due ascensori con un unico ascensore"},"content":{"rendered":"<div>Negli anni &#8217;70 era frequente vedere comunit\u00e0 dotate di due piccoli ascensori per facilitare la vita ai giovani residenti che acquistavano la propriet\u00e0 in quel periodo. Oggi quei giovani hanno 36 anni in pi\u00f9 e alcuni di loro hanno bisogno di una sedia a rotelle o che la porta si apra automaticamente.<\/div>\n<div><\/div>\n<div>\u00c8 il caso di un edificio a Valencia, dove <a href=\"http:\/\/www.eninter.com\/\" target=\"_blank\" rel=\"noopener\">Ascensores Eninter<\/a> ha realizzato <a href=\"http:\/\/www.eninter.com\/modernizacion\" target=\"_blank\" rel=\"noopener\">un<\/a> progetto di ristrutturazione per sostituire due piccoli ascensori con uno grande e accessibile, in grado di fornire servizi alle persone con mobilit\u00e0 ridotta.<\/div>\n<div><\/div>\n<div>I lavori eseguiti sono stati:<\/div>\n<ul>\n<li>Preparazione del progetto.<\/li>\n<li><strong>Smontaggio di<\/strong> due ascensori a 4 posti.<\/li>\n<li><strong>Demolizione<\/strong> del muro divisorio che separa i due ascensori, scavo della fossa e della soletta per l&#8217;ampliamento del vano ascensore.<\/li>\n<li><strong>Installazione<\/strong> di un ascensore per 8 persone con cabina Melbourne.<\/li>\n<li>Creazione di una <strong>nicchia<\/strong> per l&#8217;installazione delle nuove porte con passaggio libero di 900 mm con finiture in marmo per i telai.<\/li>\n<li>E soprattutto, lo abbiamo fatto in <strong>5 settimane<\/strong>. Un tempo record per tutto il lavoro che doveva essere fatto.<\/li>\n<\/ul>\n<div>\u00c8 possibile vedere il prima e il dopo:<\/div>\n<div> <\/div>\n<div><\/div>\n<div><\/div>\n<div><\/div>\n<div><\/div>\n<div><\/div>\n","protected":false},"excerpt":{"rendered":"<p>Negli anni &#8217;70 era frequente vedere comunit\u00e0 dotate di due piccoli ascensori per facilitare la vita ai giovani residenti che acquistavano la propriet\u00e0 in quel periodo. Oggi quei giovani hanno 36 anni in pi\u00f9 e alcuni di loro hanno bisogno di una sedia a rotelle o che la porta si apra automaticamente. \u00c8 il caso [&hellip;]<\/p>\n","protected":false},"author":3,"featured_media":0,"comment_status":"closed","ping_status":"closed","sticky":false,"template":"","format":"standard","meta":{"_acf_changed":false,"content-type":"","footnotes":""},"categories":[370,371],"tags":[],"class_list":["post-12566","post","type-post","status-publish","format-standard","hentry","category-ascensori-it-ch","category-curiosita-it-ch"],"acf":[],"_yoast_wpseo_focuskw":"ristrutturazione dell'ascensore","_yoast_wpseo_metadesc":null,"yoast_head":"<!-- This site is optimized with the Yoast SEO Premium plugin v21.6 (Yoast SEO v27.5) - https:\/\/yoast.com\/product\/yoast-seo-premium-wordpress\/ -->\n<title>Ristrutturazione dell&#039;ascensore: sostituzione di 2 ascensori accessibili con 1 ascensore: Eninter Ascensores<\/title>\n<meta name=\"robots\" content=\"index, follow, max-snippet:-1, max-image-preview:large, max-video-preview:-1\" \/>\n<link rel=\"canonical\" href=\"https:\/\/www.eninter.com\/it-ch\/caso-di-studio-sostituzione-di-due-ascensori-con-un-unico-ascensore\/\" \/>\n<meta property=\"og:locale\" content=\"it_IT\" \/>\n<meta property=\"og:type\" content=\"article\" \/>\n<meta property=\"og:title\" content=\"Caso di studio: sostituzione di due ascensori con un unico ascensore\" \/>\n<meta property=\"og:description\" content=\"Negli anni &#8217;70 era frequente vedere comunit\u00e0 dotate di due piccoli ascensori per facilitare la vita ai giovani residenti che acquistavano la propriet\u00e0 in quel periodo. Oggi quei giovani hanno 36 anni in pi\u00f9 e alcuni di loro hanno bisogno di una sedia a rotelle o che la porta si apra automaticamente. \u00c8 il caso [&hellip;]\" \/>\n<meta property=\"og:url\" content=\"https:\/\/www.eninter.com\/it-ch\/caso-di-studio-sostituzione-di-due-ascensori-con-un-unico-ascensore\/\" \/>\n<meta property=\"og:site_name\" content=\"ENINTER\" \/>\n<meta property=\"article:publisher\" content=\"https:\/\/www.facebook.com\/EninterAscensores\" \/>\n<meta property=\"article:published_time\" content=\"2016-09-05T09:50:21+00:00\" \/>\n<meta property=\"article:modified_time\" content=\"2025-01-08T11:44:46+00:00\" \/>\n<meta name=\"author\" content=\"Albert Puig\" \/>\n<meta name=\"twitter:card\" content=\"summary_large_image\" \/>\n<meta name=\"twitter:creator\" content=\"@Eninter\" \/>\n<meta name=\"twitter:site\" content=\"@Eninter\" \/>\n<meta name=\"twitter:label1\" content=\"Written by\" \/>\n\t<meta name=\"twitter:data1\" content=\"Albert Puig\" \/>\n\t<meta name=\"twitter:label2\" content=\"Est. reading time\" \/>\n\t<meta name=\"twitter:data2\" content=\"1 minute\" \/>\n<!-- \/ Yoast SEO Premium plugin. -->","yoast_head_json":{"title":"Ristrutturazione dell'ascensore: sostituzione di 2 ascensori accessibili con 1 ascensore: Eninter Ascensores","robots":{"index":"index","follow":"follow","max-snippet":"max-snippet:-1","max-image-preview":"max-image-preview:large","max-video-preview":"max-video-preview:-1"},"canonical":"https:\/\/www.eninter.com\/it-ch\/caso-di-studio-sostituzione-di-due-ascensori-con-un-unico-ascensore\/","og_locale":"it_IT","og_type":"article","og_title":"Caso di studio: sostituzione di due ascensori con un unico ascensore","og_description":"Negli anni &#8217;70 era frequente vedere comunit\u00e0 dotate di due piccoli ascensori per facilitare la vita ai giovani residenti che acquistavano la propriet\u00e0 in quel periodo. Oggi quei giovani hanno 36 anni in pi\u00f9 e alcuni di loro hanno bisogno di una sedia a rotelle o che la porta si apra automaticamente. \u00c8 il caso [&hellip;]","og_url":"https:\/\/www.eninter.com\/it-ch\/caso-di-studio-sostituzione-di-due-ascensori-con-un-unico-ascensore\/","og_site_name":"ENINTER","article_publisher":"https:\/\/www.facebook.com\/EninterAscensores","article_published_time":"2016-09-05T09:50:21+00:00","article_modified_time":"2025-01-08T11:44:46+00:00","author":"Albert Puig","twitter_card":"summary_large_image","twitter_creator":"@Eninter","twitter_site":"@Eninter","twitter_misc":{"Written by":"Albert Puig","Est. reading time":"1 minute"},"schema":{"@context":"https:\/\/schema.org","@graph":[{"@type":"Article","@id":"https:\/\/www.eninter.com\/it-ch\/caso-di-studio-sostituzione-di-due-ascensori-con-un-unico-ascensore\/#article","isPartOf":{"@id":"https:\/\/www.eninter.com\/it-ch\/caso-di-studio-sostituzione-di-due-ascensori-con-un-unico-ascensore\/"},"author":{"name":"Albert Puig","@id":"https:\/\/www.eninter.com\/it-ch\/#\/schema\/person\/e6178c261ac4210884c0e0264dd59043"},"headline":"Caso di studio: sostituzione di due ascensori con un unico ascensore","datePublished":"2016-09-05T09:50:21+00:00","dateModified":"2025-01-08T11:44:46+00:00","mainEntityOfPage":{"@id":"https:\/\/www.eninter.com\/it-ch\/caso-di-studio-sostituzione-di-due-ascensori-con-un-unico-ascensore\/"},"wordCount":188,"publisher":{"@id":"https:\/\/www.eninter.com\/it-ch\/#organization"},"articleSection":["Ascensori","Curiosit\u00e0"],"inLanguage":"it-CH"},{"@type":"WebPage","@id":"https:\/\/www.eninter.com\/it-ch\/caso-di-studio-sostituzione-di-due-ascensori-con-un-unico-ascensore\/","url":"https:\/\/www.eninter.com\/it-ch\/caso-di-studio-sostituzione-di-due-ascensori-con-un-unico-ascensore\/","name":"Ristrutturazione dell'ascensore: sostituzione di 2 ascensori accessibili con 1 ascensore: Eninter Ascensores","isPartOf":{"@id":"https:\/\/www.eninter.com\/it-ch\/#website"},"datePublished":"2016-09-05T09:50:21+00:00","dateModified":"2025-01-08T11:44:46+00:00","breadcrumb":{"@id":"https:\/\/www.eninter.com\/it-ch\/caso-di-studio-sostituzione-di-due-ascensori-con-un-unico-ascensore\/#breadcrumb"},"inLanguage":"it-CH","potentialAction":[{"@type":"ReadAction","target":["https:\/\/www.eninter.com\/it-ch\/caso-di-studio-sostituzione-di-due-ascensori-con-un-unico-ascensore\/"]}]},{"@type":"BreadcrumbList","@id":"https:\/\/www.eninter.com\/it-ch\/caso-di-studio-sostituzione-di-due-ascensori-con-un-unico-ascensore\/#breadcrumb","itemListElement":[{"@type":"ListItem","position":1,"name":"Portada","item":"https:\/\/www.eninter.com\/it-ch\/"},{"@type":"ListItem","position":2,"name":"Caso di studio: sostituzione di due ascensori con un unico ascensore"}]},{"@type":"WebSite","@id":"https:\/\/www.eninter.com\/it-ch\/#website","url":"https:\/\/www.eninter.com\/it-ch\/","name":"ENINTER","description":"Mantenimiento de Ascensores Multimarca","publisher":{"@id":"https:\/\/www.eninter.com\/it-ch\/#organization"},"potentialAction":[{"@type":"SearchAction","target":{"@type":"EntryPoint","urlTemplate":"https:\/\/www.eninter.com\/it-ch\/?s={search_term_string}"},"query-input":{"@type":"PropertyValueSpecification","valueRequired":true,"valueName":"search_term_string"}}],"inLanguage":"it-CH"},{"@type":"Organization","@id":"https:\/\/www.eninter.com\/it-ch\/#organization","name":"Eniter","url":"https:\/\/www.eninter.com\/it-ch\/","logo":{"@type":"ImageObject","inLanguage":"it-CH","@id":"https:\/\/www.eninter.com\/it-ch\/#\/schema\/logo\/image\/","url":"https:\/\/www.eninter.com\/wp-content\/uploads\/2023\/08\/logo-eninter-png.png","contentUrl":"https:\/\/www.eninter.com\/wp-content\/uploads\/2023\/08\/logo-eninter-png.png","width":600,"height":340,"caption":"Eniter"},"image":{"@id":"https:\/\/www.eninter.com\/it-ch\/#\/schema\/logo\/image\/"},"sameAs":["https:\/\/www.facebook.com\/EninterAscensores","https:\/\/x.com\/Eninter","https:\/\/www.instagram.com\/eninterascensores\/","https:\/\/www.youtube.com\/user\/ascensoreseninter"]},{"@type":"Person","@id":"https:\/\/www.eninter.com\/it-ch\/#\/schema\/person\/e6178c261ac4210884c0e0264dd59043","name":"Albert Puig","image":{"@type":"ImageObject","inLanguage":"it-CH","@id":"https:\/\/secure.gravatar.com\/avatar\/583d07f3f1036f58d0e44e873586278b582179a16b27a5b3951504e9ee001c06?s=96&d=mm&r=g","url":"https:\/\/secure.gravatar.com\/avatar\/583d07f3f1036f58d0e44e873586278b582179a16b27a5b3951504e9ee001c06?s=96&d=mm&r=g","contentUrl":"https:\/\/secure.gravatar.com\/avatar\/583d07f3f1036f58d0e44e873586278b582179a16b27a5b3951504e9ee001c06?s=96&d=mm&r=g","caption":"Albert Puig"}}]}},"_links":{"self":[{"href":"https:\/\/www.eninter.com\/it-ch\/wp-json\/wp\/v2\/posts\/12566","targetHints":{"allow":["GET"]}}],"collection":[{"href":"https:\/\/www.eninter.com\/it-ch\/wp-json\/wp\/v2\/posts"}],"about":[{"href":"https:\/\/www.eninter.com\/it-ch\/wp-json\/wp\/v2\/types\/post"}],"author":[{"embeddable":true,"href":"https:\/\/www.eninter.com\/it-ch\/wp-json\/wp\/v2\/users\/3"}],"replies":[{"embeddable":true,"href":"https:\/\/www.eninter.com\/it-ch\/wp-json\/wp\/v2\/comments?post=12566"}],"version-history":[{"count":0,"href":"https:\/\/www.eninter.com\/it-ch\/wp-json\/wp\/v2\/posts\/12566\/revisions"}],"wp:attachment":[{"href":"https:\/\/www.eninter.com\/it-ch\/wp-json\/wp\/v2\/media?parent=12566"}],"wp:term":[{"taxonomy":"category","embeddable":true,"href":"https:\/\/www.eninter.com\/it-ch\/wp-json\/wp\/v2\/categories?post=12566"},{"taxonomy":"post_tag","embeddable":true,"href":"https:\/\/www.eninter.com\/it-ch\/wp-json\/wp\/v2\/tags?post=12566"}],"curies":[{"name":"wp","href":"https:\/\/api.w.org\/{rel}","templated":true}]}}