{"id":12570,"date":"2017-01-18T13:24:35","date_gmt":"2017-01-18T13:24:35","guid":{"rendered":"https:\/\/www.eninter.com\/sistema-di-accessibilita-integrato-access-prox\/"},"modified":"2017-01-18T13:24:35","modified_gmt":"2017-01-18T13:24:35","slug":"sistema-di-accessibilita-integrato-access-prox","status":"publish","type":"post","link":"https:\/\/www.eninter.com\/it-ch\/sistema-di-accessibilita-integrato-access-prox\/","title":{"rendered":"Sistema di accessibilit\u00e0 integrato Access Prox"},"content":{"rendered":"<p>Qualsiasi<strong> sistema di<\/strong> <strong>accessibilit\u00e0<\/strong><strong> completo<\/strong> migliora la <strong>qualit\u00e0 della vita<\/strong> delle persone, comprese quelle che soffrono di qualsiasi tipo di limitazione nella mobilit\u00e0, nella comunicazione o nella comprensione.<\/p>\n<h2>Accessibilit\u00e0<\/h2>\n<p>Pertanto, quando si parla di accessibilit\u00e0, questo concetto pu\u00f2 essere collegato a termini diversi:<\/p>\n<ul>\n<li>Architetture: edifici pubblici e privati.<\/li>\n<li>Urbanistica: relativa all&#8217;ambiente urbano o fisico.<\/li>\n<li>Trasporto: Mezzi di trasporto pubblici.<\/li>\n<li>Comunicazione: si riferisce alle informazioni individuali e collettive.<\/li>\n<li>Elettronico: accesso ai contenuti di Internet, per qualsiasi persona, sia essa disabile, anziana o con problemi circostanziali.<\/li>\n<\/ul>\n<p>Pertanto, i sistemi di accessibilit\u00e0 integrale sono quelli che soddisfano le condizioni che rendono possibili processi, beni, servizi e prodotti che possono essere utilizzati da tutte le persone e che <strong>facilitano la loro vita<\/strong>.<\/p>\n<p>Oggi l&#8217;accessibilit\u00e0 si sta generalizzando a tutti i tipi di spazi e ambienti, migliorando la qualit\u00e0 della vita delle persone, e per questo motivo questo concetto \u00e8 stato inserito in molte normative che richiedono che prodotti e ambienti siano accessibili a tutte le persone.<\/p>\n<p><iframe src=\"https:\/\/www.youtube.com\/embed\/vy1lRB5kJxA\" width=\"560\" height=\"315\" frameborder=\"0\" allowfullscreen=\"allowfullscreen\"><\/iframe><\/p>\n<h2><strong>Domotica e sistemi di accessibilit\u00e0 integrale<\/strong><\/h2>\n<p>La domotica e i sistemi di accessibilit\u00e0 integrale sono connessi grazie alle nuove tecnologie che favoriscono la comunicazione e la vita quotidiana.<\/p>\n<p>Ma le sfide tecnologiche sono ancora molte, perch\u00e9 i sistemi devono anche essere in grado di fornire tutti i benefici alle persone con difficolt\u00e0 o non autosufficienti, in modo che possano migliorare la loro autonomia e qualit\u00e0 di vita.<\/p>\n<h2><strong>Sistemi di accessibilit\u00e0 integrale adattati all&#8217;ambiente<\/strong><\/h2>\n<p>I sistemi di accessibilit\u00e0 devono essere integrati nell&#8217;ambiente e agire in modo interattivo, perch\u00e9 solo cos\u00ec possono raggiungere il loro obiettivo, che \u00e8 quello di combattere l&#8217;isolamento e fornire soluzioni che facilitino la vita quotidiana delle persone.<\/p>\n<p>Un ambiente<strong>&#8220;intelligente<\/strong>&#8221; deve cercare di<strong> migliorare la relazione con l&#8217;utente del sistema<\/strong>, quindi i sistemi di accessibilit\u00e0 integrale sono sempre finalizzati a rendere facile e confortevole l&#8217;utilizzo da parte delle persone, costituendo un elemento di inclusione.<\/p>\n<p>Dal punto di vista dell&#8217;ambiente, i sistemi di accessibilit\u00e0 integrale consentiranno a tutte le persone di accedere, utilizzare e godere di un prodotto o di un servizio in modo sicuro, efficiente e secondo il principio delle soluzioni specifiche per ogni ambiente o spazio.<\/p>\n<p>Un ambiente funzionale \u00e8 quello in cui l&#8217;accessibilit\u00e0 integrale \u00e8 implementata attraverso elementi incorporati controllati da <strong>sistemi automatizzati<\/strong> che svolgono diverse funzioni e possono essere gestiti individualmente o da un&#8217;unit\u00e0 centrale.<\/p>\n<p>Incorporando sistemi di <strong>accessibilit\u00e0 integrale in un edificio, in<\/strong> una casa o in qualsiasi spazio, \u00e8 possibile migliorare lo svolgimento di un numero infinito di attivit\u00e0 della vita quotidiana.<\/p>\n<p>Infine, vale la pena ricordare che i sistemi di accessibilit\u00e0 completi devono essere efficienti, facili da usare, sicuri e affidabili, ma devono anche rispettare la privacy, oltre a migliorare la qualit\u00e0 della vita delle persone.<\/p>\n<h2>Access Prox: il sistema completo di accessibilit\u00e0 di Eninter<\/h2>\n<p>Access Prox \u00e8 la proposta di <a href=\"https:\/\/www.eninter.com\/\" target=\"_blank\" rel=\"noopener\"><br \/>\n  <strong>Eninter Ascensori<\/strong><br \/>\n<\/a>un sistema che vi permetter\u00e0 di avere un accesso completo a tutta la propriet\u00e0 (porte di accesso con portieri automatici, chiamate di ascensori ai piani riservati, <a href=\"https:\/\/www.eninter.com\/puertas-automaticas\" target=\"_blank\" rel=\"noopener\">porte di garage automatiche<\/a>, ecc. \u00c8 l&#8217;accessibilit\u00e0 totale in mano a voi.<\/p>\n","protected":false},"excerpt":{"rendered":"<p>Qualsiasi sistema di accessibilit\u00e0 completo migliora la qualit\u00e0 della vita delle persone, comprese quelle che soffrono di qualsiasi tipo di limitazione nella mobilit\u00e0, nella comunicazione o nella comprensione. Accessibilit\u00e0 Pertanto, quando si parla di accessibilit\u00e0, questo concetto pu\u00f2 essere collegato a termini diversi: Architetture: edifici pubblici e privati. Urbanistica: relativa all&#8217;ambiente urbano o fisico. Trasporto: [&hellip;]<\/p>\n","protected":false},"author":3,"featured_media":0,"comment_status":"open","ping_status":"open","sticky":false,"template":"","format":"standard","meta":{"_acf_changed":false,"content-type":"","footnotes":""},"categories":[369],"tags":[],"class_list":["post-12570","post","type-post","status-publish","format-standard","hentry","category-accessibilita-it-ch"],"acf":[],"_yoast_wpseo_focuskw":"sistema di accessibilit\u00e0 integrato","_yoast_wpseo_metadesc":"Che cos'\u00e8 un sistema di accessibilit\u00e0 completo? A cosa serve? Dove posso acquistare questo sistema? Tutte queste informazioni in questo articolo!","yoast_head":"<!-- This site is optimized with the Yoast SEO Premium plugin v21.6 (Yoast SEO v27.5) - https:\/\/yoast.com\/product\/yoast-seo-premium-wordpress\/ -->\n<title>Sistema di accessibilit\u00e0 integrato Access Prox - ENINTER<\/title>\n<meta name=\"description\" content=\"Che cos&#039;\u00e8 un sistema di accessibilit\u00e0 completo? A cosa serve? Dove posso acquistare questo sistema? Tutte queste informazioni in questo articolo!\" \/>\n<meta name=\"robots\" content=\"index, follow, max-snippet:-1, max-image-preview:large, max-video-preview:-1\" \/>\n<link rel=\"canonical\" href=\"https:\/\/www.eninter.com\/it-ch\/sistema-di-accessibilita-integrato-access-prox\/\" \/>\n<meta property=\"og:locale\" content=\"it_IT\" \/>\n<meta property=\"og:type\" content=\"article\" \/>\n<meta property=\"og:title\" content=\"Sistema di accessibilit\u00e0 integrato Access Prox\" \/>\n<meta property=\"og:description\" content=\"Che cos&#039;\u00e8 un sistema di accessibilit\u00e0 completo? A cosa serve? Dove posso acquistare questo sistema? Tutte queste informazioni in questo articolo!\" \/>\n<meta property=\"og:url\" content=\"https:\/\/www.eninter.com\/it-ch\/sistema-di-accessibilita-integrato-access-prox\/\" \/>\n<meta property=\"og:site_name\" content=\"ENINTER\" \/>\n<meta property=\"article:publisher\" content=\"https:\/\/www.facebook.com\/EninterAscensores\" \/>\n<meta property=\"article:published_time\" content=\"2017-01-18T13:24:35+00:00\" \/>\n<meta name=\"author\" content=\"Albert Puig\" \/>\n<meta name=\"twitter:card\" content=\"summary_large_image\" \/>\n<meta name=\"twitter:creator\" content=\"@Eninter\" \/>\n<meta name=\"twitter:site\" content=\"@Eninter\" \/>\n<meta name=\"twitter:label1\" content=\"Written by\" \/>\n\t<meta name=\"twitter:data1\" content=\"Albert Puig\" \/>\n\t<meta name=\"twitter:label2\" content=\"Est. reading time\" \/>\n\t<meta name=\"twitter:data2\" content=\"2 minutes\" \/>\n<!-- \/ Yoast SEO Premium plugin. -->","yoast_head_json":{"title":"Sistema di accessibilit\u00e0 integrato Access Prox - ENINTER","description":"Che cos'\u00e8 un sistema di accessibilit\u00e0 completo? A cosa serve? Dove posso acquistare questo sistema? Tutte queste informazioni in questo articolo!","robots":{"index":"index","follow":"follow","max-snippet":"max-snippet:-1","max-image-preview":"max-image-preview:large","max-video-preview":"max-video-preview:-1"},"canonical":"https:\/\/www.eninter.com\/it-ch\/sistema-di-accessibilita-integrato-access-prox\/","og_locale":"it_IT","og_type":"article","og_title":"Sistema di accessibilit\u00e0 integrato Access Prox","og_description":"Che cos'\u00e8 un sistema di accessibilit\u00e0 completo? A cosa serve? Dove posso acquistare questo sistema? Tutte queste informazioni in questo articolo!","og_url":"https:\/\/www.eninter.com\/it-ch\/sistema-di-accessibilita-integrato-access-prox\/","og_site_name":"ENINTER","article_publisher":"https:\/\/www.facebook.com\/EninterAscensores","article_published_time":"2017-01-18T13:24:35+00:00","author":"Albert Puig","twitter_card":"summary_large_image","twitter_creator":"@Eninter","twitter_site":"@Eninter","twitter_misc":{"Written by":"Albert Puig","Est. reading time":"2 minutes"},"schema":{"@context":"https:\/\/schema.org","@graph":[{"@type":"Article","@id":"https:\/\/www.eninter.com\/it-ch\/sistema-di-accessibilita-integrato-access-prox\/#article","isPartOf":{"@id":"https:\/\/www.eninter.com\/it-ch\/sistema-di-accessibilita-integrato-access-prox\/"},"author":{"name":"Albert Puig","@id":"https:\/\/www.eninter.com\/it-ch\/#\/schema\/person\/e6178c261ac4210884c0e0264dd59043"},"headline":"Sistema di accessibilit\u00e0 integrato Access Prox","datePublished":"2017-01-18T13:24:35+00:00","mainEntityOfPage":{"@id":"https:\/\/www.eninter.com\/it-ch\/sistema-di-accessibilita-integrato-access-prox\/"},"wordCount":512,"commentCount":0,"publisher":{"@id":"https:\/\/www.eninter.com\/it-ch\/#organization"},"articleSection":["Accessibilit\u00e0"],"inLanguage":"it-CH","potentialAction":[{"@type":"CommentAction","name":"Comment","target":["https:\/\/www.eninter.com\/it-ch\/sistema-di-accessibilita-integrato-access-prox\/#respond"]}]},{"@type":"WebPage","@id":"https:\/\/www.eninter.com\/it-ch\/sistema-di-accessibilita-integrato-access-prox\/","url":"https:\/\/www.eninter.com\/it-ch\/sistema-di-accessibilita-integrato-access-prox\/","name":"Sistema di accessibilit\u00e0 integrato Access Prox - ENINTER","isPartOf":{"@id":"https:\/\/www.eninter.com\/it-ch\/#website"},"datePublished":"2017-01-18T13:24:35+00:00","description":"Che cos'\u00e8 un sistema di accessibilit\u00e0 completo? A cosa serve? Dove posso acquistare questo sistema? Tutte queste informazioni in questo articolo!","breadcrumb":{"@id":"https:\/\/www.eninter.com\/it-ch\/sistema-di-accessibilita-integrato-access-prox\/#breadcrumb"},"inLanguage":"it-CH","potentialAction":[{"@type":"ReadAction","target":["https:\/\/www.eninter.com\/it-ch\/sistema-di-accessibilita-integrato-access-prox\/"]}]},{"@type":"BreadcrumbList","@id":"https:\/\/www.eninter.com\/it-ch\/sistema-di-accessibilita-integrato-access-prox\/#breadcrumb","itemListElement":[{"@type":"ListItem","position":1,"name":"Portada","item":"https:\/\/www.eninter.com\/it-ch\/"},{"@type":"ListItem","position":2,"name":"Sistema di accessibilit\u00e0 integrato Access Prox"}]},{"@type":"WebSite","@id":"https:\/\/www.eninter.com\/it-ch\/#website","url":"https:\/\/www.eninter.com\/it-ch\/","name":"ENINTER","description":"Mantenimiento de Ascensores Multimarca","publisher":{"@id":"https:\/\/www.eninter.com\/it-ch\/#organization"},"potentialAction":[{"@type":"SearchAction","target":{"@type":"EntryPoint","urlTemplate":"https:\/\/www.eninter.com\/it-ch\/?s={search_term_string}"},"query-input":{"@type":"PropertyValueSpecification","valueRequired":true,"valueName":"search_term_string"}}],"inLanguage":"it-CH"},{"@type":"Organization","@id":"https:\/\/www.eninter.com\/it-ch\/#organization","name":"Eniter","url":"https:\/\/www.eninter.com\/it-ch\/","logo":{"@type":"ImageObject","inLanguage":"it-CH","@id":"https:\/\/www.eninter.com\/it-ch\/#\/schema\/logo\/image\/","url":"https:\/\/www.eninter.com\/wp-content\/uploads\/2023\/08\/logo-eninter-png.png","contentUrl":"https:\/\/www.eninter.com\/wp-content\/uploads\/2023\/08\/logo-eninter-png.png","width":600,"height":340,"caption":"Eniter"},"image":{"@id":"https:\/\/www.eninter.com\/it-ch\/#\/schema\/logo\/image\/"},"sameAs":["https:\/\/www.facebook.com\/EninterAscensores","https:\/\/x.com\/Eninter","https:\/\/www.instagram.com\/eninterascensores\/","https:\/\/www.youtube.com\/user\/ascensoreseninter"]},{"@type":"Person","@id":"https:\/\/www.eninter.com\/it-ch\/#\/schema\/person\/e6178c261ac4210884c0e0264dd59043","name":"Albert Puig","image":{"@type":"ImageObject","inLanguage":"it-CH","@id":"https:\/\/secure.gravatar.com\/avatar\/583d07f3f1036f58d0e44e873586278b582179a16b27a5b3951504e9ee001c06?s=96&d=mm&r=g","url":"https:\/\/secure.gravatar.com\/avatar\/583d07f3f1036f58d0e44e873586278b582179a16b27a5b3951504e9ee001c06?s=96&d=mm&r=g","contentUrl":"https:\/\/secure.gravatar.com\/avatar\/583d07f3f1036f58d0e44e873586278b582179a16b27a5b3951504e9ee001c06?s=96&d=mm&r=g","caption":"Albert Puig"}}]}},"_links":{"self":[{"href":"https:\/\/www.eninter.com\/it-ch\/wp-json\/wp\/v2\/posts\/12570","targetHints":{"allow":["GET"]}}],"collection":[{"href":"https:\/\/www.eninter.com\/it-ch\/wp-json\/wp\/v2\/posts"}],"about":[{"href":"https:\/\/www.eninter.com\/it-ch\/wp-json\/wp\/v2\/types\/post"}],"author":[{"embeddable":true,"href":"https:\/\/www.eninter.com\/it-ch\/wp-json\/wp\/v2\/users\/3"}],"replies":[{"embeddable":true,"href":"https:\/\/www.eninter.com\/it-ch\/wp-json\/wp\/v2\/comments?post=12570"}],"version-history":[{"count":0,"href":"https:\/\/www.eninter.com\/it-ch\/wp-json\/wp\/v2\/posts\/12570\/revisions"}],"wp:attachment":[{"href":"https:\/\/www.eninter.com\/it-ch\/wp-json\/wp\/v2\/media?parent=12570"}],"wp:term":[{"taxonomy":"category","embeddable":true,"href":"https:\/\/www.eninter.com\/it-ch\/wp-json\/wp\/v2\/categories?post=12570"},{"taxonomy":"post_tag","embeddable":true,"href":"https:\/\/www.eninter.com\/it-ch\/wp-json\/wp\/v2\/tags?post=12570"}],"curies":[{"name":"wp","href":"https:\/\/api.w.org\/{rel}","templated":true}]}}