{"id":12578,"date":"2016-11-23T20:06:31","date_gmt":"2016-11-23T20:06:31","guid":{"rendered":"https:\/\/www.eninter.com\/el-pais-intervista-xavier-martinez-direzione-generale-di-eninter-elevators\/"},"modified":"2025-01-08T12:46:56","modified_gmt":"2025-01-08T12:46:56","slug":"el-pais-intervista-xavier-martinez-direzione-generale-di-eninter-elevators","status":"publish","type":"post","link":"https:\/\/www.eninter.com\/it-ch\/el-pais-intervista-xavier-martinez-direzione-generale-di-eninter-elevators\/","title":{"rendered":"El PAIS intervista Xavier Martinez Direzione generale di Eninter Elevators"},"content":{"rendered":"<p>Marted\u00ec 22 novembre 2016, il quotidiano El Pa\u00eds ha pubblicato un&#8217;intervista a Xavier Mart\u00ednez, direttore generale di Ascensores Eninter, nella sezione Empresas Excelentes.<\/p>\n<p><strong>INTERVISTA<\/strong><\/p>\n<blockquote>\n  Xavier Mart\u00ednez, direttore generale di Eninter\n<p>&nbsp;<\/p>\n<p><strong>&#8220;Vogliamo essere i migliori<\/strong><br \/>\n<strong>societ\u00e0 di manutenzione<\/strong><br \/>\n<strong>  degli ascensori in Europa&#8221;.<\/strong><\/p>\n<p>&nbsp;<\/p>\n<p>&nbsp;<\/p>\n<p><a href=\"http:\/\/www.eninter.com\/\" target=\"_blank\" rel=\"noopener\">Eninter Ascensores<\/a> \u00e8 un&#8217;azienda specializzata nella produzione, installazione e manutenzione di ascensori. Abbiamo parlato con Xavier Mart\u00ednez, assistente alla direzione, per conoscere la filosofia di lavoro dell&#8217;azienda.<\/p><\/blockquote>\n<p>&nbsp;<\/p>\n<p>&nbsp;<\/p>\n<p>&nbsp;<\/p>\n<p><strong>Quando \u00e8 nato Eninter?<\/strong><br \/>\nEninter ha iniziato la sua attivit\u00e0 43 anni fa, dedicandosi alla <a href=\"http:\/\/www.eninter.com\/mantenimiento\" target=\"_blank\" rel=\"noopener\">manutenzione di ascensori multimarca<\/a>. Fondata dai miei genitori, che hanno iniziato da zero e con molti sacrifici, l&#8217;azienda \u00e8 cresciuta e ha incorporato altri servizi, tra cui la produzione di attrezzature e la loro installazione, ma senza perdere di vista l&#8217;attivit\u00e0 iniziale, che rappresenta ancora circa il 50% dell&#8217;attivit\u00e0 dell&#8217;azienda.<\/p>\n<p><strong>Qual \u00e8 la struttura dell&#8217;azienda?<\/strong><br \/>\nNel corso di questi quattro decenni, l&#8217;azienda ha consolidato la propria struttura ed \u00e8 cresciuta per ritagliarsi un posto nel mercato nazionale. Oggi abbiamo un team di circa 600 persone e 45 filiali in tutto il Paese per fornire assistenza a una flotta di oltre 33.000 ascensori. Oggi siamo la migliore alternativa al dominio delle multinazionali.<\/p>\n<p><strong>Quali servizi offrite attualmente?<\/strong><br \/>\nCome ho detto, la manutenzione rimane al centro della nostra attivit\u00e0. In questo settore, uno degli aspetti che meglio ci definisce \u00e8 che abbiamo una capacit\u00e0 operativa sufficiente per fornire questo servizio ai sollevatori di qualsiasi marca, per i quali disponiamo di uno stock permanente di ricambi originali. Questo ci permette di offrire ai clienti un servizio rapido che, nella maggior parte dei casi, non supera le due ore dal momento in cui riceviamo il rapporto di guasto.<\/p>\n<p><strong>Producete anche ascensori?<\/strong><br \/>\nProprio cos\u00ec. Infatti, il nostro servizio \u00e8 completo e comprende la capacit\u00e0 di progettare, produrre, installare, manutenere e riparare ascensori del nostro marchio e dei principali concorrenti, compresi i maggiori produttori. Quest&#8217;anno chiuderemo con<a href=\"https:\/\/youtu.be\/Yri77OkbIkw\" target=\"_blank\" rel=\"noopener\"> una produzione di 600 ascensori<\/a> per il mercato nazionale e per l&#8217;esportazione.<\/p>\n<p>&nbsp;<\/p>\n<p>&nbsp;<\/p>\n<p>&nbsp;<\/p>\n<p>&nbsp;<\/p>\n<p>&nbsp;<\/p>\n<p>&nbsp;<\/p>\n<p>&nbsp;<\/p>\n<p>&nbsp;<\/p>\n<p>&nbsp;<\/p>\n<p>&nbsp;<\/p>\n<p>&nbsp;<\/p>\n<p>&nbsp;<\/p>\n<p>&nbsp;<\/p>\n<p>&nbsp;<\/p>\n<p><strong>Quali elementi differenziano Eninter dai suoi concorrenti?<\/strong><br \/>\nIl nostro posizionamento differenziale \u00e8 l&#8217;agilit\u00e0 delle nostre operazioni e la capacit\u00e0 tecnica del nostro team. Cerchiamo di formare tutto il personale sulle conoscenze tecniche, il che significa una migliore consulenza per i nostri clienti. E il modo migliore per farlo \u00e8 affrontarlo direttamente attraverso programmi come il Progetto Grasa o il Progetto Mas\u00eda.<\/p>\n<p>&nbsp;<\/p>\n<p>&nbsp;<\/p>\n<p>&nbsp;<\/p>\n<p>&nbsp;<\/p>\n<p>&nbsp;<\/p>\n<p>&nbsp;<\/p>\n<p>&nbsp;<\/p>\n<p>&nbsp;<\/p>\n<p><strong>In cosa consistono?<\/strong><br \/>\nIl Progetto Grasa si basa su un principio chiaro: gli ingegneri che entrano in Eninter devono comprendere le caratteristiche della nostra attivit\u00e0. Per un periodo di 2 anni li formiamo sulle basi della manutenzione, dell&#8217;ufficio tecnico, delle ristrutturazioni e delle nuove installazioni, imparando tutti i segreti quotidiani sul campo. Una volta terminato questo processo, \u00e8 allora che, con la formazione della<br \/>\nnecessario, continua il suo piano di carriera in un reparto tecnico.<br \/>\nPer quanto riguarda il Progetto Mas\u00eda, \u00e8 strettamente legato al precedente e consiste nell&#8217;assumere giovani che stanno studiando o hanno appena terminato un ramo professionale per formarli e dare loro tutte le competenze necessarie per diventare buoni operatori.<br \/>\nPer darvi un&#8217;idea, chiuderemo l&#8217;anno avendo assunto 25 persone sotto i 27 anni per questi due progetti.<br \/>\nI nostri top manager tecnici hanno iniziato la loro carriera in azienda 25 anni fa con questa forma, ma senza la nomenclatura attuale.<\/p>\n<blockquote><p>&#8220;Finora quest&#8217;anno abbiamo assunto 25 persone di et\u00e0 inferiore ai 27 anni&#8221;.<\/p><\/blockquote>\n<p><strong>A quale profilo di cliente vi rivolgete?<\/strong><br \/>\nI clienti di Eninter sono tutti coloro che hanno bisogno di un ascensore o della sua manutenzione, anche se la maggior parte della nostra clientela \u00e8 costituita da associazioni di residenti e amministratori di immobili, che sono quelli che di solito canalizzano questa necessit\u00e0. In ogni caso, forniamo servizi anche ad aziende, case unifamiliari che desiderano installare un ascensore e soluzioni di accessibilit\u00e0 o grandi progetti con scale mobili, ad esempio.<\/p>\n<p>&nbsp;<\/p>\n<p>&nbsp;<\/p>\n<p>&nbsp;<\/p>\n<p>&nbsp;<\/p>\n<p>&nbsp;<\/p>\n<p>&nbsp;<\/p>\n<p>&nbsp;<\/p>\n<p>&nbsp;<\/p>\n<p><strong>Quali aspetti definiscono un buon servizio di manutenzione degli ascensori? <\/strong><strong>servizio di manutenzione degli ascensori?<\/strong><br \/>\nPer noi, la risposta a un guasto \u00e8 importante quanto il lavoro di manutenzione preventiva che lo previene. Tutta la nostra struttura \u00e8 stata progettata per offrire un servizio veloce e di qualit\u00e0 a un prezzo competitivo e credo che abbiamo il miglior rapporto qualit\u00e0-prezzo sul mercato. La sfida che ci siamo posti \u00e8 quella di mantenere un tasso massimo di due guasti all&#8217;anno per ascensore e un tempo di risposta inferiore alle due ore, come stiamo gi\u00e0 facendo.<\/p>\n<blockquote><p>&#8220;Ci impegniamo a garantire la sicurezza degli ascensori attraverso la manutenzione preventiva&#8221;.<\/p><\/blockquote>\n<p><strong>Con buoni risultati?<\/strong><br \/>\nS\u00ec. Ogni anno ci aggiudichiamo circa 2.000 contratti di manutenzione di ascensori, il che la dice lunga non solo sul servizio tecnico, ma anche sul modo in cui trattiamo i nostri clienti, sia da parte del reparto vendite che, cosa molto importante, da parte dei tecnici che hanno un contatto diretto con gli utenti.<\/p>\n<p><strong>Prima parlavo del prezzo. \u00c8 un fattore determinante in questo settore?<\/strong><br \/>\n\u00c8 un fattore importante, s\u00ec. I clienti di oggi sono molto esigenti e molto preparati. Tuttavia, non ha senso avere un prezzo basso se non si \u00e8 in grado di fornire qualit\u00e0 e reattivit\u00e0. Pensiamo di essere sulla strada giusta perch\u00e9 se negli ultimi 10 anni il settore ha ridotto i prezzi in modo sostanziale, noi li abbiamo mantenuti senza perdere un livello molto alto di fedelt\u00e0 dei clienti. Abbiamo sempre avuto un livello di prezzi realistico.<\/p>\n<p><strong>Quali prospettive vede per il settore?<\/strong><br \/>\nIn Spagna ci sono un milione di ascensori e la met\u00e0 di essi ha 20 anni o pi\u00f9, il che significa che c&#8217;\u00e8 un importante lavoro da fare per offrire un servizio che garantisca la sicurezza degli impianti attraverso la manutenzione preventiva, che tutti dovrebbero richiedere. D&#8217;altra parte, non possiamo trascurare il fatto che si tratta di un settore innovativo a livello tecnologico e normativo, che mira a compiere progressi in materia di sicurezza ed efficienza energetica. Effettuando interventi di manutenzione e riparazione su tutte le marche, Eninter deve costantemente tenersi aggiornata su tutti questi cambiamenti, cosa di cui siamo molto consapevoli.<\/p>\n<p><strong>Quali sono le sfide per il futuro dell&#8217;azienda?<\/strong><br \/>\nVogliamo essere la migliore azienda di manutenzione di ascensori in Europa. In termini di volumi, il nostro obiettivo \u00e8 di raggiungere 50.000 ascensori in manutenzione entro il 2020, attraverso la crescita organica e le acquisizioni. Siamo una societ\u00e0 molto attiva nella vendita di aziende del settore. Abbiamo la capacit\u00e0 finanziaria e le risorse umane e tecniche per cercare di raggiungere questi obiettivi.<\/p>\n","protected":false},"excerpt":{"rendered":"<p>Marted\u00ec 22 novembre 2016, il quotidiano El Pa\u00eds ha pubblicato un&#8217;intervista a Xavier Mart\u00ednez, direttore generale di Ascensores Eninter, nella sezione Empresas Excelentes. INTERVISTA &nbsp; &#8220;Vogliamo essere i migliori societ\u00e0 di manutenzione degli ascensori in Europa&#8221;. &nbsp; &nbsp; Eninter Ascensores \u00e8 un&#8217;azienda specializzata nella produzione, installazione e manutenzione di ascensori. Abbiamo parlato con Xavier Mart\u00ednez, [&hellip;]<\/p>\n","protected":false},"author":3,"featured_media":0,"comment_status":"closed","ping_status":"closed","sticky":false,"template":"","format":"standard","meta":{"_acf_changed":false,"content-type":"","footnotes":""},"categories":[372],"tags":[],"class_list":["post-12578","post","type-post","status-publish","format-standard","hentry","category-informazioni-su-eninter-it-ch"],"acf":[],"_yoast_wpseo_focuskw":"ascensori","_yoast_wpseo_metadesc":"Intervista di El PAIS a Xavier Martinez, direttore generale di Ascensores Eninter. \"Vogliamo essere la migliore azienda di manutenzione di ascensori in Europa\".","yoast_head":"<!-- This site is optimized with the Yoast SEO Premium plugin v21.6 (Yoast SEO v27.5) - https:\/\/yoast.com\/product\/yoast-seo-premium-wordpress\/ -->\n<title>El PAIS intervista Xavier Martinez Direzione generale di Eninter Elevators - ENINTER<\/title>\n<meta name=\"description\" content=\"Intervista di El PAIS a Xavier Martinez, direttore generale di Ascensores Eninter. &quot;Vogliamo essere la migliore azienda di manutenzione di ascensori in Europa&quot;.\" \/>\n<meta name=\"robots\" content=\"index, follow, max-snippet:-1, max-image-preview:large, max-video-preview:-1\" \/>\n<link rel=\"canonical\" href=\"https:\/\/www.eninter.com\/it-ch\/el-pais-intervista-xavier-martinez-direzione-generale-di-eninter-elevators\/\" \/>\n<meta property=\"og:locale\" content=\"it_IT\" \/>\n<meta property=\"og:type\" content=\"article\" \/>\n<meta property=\"og:title\" content=\"El PAIS intervista Xavier Martinez Direzione generale di Eninter Elevators\" \/>\n<meta property=\"og:description\" content=\"Intervista di El PAIS a Xavier Martinez, direttore generale di Ascensores Eninter. &quot;Vogliamo essere la migliore azienda di manutenzione di ascensori in Europa&quot;.\" \/>\n<meta property=\"og:url\" content=\"https:\/\/www.eninter.com\/it-ch\/el-pais-intervista-xavier-martinez-direzione-generale-di-eninter-elevators\/\" \/>\n<meta property=\"og:site_name\" content=\"ENINTER\" \/>\n<meta property=\"article:publisher\" content=\"https:\/\/www.facebook.com\/EninterAscensores\" \/>\n<meta property=\"article:published_time\" content=\"2016-11-23T20:06:31+00:00\" \/>\n<meta property=\"article:modified_time\" content=\"2025-01-08T12:46:56+00:00\" \/>\n<meta name=\"author\" content=\"Albert Puig\" \/>\n<meta name=\"twitter:card\" content=\"summary_large_image\" \/>\n<meta name=\"twitter:creator\" content=\"@Eninter\" \/>\n<meta name=\"twitter:site\" content=\"@Eninter\" \/>\n<meta name=\"twitter:label1\" content=\"Written by\" \/>\n\t<meta name=\"twitter:data1\" content=\"Albert Puig\" \/>\n\t<meta name=\"twitter:label2\" content=\"Est. reading time\" \/>\n\t<meta name=\"twitter:data2\" content=\"5 minutes\" \/>\n<!-- \/ Yoast SEO Premium plugin. -->","yoast_head_json":{"title":"El PAIS intervista Xavier Martinez Direzione generale di Eninter Elevators - ENINTER","description":"Intervista di El PAIS a Xavier Martinez, direttore generale di Ascensores Eninter. \"Vogliamo essere la migliore azienda di manutenzione di ascensori in Europa\".","robots":{"index":"index","follow":"follow","max-snippet":"max-snippet:-1","max-image-preview":"max-image-preview:large","max-video-preview":"max-video-preview:-1"},"canonical":"https:\/\/www.eninter.com\/it-ch\/el-pais-intervista-xavier-martinez-direzione-generale-di-eninter-elevators\/","og_locale":"it_IT","og_type":"article","og_title":"El PAIS intervista Xavier Martinez Direzione generale di Eninter Elevators","og_description":"Intervista di El PAIS a Xavier Martinez, direttore generale di Ascensores Eninter. \"Vogliamo essere la migliore azienda di manutenzione di ascensori in Europa\".","og_url":"https:\/\/www.eninter.com\/it-ch\/el-pais-intervista-xavier-martinez-direzione-generale-di-eninter-elevators\/","og_site_name":"ENINTER","article_publisher":"https:\/\/www.facebook.com\/EninterAscensores","article_published_time":"2016-11-23T20:06:31+00:00","article_modified_time":"2025-01-08T12:46:56+00:00","author":"Albert Puig","twitter_card":"summary_large_image","twitter_creator":"@Eninter","twitter_site":"@Eninter","twitter_misc":{"Written by":"Albert Puig","Est. reading time":"5 minutes"},"schema":{"@context":"https:\/\/schema.org","@graph":[{"@type":"Article","@id":"https:\/\/www.eninter.com\/it-ch\/el-pais-intervista-xavier-martinez-direzione-generale-di-eninter-elevators\/#article","isPartOf":{"@id":"https:\/\/www.eninter.com\/it-ch\/el-pais-intervista-xavier-martinez-direzione-generale-di-eninter-elevators\/"},"author":{"name":"Albert Puig","@id":"https:\/\/www.eninter.com\/it-ch\/#\/schema\/person\/e6178c261ac4210884c0e0264dd59043"},"headline":"El PAIS intervista Xavier Martinez Direzione generale di Eninter Elevators","datePublished":"2016-11-23T20:06:31+00:00","dateModified":"2025-01-08T12:46:56+00:00","mainEntityOfPage":{"@id":"https:\/\/www.eninter.com\/it-ch\/el-pais-intervista-xavier-martinez-direzione-generale-di-eninter-elevators\/"},"wordCount":1100,"publisher":{"@id":"https:\/\/www.eninter.com\/it-ch\/#organization"},"articleSection":["Informazioni su Eninter"],"inLanguage":"it-CH"},{"@type":"WebPage","@id":"https:\/\/www.eninter.com\/it-ch\/el-pais-intervista-xavier-martinez-direzione-generale-di-eninter-elevators\/","url":"https:\/\/www.eninter.com\/it-ch\/el-pais-intervista-xavier-martinez-direzione-generale-di-eninter-elevators\/","name":"El PAIS intervista Xavier Martinez Direzione generale di Eninter Elevators - ENINTER","isPartOf":{"@id":"https:\/\/www.eninter.com\/it-ch\/#website"},"datePublished":"2016-11-23T20:06:31+00:00","dateModified":"2025-01-08T12:46:56+00:00","description":"Intervista di El PAIS a Xavier Martinez, direttore generale di Ascensores Eninter. \"Vogliamo essere la migliore azienda di manutenzione di ascensori in Europa\".","breadcrumb":{"@id":"https:\/\/www.eninter.com\/it-ch\/el-pais-intervista-xavier-martinez-direzione-generale-di-eninter-elevators\/#breadcrumb"},"inLanguage":"it-CH","potentialAction":[{"@type":"ReadAction","target":["https:\/\/www.eninter.com\/it-ch\/el-pais-intervista-xavier-martinez-direzione-generale-di-eninter-elevators\/"]}]},{"@type":"BreadcrumbList","@id":"https:\/\/www.eninter.com\/it-ch\/el-pais-intervista-xavier-martinez-direzione-generale-di-eninter-elevators\/#breadcrumb","itemListElement":[{"@type":"ListItem","position":1,"name":"Portada","item":"https:\/\/www.eninter.com\/it-ch\/"},{"@type":"ListItem","position":2,"name":"El PAIS intervista Xavier Martinez Direzione generale di Eninter Elevators"}]},{"@type":"WebSite","@id":"https:\/\/www.eninter.com\/it-ch\/#website","url":"https:\/\/www.eninter.com\/it-ch\/","name":"ENINTER","description":"Mantenimiento de Ascensores Multimarca","publisher":{"@id":"https:\/\/www.eninter.com\/it-ch\/#organization"},"potentialAction":[{"@type":"SearchAction","target":{"@type":"EntryPoint","urlTemplate":"https:\/\/www.eninter.com\/it-ch\/?s={search_term_string}"},"query-input":{"@type":"PropertyValueSpecification","valueRequired":true,"valueName":"search_term_string"}}],"inLanguage":"it-CH"},{"@type":"Organization","@id":"https:\/\/www.eninter.com\/it-ch\/#organization","name":"Eniter","url":"https:\/\/www.eninter.com\/it-ch\/","logo":{"@type":"ImageObject","inLanguage":"it-CH","@id":"https:\/\/www.eninter.com\/it-ch\/#\/schema\/logo\/image\/","url":"https:\/\/www.eninter.com\/wp-content\/uploads\/2023\/08\/logo-eninter-png.png","contentUrl":"https:\/\/www.eninter.com\/wp-content\/uploads\/2023\/08\/logo-eninter-png.png","width":600,"height":340,"caption":"Eniter"},"image":{"@id":"https:\/\/www.eninter.com\/it-ch\/#\/schema\/logo\/image\/"},"sameAs":["https:\/\/www.facebook.com\/EninterAscensores","https:\/\/x.com\/Eninter","https:\/\/www.instagram.com\/eninterascensores\/","https:\/\/www.youtube.com\/user\/ascensoreseninter"]},{"@type":"Person","@id":"https:\/\/www.eninter.com\/it-ch\/#\/schema\/person\/e6178c261ac4210884c0e0264dd59043","name":"Albert Puig","image":{"@type":"ImageObject","inLanguage":"it-CH","@id":"https:\/\/secure.gravatar.com\/avatar\/583d07f3f1036f58d0e44e873586278b582179a16b27a5b3951504e9ee001c06?s=96&d=mm&r=g","url":"https:\/\/secure.gravatar.com\/avatar\/583d07f3f1036f58d0e44e873586278b582179a16b27a5b3951504e9ee001c06?s=96&d=mm&r=g","contentUrl":"https:\/\/secure.gravatar.com\/avatar\/583d07f3f1036f58d0e44e873586278b582179a16b27a5b3951504e9ee001c06?s=96&d=mm&r=g","caption":"Albert Puig"}}]}},"_links":{"self":[{"href":"https:\/\/www.eninter.com\/it-ch\/wp-json\/wp\/v2\/posts\/12578","targetHints":{"allow":["GET"]}}],"collection":[{"href":"https:\/\/www.eninter.com\/it-ch\/wp-json\/wp\/v2\/posts"}],"about":[{"href":"https:\/\/www.eninter.com\/it-ch\/wp-json\/wp\/v2\/types\/post"}],"author":[{"embeddable":true,"href":"https:\/\/www.eninter.com\/it-ch\/wp-json\/wp\/v2\/users\/3"}],"replies":[{"embeddable":true,"href":"https:\/\/www.eninter.com\/it-ch\/wp-json\/wp\/v2\/comments?post=12578"}],"version-history":[{"count":0,"href":"https:\/\/www.eninter.com\/it-ch\/wp-json\/wp\/v2\/posts\/12578\/revisions"}],"wp:attachment":[{"href":"https:\/\/www.eninter.com\/it-ch\/wp-json\/wp\/v2\/media?parent=12578"}],"wp:term":[{"taxonomy":"category","embeddable":true,"href":"https:\/\/www.eninter.com\/it-ch\/wp-json\/wp\/v2\/categories?post=12578"},{"taxonomy":"post_tag","embeddable":true,"href":"https:\/\/www.eninter.com\/it-ch\/wp-json\/wp\/v2\/tags?post=12578"}],"curies":[{"name":"wp","href":"https:\/\/api.w.org\/{rel}","templated":true}]}}