{"id":12591,"date":"2017-05-15T14:55:36","date_gmt":"2017-05-15T14:55:36","guid":{"rendered":"https:\/\/www.eninter.com\/qual-e-lalbero-minimo-per-installare-un-ascensore\/"},"modified":"2017-05-15T14:55:36","modified_gmt":"2017-05-15T14:55:36","slug":"qual-e-lalbero-minimo-per-installare-un-ascensore","status":"publish","type":"post","link":"https:\/\/www.eninter.com\/it-ch\/qual-e-lalbero-minimo-per-installare-un-ascensore\/","title":{"rendered":"Qual \u00e8 l&#8217;albero minimo per installare un ascensore?"},"content":{"rendered":"<p>Qual \u00e8 l&#8217;albero minimo per installare un ascensore? Un problema di molti edifici \u00e8 la mancanza di spazio per <a href=\"http:\/\/www.eninter.com\/ascensores?utm_source=blog&amp;utm_medium=post&amp;utm_campaign=BlogEninter\" target=\"_blank\" rel=\"noopener noreferrer\">installare un ascensore<\/a>. Questo vale sia per gli edifici di nuova costruzione sia per quelli che gi\u00e0 dispongono di un ascensore ma che desiderano installare una cabina pi\u00f9 grande per risolvere i problemi di accessibilit\u00e0 o di accesso per le sedie a rotelle.<\/p>\n<p>Sapere qual \u00e8 l&#8217;<strong>albero minimo per installare un ascensore<\/strong> \u00e8 essenziale, sia che si tratti di un edificio esistente senza ascensore, sia che si tratti di una comunit\u00e0 che non dispone di un ascensore e desidera installarne uno con piena <a href=\"http:\/\/www.eninter.com\/accesibilidad?utm_source=blog&amp;utm_medium=post&amp;utm_campaign=BlogEninter\" target=\"_blank\" rel=\"noopener noreferrer\">accessibilit\u00e0 <\/a>.<\/p>\n<h2><\/h2>\n<h2><strong>Diversi tipi di installazioni di ascensori in edifici esistenti<\/strong><\/h2>\n<p>Oggi esistono diversi tipi di impianti che consentono di installare un ascensore senza grandi lavori di costruzione:<\/p>\n<ul>\n<li><strong>Nessuna demolizione della scala<\/strong>Questo scenario si riferisce a un edificio che ha un vano libero nel vano scale e consente l&#8217;installazione di un ascensore singolo (1 metro di profondit\u00e0 per 70 cm di larghezza), fino a un ascensore adattabile alle sedie a rotelle (1,55 metri di profondit\u00e0 per 1,50 metri di larghezza).<\/li>\n<li><strong>Ascensore esterno<\/strong>: una soluzione perfetta quando le finestre della tromba delle scale si affacciano su un cortile esterno o su un giardino.<\/li>\n<li><strong>Taglio parziale della scala: <\/strong>in questo caso, si deve tenere conto della dimensione minima per l&#8217;installazione dell&#8217;ascensore e aggiungere 80 cm a questa misura per ogni rampa di scale, essendo necessario tagliare i pezzi della scala per lasciare il passaggio necessario.<\/li>\n<\/ul>\n<h2><\/h2>\n<h2>Qual \u00e8 l&#8217;albero minimo per installare un ascensore?<\/h2>\n<p>Le <strong>dimensioni minime per l&#8217;installazione di un ascensore<\/strong> sono circa: 1 m x 0,70 m, per un ascensore a imbarco singolo e per una sola persona.<\/p>\n<p>Tuttavia, le dimensioni indicate possono variare in base alle esigenze del cliente. ENINTER Lifts, in quanto produttore specializzato, si differenzia dai principali produttori di ascensori per la <strong>produzione di<\/strong> ascensori <strong>individuali e personalizzati<\/strong>. Pianifichiamo, progettiamo, produciamo e installiamo ascensori unici per ogni pozzo, il che ci permette di avere cabine pi\u00f9 grandi rispetto a quelle di altri concorrenti per lo stesso pozzo. Il nostro team di vendita visiter\u00e0 la propriet\u00e0, senza impegno, per valutare i lavori necessari da eseguire.<\/p>\n<p>In generale, le <strong>condizioni minime per l&#8217;installazione di un ascensore<\/strong>:<\/p>\n<ul>\n<li>Le dimensioni della cabina devono essere adeguate allo spazio disponibile.<\/li>\n<li>Davanti al vano ascensore deve esserci uno spazio libero di 0,80 cm di circonferenza e di un metro in corrispondenza dei pianerottoli di accesso all&#8217;ascensore.<\/li>\n<li>Quando si installa l&#8217;ascensore nella tromba delle scale, la larghezza minima a cui la tromba delle scale pu\u00f2 essere ridotta \u00e8 di 0,80 cm.<\/li>\n<\/ul>\n<p>&nbsp;<\/p>\n<h2><img fetchpriority=\"high\" decoding=\"async\" class=\" wp-image-5326 aligncenter\" src=\"https:\/\/www.eninter.com\/wp-content\/uploads\/2019\/10\/trafico_de_personas_en_ascensores-300x212.jpg\" alt=\"traffico_di_persone_in_ascensore\" width=\"289\" height=\"204\" srcset=\"https:\/\/www.eninter.com\/wp-content\/uploads\/2019\/10\/trafico_de_personas_en_ascensores-300x212.jpg 300w, https:\/\/www.eninter.com\/wp-content\/uploads\/2019\/10\/trafico_de_personas_en_ascensores-768x543.jpg 768w, https:\/\/www.eninter.com\/wp-content\/uploads\/2019\/10\/trafico_de_personas_en_ascensores.jpg 1000w\" sizes=\"(max-width: 289px) 100vw, 289px\" \/><\/h2>\n<h2><\/h2>\n<h2>Installazione di un ascensore personalizzato<\/h2>\n<p>Anche l&#8217;<strong>installazione di un ascensore pi\u00f9 stretto<\/strong> o su misura per adattarsi a un vano scala piccolo e senza spazio sufficiente richieder\u00e0 un progetto speciale adattato a queste circostanze, un lavoro che dovr\u00e0 essere eseguito da un&#8217;azienda specializzata.<\/p>\n<p>Infine, \u00e8 necessario rispettare la normativa vigente che prevede che l&#8217;installazione di un ascensore non possa alterare le condizioni minime di ventilazione e illuminazione dell&#8217;area che si affaccia sul cortile.<\/p>\n<p>Migliorare l&#8217;accessibilit\u00e0 degli edifici \u00e8 stata un&#8217;esigenza sempre pi\u00f9 sentita negli ultimi anni e la<strong>  L&#8217;installazione di un ascensore \u00e8 la soluzione a questo tipo di problema.<\/strong>Non va dimenticato che per realizzare questo tipo di lavori \u00e8 indispensabile un progetto redatto da un tecnico e l&#8217;ottenimento delle licenze e delle autorizzazioni necessarie secondo la normativa vigente.<\/p>\n","protected":false},"excerpt":{"rendered":"<p>Qual \u00e8 l&#8217;albero minimo per installare un ascensore? Un problema di molti edifici \u00e8 la mancanza di spazio per installare un ascensore. Questo vale sia per gli edifici di nuova costruzione sia per quelli che gi\u00e0 dispongono di un ascensore ma che desiderano installare una cabina pi\u00f9 grande per risolvere i problemi di accessibilit\u00e0 o [&hellip;]<\/p>\n","protected":false},"author":3,"featured_media":0,"comment_status":"closed","ping_status":"closed","sticky":false,"template":"","format":"standard","meta":{"_acf_changed":false,"content-type":"","footnotes":""},"categories":[370],"tags":[],"class_list":["post-12591","post","type-post","status-publish","format-standard","hentry","category-ascensori-it-ch"],"acf":[],"_yoast_wpseo_focuskw":"albero minimo per installare un ascensore","_yoast_wpseo_metadesc":"Sapete qual \u00e8 l'albero minimo per installare un ascensore? Quanto spazio richiede? Da Eninter vi informiamo!","yoast_head":"<!-- This site is optimized with the Yoast SEO Premium plugin v21.6 (Yoast SEO v27.5) - https:\/\/yoast.com\/product\/yoast-seo-premium-wordpress\/ -->\n<title>Qual \u00e8 l&#039;albero minimo per installare un ascensore? - ENINTER<\/title>\n<meta name=\"description\" content=\"Sapete qual \u00e8 l&#039;albero minimo per installare un ascensore? Quanto spazio richiede? Da Eninter vi informiamo!\" \/>\n<meta name=\"robots\" content=\"index, follow, max-snippet:-1, max-image-preview:large, max-video-preview:-1\" \/>\n<link rel=\"canonical\" href=\"https:\/\/www.eninter.com\/it-ch\/qual-e-lalbero-minimo-per-installare-un-ascensore\/\" \/>\n<meta property=\"og:locale\" content=\"it_IT\" \/>\n<meta property=\"og:type\" content=\"article\" \/>\n<meta property=\"og:title\" content=\"Qual \u00e8 l&#039;albero minimo per installare un ascensore?\" \/>\n<meta property=\"og:description\" content=\"Sapete qual \u00e8 l&#039;albero minimo per installare un ascensore? Quanto spazio richiede? Da Eninter vi informiamo!\" \/>\n<meta property=\"og:url\" content=\"https:\/\/www.eninter.com\/it-ch\/qual-e-lalbero-minimo-per-installare-un-ascensore\/\" \/>\n<meta property=\"og:site_name\" content=\"ENINTER\" \/>\n<meta property=\"article:publisher\" content=\"https:\/\/www.facebook.com\/EninterAscensores\" \/>\n<meta property=\"article:published_time\" content=\"2017-05-15T14:55:36+00:00\" \/>\n<meta property=\"og:image\" content=\"https:\/\/www.eninter.com\/wp-content\/uploads\/2019\/10\/trafico_de_personas_en_ascensores-300x212.jpg\" \/>\n<meta name=\"author\" content=\"Albert Puig\" \/>\n<meta name=\"twitter:card\" content=\"summary_large_image\" \/>\n<meta name=\"twitter:creator\" content=\"@Eninter\" \/>\n<meta name=\"twitter:site\" content=\"@Eninter\" \/>\n<meta name=\"twitter:label1\" content=\"Written by\" \/>\n\t<meta name=\"twitter:data1\" content=\"Albert Puig\" \/>\n\t<meta name=\"twitter:label2\" content=\"Est. reading time\" \/>\n\t<meta name=\"twitter:data2\" content=\"3 minutes\" \/>\n<!-- \/ Yoast SEO Premium plugin. -->","yoast_head_json":{"title":"Qual \u00e8 l'albero minimo per installare un ascensore? - ENINTER","description":"Sapete qual \u00e8 l'albero minimo per installare un ascensore? Quanto spazio richiede? Da Eninter vi informiamo!","robots":{"index":"index","follow":"follow","max-snippet":"max-snippet:-1","max-image-preview":"max-image-preview:large","max-video-preview":"max-video-preview:-1"},"canonical":"https:\/\/www.eninter.com\/it-ch\/qual-e-lalbero-minimo-per-installare-un-ascensore\/","og_locale":"it_IT","og_type":"article","og_title":"Qual \u00e8 l'albero minimo per installare un ascensore?","og_description":"Sapete qual \u00e8 l'albero minimo per installare un ascensore? Quanto spazio richiede? Da Eninter vi informiamo!","og_url":"https:\/\/www.eninter.com\/it-ch\/qual-e-lalbero-minimo-per-installare-un-ascensore\/","og_site_name":"ENINTER","article_publisher":"https:\/\/www.facebook.com\/EninterAscensores","article_published_time":"2017-05-15T14:55:36+00:00","og_image":[{"url":"https:\/\/www.eninter.com\/wp-content\/uploads\/2019\/10\/trafico_de_personas_en_ascensores-300x212.jpg","type":"","width":"","height":""}],"author":"Albert Puig","twitter_card":"summary_large_image","twitter_creator":"@Eninter","twitter_site":"@Eninter","twitter_misc":{"Written by":"Albert Puig","Est. reading time":"3 minutes"},"schema":{"@context":"https:\/\/schema.org","@graph":[{"@type":"Article","@id":"https:\/\/www.eninter.com\/it-ch\/qual-e-lalbero-minimo-per-installare-un-ascensore\/#article","isPartOf":{"@id":"https:\/\/www.eninter.com\/it-ch\/qual-e-lalbero-minimo-per-installare-un-ascensore\/"},"author":{"name":"Albert Puig","@id":"https:\/\/www.eninter.com\/it-ch\/#\/schema\/person\/e6178c261ac4210884c0e0264dd59043"},"headline":"Qual \u00e8 l&#8217;albero minimo per installare un ascensore?","datePublished":"2017-05-15T14:55:36+00:00","mainEntityOfPage":{"@id":"https:\/\/www.eninter.com\/it-ch\/qual-e-lalbero-minimo-per-installare-un-ascensore\/"},"wordCount":564,"publisher":{"@id":"https:\/\/www.eninter.com\/it-ch\/#organization"},"image":{"@id":"https:\/\/www.eninter.com\/it-ch\/qual-e-lalbero-minimo-per-installare-un-ascensore\/#primaryimage"},"thumbnailUrl":"https:\/\/www.eninter.com\/wp-content\/uploads\/2019\/10\/trafico_de_personas_en_ascensores-300x212.jpg","articleSection":["Ascensori"],"inLanguage":"it-CH"},{"@type":"WebPage","@id":"https:\/\/www.eninter.com\/it-ch\/qual-e-lalbero-minimo-per-installare-un-ascensore\/","url":"https:\/\/www.eninter.com\/it-ch\/qual-e-lalbero-minimo-per-installare-un-ascensore\/","name":"Qual \u00e8 l'albero minimo per installare un ascensore? - ENINTER","isPartOf":{"@id":"https:\/\/www.eninter.com\/it-ch\/#website"},"primaryImageOfPage":{"@id":"https:\/\/www.eninter.com\/it-ch\/qual-e-lalbero-minimo-per-installare-un-ascensore\/#primaryimage"},"image":{"@id":"https:\/\/www.eninter.com\/it-ch\/qual-e-lalbero-minimo-per-installare-un-ascensore\/#primaryimage"},"thumbnailUrl":"https:\/\/www.eninter.com\/wp-content\/uploads\/2019\/10\/trafico_de_personas_en_ascensores-300x212.jpg","datePublished":"2017-05-15T14:55:36+00:00","description":"Sapete qual \u00e8 l'albero minimo per installare un ascensore? Quanto spazio richiede? Da Eninter vi informiamo!","breadcrumb":{"@id":"https:\/\/www.eninter.com\/it-ch\/qual-e-lalbero-minimo-per-installare-un-ascensore\/#breadcrumb"},"inLanguage":"it-CH","potentialAction":[{"@type":"ReadAction","target":["https:\/\/www.eninter.com\/it-ch\/qual-e-lalbero-minimo-per-installare-un-ascensore\/"]}]},{"@type":"ImageObject","inLanguage":"it-CH","@id":"https:\/\/www.eninter.com\/it-ch\/qual-e-lalbero-minimo-per-installare-un-ascensore\/#primaryimage","url":"https:\/\/www.eninter.com\/wp-content\/uploads\/2019\/10\/trafico_de_personas_en_ascensores-300x212.jpg","contentUrl":"https:\/\/www.eninter.com\/wp-content\/uploads\/2019\/10\/trafico_de_personas_en_ascensores-300x212.jpg"},{"@type":"BreadcrumbList","@id":"https:\/\/www.eninter.com\/it-ch\/qual-e-lalbero-minimo-per-installare-un-ascensore\/#breadcrumb","itemListElement":[{"@type":"ListItem","position":1,"name":"Portada","item":"https:\/\/www.eninter.com\/it-ch\/"},{"@type":"ListItem","position":2,"name":"Qual \u00e8 l&#8217;albero minimo per installare un ascensore?"}]},{"@type":"WebSite","@id":"https:\/\/www.eninter.com\/it-ch\/#website","url":"https:\/\/www.eninter.com\/it-ch\/","name":"ENINTER","description":"Mantenimiento de Ascensores Multimarca","publisher":{"@id":"https:\/\/www.eninter.com\/it-ch\/#organization"},"potentialAction":[{"@type":"SearchAction","target":{"@type":"EntryPoint","urlTemplate":"https:\/\/www.eninter.com\/it-ch\/?s={search_term_string}"},"query-input":{"@type":"PropertyValueSpecification","valueRequired":true,"valueName":"search_term_string"}}],"inLanguage":"it-CH"},{"@type":"Organization","@id":"https:\/\/www.eninter.com\/it-ch\/#organization","name":"Eniter","url":"https:\/\/www.eninter.com\/it-ch\/","logo":{"@type":"ImageObject","inLanguage":"it-CH","@id":"https:\/\/www.eninter.com\/it-ch\/#\/schema\/logo\/image\/","url":"https:\/\/www.eninter.com\/wp-content\/uploads\/2023\/08\/logo-eninter-png.png","contentUrl":"https:\/\/www.eninter.com\/wp-content\/uploads\/2023\/08\/logo-eninter-png.png","width":600,"height":340,"caption":"Eniter"},"image":{"@id":"https:\/\/www.eninter.com\/it-ch\/#\/schema\/logo\/image\/"},"sameAs":["https:\/\/www.facebook.com\/EninterAscensores","https:\/\/x.com\/Eninter","https:\/\/www.instagram.com\/eninterascensores\/","https:\/\/www.youtube.com\/user\/ascensoreseninter"]},{"@type":"Person","@id":"https:\/\/www.eninter.com\/it-ch\/#\/schema\/person\/e6178c261ac4210884c0e0264dd59043","name":"Albert Puig","image":{"@type":"ImageObject","inLanguage":"it-CH","@id":"https:\/\/secure.gravatar.com\/avatar\/583d07f3f1036f58d0e44e873586278b582179a16b27a5b3951504e9ee001c06?s=96&d=mm&r=g","url":"https:\/\/secure.gravatar.com\/avatar\/583d07f3f1036f58d0e44e873586278b582179a16b27a5b3951504e9ee001c06?s=96&d=mm&r=g","contentUrl":"https:\/\/secure.gravatar.com\/avatar\/583d07f3f1036f58d0e44e873586278b582179a16b27a5b3951504e9ee001c06?s=96&d=mm&r=g","caption":"Albert Puig"}}]}},"_links":{"self":[{"href":"https:\/\/www.eninter.com\/it-ch\/wp-json\/wp\/v2\/posts\/12591","targetHints":{"allow":["GET"]}}],"collection":[{"href":"https:\/\/www.eninter.com\/it-ch\/wp-json\/wp\/v2\/posts"}],"about":[{"href":"https:\/\/www.eninter.com\/it-ch\/wp-json\/wp\/v2\/types\/post"}],"author":[{"embeddable":true,"href":"https:\/\/www.eninter.com\/it-ch\/wp-json\/wp\/v2\/users\/3"}],"replies":[{"embeddable":true,"href":"https:\/\/www.eninter.com\/it-ch\/wp-json\/wp\/v2\/comments?post=12591"}],"version-history":[{"count":0,"href":"https:\/\/www.eninter.com\/it-ch\/wp-json\/wp\/v2\/posts\/12591\/revisions"}],"wp:attachment":[{"href":"https:\/\/www.eninter.com\/it-ch\/wp-json\/wp\/v2\/media?parent=12591"}],"wp:term":[{"taxonomy":"category","embeddable":true,"href":"https:\/\/www.eninter.com\/it-ch\/wp-json\/wp\/v2\/categories?post=12591"},{"taxonomy":"post_tag","embeddable":true,"href":"https:\/\/www.eninter.com\/it-ch\/wp-json\/wp\/v2\/tags?post=12591"}],"curies":[{"name":"wp","href":"https:\/\/api.w.org\/{rel}","templated":true}]}}