{"id":12592,"date":"2016-02-23T12:01:54","date_gmt":"2016-02-23T12:01:54","guid":{"rendered":"https:\/\/www.eninter.com\/ascensori-per-facciate\/"},"modified":"2025-01-08T11:43:49","modified_gmt":"2025-01-08T11:43:49","slug":"ascensori-per-facciate","status":"publish","type":"post","link":"https:\/\/www.eninter.com\/it-ch\/ascensori-per-facciate\/","title":{"rendered":"Ascensori per facciate"},"content":{"rendered":"<p>Con l&#8217;obiettivo di raggiungere un  <strong>risparmio energetico<\/strong>  progressivo senza trascurare la  <strong>efficienza<\/strong>il  <strong>ascensori sulla facciata.  <\/strong>  La Spagna sta svolgendo una serie di compiti con l&#8217;obiettivo di attuare le direttive che l&#8217;Unione Europea ha sviluppato negli ultimi anni in relazione alla politica energetica sul trattato 2020.<\/p>\n<p>Attraverso l&#8217;approvazione di <strong>normative<\/strong> statali, regionali e locali, la Spagna ha avviato un piano per l&#8217;<a href=\"http:\/\/www.eninter.com\/ascensores?utm_source=blog&amp;utm_medium=post&amp;utm_campaign=BlogEninter\" target=\"_blank\" rel=\"noopener\">installazione di ascensori <\/a>nelle facciate e nei cortili, un&#8217;operazione che, secondo gli esperti, aumenta anche il valore dell&#8217;edificio generando numerosi vantaggi.<\/p>\n<p>Questo tipo di ascensore per facciate \u00e8 uno stile costruttivo che consente l&#8217;accesso agli anziani, alle persone a mobilit\u00e0 ridotta o semplicemente a coloro che hanno bisogno di usarlo e di portare peso, evidenziando il concetto di condizioni minime di accessibilit\u00e0 di un edificio.<\/p>\n<h2><strong>Prerequisiti per l&#8217;installazione di un ascensore di facciata<\/strong><\/h2>\n<p><strong>Consultare il regolamento<\/strong> sia urbanistico che le condizioni tecniche e amministrative da considerare per la corretta costruzione e realizzazione delle torri di sollevamento all&#8217;esterno degli edifici residenziali nel caso in cui occupino un&#8217;area verde o una strada pubblica.<\/p>\n<p>Ci sono anche alcuni requisiti relativi alle <strong>finiture esterne<\/strong> delle torri degli ascensori, che devono sempre essere in accordo con i materiali degli edifici esistenti. L&#8217;obiettivo \u00e8<strong> integrarli nell&#8217;ambiente<\/strong> senza danneggiare la pavimentazione e soprattutto devono avere una soluzione valida per il drenaggio dell&#8217;acqua, il tutto con un design estetico e armonioso che non sia dannoso per la citt\u00e0.<\/p>\n<h2><strong>I rialzi delle facciate favoriscono la qualit\u00e0 della vita dei vicini.<\/strong><\/h2>\n<p>L&#8217;installazione di ascensori per facciate sta diventando sempre pi\u00f9 facile grazie al supporto delle amministrazioni locali che emettono ordinanze comunali in materia, consentendo l&#8217;utilizzo del suolo pubblico, ma anche stabilendo revisioni periodiche di  <a href=\"http:\/\/www.eninter.com\/mantenimiento?utm_source=blog&amp;utm_medium=post&amp;utm_campaign=BlogEninter\" target=\"_blank\" rel=\"noopener\">manutenzione  <\/a>per edifici residenziali, edifici industriali e luoghi pubblici in cui \u00e8 presente un numero elevato di persone.<\/p>\n<p>&nbsp;<\/p>\n<p>Tutto ci\u00f2 che \u00e8 stato fatto finora dalle autorit\u00e0 delle diverse comunit\u00e0 spagnole sono state misure che hanno favorito la generalizzazione dell&#8217;ascensore per facciate come servizio essenziale sia in  <strong>edifici esistenti e nei cantieri di nuova costruzione<\/strong>Si tratta di un elemento fondamentale che va a vantaggio della qualit\u00e0 della vita dei residenti.  <a href=\"http:\/\/www.eninter.com\/contacto?utm_source=blog&amp;utm_medium=menu&amp;utm_content=contacto&amp;utm_campaign=BlogEninter\" target=\"_blank\" rel=\"noopener\">Volete maggiori informazioni?<\/a><\/p>\n","protected":false},"excerpt":{"rendered":"<p>Con l&#8217;obiettivo di raggiungere un risparmio energetico progressivo senza trascurare la efficienzail ascensori sulla facciata. La Spagna sta svolgendo una serie di compiti con l&#8217;obiettivo di attuare le direttive che l&#8217;Unione Europea ha sviluppato negli ultimi anni in relazione alla politica energetica sul trattato 2020. Attraverso l&#8217;approvazione di normative statali, regionali e locali, la Spagna [&hellip;]<\/p>\n","protected":false},"author":3,"featured_media":12119,"comment_status":"closed","ping_status":"closed","sticky":false,"template":"","format":"standard","meta":{"_acf_changed":false,"content-type":"","footnotes":""},"categories":[370],"tags":[],"class_list":["post-12592","post","type-post","status-publish","format-standard","has-post-thumbnail","hentry","category-ascensori-it-ch"],"acf":[],"_yoast_wpseo_focuskw":"ascensori per facciate","_yoast_wpseo_metadesc":"Scoprite cosa sono gli ascensori per facciate nel blog di riferimento del settore ascensori in Spagna. Un tipo di ascensore in crescita negli ultimi anni.","yoast_head":"<!-- This site is optimized with the Yoast SEO Premium plugin v21.6 (Yoast SEO v27.5) - https:\/\/yoast.com\/product\/yoast-seo-premium-wordpress\/ -->\n<title>Ascensori in facciata | Blog Ascensores Eninter<\/title>\n<meta name=\"description\" content=\"Scoprite cosa sono gli ascensori per facciate nel blog di riferimento del settore ascensori in Spagna. Un tipo di ascensore in crescita negli ultimi anni.\" \/>\n<meta name=\"robots\" content=\"index, follow, max-snippet:-1, max-image-preview:large, max-video-preview:-1\" \/>\n<link rel=\"canonical\" href=\"https:\/\/www.eninter.com\/it-ch\/ascensori-per-facciate\/\" \/>\n<meta property=\"og:locale\" content=\"it_IT\" \/>\n<meta property=\"og:type\" content=\"article\" \/>\n<meta property=\"og:title\" content=\"Ascensori per facciate\" \/>\n<meta property=\"og:description\" content=\"Scoprite cosa sono gli ascensori per facciate nel blog di riferimento del settore ascensori in Spagna. Un tipo di ascensore in crescita negli ultimi anni.\" \/>\n<meta property=\"og:url\" content=\"https:\/\/www.eninter.com\/it-ch\/ascensori-per-facciate\/\" \/>\n<meta property=\"og:site_name\" content=\"ENINTER\" \/>\n<meta property=\"article:publisher\" content=\"https:\/\/www.facebook.com\/EninterAscensores\" \/>\n<meta property=\"article:published_time\" content=\"2016-02-23T12:01:54+00:00\" \/>\n<meta property=\"article:modified_time\" content=\"2025-01-08T11:43:49+00:00\" \/>\n<meta property=\"og:image\" content=\"https:\/\/www.eninter.com\/wp-content\/uploads\/2023\/08\/cabina-panoramico.jpeg\" \/>\n\t<meta property=\"og:image:width\" content=\"487\" \/>\n\t<meta property=\"og:image:height\" content=\"487\" \/>\n\t<meta property=\"og:image:type\" content=\"image\/jpeg\" \/>\n<meta name=\"author\" content=\"Albert Puig\" \/>\n<meta name=\"twitter:card\" content=\"summary_large_image\" \/>\n<meta name=\"twitter:creator\" content=\"@Eninter\" \/>\n<meta name=\"twitter:site\" content=\"@Eninter\" \/>\n<meta name=\"twitter:label1\" content=\"Written by\" \/>\n\t<meta name=\"twitter:data1\" content=\"Albert Puig\" \/>\n\t<meta name=\"twitter:label2\" content=\"Est. reading time\" \/>\n\t<meta name=\"twitter:data2\" content=\"2 minutes\" \/>\n<!-- \/ Yoast SEO Premium plugin. -->","yoast_head_json":{"title":"Ascensori in facciata | Blog Ascensores Eninter","description":"Scoprite cosa sono gli ascensori per facciate nel blog di riferimento del settore ascensori in Spagna. Un tipo di ascensore in crescita negli ultimi anni.","robots":{"index":"index","follow":"follow","max-snippet":"max-snippet:-1","max-image-preview":"max-image-preview:large","max-video-preview":"max-video-preview:-1"},"canonical":"https:\/\/www.eninter.com\/it-ch\/ascensori-per-facciate\/","og_locale":"it_IT","og_type":"article","og_title":"Ascensori per facciate","og_description":"Scoprite cosa sono gli ascensori per facciate nel blog di riferimento del settore ascensori in Spagna. Un tipo di ascensore in crescita negli ultimi anni.","og_url":"https:\/\/www.eninter.com\/it-ch\/ascensori-per-facciate\/","og_site_name":"ENINTER","article_publisher":"https:\/\/www.facebook.com\/EninterAscensores","article_published_time":"2016-02-23T12:01:54+00:00","article_modified_time":"2025-01-08T11:43:49+00:00","og_image":[{"width":487,"height":487,"url":"https:\/\/www.eninter.com\/wp-content\/uploads\/2023\/08\/cabina-panoramico.jpeg","type":"image\/jpeg"}],"author":"Albert Puig","twitter_card":"summary_large_image","twitter_creator":"@Eninter","twitter_site":"@Eninter","twitter_misc":{"Written by":"Albert Puig","Est. reading time":"2 minutes"},"schema":{"@context":"https:\/\/schema.org","@graph":[{"@type":"Article","@id":"https:\/\/www.eninter.com\/it-ch\/ascensori-per-facciate\/#article","isPartOf":{"@id":"https:\/\/www.eninter.com\/it-ch\/ascensori-per-facciate\/"},"author":{"name":"Albert Puig","@id":"https:\/\/www.eninter.com\/it-ch\/#\/schema\/person\/e6178c261ac4210884c0e0264dd59043"},"headline":"Ascensori per facciate","datePublished":"2016-02-23T12:01:54+00:00","dateModified":"2025-01-08T11:43:49+00:00","mainEntityOfPage":{"@id":"https:\/\/www.eninter.com\/it-ch\/ascensori-per-facciate\/"},"wordCount":363,"publisher":{"@id":"https:\/\/www.eninter.com\/it-ch\/#organization"},"image":{"@id":"https:\/\/www.eninter.com\/it-ch\/ascensori-per-facciate\/#primaryimage"},"thumbnailUrl":"https:\/\/www.eninter.com\/wp-content\/uploads\/2023\/08\/cabina-panoramico.jpeg","articleSection":["Ascensori"],"inLanguage":"it-CH"},{"@type":"WebPage","@id":"https:\/\/www.eninter.com\/it-ch\/ascensori-per-facciate\/","url":"https:\/\/www.eninter.com\/it-ch\/ascensori-per-facciate\/","name":"Ascensori in facciata | Blog Ascensores Eninter","isPartOf":{"@id":"https:\/\/www.eninter.com\/it-ch\/#website"},"primaryImageOfPage":{"@id":"https:\/\/www.eninter.com\/it-ch\/ascensori-per-facciate\/#primaryimage"},"image":{"@id":"https:\/\/www.eninter.com\/it-ch\/ascensori-per-facciate\/#primaryimage"},"thumbnailUrl":"https:\/\/www.eninter.com\/wp-content\/uploads\/2023\/08\/cabina-panoramico.jpeg","datePublished":"2016-02-23T12:01:54+00:00","dateModified":"2025-01-08T11:43:49+00:00","description":"Scoprite cosa sono gli ascensori per facciate nel blog di riferimento del settore ascensori in Spagna. Un tipo di ascensore in crescita negli ultimi anni.","breadcrumb":{"@id":"https:\/\/www.eninter.com\/it-ch\/ascensori-per-facciate\/#breadcrumb"},"inLanguage":"it-CH","potentialAction":[{"@type":"ReadAction","target":["https:\/\/www.eninter.com\/it-ch\/ascensori-per-facciate\/"]}]},{"@type":"ImageObject","inLanguage":"it-CH","@id":"https:\/\/www.eninter.com\/it-ch\/ascensori-per-facciate\/#primaryimage","url":"https:\/\/www.eninter.com\/wp-content\/uploads\/2023\/08\/cabina-panoramico.jpeg","contentUrl":"https:\/\/www.eninter.com\/wp-content\/uploads\/2023\/08\/cabina-panoramico.jpeg","width":487,"height":487,"caption":"cabina-panoramico"},{"@type":"BreadcrumbList","@id":"https:\/\/www.eninter.com\/it-ch\/ascensori-per-facciate\/#breadcrumb","itemListElement":[{"@type":"ListItem","position":1,"name":"Portada","item":"https:\/\/www.eninter.com\/it-ch\/"},{"@type":"ListItem","position":2,"name":"Ascensori per facciate"}]},{"@type":"WebSite","@id":"https:\/\/www.eninter.com\/it-ch\/#website","url":"https:\/\/www.eninter.com\/it-ch\/","name":"ENINTER","description":"Mantenimiento de Ascensores Multimarca","publisher":{"@id":"https:\/\/www.eninter.com\/it-ch\/#organization"},"potentialAction":[{"@type":"SearchAction","target":{"@type":"EntryPoint","urlTemplate":"https:\/\/www.eninter.com\/it-ch\/?s={search_term_string}"},"query-input":{"@type":"PropertyValueSpecification","valueRequired":true,"valueName":"search_term_string"}}],"inLanguage":"it-CH"},{"@type":"Organization","@id":"https:\/\/www.eninter.com\/it-ch\/#organization","name":"Eniter","url":"https:\/\/www.eninter.com\/it-ch\/","logo":{"@type":"ImageObject","inLanguage":"it-CH","@id":"https:\/\/www.eninter.com\/it-ch\/#\/schema\/logo\/image\/","url":"https:\/\/www.eninter.com\/wp-content\/uploads\/2023\/08\/logo-eninter-png.png","contentUrl":"https:\/\/www.eninter.com\/wp-content\/uploads\/2023\/08\/logo-eninter-png.png","width":600,"height":340,"caption":"Eniter"},"image":{"@id":"https:\/\/www.eninter.com\/it-ch\/#\/schema\/logo\/image\/"},"sameAs":["https:\/\/www.facebook.com\/EninterAscensores","https:\/\/x.com\/Eninter","https:\/\/www.instagram.com\/eninterascensores\/","https:\/\/www.youtube.com\/user\/ascensoreseninter"]},{"@type":"Person","@id":"https:\/\/www.eninter.com\/it-ch\/#\/schema\/person\/e6178c261ac4210884c0e0264dd59043","name":"Albert Puig","image":{"@type":"ImageObject","inLanguage":"it-CH","@id":"https:\/\/secure.gravatar.com\/avatar\/583d07f3f1036f58d0e44e873586278b582179a16b27a5b3951504e9ee001c06?s=96&d=mm&r=g","url":"https:\/\/secure.gravatar.com\/avatar\/583d07f3f1036f58d0e44e873586278b582179a16b27a5b3951504e9ee001c06?s=96&d=mm&r=g","contentUrl":"https:\/\/secure.gravatar.com\/avatar\/583d07f3f1036f58d0e44e873586278b582179a16b27a5b3951504e9ee001c06?s=96&d=mm&r=g","caption":"Albert Puig"}}]}},"_links":{"self":[{"href":"https:\/\/www.eninter.com\/it-ch\/wp-json\/wp\/v2\/posts\/12592","targetHints":{"allow":["GET"]}}],"collection":[{"href":"https:\/\/www.eninter.com\/it-ch\/wp-json\/wp\/v2\/posts"}],"about":[{"href":"https:\/\/www.eninter.com\/it-ch\/wp-json\/wp\/v2\/types\/post"}],"author":[{"embeddable":true,"href":"https:\/\/www.eninter.com\/it-ch\/wp-json\/wp\/v2\/users\/3"}],"replies":[{"embeddable":true,"href":"https:\/\/www.eninter.com\/it-ch\/wp-json\/wp\/v2\/comments?post=12592"}],"version-history":[{"count":0,"href":"https:\/\/www.eninter.com\/it-ch\/wp-json\/wp\/v2\/posts\/12592\/revisions"}],"wp:featuredmedia":[{"embeddable":true,"href":"https:\/\/www.eninter.com\/it-ch\/wp-json\/wp\/v2\/media\/12119"}],"wp:attachment":[{"href":"https:\/\/www.eninter.com\/it-ch\/wp-json\/wp\/v2\/media?parent=12592"}],"wp:term":[{"taxonomy":"category","embeddable":true,"href":"https:\/\/www.eninter.com\/it-ch\/wp-json\/wp\/v2\/categories?post=12592"},{"taxonomy":"post_tag","embeddable":true,"href":"https:\/\/www.eninter.com\/it-ch\/wp-json\/wp\/v2\/tags?post=12592"}],"curies":[{"name":"wp","href":"https:\/\/api.w.org\/{rel}","templated":true}]}}