{"id":12608,"date":"2017-03-28T11:24:43","date_gmt":"2017-03-28T11:24:43","guid":{"rendered":"https:\/\/www.eninter.com\/gli-ascensori-della-torre-eiffel-saranno-rinnovati-per-i-giochi-olimpici-del-2024\/"},"modified":"2017-03-28T11:24:43","modified_gmt":"2017-03-28T11:24:43","slug":"gli-ascensori-della-torre-eiffel-saranno-rinnovati-per-i-giochi-olimpici-del-2024","status":"publish","type":"post","link":"https:\/\/www.eninter.com\/it-ch\/gli-ascensori-della-torre-eiffel-saranno-rinnovati-per-i-giochi-olimpici-del-2024\/","title":{"rendered":"Gli ascensori della Torre Eiffel saranno rinnovati per i Giochi Olimpici del 2024"},"content":{"rendered":"<p>La <strong>Torre Eiffel sar\u00e0 presto sottoposta a<\/strong> lavori <strong>di restauro<\/strong> che richiederanno circa 15 anni e un <strong>budget di circa 300 milioni<\/strong>, come confermato da Anne Hidalgo (sindaco di Parigi).<\/p>\n<p>L&#8217;obiettivo \u00e8 quello di <strong>modernizzare la Torre Eiffel <\/strong> in modo da preservarla per i posteri, ma la citt\u00e0 vuole anche<strong> partecipare ai Giochi Olimpici del 2024 <\/strong>(quindi alcuni lavori di ristrutturazione saranno completati prima di allora).<\/p>\n<p>Secondo Jean-Fran\u00e7ois Martins, assessore al turismo di Parigi, met\u00e0 del budget stanziato per questo progetto sar\u00e0 dedicato alla<strong> ristrutturazione e alla manutenzione del monumento con tinteggiatura, sverniciatura e <a href=\"http:\/\/www.eninter.com\/mantenimiento?utm_source=blog&amp;utm_medium=post&amp;utm_campaign=BlogEninter\" target=\"_blank\" rel=\"noopener noreferrer\">manutenzione degli ascensori<\/a><\/strong> che utilizzano parte della tecnologia di Eiffel (non \u00e8 mai stata aggiornata).<\/p>\n<p>Si proceder\u00e0 a un&#8217;<strong>analisi della ristrutturazione, alla sostituzione degli impianti di illuminazione e alla revisione completa degli ascensori, <\/strong>alcuni dei quali utilizzano ancora il<strong> sistema originale installato da Gustave Eiffel<\/strong>. La tecnologia sar\u00e0 potenziata per migliorare la sicurezza e l&#8217;esperienza dei visitatori del monumento parigino.<\/p>\n<h2>Gli ascensori della Torre Eiffel<\/h2>\n<p>Attualmente ci sono cinque <strong><a href=\"http:\/\/www.eninter.com\/ascensores?utm_source=blog&amp;utm_medium=post&amp;utm_campaign=BlogEninter\" target=\"_blank\" rel=\"noopener noreferrer\">ascensori<\/a> che portano dal piano terra al primo piano della Torre Eiffel<\/strong>. Tre per i visitatori sui pilastri nord, ovest ed est; uno per il ristorante Jules Verne sul pilastro sud; e uno come montacarichi sullo stesso pilastro del precedente. Dal<strong> primo piano alla<\/strong> sommit\u00e0 ci sono due batterie con due cabine doppie.<\/p>\n<p>Gli <strong>ascensori sono presenti nella Torre Eiffel<\/strong> fin da poco prima della sua apertura per l&#8217;Esposizione Universale del 1889; la tecnologia \u00e8 stata modernizzata nel 1900 e ha permesso a <strong>centinaia di migliaia di visitatori di salire ai piani del monumento<\/strong>.<\/p>\n<p>Anche se ora sembra normale, un tempo era una vera sfida perch\u00e9 era cos\u00ec complicato ad altezze e carichi tali. Da allora, i tecnici si sono preoccupati di revisionare e mantenere gli ascensori in perfetto stato di manutenzione, anche se \u00e8 arrivato il momento di modernizzarli.<\/p>\n<p>Siamo felici di constatare che, sebbene sia stato creato per durare solo 20 anni, continuer\u00e0 ad affascinarci per molti anni a venire, soprattutto dopo la sua ristrutturazione &#8211; e in particolare nel settore degli ascensori, che aprir\u00e0 molte nuove strade con una tecnologia pi\u00f9 adatta allo stato attuale del settore.<\/p>\n","protected":false},"excerpt":{"rendered":"<p>La Torre Eiffel sar\u00e0 presto sottoposta a lavori di restauro che richiederanno circa 15 anni e un budget di circa 300 milioni, come confermato da Anne Hidalgo (sindaco di Parigi). L&#8217;obiettivo \u00e8 quello di modernizzare la Torre Eiffel in modo da preservarla per i posteri, ma la citt\u00e0 vuole anche partecipare ai Giochi Olimpici del [&hellip;]<\/p>\n","protected":false},"author":3,"featured_media":14028,"comment_status":"closed","ping_status":"closed","sticky":false,"template":"","format":"standard","meta":{"_acf_changed":false,"content-type":"","footnotes":""},"categories":[370],"tags":[],"class_list":["post-12608","post","type-post","status-publish","format-standard","has-post-thumbnail","hentry","category-ascensori-it-ch"],"acf":[],"_yoast_wpseo_focuskw":"ascensori della torre eiffel","_yoast_wpseo_metadesc":"Sapevate che gli ascensori della Torre Eiffel saranno ristrutturati per la candidatura ai Giochi Olimpici del 2024? Se volete saperne di pi\u00f9, leggete questo post!","yoast_head":"<!-- This site is optimized with the Yoast SEO Premium plugin v21.6 (Yoast SEO v27.5) - https:\/\/yoast.com\/product\/yoast-seo-premium-wordpress\/ -->\n<title>Ristrutturazione dell&#039;ascensore della Torre Eiffel | Blog Eninter Ascensores<\/title>\n<meta name=\"description\" content=\"Sapevate che gli ascensori della Torre Eiffel saranno ristrutturati per la candidatura ai Giochi Olimpici del 2024? Se volete saperne di pi\u00f9, leggete questo post!\" \/>\n<meta name=\"robots\" content=\"index, follow, max-snippet:-1, max-image-preview:large, max-video-preview:-1\" \/>\n<link rel=\"canonical\" href=\"https:\/\/www.eninter.com\/it-ch\/gli-ascensori-della-torre-eiffel-saranno-rinnovati-per-i-giochi-olimpici-del-2024\/\" \/>\n<meta property=\"og:locale\" content=\"it_IT\" \/>\n<meta property=\"og:type\" content=\"article\" \/>\n<meta property=\"og:title\" content=\"Gli ascensori della Torre Eiffel saranno rinnovati per i Giochi Olimpici del 2024\" \/>\n<meta property=\"og:description\" content=\"Sapevate che gli ascensori della Torre Eiffel saranno ristrutturati per la candidatura ai Giochi Olimpici del 2024? Se volete saperne di pi\u00f9, leggete questo post!\" \/>\n<meta property=\"og:url\" content=\"https:\/\/www.eninter.com\/it-ch\/gli-ascensori-della-torre-eiffel-saranno-rinnovati-per-i-giochi-olimpici-del-2024\/\" \/>\n<meta property=\"og:site_name\" content=\"ENINTER\" \/>\n<meta property=\"article:publisher\" content=\"https:\/\/www.facebook.com\/EninterAscensores\" \/>\n<meta property=\"article:published_time\" content=\"2017-03-28T11:24:43+00:00\" \/>\n<meta property=\"og:image\" content=\"https:\/\/www.eninter.com\/wp-content\/uploads\/2017\/03\/eiffel-tower-975004_1280.jpg\" \/>\n\t<meta property=\"og:image:width\" content=\"1280\" \/>\n\t<meta property=\"og:image:height\" content=\"849\" \/>\n\t<meta property=\"og:image:type\" content=\"image\/jpeg\" \/>\n<meta name=\"author\" content=\"Albert Puig\" \/>\n<meta name=\"twitter:card\" content=\"summary_large_image\" \/>\n<meta name=\"twitter:creator\" content=\"@Eninter\" \/>\n<meta name=\"twitter:site\" content=\"@Eninter\" \/>\n<meta name=\"twitter:label1\" content=\"Written by\" \/>\n\t<meta name=\"twitter:data1\" content=\"Albert Puig\" \/>\n\t<meta name=\"twitter:label2\" content=\"Est. reading time\" \/>\n\t<meta name=\"twitter:data2\" content=\"2 minutes\" \/>\n<!-- \/ Yoast SEO Premium plugin. -->","yoast_head_json":{"title":"Ristrutturazione dell'ascensore della Torre Eiffel | Blog Eninter Ascensores","description":"Sapevate che gli ascensori della Torre Eiffel saranno ristrutturati per la candidatura ai Giochi Olimpici del 2024? Se volete saperne di pi\u00f9, leggete questo post!","robots":{"index":"index","follow":"follow","max-snippet":"max-snippet:-1","max-image-preview":"max-image-preview:large","max-video-preview":"max-video-preview:-1"},"canonical":"https:\/\/www.eninter.com\/it-ch\/gli-ascensori-della-torre-eiffel-saranno-rinnovati-per-i-giochi-olimpici-del-2024\/","og_locale":"it_IT","og_type":"article","og_title":"Gli ascensori della Torre Eiffel saranno rinnovati per i Giochi Olimpici del 2024","og_description":"Sapevate che gli ascensori della Torre Eiffel saranno ristrutturati per la candidatura ai Giochi Olimpici del 2024? Se volete saperne di pi\u00f9, leggete questo post!","og_url":"https:\/\/www.eninter.com\/it-ch\/gli-ascensori-della-torre-eiffel-saranno-rinnovati-per-i-giochi-olimpici-del-2024\/","og_site_name":"ENINTER","article_publisher":"https:\/\/www.facebook.com\/EninterAscensores","article_published_time":"2017-03-28T11:24:43+00:00","og_image":[{"width":1280,"height":849,"url":"https:\/\/www.eninter.com\/wp-content\/uploads\/2017\/03\/eiffel-tower-975004_1280.jpg","type":"image\/jpeg"}],"author":"Albert Puig","twitter_card":"summary_large_image","twitter_creator":"@Eninter","twitter_site":"@Eninter","twitter_misc":{"Written by":"Albert Puig","Est. reading time":"2 minutes"},"schema":{"@context":"https:\/\/schema.org","@graph":[{"@type":"Article","@id":"https:\/\/www.eninter.com\/it-ch\/gli-ascensori-della-torre-eiffel-saranno-rinnovati-per-i-giochi-olimpici-del-2024\/#article","isPartOf":{"@id":"https:\/\/www.eninter.com\/it-ch\/gli-ascensori-della-torre-eiffel-saranno-rinnovati-per-i-giochi-olimpici-del-2024\/"},"author":{"name":"Albert Puig","@id":"https:\/\/www.eninter.com\/it-ch\/#\/schema\/person\/e6178c261ac4210884c0e0264dd59043"},"headline":"Gli ascensori della Torre Eiffel saranno rinnovati per i Giochi Olimpici del 2024","datePublished":"2017-03-28T11:24:43+00:00","mainEntityOfPage":{"@id":"https:\/\/www.eninter.com\/it-ch\/gli-ascensori-della-torre-eiffel-saranno-rinnovati-per-i-giochi-olimpici-del-2024\/"},"wordCount":360,"publisher":{"@id":"https:\/\/www.eninter.com\/it-ch\/#organization"},"image":{"@id":"https:\/\/www.eninter.com\/it-ch\/gli-ascensori-della-torre-eiffel-saranno-rinnovati-per-i-giochi-olimpici-del-2024\/#primaryimage"},"thumbnailUrl":"https:\/\/www.eninter.com\/wp-content\/uploads\/2017\/03\/eiffel-tower-975004_1280.jpg","articleSection":["Ascensori"],"inLanguage":"it-CH"},{"@type":"WebPage","@id":"https:\/\/www.eninter.com\/it-ch\/gli-ascensori-della-torre-eiffel-saranno-rinnovati-per-i-giochi-olimpici-del-2024\/","url":"https:\/\/www.eninter.com\/it-ch\/gli-ascensori-della-torre-eiffel-saranno-rinnovati-per-i-giochi-olimpici-del-2024\/","name":"Ristrutturazione dell'ascensore della Torre Eiffel | Blog Eninter Ascensores","isPartOf":{"@id":"https:\/\/www.eninter.com\/it-ch\/#website"},"primaryImageOfPage":{"@id":"https:\/\/www.eninter.com\/it-ch\/gli-ascensori-della-torre-eiffel-saranno-rinnovati-per-i-giochi-olimpici-del-2024\/#primaryimage"},"image":{"@id":"https:\/\/www.eninter.com\/it-ch\/gli-ascensori-della-torre-eiffel-saranno-rinnovati-per-i-giochi-olimpici-del-2024\/#primaryimage"},"thumbnailUrl":"https:\/\/www.eninter.com\/wp-content\/uploads\/2017\/03\/eiffel-tower-975004_1280.jpg","datePublished":"2017-03-28T11:24:43+00:00","description":"Sapevate che gli ascensori della Torre Eiffel saranno ristrutturati per la candidatura ai Giochi Olimpici del 2024? Se volete saperne di pi\u00f9, leggete questo post!","breadcrumb":{"@id":"https:\/\/www.eninter.com\/it-ch\/gli-ascensori-della-torre-eiffel-saranno-rinnovati-per-i-giochi-olimpici-del-2024\/#breadcrumb"},"inLanguage":"it-CH","potentialAction":[{"@type":"ReadAction","target":["https:\/\/www.eninter.com\/it-ch\/gli-ascensori-della-torre-eiffel-saranno-rinnovati-per-i-giochi-olimpici-del-2024\/"]}]},{"@type":"ImageObject","inLanguage":"it-CH","@id":"https:\/\/www.eninter.com\/it-ch\/gli-ascensori-della-torre-eiffel-saranno-rinnovati-per-i-giochi-olimpici-del-2024\/#primaryimage","url":"https:\/\/www.eninter.com\/wp-content\/uploads\/2017\/03\/eiffel-tower-975004_1280.jpg","contentUrl":"https:\/\/www.eninter.com\/wp-content\/uploads\/2017\/03\/eiffel-tower-975004_1280.jpg","width":1280,"height":849,"caption":"ascensores torre eiffell"},{"@type":"BreadcrumbList","@id":"https:\/\/www.eninter.com\/it-ch\/gli-ascensori-della-torre-eiffel-saranno-rinnovati-per-i-giochi-olimpici-del-2024\/#breadcrumb","itemListElement":[{"@type":"ListItem","position":1,"name":"Portada","item":"https:\/\/www.eninter.com\/it-ch\/"},{"@type":"ListItem","position":2,"name":"Gli ascensori della Torre Eiffel saranno rinnovati per i Giochi Olimpici del 2024"}]},{"@type":"WebSite","@id":"https:\/\/www.eninter.com\/it-ch\/#website","url":"https:\/\/www.eninter.com\/it-ch\/","name":"ENINTER","description":"Mantenimiento de Ascensores Multimarca","publisher":{"@id":"https:\/\/www.eninter.com\/it-ch\/#organization"},"potentialAction":[{"@type":"SearchAction","target":{"@type":"EntryPoint","urlTemplate":"https:\/\/www.eninter.com\/it-ch\/?s={search_term_string}"},"query-input":{"@type":"PropertyValueSpecification","valueRequired":true,"valueName":"search_term_string"}}],"inLanguage":"it-CH"},{"@type":"Organization","@id":"https:\/\/www.eninter.com\/it-ch\/#organization","name":"Eniter","url":"https:\/\/www.eninter.com\/it-ch\/","logo":{"@type":"ImageObject","inLanguage":"it-CH","@id":"https:\/\/www.eninter.com\/it-ch\/#\/schema\/logo\/image\/","url":"https:\/\/www.eninter.com\/wp-content\/uploads\/2023\/08\/logo-eninter-png.png","contentUrl":"https:\/\/www.eninter.com\/wp-content\/uploads\/2023\/08\/logo-eninter-png.png","width":600,"height":340,"caption":"Eniter"},"image":{"@id":"https:\/\/www.eninter.com\/it-ch\/#\/schema\/logo\/image\/"},"sameAs":["https:\/\/www.facebook.com\/EninterAscensores","https:\/\/x.com\/Eninter","https:\/\/www.instagram.com\/eninterascensores\/","https:\/\/www.youtube.com\/user\/ascensoreseninter"]},{"@type":"Person","@id":"https:\/\/www.eninter.com\/it-ch\/#\/schema\/person\/e6178c261ac4210884c0e0264dd59043","name":"Albert Puig","image":{"@type":"ImageObject","inLanguage":"it-CH","@id":"https:\/\/secure.gravatar.com\/avatar\/583d07f3f1036f58d0e44e873586278b582179a16b27a5b3951504e9ee001c06?s=96&d=mm&r=g","url":"https:\/\/secure.gravatar.com\/avatar\/583d07f3f1036f58d0e44e873586278b582179a16b27a5b3951504e9ee001c06?s=96&d=mm&r=g","contentUrl":"https:\/\/secure.gravatar.com\/avatar\/583d07f3f1036f58d0e44e873586278b582179a16b27a5b3951504e9ee001c06?s=96&d=mm&r=g","caption":"Albert Puig"}}]}},"_links":{"self":[{"href":"https:\/\/www.eninter.com\/it-ch\/wp-json\/wp\/v2\/posts\/12608","targetHints":{"allow":["GET"]}}],"collection":[{"href":"https:\/\/www.eninter.com\/it-ch\/wp-json\/wp\/v2\/posts"}],"about":[{"href":"https:\/\/www.eninter.com\/it-ch\/wp-json\/wp\/v2\/types\/post"}],"author":[{"embeddable":true,"href":"https:\/\/www.eninter.com\/it-ch\/wp-json\/wp\/v2\/users\/3"}],"replies":[{"embeddable":true,"href":"https:\/\/www.eninter.com\/it-ch\/wp-json\/wp\/v2\/comments?post=12608"}],"version-history":[{"count":0,"href":"https:\/\/www.eninter.com\/it-ch\/wp-json\/wp\/v2\/posts\/12608\/revisions"}],"wp:featuredmedia":[{"embeddable":true,"href":"https:\/\/www.eninter.com\/it-ch\/wp-json\/wp\/v2\/media\/14028"}],"wp:attachment":[{"href":"https:\/\/www.eninter.com\/it-ch\/wp-json\/wp\/v2\/media?parent=12608"}],"wp:term":[{"taxonomy":"category","embeddable":true,"href":"https:\/\/www.eninter.com\/it-ch\/wp-json\/wp\/v2\/categories?post=12608"},{"taxonomy":"post_tag","embeddable":true,"href":"https:\/\/www.eninter.com\/it-ch\/wp-json\/wp\/v2\/tags?post=12608"}],"curies":[{"name":"wp","href":"https:\/\/api.w.org\/{rel}","templated":true}]}}