{"id":12624,"date":"2019-01-29T00:00:03","date_gmt":"2019-01-29T00:00:03","guid":{"rendered":"https:\/\/www.eninter.com\/telecamere-di-sicurezza-negli-ascensori-si-o-no\/"},"modified":"2025-01-08T11:44:36","modified_gmt":"2025-01-08T11:44:36","slug":"telecamere-di-sicurezza-negli-ascensori-si-o-no","status":"publish","type":"post","link":"https:\/\/www.eninter.com\/it-ch\/telecamere-di-sicurezza-negli-ascensori-si-o-no\/","title":{"rendered":"Telecamere di sicurezza negli ascensori: s\u00ec o no?"},"content":{"rendered":"<p><strong>Gli ascensori sono considerati spazi critici, in quanto confinati e nella maggior parte dei casi privi di vista sull&#8217;esterno.<\/strong>  Queste caratteristiche possono dare origine a problemi di mancanza di sicurezza, ed \u00e8 per questo che oggi<strong>  si raccomanda di monitorarli con telecamere di sicurezza negli ascensori.<\/strong>  Parliamone!<\/p>\n<p>Vi sono altri motivi per cui si raccomanda l&#8217;installazione di telecamere di sicurezza negli ascensori, tra cui la capacit\u00e0 di questi dispositivi di monitorare situazioni quali guasti tecnici alla macchina o interruzioni di corrente.<\/p>\n<p>Ma la domanda che molti si pongono \u00e8:<\/p>\n<h2>\u00c8 possibile installare telecamere di sicurezza nell&#8217;ascensore?<\/h2>\n<p>La risposta \u00e8 che al giorno d&#8217;oggi si tiene conto del fatto che questo tipo di sorveglianza \u00e8 giustificato dalla sicurezza che pu\u00f2 fornire agli occupanti di qualsiasi propriet\u00e0.<\/p>\n<p>Inoltre, le telecamere di sicurezza negli ascensori rappresentano un deterrente contro gli atti di vandalismo o gli incidenti come l&#8217;improvvisa interruzione di corrente o vari guasti tecnici che possono verificarsi in qualsiasi momento.<\/p>\n<p>Un&#8217;altra questione che si pone \u00e8 la legalit\u00e0 dell&#8217;installazione di telecamere di sicurezza all&#8217;interno dell&#8217;ascensore. Ancora una volta, la risposta \u00e8 affermativa, soprattutto se si considera che gli ascensori sono considerati aree comuni degli edifici e sono quindi consentiti quando vi \u00e8 una storia di incidenti nelle comunit\u00e0 di vicini.<\/p>\n<h2>Aspetti da considerare prima di installare telecamere in un ascensore<\/h2>\n<ul>\n<li>Scegliete un tipo di telecamera facile da installare e che non richieda costi di manutenzione elevati.<\/li>\n<li>Rispettare tutti i passaggi stabiliti dalla normativa vigente, come la <strong>notifica preventiva all&#8217;Agenzia spagnola per la protezione dei dati<\/strong> e l&#8217;apposizione di un cartello che informi dell&#8217;esistenza di telecamere di sicurezza all&#8217;interno dell&#8217;ascensore.<\/li>\n<li>Che la decisione di installare una telecamera di sicurezza in un ascensore porter\u00e0 pi\u00f9 vantaggi che svantaggi alla comunit\u00e0 dei proprietari.<\/li>\n<\/ul>\n<p>Infine, \u00e8 opportuno ricordare che la decisione di installare questo tipo di telecamere di sicurezza negli ascensori deve essere presa  <strong>disciplinati dai principi stabiliti dalla Legge spagnola sulla propriet\u00e0 orizzontale.<\/strong>che stabilisce che per la presenza di un sistema di sicurezza nella comunit\u00e0 \u00e8 necessario il voto dei 3\/5 dei proprietari o della maggioranza semplice.<\/p>\n<p>Se avete trovato interessante questo post, vi consigliamo di dare un&#8217;occhiata ai seguenti:<\/p>\n<p><a title=\"PERCH\u00c9 LA MAGGIOR PARTE DEGLI ASCENSORI \u00c8 DOTATA DI SPECCHI?\" href=\"https:\/\/www.eninter.com\/blog\/por-que-hay-espejo-ascensores\/\" target=\"_blank\" rel=\"noopener\">PERCH\u00c9 LA MAGGIOR PARTE DEGLI ASCENSORI \u00c8 DOTATA DI SPECCHI?<\/a><\/p>\n<p>COME PREVENIRE GLI INCIDENTI NEGLI ASCENSORI? 13 CONSIGLI E RACCOMANDAZIONI<\/p>\n","protected":false},"excerpt":{"rendered":"<p>Gli ascensori sono considerati spazi critici, in quanto confinati e nella maggior parte dei casi privi di vista sull&#8217;esterno. Queste caratteristiche possono dare origine a problemi di mancanza di sicurezza, ed \u00e8 per questo che oggi si raccomanda di monitorarli con telecamere di sicurezza negli ascensori. Parliamone! Vi sono altri motivi per cui si raccomanda [&hellip;]<\/p>\n","protected":false},"author":3,"featured_media":0,"comment_status":"closed","ping_status":"closed","sticky":false,"template":"","format":"standard","meta":{"_acf_changed":false,"content-type":"","footnotes":""},"categories":[370],"tags":[],"class_list":["post-12624","post","type-post","status-publish","format-standard","hentry","category-ascensori-it-ch"],"acf":[],"_yoast_wpseo_focuskw":"telecamere di sicurezza negli ascensori","_yoast_wpseo_metadesc":"Gli ascensori sono considerati spazi critici e carenti dal punto di vista della sicurezza, motivo per cui l'uso di telecamere di sicurezza negli ascensori \u00e8 oggi raccomandato.","yoast_head":"<!-- This site is optimized with the Yoast SEO Premium plugin v21.6 (Yoast SEO v27.5) - https:\/\/yoast.com\/product\/yoast-seo-premium-wordpress\/ -->\n<title>Telecamere di sicurezza negli ascensori: s\u00ec o no? - ENINTER<\/title>\n<meta name=\"description\" content=\"Gli ascensori sono considerati spazi critici e carenti dal punto di vista della sicurezza, motivo per cui l&#039;uso di telecamere di sicurezza negli ascensori \u00e8 oggi raccomandato.\" \/>\n<meta name=\"robots\" content=\"index, follow, max-snippet:-1, max-image-preview:large, max-video-preview:-1\" \/>\n<link rel=\"canonical\" href=\"https:\/\/www.eninter.com\/it-ch\/telecamere-di-sicurezza-negli-ascensori-si-o-no\/\" \/>\n<meta property=\"og:locale\" content=\"it_IT\" \/>\n<meta property=\"og:type\" content=\"article\" \/>\n<meta property=\"og:title\" content=\"Telecamere di sicurezza negli ascensori: s\u00ec o no?\" \/>\n<meta property=\"og:description\" content=\"Gli ascensori sono considerati spazi critici e carenti dal punto di vista della sicurezza, motivo per cui l&#039;uso di telecamere di sicurezza negli ascensori \u00e8 oggi raccomandato.\" \/>\n<meta property=\"og:url\" content=\"https:\/\/www.eninter.com\/it-ch\/telecamere-di-sicurezza-negli-ascensori-si-o-no\/\" \/>\n<meta property=\"og:site_name\" content=\"ENINTER\" \/>\n<meta property=\"article:publisher\" content=\"https:\/\/www.facebook.com\/EninterAscensores\" \/>\n<meta property=\"article:published_time\" content=\"2019-01-29T00:00:03+00:00\" \/>\n<meta property=\"article:modified_time\" content=\"2025-01-08T11:44:36+00:00\" \/>\n<meta name=\"author\" content=\"Albert Puig\" \/>\n<meta name=\"twitter:card\" content=\"summary_large_image\" \/>\n<meta name=\"twitter:creator\" content=\"@Eninter\" \/>\n<meta name=\"twitter:site\" content=\"@Eninter\" \/>\n<meta name=\"twitter:label1\" content=\"Written by\" \/>\n\t<meta name=\"twitter:data1\" content=\"Albert Puig\" \/>\n\t<meta name=\"twitter:label2\" content=\"Est. reading time\" \/>\n\t<meta name=\"twitter:data2\" content=\"2 minutes\" \/>\n<!-- \/ Yoast SEO Premium plugin. -->","yoast_head_json":{"title":"Telecamere di sicurezza negli ascensori: s\u00ec o no? - ENINTER","description":"Gli ascensori sono considerati spazi critici e carenti dal punto di vista della sicurezza, motivo per cui l'uso di telecamere di sicurezza negli ascensori \u00e8 oggi raccomandato.","robots":{"index":"index","follow":"follow","max-snippet":"max-snippet:-1","max-image-preview":"max-image-preview:large","max-video-preview":"max-video-preview:-1"},"canonical":"https:\/\/www.eninter.com\/it-ch\/telecamere-di-sicurezza-negli-ascensori-si-o-no\/","og_locale":"it_IT","og_type":"article","og_title":"Telecamere di sicurezza negli ascensori: s\u00ec o no?","og_description":"Gli ascensori sono considerati spazi critici e carenti dal punto di vista della sicurezza, motivo per cui l'uso di telecamere di sicurezza negli ascensori \u00e8 oggi raccomandato.","og_url":"https:\/\/www.eninter.com\/it-ch\/telecamere-di-sicurezza-negli-ascensori-si-o-no\/","og_site_name":"ENINTER","article_publisher":"https:\/\/www.facebook.com\/EninterAscensores","article_published_time":"2019-01-29T00:00:03+00:00","article_modified_time":"2025-01-08T11:44:36+00:00","author":"Albert Puig","twitter_card":"summary_large_image","twitter_creator":"@Eninter","twitter_site":"@Eninter","twitter_misc":{"Written by":"Albert Puig","Est. reading time":"2 minutes"},"schema":{"@context":"https:\/\/schema.org","@graph":[{"@type":"Article","@id":"https:\/\/www.eninter.com\/it-ch\/telecamere-di-sicurezza-negli-ascensori-si-o-no\/#article","isPartOf":{"@id":"https:\/\/www.eninter.com\/it-ch\/telecamere-di-sicurezza-negli-ascensori-si-o-no\/"},"author":{"name":"Albert Puig","@id":"https:\/\/www.eninter.com\/it-ch\/#\/schema\/person\/e6178c261ac4210884c0e0264dd59043"},"headline":"Telecamere di sicurezza negli ascensori: s\u00ec o no?","datePublished":"2019-01-29T00:00:03+00:00","dateModified":"2025-01-08T11:44:36+00:00","mainEntityOfPage":{"@id":"https:\/\/www.eninter.com\/it-ch\/telecamere-di-sicurezza-negli-ascensori-si-o-no\/"},"wordCount":386,"publisher":{"@id":"https:\/\/www.eninter.com\/it-ch\/#organization"},"articleSection":["Ascensori"],"inLanguage":"it-CH"},{"@type":"WebPage","@id":"https:\/\/www.eninter.com\/it-ch\/telecamere-di-sicurezza-negli-ascensori-si-o-no\/","url":"https:\/\/www.eninter.com\/it-ch\/telecamere-di-sicurezza-negli-ascensori-si-o-no\/","name":"Telecamere di sicurezza negli ascensori: s\u00ec o no? - ENINTER","isPartOf":{"@id":"https:\/\/www.eninter.com\/it-ch\/#website"},"datePublished":"2019-01-29T00:00:03+00:00","dateModified":"2025-01-08T11:44:36+00:00","description":"Gli ascensori sono considerati spazi critici e carenti dal punto di vista della sicurezza, motivo per cui l'uso di telecamere di sicurezza negli ascensori \u00e8 oggi raccomandato.","breadcrumb":{"@id":"https:\/\/www.eninter.com\/it-ch\/telecamere-di-sicurezza-negli-ascensori-si-o-no\/#breadcrumb"},"inLanguage":"it-CH","potentialAction":[{"@type":"ReadAction","target":["https:\/\/www.eninter.com\/it-ch\/telecamere-di-sicurezza-negli-ascensori-si-o-no\/"]}]},{"@type":"BreadcrumbList","@id":"https:\/\/www.eninter.com\/it-ch\/telecamere-di-sicurezza-negli-ascensori-si-o-no\/#breadcrumb","itemListElement":[{"@type":"ListItem","position":1,"name":"Portada","item":"https:\/\/www.eninter.com\/it-ch\/"},{"@type":"ListItem","position":2,"name":"Telecamere di sicurezza negli ascensori: s\u00ec o no?"}]},{"@type":"WebSite","@id":"https:\/\/www.eninter.com\/it-ch\/#website","url":"https:\/\/www.eninter.com\/it-ch\/","name":"ENINTER","description":"Mantenimiento de Ascensores Multimarca","publisher":{"@id":"https:\/\/www.eninter.com\/it-ch\/#organization"},"potentialAction":[{"@type":"SearchAction","target":{"@type":"EntryPoint","urlTemplate":"https:\/\/www.eninter.com\/it-ch\/?s={search_term_string}"},"query-input":{"@type":"PropertyValueSpecification","valueRequired":true,"valueName":"search_term_string"}}],"inLanguage":"it-CH"},{"@type":"Organization","@id":"https:\/\/www.eninter.com\/it-ch\/#organization","name":"Eniter","url":"https:\/\/www.eninter.com\/it-ch\/","logo":{"@type":"ImageObject","inLanguage":"it-CH","@id":"https:\/\/www.eninter.com\/it-ch\/#\/schema\/logo\/image\/","url":"https:\/\/www.eninter.com\/wp-content\/uploads\/2023\/08\/logo-eninter-png.png","contentUrl":"https:\/\/www.eninter.com\/wp-content\/uploads\/2023\/08\/logo-eninter-png.png","width":600,"height":340,"caption":"Eniter"},"image":{"@id":"https:\/\/www.eninter.com\/it-ch\/#\/schema\/logo\/image\/"},"sameAs":["https:\/\/www.facebook.com\/EninterAscensores","https:\/\/x.com\/Eninter","https:\/\/www.instagram.com\/eninterascensores\/","https:\/\/www.youtube.com\/user\/ascensoreseninter"]},{"@type":"Person","@id":"https:\/\/www.eninter.com\/it-ch\/#\/schema\/person\/e6178c261ac4210884c0e0264dd59043","name":"Albert Puig","image":{"@type":"ImageObject","inLanguage":"it-CH","@id":"https:\/\/secure.gravatar.com\/avatar\/583d07f3f1036f58d0e44e873586278b582179a16b27a5b3951504e9ee001c06?s=96&d=mm&r=g","url":"https:\/\/secure.gravatar.com\/avatar\/583d07f3f1036f58d0e44e873586278b582179a16b27a5b3951504e9ee001c06?s=96&d=mm&r=g","contentUrl":"https:\/\/secure.gravatar.com\/avatar\/583d07f3f1036f58d0e44e873586278b582179a16b27a5b3951504e9ee001c06?s=96&d=mm&r=g","caption":"Albert Puig"}}]}},"_links":{"self":[{"href":"https:\/\/www.eninter.com\/it-ch\/wp-json\/wp\/v2\/posts\/12624","targetHints":{"allow":["GET"]}}],"collection":[{"href":"https:\/\/www.eninter.com\/it-ch\/wp-json\/wp\/v2\/posts"}],"about":[{"href":"https:\/\/www.eninter.com\/it-ch\/wp-json\/wp\/v2\/types\/post"}],"author":[{"embeddable":true,"href":"https:\/\/www.eninter.com\/it-ch\/wp-json\/wp\/v2\/users\/3"}],"replies":[{"embeddable":true,"href":"https:\/\/www.eninter.com\/it-ch\/wp-json\/wp\/v2\/comments?post=12624"}],"version-history":[{"count":0,"href":"https:\/\/www.eninter.com\/it-ch\/wp-json\/wp\/v2\/posts\/12624\/revisions"}],"wp:attachment":[{"href":"https:\/\/www.eninter.com\/it-ch\/wp-json\/wp\/v2\/media?parent=12624"}],"wp:term":[{"taxonomy":"category","embeddable":true,"href":"https:\/\/www.eninter.com\/it-ch\/wp-json\/wp\/v2\/categories?post=12624"},{"taxonomy":"post_tag","embeddable":true,"href":"https:\/\/www.eninter.com\/it-ch\/wp-json\/wp\/v2\/tags?post=12624"}],"curies":[{"name":"wp","href":"https:\/\/api.w.org\/{rel}","templated":true}]}}