{"id":12632,"date":"2018-10-29T16:32:31","date_gmt":"2018-10-29T16:32:31","guid":{"rendered":"https:\/\/www.eninter.com\/quali-sono-le-dimensioni-minime-degli-ascensori-per-disabili\/"},"modified":"2018-10-29T16:32:31","modified_gmt":"2018-10-29T16:32:31","slug":"quali-sono-le-dimensioni-minime-degli-ascensori-per-disabili","status":"publish","type":"post","link":"https:\/\/www.eninter.com\/it-ch\/quali-sono-le-dimensioni-minime-degli-ascensori-per-disabili\/","title":{"rendered":"Quali sono le dimensioni minime degli ascensori per disabili?"},"content":{"rendered":"<p>Si parla molto dell&#8217;<strong>installazione di ascensori per disabili <\/strong>con l&#8217;obiettivo di facilitare la mobilit\u00e0 di tutti i tipi di persone, in particolare di quelle in sedia a rotelle, a mobilit\u00e0 ridotta o con pi\u00f9 di 70 anni.<\/p>\n<p>Ma ci\u00f2 che molti non considerano \u00e8 che questi ascensori devono avere <strong>dimensioni minime<\/strong> per facilitare l&#8217;accesso di anziani e disabili che utilizzano sedie a rotelle, ci avete pensato o no?<\/p>\n<h2>Dimensioni minime degli ascensori per disabili<\/h2>\n<p>Le dimensioni minime di un ascensore sono di <strong>1 metro di larghezza per 1,25 metri di profondit\u00e0<\/strong>, sufficienti per l&#8217;ingresso di una persona in sedia a rotelle con un accompagnatore di corporatura media.<\/p>\n<p>Per poter effettuare le curve di ingresso e di uscita senza dover fare molta fatica, l&#8217;ideale \u00e8 un <strong>diametro di 1,5 metri senza ostacoli<\/strong>. Questo faciliter\u00e0 l&#8217;ingresso e l&#8217;uscita degli utenti dalla cabina. La cabina non deve essere separata dal pianerottolo per pi\u00f9 di 2 cm in orizzontale e 1 cm in verticale, in modo che non vi siano ostacoli che impediscano l&#8217;accesso alle sedie a rotelle.<\/p>\n<p>Nel caso di abitazioni adattate, le dimensioni degli ascensori per disabili devono essere di almeno <strong>1,10 metri di larghezza e 1,4 metri di profondit\u00e0 <\/strong>con porte automatiche e un&#8217;apertura minima di 0,8 metri. Se \u00e8 richiesta solo una cabina per sedie a rotelle, senza accompagnatore, la larghezza minima \u00e8 di 1 metro con una profondit\u00e0 della cabina di 1,25 metri.<\/p>\n<p>Se <strong>non ci sono porte che non si affacciano l&#8217;una sull&#8217;altra<\/strong>, le dimensioni minime dell&#8217;ascensore sono 1<strong>,4 metri di larghezza e 1,4 metri di profondit\u00e0 <\/strong>. Ci\u00f2 consente a due persone di stare in piedi insieme alla sedia a rotelle.<\/p>\n<p>&nbsp;<\/p>\n<p><img fetchpriority=\"high\" decoding=\"async\" class=\" wp-image-6075 aligncenter\" src=\"https:\/\/www.eninter.com\/wp-content\/uploads\/2023\/08\/soluciones-de-accesibilidad-300x300.png\" alt=\"\" width=\"351\" height=\"351\" srcset=\"https:\/\/www.eninter.com\/wp-content\/uploads\/2023\/08\/soluciones-de-accesibilidad-300x300.png 300w, https:\/\/www.eninter.com\/wp-content\/uploads\/2023\/08\/soluciones-de-accesibilidad-150x150.png 150w, https:\/\/www.eninter.com\/wp-content\/uploads\/2023\/08\/soluciones-de-accesibilidad-768x768.png 768w, https:\/\/www.eninter.com\/wp-content\/uploads\/2023\/08\/soluciones-de-accesibilidad.png 810w\" sizes=\"(max-width: 351px) 100vw, 351px\" \/><\/p>\n<h2>Ascensori per disabili o persone in sedia a rotelle<\/h2>\n<p>Gli ascensori con queste dimensioni minime sono progettati per gli utenti di sedie a rotelle e sono quindi adatti anche all&#8217;accesso di persone che non usano sedie a rotelle.<\/p>\n<p>Queste misure minime sono consigliabili per le persone con mobilit\u00e0 ridotta, soprattutto se in sedia a rotelle, per cui l&#8217;ideale sarebbe che fossero un po&#8217; pi\u00f9 grandi per un maggiore comfort di accesso e di movimento.<\/p>\n<p>Quando si considera l&#8217;installazione di un ascensore, \u00e8 necessario tenere conto delle <strong>dimensioni minime per l&#8217;accessibilit\u00e0<\/strong>. Questo dipende dalla capacit\u00e0 dell&#8217;ascensore e dalle caratteristiche dell&#8217;edificio, ma deve sempre essere <strong>alto almeno 2 metri <\/strong>. In ogni caso, gli <a href=\"https:\/\/www.eninter.com\/blog\/edificios-no-accesibles-denunciados\/\">edifici che non soddisfano i requisiti<\/a> possono essere segnalati.<\/p>\n<p>Avete considerato questo aspetto quando avete installato il nuovo ascensore nel vostro edificio? Conoscere anche le <a href=\"https:\/\/www.eninter.com\/blog\/ascensores-publicos-minusvalidos-caracteristicas\/\">caratteristiche che gli ascensori accessibili devono avere<\/a>, come il tempo di apertura delle porte, le caratteristiche di sicurezza, ecc.<\/p>\n<p>Noi di <a title=\"Sito web di Eninter\" href=\"http:\/\/www.eninter.com\/?utm_source=blog&amp;utm_medium=post&amp;utm_campaign=Blog_Eninter\" target=\"_blank\" rel=\"noopener\">Eninter<\/a> siamo specializzati nell&#8217;installazione e nella manutenzione di tutti i tipi di ascensori e lavoriamo per adattarci alle esigenze del vostro immobile o della vostra casa con un alto livello di garanzia e affidabilit\u00e0.<\/p>\n","protected":false},"excerpt":{"rendered":"<p>Si parla molto dell&#8217;installazione di ascensori per disabili con l&#8217;obiettivo di facilitare la mobilit\u00e0 di tutti i tipi di persone, in particolare di quelle in sedia a rotelle, a mobilit\u00e0 ridotta o con pi\u00f9 di 70 anni. Ma ci\u00f2 che molti non considerano \u00e8 che questi ascensori devono avere dimensioni minime per facilitare l&#8217;accesso di [&hellip;]<\/p>\n","protected":false},"author":3,"featured_media":0,"comment_status":"open","ping_status":"open","sticky":false,"template":"","format":"standard","meta":{"_acf_changed":false,"content-type":"","footnotes":""},"categories":[370],"tags":[],"class_list":["post-12632","post","type-post","status-publish","format-standard","hentry","category-ascensori-it-ch"],"acf":[],"_yoast_wpseo_focuskw":"ascensori per disabili","_yoast_wpseo_metadesc":"Scoprite le misure minime per l'installazione di ascensori per disabili e rendete subito accessibile la vostra casa.","yoast_head":"<!-- This site is optimized with the Yoast SEO Premium plugin v21.6 (Yoast SEO v27.5) - https:\/\/yoast.com\/product\/yoast-seo-premium-wordpress\/ -->\n<title>Dimensioni minime degli ascensori per disabili<\/title>\n<meta name=\"description\" content=\"Scoprite le misure minime per l&#039;installazione di ascensori per disabili e rendete subito accessibile la vostra casa.\" \/>\n<meta name=\"robots\" content=\"index, follow, max-snippet:-1, max-image-preview:large, max-video-preview:-1\" \/>\n<link rel=\"canonical\" href=\"https:\/\/www.eninter.com\/it-ch\/quali-sono-le-dimensioni-minime-degli-ascensori-per-disabili\/\" \/>\n<meta property=\"og:locale\" content=\"it_IT\" \/>\n<meta property=\"og:type\" content=\"article\" \/>\n<meta property=\"og:title\" content=\"Quali sono le dimensioni minime degli ascensori per disabili?\" \/>\n<meta property=\"og:description\" content=\"Scoprite le misure minime per l&#039;installazione di ascensori per disabili e rendete subito accessibile la vostra casa.\" \/>\n<meta property=\"og:url\" content=\"https:\/\/www.eninter.com\/it-ch\/quali-sono-le-dimensioni-minime-degli-ascensori-per-disabili\/\" \/>\n<meta property=\"og:site_name\" content=\"ENINTER\" \/>\n<meta property=\"article:publisher\" content=\"https:\/\/www.facebook.com\/EninterAscensores\" \/>\n<meta property=\"article:published_time\" content=\"2018-10-29T16:32:31+00:00\" \/>\n<meta property=\"og:image\" content=\"https:\/\/www.eninter.com\/wp-content\/uploads\/2023\/08\/soluciones-de-accesibilidad-300x300.png\" \/>\n<meta name=\"author\" content=\"Albert Puig\" \/>\n<meta name=\"twitter:card\" content=\"summary_large_image\" \/>\n<meta name=\"twitter:creator\" content=\"@Eninter\" \/>\n<meta name=\"twitter:site\" content=\"@Eninter\" \/>\n<meta name=\"twitter:label1\" content=\"Written by\" \/>\n\t<meta name=\"twitter:data1\" content=\"Albert Puig\" \/>\n\t<meta name=\"twitter:label2\" content=\"Est. reading time\" \/>\n\t<meta name=\"twitter:data2\" content=\"2 minutes\" \/>\n<!-- \/ Yoast SEO Premium plugin. -->","yoast_head_json":{"title":"Dimensioni minime degli ascensori per disabili","description":"Scoprite le misure minime per l'installazione di ascensori per disabili e rendete subito accessibile la vostra casa.","robots":{"index":"index","follow":"follow","max-snippet":"max-snippet:-1","max-image-preview":"max-image-preview:large","max-video-preview":"max-video-preview:-1"},"canonical":"https:\/\/www.eninter.com\/it-ch\/quali-sono-le-dimensioni-minime-degli-ascensori-per-disabili\/","og_locale":"it_IT","og_type":"article","og_title":"Quali sono le dimensioni minime degli ascensori per disabili?","og_description":"Scoprite le misure minime per l'installazione di ascensori per disabili e rendete subito accessibile la vostra casa.","og_url":"https:\/\/www.eninter.com\/it-ch\/quali-sono-le-dimensioni-minime-degli-ascensori-per-disabili\/","og_site_name":"ENINTER","article_publisher":"https:\/\/www.facebook.com\/EninterAscensores","article_published_time":"2018-10-29T16:32:31+00:00","og_image":[{"url":"https:\/\/www.eninter.com\/wp-content\/uploads\/2023\/08\/soluciones-de-accesibilidad-300x300.png","type":"","width":"","height":""}],"author":"Albert Puig","twitter_card":"summary_large_image","twitter_creator":"@Eninter","twitter_site":"@Eninter","twitter_misc":{"Written by":"Albert Puig","Est. reading time":"2 minutes"},"schema":{"@context":"https:\/\/schema.org","@graph":[{"@type":"Article","@id":"https:\/\/www.eninter.com\/it-ch\/quali-sono-le-dimensioni-minime-degli-ascensori-per-disabili\/#article","isPartOf":{"@id":"https:\/\/www.eninter.com\/it-ch\/quali-sono-le-dimensioni-minime-degli-ascensori-per-disabili\/"},"author":{"name":"Albert Puig","@id":"https:\/\/www.eninter.com\/it-ch\/#\/schema\/person\/e6178c261ac4210884c0e0264dd59043"},"headline":"Quali sono le dimensioni minime degli ascensori per disabili?","datePublished":"2018-10-29T16:32:31+00:00","mainEntityOfPage":{"@id":"https:\/\/www.eninter.com\/it-ch\/quali-sono-le-dimensioni-minime-degli-ascensori-per-disabili\/"},"wordCount":474,"commentCount":0,"publisher":{"@id":"https:\/\/www.eninter.com\/it-ch\/#organization"},"image":{"@id":"https:\/\/www.eninter.com\/it-ch\/quali-sono-le-dimensioni-minime-degli-ascensori-per-disabili\/#primaryimage"},"thumbnailUrl":"https:\/\/www.eninter.com\/wp-content\/uploads\/2023\/08\/soluciones-de-accesibilidad-300x300.png","articleSection":["Ascensori"],"inLanguage":"it-CH","potentialAction":[{"@type":"CommentAction","name":"Comment","target":["https:\/\/www.eninter.com\/it-ch\/quali-sono-le-dimensioni-minime-degli-ascensori-per-disabili\/#respond"]}]},{"@type":"WebPage","@id":"https:\/\/www.eninter.com\/it-ch\/quali-sono-le-dimensioni-minime-degli-ascensori-per-disabili\/","url":"https:\/\/www.eninter.com\/it-ch\/quali-sono-le-dimensioni-minime-degli-ascensori-per-disabili\/","name":"Dimensioni minime degli ascensori per disabili","isPartOf":{"@id":"https:\/\/www.eninter.com\/it-ch\/#website"},"primaryImageOfPage":{"@id":"https:\/\/www.eninter.com\/it-ch\/quali-sono-le-dimensioni-minime-degli-ascensori-per-disabili\/#primaryimage"},"image":{"@id":"https:\/\/www.eninter.com\/it-ch\/quali-sono-le-dimensioni-minime-degli-ascensori-per-disabili\/#primaryimage"},"thumbnailUrl":"https:\/\/www.eninter.com\/wp-content\/uploads\/2023\/08\/soluciones-de-accesibilidad-300x300.png","datePublished":"2018-10-29T16:32:31+00:00","description":"Scoprite le misure minime per l'installazione di ascensori per disabili e rendete subito accessibile la vostra casa.","breadcrumb":{"@id":"https:\/\/www.eninter.com\/it-ch\/quali-sono-le-dimensioni-minime-degli-ascensori-per-disabili\/#breadcrumb"},"inLanguage":"it-CH","potentialAction":[{"@type":"ReadAction","target":["https:\/\/www.eninter.com\/it-ch\/quali-sono-le-dimensioni-minime-degli-ascensori-per-disabili\/"]}]},{"@type":"ImageObject","inLanguage":"it-CH","@id":"https:\/\/www.eninter.com\/it-ch\/quali-sono-le-dimensioni-minime-degli-ascensori-per-disabili\/#primaryimage","url":"https:\/\/www.eninter.com\/wp-content\/uploads\/2023\/08\/soluciones-de-accesibilidad-300x300.png","contentUrl":"https:\/\/www.eninter.com\/wp-content\/uploads\/2023\/08\/soluciones-de-accesibilidad-300x300.png"},{"@type":"BreadcrumbList","@id":"https:\/\/www.eninter.com\/it-ch\/quali-sono-le-dimensioni-minime-degli-ascensori-per-disabili\/#breadcrumb","itemListElement":[{"@type":"ListItem","position":1,"name":"Portada","item":"https:\/\/www.eninter.com\/it-ch\/"},{"@type":"ListItem","position":2,"name":"Quali sono le dimensioni minime degli ascensori per disabili?"}]},{"@type":"WebSite","@id":"https:\/\/www.eninter.com\/it-ch\/#website","url":"https:\/\/www.eninter.com\/it-ch\/","name":"ENINTER","description":"Mantenimiento de Ascensores Multimarca","publisher":{"@id":"https:\/\/www.eninter.com\/it-ch\/#organization"},"potentialAction":[{"@type":"SearchAction","target":{"@type":"EntryPoint","urlTemplate":"https:\/\/www.eninter.com\/it-ch\/?s={search_term_string}"},"query-input":{"@type":"PropertyValueSpecification","valueRequired":true,"valueName":"search_term_string"}}],"inLanguage":"it-CH"},{"@type":"Organization","@id":"https:\/\/www.eninter.com\/it-ch\/#organization","name":"Eniter","url":"https:\/\/www.eninter.com\/it-ch\/","logo":{"@type":"ImageObject","inLanguage":"it-CH","@id":"https:\/\/www.eninter.com\/it-ch\/#\/schema\/logo\/image\/","url":"https:\/\/www.eninter.com\/wp-content\/uploads\/2023\/08\/logo-eninter-png.png","contentUrl":"https:\/\/www.eninter.com\/wp-content\/uploads\/2023\/08\/logo-eninter-png.png","width":600,"height":340,"caption":"Eniter"},"image":{"@id":"https:\/\/www.eninter.com\/it-ch\/#\/schema\/logo\/image\/"},"sameAs":["https:\/\/www.facebook.com\/EninterAscensores","https:\/\/x.com\/Eninter","https:\/\/www.instagram.com\/eninterascensores\/","https:\/\/www.youtube.com\/user\/ascensoreseninter"]},{"@type":"Person","@id":"https:\/\/www.eninter.com\/it-ch\/#\/schema\/person\/e6178c261ac4210884c0e0264dd59043","name":"Albert Puig","image":{"@type":"ImageObject","inLanguage":"it-CH","@id":"https:\/\/secure.gravatar.com\/avatar\/583d07f3f1036f58d0e44e873586278b582179a16b27a5b3951504e9ee001c06?s=96&d=mm&r=g","url":"https:\/\/secure.gravatar.com\/avatar\/583d07f3f1036f58d0e44e873586278b582179a16b27a5b3951504e9ee001c06?s=96&d=mm&r=g","contentUrl":"https:\/\/secure.gravatar.com\/avatar\/583d07f3f1036f58d0e44e873586278b582179a16b27a5b3951504e9ee001c06?s=96&d=mm&r=g","caption":"Albert Puig"}}]}},"_links":{"self":[{"href":"https:\/\/www.eninter.com\/it-ch\/wp-json\/wp\/v2\/posts\/12632","targetHints":{"allow":["GET"]}}],"collection":[{"href":"https:\/\/www.eninter.com\/it-ch\/wp-json\/wp\/v2\/posts"}],"about":[{"href":"https:\/\/www.eninter.com\/it-ch\/wp-json\/wp\/v2\/types\/post"}],"author":[{"embeddable":true,"href":"https:\/\/www.eninter.com\/it-ch\/wp-json\/wp\/v2\/users\/3"}],"replies":[{"embeddable":true,"href":"https:\/\/www.eninter.com\/it-ch\/wp-json\/wp\/v2\/comments?post=12632"}],"version-history":[{"count":0,"href":"https:\/\/www.eninter.com\/it-ch\/wp-json\/wp\/v2\/posts\/12632\/revisions"}],"wp:attachment":[{"href":"https:\/\/www.eninter.com\/it-ch\/wp-json\/wp\/v2\/media?parent=12632"}],"wp:term":[{"taxonomy":"category","embeddable":true,"href":"https:\/\/www.eninter.com\/it-ch\/wp-json\/wp\/v2\/categories?post=12632"},{"taxonomy":"post_tag","embeddable":true,"href":"https:\/\/www.eninter.com\/it-ch\/wp-json\/wp\/v2\/tags?post=12632"}],"curies":[{"name":"wp","href":"https:\/\/api.w.org\/{rel}","templated":true}]}}