{"id":12633,"date":"2017-06-22T17:40:20","date_gmt":"2017-06-22T17:40:20","guid":{"rendered":"https:\/\/www.eninter.com\/sovvenzioni-per-la-riabilitazione-a-valencia-2017\/"},"modified":"2017-06-22T17:40:20","modified_gmt":"2017-06-22T17:40:20","slug":"sovvenzioni-per-la-riabilitazione-a-valencia-2017","status":"publish","type":"post","link":"https:\/\/www.eninter.com\/it-ch\/sovvenzioni-per-la-riabilitazione-a-valencia-2017\/","title":{"rendered":"Sovvenzioni per la riabilitazione a Valencia 2017"},"content":{"rendered":"<p>Il  La <strong>Conseller\u00eda de Vivienda, Obras P\u00fablicas y Vertebraci\u00f3n del Territorio della Generalitat Valenciana<\/strong> ha gi\u00e0 pubblicato i bandi per la concessione di sovvenzioni per il Sostegno all&#8217;attuazione del Rapporto di Valutazione degli Edifici e per la Promozione della Riabilitazione degli Edifici, che sovvenzioneranno  <strong>fino al 35% dei lavori e un ulteriore 10% nelle sovvenzioni per la riabilitazione a Valencia.<\/strong><\/p>\n<p>Il suo obiettivo principale \u00e8 <strong>promuovere una riabilitazione<\/strong> che riattivi il settore edilizio con opere di sostenibilit\u00e0, accessibilit\u00e0 e conservazione.<\/p>\n<h2>Scadenza per la presentazione e importo degli aiuti per la riabilitazione a Valencia<\/h2>\n<p>\u00c8 stato pubblicato nella Gazzetta Ufficiale della Generalitat il 26 maggio 2017, pertanto il termine di <strong>presentazione inizia il 29 maggio e termina il 10 luglio 2017<\/strong>.<\/p>\n<p>Ogni abitazione pu\u00f2 essere sovvenzionata con un massimo di 2.000 euro per opere di conservazione come la struttura e gli impianti dell&#8217;edificio, nonch\u00e9 le facciate o i tetti di edifici dichiarati BIC, protetti o classificati, anche per opere di sostenibilit\u00e0 per migliorare la qualit\u00e0 termica e l&#8217;installazione di energia rinnovabile, e un aiuto fino a 4.000 euro per abitazione in opere di accessibilit\u00e0 per <strong> installare ascensori o rampe adattate<\/strong>. Le sovvenzioni per i lavori di sostenibilit\u00e0 vanno da 2000 a 5000 euro.<\/p>\n<p>La novit\u00e0 \u00e8 la sovvenzione di un <strong>ulteriore 10%<\/strong> fino a un massimo di 4.000 euro fino all&#8217;esaurimento della linea di bilancio corrispondente.<\/p>\n<h2>Aiuti per l&#8217;installazione e la ristrutturazione di ascensori a Valencia<\/h2>\n<p>Come si pu\u00f2 notare, le sovvenzioni coprono le <strong>opere di accessibilit\u00e0 per l&#8217;installazione di ascensori<\/strong>. Secondo il ministero regionale guidato da Mar\u00eda Jos\u00e9 Salvador, l&#8217;obiettivo \u00e8 quello di<em> &#8220;promuovere i processi di riabilitazione nelle aree pi\u00f9 vulnerabili e contribuire a risolvere i problemi di accessibilit\u00e0 ed efficienza energetica, le patologie strutturali o l&#8217;adeguamento degli impianti degli edifici&#8221;<\/em>.<\/p>\n<p>Per quanto riguarda  <strong>accessibilit\u00e0<\/strong>che \u00e8 un aspetto di grande interesse per noi, \u00e8 possibile  <strong>richiesta di aiuti per l&#8217;installazione o la ristrutturazione di ascensori<\/strong>L&#8217;installazione di montascale o altri dispositivi di accessibilit\u00e0, compresi quelli adattati alle esigenze delle persone con disabilit\u00e0 sensoriali,  <strong>segnali luminosi o sonori per permettere loro di orientarsi su scale e ascensori<\/strong>e dispositivi di comunicazione elettronica tra l&#8217;esterno e le abitazioni.<\/p>\n<p>Gli <strong>edifici devono essere di tipo residenziale collettivo<\/strong> costruiti prima del 1981 con almeno il 70% dei proprietari che hanno l&#8217;abitazione come residenza abituale. Quanto prima viene presentata la domanda di assistenza, tanto pi\u00f9 \u00e8 probabile che venga accettata.<\/p>\n","protected":false},"excerpt":{"rendered":"<p>Il La Conseller\u00eda de Vivienda, Obras P\u00fablicas y Vertebraci\u00f3n del Territorio della Generalitat Valenciana ha gi\u00e0 pubblicato i bandi per la concessione di sovvenzioni per il Sostegno all&#8217;attuazione del Rapporto di Valutazione degli Edifici e per la Promozione della Riabilitazione degli Edifici, che sovvenzioneranno fino al 35% dei lavori e un ulteriore 10% nelle sovvenzioni [&hellip;]<\/p>\n","protected":false},"author":3,"featured_media":14059,"comment_status":"closed","ping_status":"closed","sticky":false,"template":"","format":"standard","meta":{"_acf_changed":false,"content-type":"","footnotes":""},"categories":[370],"tags":[],"class_list":["post-12633","post","type-post","status-publish","format-standard","has-post-thumbnail","hentry","category-ascensori-it-ch"],"acf":[],"_yoast_wpseo_focuskw":"Riabilitazione a Valencia","_yoast_wpseo_metadesc":null,"yoast_head":"<!-- This site is optimized with the Yoast SEO Premium plugin v21.6 (Yoast SEO v27.5) - https:\/\/yoast.com\/product\/yoast-seo-premium-wordpress\/ -->\n<title>Sovvenzioni per la riabilitazione a Valencia 2017 - ENINTER<\/title>\n<meta name=\"robots\" content=\"index, follow, max-snippet:-1, max-image-preview:large, max-video-preview:-1\" \/>\n<link rel=\"canonical\" href=\"https:\/\/www.eninter.com\/it-ch\/sovvenzioni-per-la-riabilitazione-a-valencia-2017\/\" \/>\n<meta property=\"og:locale\" content=\"it_IT\" \/>\n<meta property=\"og:type\" content=\"article\" \/>\n<meta property=\"og:title\" content=\"Sovvenzioni per la riabilitazione a Valencia 2017\" \/>\n<meta property=\"og:description\" content=\"Il La Conseller\u00eda de Vivienda, Obras P\u00fablicas y Vertebraci\u00f3n del Territorio della Generalitat Valenciana ha gi\u00e0 pubblicato i bandi per la concessione di sovvenzioni per il Sostegno all&#8217;attuazione del Rapporto di Valutazione degli Edifici e per la Promozione della Riabilitazione degli Edifici, che sovvenzioneranno fino al 35% dei lavori e un ulteriore 10% nelle sovvenzioni [&hellip;]\" \/>\n<meta property=\"og:url\" content=\"https:\/\/www.eninter.com\/it-ch\/sovvenzioni-per-la-riabilitazione-a-valencia-2017\/\" \/>\n<meta property=\"og:site_name\" content=\"ENINTER\" \/>\n<meta property=\"article:publisher\" content=\"https:\/\/www.facebook.com\/EninterAscensores\" \/>\n<meta property=\"article:published_time\" content=\"2017-06-22T17:40:20+00:00\" \/>\n<meta property=\"og:image\" content=\"https:\/\/www.eninter.com\/wp-content\/uploads\/2017\/06\/valencia-1049389_1280.jpg\" \/>\n\t<meta property=\"og:image:width\" content=\"1280\" \/>\n\t<meta property=\"og:image:height\" content=\"853\" \/>\n\t<meta property=\"og:image:type\" content=\"image\/jpeg\" \/>\n<meta name=\"author\" content=\"Albert Puig\" \/>\n<meta name=\"twitter:card\" content=\"summary_large_image\" \/>\n<meta name=\"twitter:creator\" content=\"@Eninter\" \/>\n<meta name=\"twitter:site\" content=\"@Eninter\" \/>\n<meta name=\"twitter:label1\" content=\"Written by\" \/>\n\t<meta name=\"twitter:data1\" content=\"Albert Puig\" \/>\n\t<meta name=\"twitter:label2\" content=\"Est. reading time\" \/>\n\t<meta name=\"twitter:data2\" content=\"2 minutes\" \/>\n<!-- \/ Yoast SEO Premium plugin. -->","yoast_head_json":{"title":"Sovvenzioni per la riabilitazione a Valencia 2017 - ENINTER","robots":{"index":"index","follow":"follow","max-snippet":"max-snippet:-1","max-image-preview":"max-image-preview:large","max-video-preview":"max-video-preview:-1"},"canonical":"https:\/\/www.eninter.com\/it-ch\/sovvenzioni-per-la-riabilitazione-a-valencia-2017\/","og_locale":"it_IT","og_type":"article","og_title":"Sovvenzioni per la riabilitazione a Valencia 2017","og_description":"Il La Conseller\u00eda de Vivienda, Obras P\u00fablicas y Vertebraci\u00f3n del Territorio della Generalitat Valenciana ha gi\u00e0 pubblicato i bandi per la concessione di sovvenzioni per il Sostegno all&#8217;attuazione del Rapporto di Valutazione degli Edifici e per la Promozione della Riabilitazione degli Edifici, che sovvenzioneranno fino al 35% dei lavori e un ulteriore 10% nelle sovvenzioni [&hellip;]","og_url":"https:\/\/www.eninter.com\/it-ch\/sovvenzioni-per-la-riabilitazione-a-valencia-2017\/","og_site_name":"ENINTER","article_publisher":"https:\/\/www.facebook.com\/EninterAscensores","article_published_time":"2017-06-22T17:40:20+00:00","og_image":[{"width":1280,"height":853,"url":"https:\/\/www.eninter.com\/wp-content\/uploads\/2017\/06\/valencia-1049389_1280.jpg","type":"image\/jpeg"}],"author":"Albert Puig","twitter_card":"summary_large_image","twitter_creator":"@Eninter","twitter_site":"@Eninter","twitter_misc":{"Written by":"Albert Puig","Est. reading time":"2 minutes"},"schema":{"@context":"https:\/\/schema.org","@graph":[{"@type":"Article","@id":"https:\/\/www.eninter.com\/it-ch\/sovvenzioni-per-la-riabilitazione-a-valencia-2017\/#article","isPartOf":{"@id":"https:\/\/www.eninter.com\/it-ch\/sovvenzioni-per-la-riabilitazione-a-valencia-2017\/"},"author":{"name":"Albert Puig","@id":"https:\/\/www.eninter.com\/it-ch\/#\/schema\/person\/e6178c261ac4210884c0e0264dd59043"},"headline":"Sovvenzioni per la riabilitazione a Valencia 2017","datePublished":"2017-06-22T17:40:20+00:00","mainEntityOfPage":{"@id":"https:\/\/www.eninter.com\/it-ch\/sovvenzioni-per-la-riabilitazione-a-valencia-2017\/"},"wordCount":395,"publisher":{"@id":"https:\/\/www.eninter.com\/it-ch\/#organization"},"image":{"@id":"https:\/\/www.eninter.com\/it-ch\/sovvenzioni-per-la-riabilitazione-a-valencia-2017\/#primaryimage"},"thumbnailUrl":"https:\/\/www.eninter.com\/wp-content\/uploads\/2017\/06\/valencia-1049389_1280.jpg","articleSection":["Ascensori"],"inLanguage":"it-CH"},{"@type":"WebPage","@id":"https:\/\/www.eninter.com\/it-ch\/sovvenzioni-per-la-riabilitazione-a-valencia-2017\/","url":"https:\/\/www.eninter.com\/it-ch\/sovvenzioni-per-la-riabilitazione-a-valencia-2017\/","name":"Sovvenzioni per la riabilitazione a Valencia 2017 - ENINTER","isPartOf":{"@id":"https:\/\/www.eninter.com\/it-ch\/#website"},"primaryImageOfPage":{"@id":"https:\/\/www.eninter.com\/it-ch\/sovvenzioni-per-la-riabilitazione-a-valencia-2017\/#primaryimage"},"image":{"@id":"https:\/\/www.eninter.com\/it-ch\/sovvenzioni-per-la-riabilitazione-a-valencia-2017\/#primaryimage"},"thumbnailUrl":"https:\/\/www.eninter.com\/wp-content\/uploads\/2017\/06\/valencia-1049389_1280.jpg","datePublished":"2017-06-22T17:40:20+00:00","breadcrumb":{"@id":"https:\/\/www.eninter.com\/it-ch\/sovvenzioni-per-la-riabilitazione-a-valencia-2017\/#breadcrumb"},"inLanguage":"it-CH","potentialAction":[{"@type":"ReadAction","target":["https:\/\/www.eninter.com\/it-ch\/sovvenzioni-per-la-riabilitazione-a-valencia-2017\/"]}]},{"@type":"ImageObject","inLanguage":"it-CH","@id":"https:\/\/www.eninter.com\/it-ch\/sovvenzioni-per-la-riabilitazione-a-valencia-2017\/#primaryimage","url":"https:\/\/www.eninter.com\/wp-content\/uploads\/2017\/06\/valencia-1049389_1280.jpg","contentUrl":"https:\/\/www.eninter.com\/wp-content\/uploads\/2017\/06\/valencia-1049389_1280.jpg","width":1280,"height":853,"caption":"Rehabilitaci\u00f3n en Valencia: Ayudas 2017"},{"@type":"BreadcrumbList","@id":"https:\/\/www.eninter.com\/it-ch\/sovvenzioni-per-la-riabilitazione-a-valencia-2017\/#breadcrumb","itemListElement":[{"@type":"ListItem","position":1,"name":"Portada","item":"https:\/\/www.eninter.com\/it-ch\/"},{"@type":"ListItem","position":2,"name":"Sovvenzioni per la riabilitazione a Valencia 2017"}]},{"@type":"WebSite","@id":"https:\/\/www.eninter.com\/it-ch\/#website","url":"https:\/\/www.eninter.com\/it-ch\/","name":"ENINTER","description":"Mantenimiento de Ascensores Multimarca","publisher":{"@id":"https:\/\/www.eninter.com\/it-ch\/#organization"},"potentialAction":[{"@type":"SearchAction","target":{"@type":"EntryPoint","urlTemplate":"https:\/\/www.eninter.com\/it-ch\/?s={search_term_string}"},"query-input":{"@type":"PropertyValueSpecification","valueRequired":true,"valueName":"search_term_string"}}],"inLanguage":"it-CH"},{"@type":"Organization","@id":"https:\/\/www.eninter.com\/it-ch\/#organization","name":"Eniter","url":"https:\/\/www.eninter.com\/it-ch\/","logo":{"@type":"ImageObject","inLanguage":"it-CH","@id":"https:\/\/www.eninter.com\/it-ch\/#\/schema\/logo\/image\/","url":"https:\/\/www.eninter.com\/wp-content\/uploads\/2023\/08\/logo-eninter-png.png","contentUrl":"https:\/\/www.eninter.com\/wp-content\/uploads\/2023\/08\/logo-eninter-png.png","width":600,"height":340,"caption":"Eniter"},"image":{"@id":"https:\/\/www.eninter.com\/it-ch\/#\/schema\/logo\/image\/"},"sameAs":["https:\/\/www.facebook.com\/EninterAscensores","https:\/\/x.com\/Eninter","https:\/\/www.instagram.com\/eninterascensores\/","https:\/\/www.youtube.com\/user\/ascensoreseninter"]},{"@type":"Person","@id":"https:\/\/www.eninter.com\/it-ch\/#\/schema\/person\/e6178c261ac4210884c0e0264dd59043","name":"Albert Puig","image":{"@type":"ImageObject","inLanguage":"it-CH","@id":"https:\/\/secure.gravatar.com\/avatar\/583d07f3f1036f58d0e44e873586278b582179a16b27a5b3951504e9ee001c06?s=96&d=mm&r=g","url":"https:\/\/secure.gravatar.com\/avatar\/583d07f3f1036f58d0e44e873586278b582179a16b27a5b3951504e9ee001c06?s=96&d=mm&r=g","contentUrl":"https:\/\/secure.gravatar.com\/avatar\/583d07f3f1036f58d0e44e873586278b582179a16b27a5b3951504e9ee001c06?s=96&d=mm&r=g","caption":"Albert Puig"}}]}},"_links":{"self":[{"href":"https:\/\/www.eninter.com\/it-ch\/wp-json\/wp\/v2\/posts\/12633","targetHints":{"allow":["GET"]}}],"collection":[{"href":"https:\/\/www.eninter.com\/it-ch\/wp-json\/wp\/v2\/posts"}],"about":[{"href":"https:\/\/www.eninter.com\/it-ch\/wp-json\/wp\/v2\/types\/post"}],"author":[{"embeddable":true,"href":"https:\/\/www.eninter.com\/it-ch\/wp-json\/wp\/v2\/users\/3"}],"replies":[{"embeddable":true,"href":"https:\/\/www.eninter.com\/it-ch\/wp-json\/wp\/v2\/comments?post=12633"}],"version-history":[{"count":0,"href":"https:\/\/www.eninter.com\/it-ch\/wp-json\/wp\/v2\/posts\/12633\/revisions"}],"wp:featuredmedia":[{"embeddable":true,"href":"https:\/\/www.eninter.com\/it-ch\/wp-json\/wp\/v2\/media\/14059"}],"wp:attachment":[{"href":"https:\/\/www.eninter.com\/it-ch\/wp-json\/wp\/v2\/media?parent=12633"}],"wp:term":[{"taxonomy":"category","embeddable":true,"href":"https:\/\/www.eninter.com\/it-ch\/wp-json\/wp\/v2\/categories?post=12633"},{"taxonomy":"post_tag","embeddable":true,"href":"https:\/\/www.eninter.com\/it-ch\/wp-json\/wp\/v2\/tags?post=12633"}],"curies":[{"name":"wp","href":"https:\/\/api.w.org\/{rel}","templated":true}]}}