{"id":12634,"date":"2018-04-02T20:13:59","date_gmt":"2018-04-02T20:13:59","guid":{"rendered":"https:\/\/www.eninter.com\/xavier-martinez-intervista-gisela-pulido-ix-afterwork-apd\/"},"modified":"2018-04-02T20:13:59","modified_gmt":"2018-04-02T20:13:59","slug":"xavier-martinez-intervista-gisela-pulido-ix-afterwork-apd","status":"publish","type":"post","link":"https:\/\/www.eninter.com\/it-ch\/xavier-martinez-intervista-gisela-pulido-ix-afterwork-apd\/","title":{"rendered":"Xavier Mart\u00ednez intervista Gisela Pulido &#8211; IX Afterwork APD"},"content":{"rendered":"<p>Il 30 novembre si \u00e8 svolto a Barcellona il <strong>IX Afterwork<\/strong> organizzato dall&#8217;Asociaci\u00f3n para el Progreso de la Direcci\u00f3n. L&#8217;evento vede la partecipazione dei dirigenti delle principali aziende catalane ed \u00e8 il pi\u00f9 grande incontro di <strong>management<\/strong> che si tiene in citt\u00e0 durante tutto l&#8217;anno.<\/p>\n<p>L&#8217;<strong>obiettivo<\/strong> principale della conferenza \u00e8 fornire ai partecipanti gli ultimi sviluppi in materia di <strong>gestione<\/strong>, <strong>economia<\/strong> <strong>globale<\/strong> e <strong>networking<\/strong> in un&#8217;atmosfera pi\u00f9 rilassata e con la presenza di <strong>relatori<\/strong> <strong>esperti<\/strong> in diversi <strong>settori<\/strong>.<\/p>\n<p>In questa occasione, il direttore generale di Ascensores Eninter, <strong>Xavier Mart\u00ednez<\/strong>, \u00e8 stato incaricato di intervistare Gisela Pulido, campionessa <strong>mondiale di kitesurf<\/strong> nel 2015. Gisela, che a soli 24 anni ha gi\u00e0 vinto pi\u00f9 di 10 Campionati del Mondo in diverse modalit\u00e0 di Kitesurf, ha risposto con totale sincerit\u00e0 e naturalezza a tutte le domande del nostro direttore e, entrambe, hanno offerto una <strong>magnifica intervista<\/strong>.<\/p>\n<p>Nel video seguente potete vedere alcuni di questi momenti:<\/p>\n<p><iframe src=\"https:\/\/www.youtube.com\/embed\/Ju-BCH5G_Dw\" width=\"560\" height=\"315\" frameborder=\"0\" allowfullscreen=\"allowfullscreen\"><\/iframe><\/p>\n","protected":false},"excerpt":{"rendered":"<p>Il 30 novembre si \u00e8 svolto a Barcellona il IX Afterwork organizzato dall&#8217;Asociaci\u00f3n para el Progreso de la Direcci\u00f3n. L&#8217;evento vede la partecipazione dei dirigenti delle principali aziende catalane ed \u00e8 il pi\u00f9 grande incontro di management che si tiene in citt\u00e0 durante tutto l&#8217;anno. L&#8217;obiettivo principale della conferenza \u00e8 fornire ai partecipanti gli ultimi [&hellip;]<\/p>\n","protected":false},"author":3,"featured_media":0,"comment_status":"open","ping_status":"open","sticky":false,"template":"","format":"standard","meta":{"_acf_changed":false,"content-type":"","footnotes":""},"categories":[372],"tags":[],"class_list":["post-12634","post","type-post","status-publish","format-standard","hentry","category-informazioni-su-eninter-it-ch"],"acf":[],"_yoast_wpseo_focuskw":null,"_yoast_wpseo_metadesc":null,"yoast_head":"<!-- This site is optimized with the Yoast SEO Premium plugin v21.6 (Yoast SEO v27.5) - https:\/\/yoast.com\/product\/yoast-seo-premium-wordpress\/ -->\n<title>Xavier Mart\u00ednez intervista Gisela Pulido - IX Afterwork APD - ENINTER<\/title>\n<meta name=\"robots\" content=\"index, follow, max-snippet:-1, max-image-preview:large, max-video-preview:-1\" \/>\n<link rel=\"canonical\" href=\"https:\/\/www.eninter.com\/it-ch\/xavier-martinez-intervista-gisela-pulido-ix-afterwork-apd\/\" \/>\n<meta property=\"og:locale\" content=\"it_IT\" \/>\n<meta property=\"og:type\" content=\"article\" \/>\n<meta property=\"og:title\" content=\"Xavier Mart\u00ednez intervista Gisela Pulido - IX Afterwork APD\" \/>\n<meta property=\"og:description\" content=\"Il 30 novembre si \u00e8 svolto a Barcellona il IX Afterwork organizzato dall&#8217;Asociaci\u00f3n para el Progreso de la Direcci\u00f3n. L&#8217;evento vede la partecipazione dei dirigenti delle principali aziende catalane ed \u00e8 il pi\u00f9 grande incontro di management che si tiene in citt\u00e0 durante tutto l&#8217;anno. L&#8217;obiettivo principale della conferenza \u00e8 fornire ai partecipanti gli ultimi [&hellip;]\" \/>\n<meta property=\"og:url\" content=\"https:\/\/www.eninter.com\/it-ch\/xavier-martinez-intervista-gisela-pulido-ix-afterwork-apd\/\" \/>\n<meta property=\"og:site_name\" content=\"ENINTER\" \/>\n<meta property=\"article:publisher\" content=\"https:\/\/www.facebook.com\/EninterAscensores\" \/>\n<meta property=\"article:published_time\" content=\"2018-04-02T20:13:59+00:00\" \/>\n<meta name=\"author\" content=\"Albert Puig\" \/>\n<meta name=\"twitter:card\" content=\"summary_large_image\" \/>\n<meta name=\"twitter:creator\" content=\"@Eninter\" \/>\n<meta name=\"twitter:site\" content=\"@Eninter\" \/>\n<meta name=\"twitter:label1\" content=\"Written by\" \/>\n\t<meta name=\"twitter:data1\" content=\"Albert Puig\" \/>\n\t<meta name=\"twitter:label2\" content=\"Est. reading time\" \/>\n\t<meta name=\"twitter:data2\" content=\"1 minute\" \/>\n<!-- \/ Yoast SEO Premium plugin. -->","yoast_head_json":{"title":"Xavier Mart\u00ednez intervista Gisela Pulido - IX Afterwork APD - ENINTER","robots":{"index":"index","follow":"follow","max-snippet":"max-snippet:-1","max-image-preview":"max-image-preview:large","max-video-preview":"max-video-preview:-1"},"canonical":"https:\/\/www.eninter.com\/it-ch\/xavier-martinez-intervista-gisela-pulido-ix-afterwork-apd\/","og_locale":"it_IT","og_type":"article","og_title":"Xavier Mart\u00ednez intervista Gisela Pulido - IX Afterwork APD","og_description":"Il 30 novembre si \u00e8 svolto a Barcellona il IX Afterwork organizzato dall&#8217;Asociaci\u00f3n para el Progreso de la Direcci\u00f3n. L&#8217;evento vede la partecipazione dei dirigenti delle principali aziende catalane ed \u00e8 il pi\u00f9 grande incontro di management che si tiene in citt\u00e0 durante tutto l&#8217;anno. L&#8217;obiettivo principale della conferenza \u00e8 fornire ai partecipanti gli ultimi [&hellip;]","og_url":"https:\/\/www.eninter.com\/it-ch\/xavier-martinez-intervista-gisela-pulido-ix-afterwork-apd\/","og_site_name":"ENINTER","article_publisher":"https:\/\/www.facebook.com\/EninterAscensores","article_published_time":"2018-04-02T20:13:59+00:00","author":"Albert Puig","twitter_card":"summary_large_image","twitter_creator":"@Eninter","twitter_site":"@Eninter","twitter_misc":{"Written by":"Albert Puig","Est. reading time":"1 minute"},"schema":{"@context":"https:\/\/schema.org","@graph":[{"@type":"Article","@id":"https:\/\/www.eninter.com\/it-ch\/xavier-martinez-intervista-gisela-pulido-ix-afterwork-apd\/#article","isPartOf":{"@id":"https:\/\/www.eninter.com\/it-ch\/xavier-martinez-intervista-gisela-pulido-ix-afterwork-apd\/"},"author":{"name":"Albert Puig","@id":"https:\/\/www.eninter.com\/it-ch\/#\/schema\/person\/e6178c261ac4210884c0e0264dd59043"},"headline":"Xavier Mart\u00ednez intervista Gisela Pulido &#8211; IX Afterwork APD","datePublished":"2018-04-02T20:13:59+00:00","mainEntityOfPage":{"@id":"https:\/\/www.eninter.com\/it-ch\/xavier-martinez-intervista-gisela-pulido-ix-afterwork-apd\/"},"wordCount":162,"commentCount":0,"publisher":{"@id":"https:\/\/www.eninter.com\/it-ch\/#organization"},"articleSection":["Informazioni su Eninter"],"inLanguage":"it-CH","potentialAction":[{"@type":"CommentAction","name":"Comment","target":["https:\/\/www.eninter.com\/it-ch\/xavier-martinez-intervista-gisela-pulido-ix-afterwork-apd\/#respond"]}]},{"@type":"WebPage","@id":"https:\/\/www.eninter.com\/it-ch\/xavier-martinez-intervista-gisela-pulido-ix-afterwork-apd\/","url":"https:\/\/www.eninter.com\/it-ch\/xavier-martinez-intervista-gisela-pulido-ix-afterwork-apd\/","name":"Xavier Mart\u00ednez intervista Gisela Pulido - IX Afterwork APD - ENINTER","isPartOf":{"@id":"https:\/\/www.eninter.com\/it-ch\/#website"},"datePublished":"2018-04-02T20:13:59+00:00","breadcrumb":{"@id":"https:\/\/www.eninter.com\/it-ch\/xavier-martinez-intervista-gisela-pulido-ix-afterwork-apd\/#breadcrumb"},"inLanguage":"it-CH","potentialAction":[{"@type":"ReadAction","target":["https:\/\/www.eninter.com\/it-ch\/xavier-martinez-intervista-gisela-pulido-ix-afterwork-apd\/"]}]},{"@type":"BreadcrumbList","@id":"https:\/\/www.eninter.com\/it-ch\/xavier-martinez-intervista-gisela-pulido-ix-afterwork-apd\/#breadcrumb","itemListElement":[{"@type":"ListItem","position":1,"name":"Portada","item":"https:\/\/www.eninter.com\/it-ch\/"},{"@type":"ListItem","position":2,"name":"Xavier Mart\u00ednez intervista Gisela Pulido &#8211; IX Afterwork APD"}]},{"@type":"WebSite","@id":"https:\/\/www.eninter.com\/it-ch\/#website","url":"https:\/\/www.eninter.com\/it-ch\/","name":"ENINTER","description":"Mantenimiento de Ascensores Multimarca","publisher":{"@id":"https:\/\/www.eninter.com\/it-ch\/#organization"},"potentialAction":[{"@type":"SearchAction","target":{"@type":"EntryPoint","urlTemplate":"https:\/\/www.eninter.com\/it-ch\/?s={search_term_string}"},"query-input":{"@type":"PropertyValueSpecification","valueRequired":true,"valueName":"search_term_string"}}],"inLanguage":"it-CH"},{"@type":"Organization","@id":"https:\/\/www.eninter.com\/it-ch\/#organization","name":"Eniter","url":"https:\/\/www.eninter.com\/it-ch\/","logo":{"@type":"ImageObject","inLanguage":"it-CH","@id":"https:\/\/www.eninter.com\/it-ch\/#\/schema\/logo\/image\/","url":"https:\/\/www.eninter.com\/wp-content\/uploads\/2023\/08\/logo-eninter-png.png","contentUrl":"https:\/\/www.eninter.com\/wp-content\/uploads\/2023\/08\/logo-eninter-png.png","width":600,"height":340,"caption":"Eniter"},"image":{"@id":"https:\/\/www.eninter.com\/it-ch\/#\/schema\/logo\/image\/"},"sameAs":["https:\/\/www.facebook.com\/EninterAscensores","https:\/\/x.com\/Eninter","https:\/\/www.instagram.com\/eninterascensores\/","https:\/\/www.youtube.com\/user\/ascensoreseninter"]},{"@type":"Person","@id":"https:\/\/www.eninter.com\/it-ch\/#\/schema\/person\/e6178c261ac4210884c0e0264dd59043","name":"Albert Puig","image":{"@type":"ImageObject","inLanguage":"it-CH","@id":"https:\/\/secure.gravatar.com\/avatar\/583d07f3f1036f58d0e44e873586278b582179a16b27a5b3951504e9ee001c06?s=96&d=mm&r=g","url":"https:\/\/secure.gravatar.com\/avatar\/583d07f3f1036f58d0e44e873586278b582179a16b27a5b3951504e9ee001c06?s=96&d=mm&r=g","contentUrl":"https:\/\/secure.gravatar.com\/avatar\/583d07f3f1036f58d0e44e873586278b582179a16b27a5b3951504e9ee001c06?s=96&d=mm&r=g","caption":"Albert Puig"}}]}},"_links":{"self":[{"href":"https:\/\/www.eninter.com\/it-ch\/wp-json\/wp\/v2\/posts\/12634","targetHints":{"allow":["GET"]}}],"collection":[{"href":"https:\/\/www.eninter.com\/it-ch\/wp-json\/wp\/v2\/posts"}],"about":[{"href":"https:\/\/www.eninter.com\/it-ch\/wp-json\/wp\/v2\/types\/post"}],"author":[{"embeddable":true,"href":"https:\/\/www.eninter.com\/it-ch\/wp-json\/wp\/v2\/users\/3"}],"replies":[{"embeddable":true,"href":"https:\/\/www.eninter.com\/it-ch\/wp-json\/wp\/v2\/comments?post=12634"}],"version-history":[{"count":0,"href":"https:\/\/www.eninter.com\/it-ch\/wp-json\/wp\/v2\/posts\/12634\/revisions"}],"wp:attachment":[{"href":"https:\/\/www.eninter.com\/it-ch\/wp-json\/wp\/v2\/media?parent=12634"}],"wp:term":[{"taxonomy":"category","embeddable":true,"href":"https:\/\/www.eninter.com\/it-ch\/wp-json\/wp\/v2\/categories?post=12634"},{"taxonomy":"post_tag","embeddable":true,"href":"https:\/\/www.eninter.com\/it-ch\/wp-json\/wp\/v2\/tags?post=12634"}],"curies":[{"name":"wp","href":"https:\/\/api.w.org\/{rel}","templated":true}]}}