{"id":12640,"date":"2018-10-15T16:30:16","date_gmt":"2018-10-15T16:30:16","guid":{"rendered":"https:\/\/www.eninter.com\/gli-ascensori-e-i-sollevatori-per-disabili-sono-obbligatori-nel-2018\/"},"modified":"2018-10-15T16:30:16","modified_gmt":"2018-10-15T16:30:16","slug":"gli-ascensori-e-i-sollevatori-per-disabili-sono-obbligatori-nel-2018","status":"publish","type":"post","link":"https:\/\/www.eninter.com\/it-ch\/gli-ascensori-e-i-sollevatori-per-disabili-sono-obbligatori-nel-2018\/","title":{"rendered":"Gli ascensori e i sollevatori per disabili sono obbligatori nel 2018?"},"content":{"rendered":"<p>Il  <strong>installazione di ascensori per persone disabili<\/strong>  negli edifici residenziali in cui vivono, tra gli altri, persone di et\u00e0 superiore ai 70 anni o persone con disabilit\u00e0, ha iniziato ad essere  <strong>obbligatorio a partire dal 4 dicembre 2017<\/strong>per eliminare le possibili barriere architettoniche negli edifici, secondo il Regio Decreto 1\/2013 del 29 novembre.<\/p>\n<h2>Ascensori per disabili nel 2018?<\/h2>\n<p>In effetti, le opere e le azioni necessarie a garantire una sistemazione ragionevole saranno in particolare obbligatorie.<strong>  in termini di accessibilit\u00e0 universale,<\/strong>  negli edifici in cui ci\u00f2 richiede l&#8217;applicazione dei proprietari nei cui locali o abitazioni vivono, lavorano o prestano servizi a livello volontario  <strong>persone con disabilit\u00e0 o di et\u00e0 superiore ai 70 anni<\/strong>. Tutto ci\u00f2 <strong>senza che sia necessario il previo consenso del Consiglio di amministrazione<\/strong>.<\/p>\n<p>L&#8217;<strong>installazione di un ascensore, di un montacarichi<\/strong> o di qualsiasi meccanismo che possa facilitare l&#8217;accessibilit\u00e0 negli edifici residenziali in cui vivono persone di et\u00e0 superiore ai 70 anni e persone con problemi di mobilit\u00e0, come abbiamo detto, \u00e8 obbligatoria in ogni caso, senza bisogno di una votazione. In tutti gli altri casi \u00e8 sufficiente il voto della <strong>maggioranza semplice<\/strong>. Se questi casi non si verificano, non \u00e8 obbligatorio.<\/p>\n<p>Anche se  <strong>c&#8217;\u00e8 poco spazio,<\/strong>  pu\u00f2 essere effettuata mediante l&#8217;esproprio di parti di abitazioni o locali commerciali, del cortile interno, la ridistribuzione delle scale e l&#8217;installazione sulla facciata degli interni, essendo soluzioni nel caso in cui non ci sia spazio per l&#8217;installazione dell&#8217;ascensore in modo convenzionale. Questa non \u00e8 una scusa per non installarlo. Se volete sapere se avete lo spazio necessario, qui vi parliamo delle <a title=\"Dimensioni minime degli ascensori per disabili\" href=\"https:\/\/www.eninter.com\/blog\/ascensores-minusvalidos-medidas-minimas\/\" target=\"_blank\" rel=\"noopener\">dimensioni minime<\/a> degli ascensori accessibili per i disabili.<\/p>\n<p><img fetchpriority=\"high\" decoding=\"async\" class=\" wp-image-11901 aligncenter\" src=\"https:\/\/www.eninter.com\/wp-content\/uploads\/2018\/10\/hombre-entrega-paquete-ascensor-cerrar-300x200.jpg\" alt=\"Ascensori per disabili\" width=\"365\" height=\"243\" srcset=\"https:\/\/www.eninter.com\/wp-content\/uploads\/2018\/10\/hombre-entrega-paquete-ascensor-cerrar-300x200.jpg 300w, https:\/\/www.eninter.com\/wp-content\/uploads\/2018\/10\/hombre-entrega-paquete-ascensor-cerrar-1024x683.jpg 1024w, https:\/\/www.eninter.com\/wp-content\/uploads\/2018\/10\/hombre-entrega-paquete-ascensor-cerrar-768x512.jpg 768w, https:\/\/www.eninter.com\/wp-content\/uploads\/2018\/10\/hombre-entrega-paquete-ascensor-cerrar-1536x1024.jpg 1536w, https:\/\/www.eninter.com\/wp-content\/uploads\/2018\/10\/hombre-entrega-paquete-ascensor-cerrar-2048x1365.jpg 2048w\" sizes=\"(max-width: 365px) 100vw, 365px\" \/><\/p>\n<h2>Quando l&#8217;installazione di ascensori per disabili non \u00e8 obbligatoria?<\/h2>\n<p>Pertanto, anche se un solo proprietario vota a favore dell&#8217;installazione dell&#8217;ascensore, \u00e8 sufficiente che sia soddisfatto uno dei requisiti e che le spese, calcolate annualmente, per i lavori di installazione dell&#8217;ascensore a carico di ciascun proprietario non superino l&#8217;importo di  <strong>12 rate mensili di tasse ordinarie<\/strong>  delle spese comuni di ciascun proprietario.<\/p>\n<p>Se questo importo viene superato e la richiesta del disabile o della persona con pi\u00f9 di 70 anni viene respinta, sar\u00e0 comunque obbligatorio che il richiedente si faccia carico della differenza dei costi di installazione.<\/p>\n<p>Se il proprietario richiedente non vuole o non pu\u00f2 permettersi la differenza di costo dell&#8217;installazione dell&#8217;ascensore rispetto a quanto sopra, l&#8217;ascensore non sar\u00e0 obbligatorio anche se richiesto. Questo \u00e8 l&#8217;unico caso in cui l&#8217;installazione di questi ascensori non \u00e8 obbligatoria.<\/p>\n<p>Noi di <a title=\"Sito web di Eninter\" href=\"http:\/\/www.eninter.com\/?utm_source=blog&amp;utm_medium=post&amp;utm_campaign=Blog_Eninter\" target=\"_blank\" rel=\"noopener\">Eninter<\/a> siamo specialisti nell&#8217;installazione e nella manutenzione di ascensori e montacarichi per disabili e lavoriamo per adattarci alle esigenze del vostro immobile o della vostra casa con un alto livello di garanzia e affidabilit\u00e0. Non esitate a contattarci.<\/p>\n","protected":false},"excerpt":{"rendered":"<p>Il installazione di ascensori per persone disabili negli edifici residenziali in cui vivono, tra gli altri, persone di et\u00e0 superiore ai 70 anni o persone con disabilit\u00e0, ha iniziato ad essere obbligatorio a partire dal 4 dicembre 2017per eliminare le possibili barriere architettoniche negli edifici, secondo il Regio Decreto 1\/2013 del 29 novembre. Ascensori per [&hellip;]<\/p>\n","protected":false},"author":3,"featured_media":0,"comment_status":"open","ping_status":"open","sticky":false,"template":"","format":"standard","meta":{"_acf_changed":false,"content-type":"","footnotes":""},"categories":[370],"tags":[],"class_list":["post-12640","post","type-post","status-publish","format-standard","hentry","category-ascensori-it-ch"],"acf":[],"_yoast_wpseo_focuskw":"Ascensori per disabili","_yoast_wpseo_metadesc":"Volete sapere se gli ascensori per i disabili sono obbligatori? Per saperne di pi\u00f9 su questo regolamento, visitate Eninter Ascensores.","yoast_head":"<!-- This site is optimized with the Yoast SEO Premium plugin v21.6 (Yoast SEO v27.5) - https:\/\/yoast.com\/product\/yoast-seo-premium-wordpress\/ -->\n<title>Ascensori per disabili, sono obbligatori nel 2018?<\/title>\n<meta name=\"description\" content=\"Volete sapere se gli ascensori per i disabili sono obbligatori? Per saperne di pi\u00f9 su questo regolamento, visitate Eninter Ascensores.\" \/>\n<meta name=\"robots\" content=\"index, follow, max-snippet:-1, max-image-preview:large, max-video-preview:-1\" \/>\n<link rel=\"canonical\" href=\"https:\/\/www.eninter.com\/it-ch\/gli-ascensori-e-i-sollevatori-per-disabili-sono-obbligatori-nel-2018\/\" \/>\n<meta property=\"og:locale\" content=\"it_IT\" \/>\n<meta property=\"og:type\" content=\"article\" \/>\n<meta property=\"og:title\" content=\"Gli ascensori e i sollevatori per disabili sono obbligatori nel 2018?\" \/>\n<meta property=\"og:description\" content=\"Volete sapere se gli ascensori per i disabili sono obbligatori? Per saperne di pi\u00f9 su questo regolamento, visitate Eninter Ascensores.\" \/>\n<meta property=\"og:url\" content=\"https:\/\/www.eninter.com\/it-ch\/gli-ascensori-e-i-sollevatori-per-disabili-sono-obbligatori-nel-2018\/\" \/>\n<meta property=\"og:site_name\" content=\"ENINTER\" \/>\n<meta property=\"article:publisher\" content=\"https:\/\/www.facebook.com\/EninterAscensores\" \/>\n<meta property=\"article:published_time\" content=\"2018-10-15T16:30:16+00:00\" \/>\n<meta property=\"og:image\" content=\"https:\/\/www.eninter.com\/wp-content\/uploads\/2018\/10\/hombre-entrega-paquete-ascensor-cerrar-300x200.jpg\" \/>\n<meta name=\"author\" content=\"Albert Puig\" \/>\n<meta name=\"twitter:card\" content=\"summary_large_image\" \/>\n<meta name=\"twitter:creator\" content=\"@Eninter\" \/>\n<meta name=\"twitter:site\" content=\"@Eninter\" \/>\n<meta name=\"twitter:label1\" content=\"Written by\" \/>\n\t<meta name=\"twitter:data1\" content=\"Albert Puig\" \/>\n\t<meta name=\"twitter:label2\" content=\"Est. reading time\" \/>\n\t<meta name=\"twitter:data2\" content=\"2 minutes\" \/>\n<!-- \/ Yoast SEO Premium plugin. -->","yoast_head_json":{"title":"Ascensori per disabili, sono obbligatori nel 2018?","description":"Volete sapere se gli ascensori per i disabili sono obbligatori? Per saperne di pi\u00f9 su questo regolamento, visitate Eninter Ascensores.","robots":{"index":"index","follow":"follow","max-snippet":"max-snippet:-1","max-image-preview":"max-image-preview:large","max-video-preview":"max-video-preview:-1"},"canonical":"https:\/\/www.eninter.com\/it-ch\/gli-ascensori-e-i-sollevatori-per-disabili-sono-obbligatori-nel-2018\/","og_locale":"it_IT","og_type":"article","og_title":"Gli ascensori e i sollevatori per disabili sono obbligatori nel 2018?","og_description":"Volete sapere se gli ascensori per i disabili sono obbligatori? Per saperne di pi\u00f9 su questo regolamento, visitate Eninter Ascensores.","og_url":"https:\/\/www.eninter.com\/it-ch\/gli-ascensori-e-i-sollevatori-per-disabili-sono-obbligatori-nel-2018\/","og_site_name":"ENINTER","article_publisher":"https:\/\/www.facebook.com\/EninterAscensores","article_published_time":"2018-10-15T16:30:16+00:00","og_image":[{"url":"https:\/\/www.eninter.com\/wp-content\/uploads\/2018\/10\/hombre-entrega-paquete-ascensor-cerrar-300x200.jpg","type":"","width":"","height":""}],"author":"Albert Puig","twitter_card":"summary_large_image","twitter_creator":"@Eninter","twitter_site":"@Eninter","twitter_misc":{"Written by":"Albert Puig","Est. reading time":"2 minutes"},"schema":{"@context":"https:\/\/schema.org","@graph":[{"@type":"Article","@id":"https:\/\/www.eninter.com\/it-ch\/gli-ascensori-e-i-sollevatori-per-disabili-sono-obbligatori-nel-2018\/#article","isPartOf":{"@id":"https:\/\/www.eninter.com\/it-ch\/gli-ascensori-e-i-sollevatori-per-disabili-sono-obbligatori-nel-2018\/"},"author":{"name":"Albert Puig","@id":"https:\/\/www.eninter.com\/it-ch\/#\/schema\/person\/e6178c261ac4210884c0e0264dd59043"},"headline":"Gli ascensori e i sollevatori per disabili sono obbligatori nel 2018?","datePublished":"2018-10-15T16:30:16+00:00","mainEntityOfPage":{"@id":"https:\/\/www.eninter.com\/it-ch\/gli-ascensori-e-i-sollevatori-per-disabili-sono-obbligatori-nel-2018\/"},"wordCount":454,"commentCount":0,"publisher":{"@id":"https:\/\/www.eninter.com\/it-ch\/#organization"},"image":{"@id":"https:\/\/www.eninter.com\/it-ch\/gli-ascensori-e-i-sollevatori-per-disabili-sono-obbligatori-nel-2018\/#primaryimage"},"thumbnailUrl":"https:\/\/www.eninter.com\/wp-content\/uploads\/2018\/10\/hombre-entrega-paquete-ascensor-cerrar-300x200.jpg","articleSection":["Ascensori"],"inLanguage":"it-CH","potentialAction":[{"@type":"CommentAction","name":"Comment","target":["https:\/\/www.eninter.com\/it-ch\/gli-ascensori-e-i-sollevatori-per-disabili-sono-obbligatori-nel-2018\/#respond"]}]},{"@type":"WebPage","@id":"https:\/\/www.eninter.com\/it-ch\/gli-ascensori-e-i-sollevatori-per-disabili-sono-obbligatori-nel-2018\/","url":"https:\/\/www.eninter.com\/it-ch\/gli-ascensori-e-i-sollevatori-per-disabili-sono-obbligatori-nel-2018\/","name":"Ascensori per disabili, sono obbligatori nel 2018?","isPartOf":{"@id":"https:\/\/www.eninter.com\/it-ch\/#website"},"primaryImageOfPage":{"@id":"https:\/\/www.eninter.com\/it-ch\/gli-ascensori-e-i-sollevatori-per-disabili-sono-obbligatori-nel-2018\/#primaryimage"},"image":{"@id":"https:\/\/www.eninter.com\/it-ch\/gli-ascensori-e-i-sollevatori-per-disabili-sono-obbligatori-nel-2018\/#primaryimage"},"thumbnailUrl":"https:\/\/www.eninter.com\/wp-content\/uploads\/2018\/10\/hombre-entrega-paquete-ascensor-cerrar-300x200.jpg","datePublished":"2018-10-15T16:30:16+00:00","description":"Volete sapere se gli ascensori per i disabili sono obbligatori? Per saperne di pi\u00f9 su questo regolamento, visitate Eninter Ascensores.","breadcrumb":{"@id":"https:\/\/www.eninter.com\/it-ch\/gli-ascensori-e-i-sollevatori-per-disabili-sono-obbligatori-nel-2018\/#breadcrumb"},"inLanguage":"it-CH","potentialAction":[{"@type":"ReadAction","target":["https:\/\/www.eninter.com\/it-ch\/gli-ascensori-e-i-sollevatori-per-disabili-sono-obbligatori-nel-2018\/"]}]},{"@type":"ImageObject","inLanguage":"it-CH","@id":"https:\/\/www.eninter.com\/it-ch\/gli-ascensori-e-i-sollevatori-per-disabili-sono-obbligatori-nel-2018\/#primaryimage","url":"https:\/\/www.eninter.com\/wp-content\/uploads\/2018\/10\/hombre-entrega-paquete-ascensor-cerrar-300x200.jpg","contentUrl":"https:\/\/www.eninter.com\/wp-content\/uploads\/2018\/10\/hombre-entrega-paquete-ascensor-cerrar-300x200.jpg"},{"@type":"BreadcrumbList","@id":"https:\/\/www.eninter.com\/it-ch\/gli-ascensori-e-i-sollevatori-per-disabili-sono-obbligatori-nel-2018\/#breadcrumb","itemListElement":[{"@type":"ListItem","position":1,"name":"Portada","item":"https:\/\/www.eninter.com\/it-ch\/"},{"@type":"ListItem","position":2,"name":"Gli ascensori e i sollevatori per disabili sono obbligatori nel 2018?"}]},{"@type":"WebSite","@id":"https:\/\/www.eninter.com\/it-ch\/#website","url":"https:\/\/www.eninter.com\/it-ch\/","name":"ENINTER","description":"Mantenimiento de Ascensores Multimarca","publisher":{"@id":"https:\/\/www.eninter.com\/it-ch\/#organization"},"potentialAction":[{"@type":"SearchAction","target":{"@type":"EntryPoint","urlTemplate":"https:\/\/www.eninter.com\/it-ch\/?s={search_term_string}"},"query-input":{"@type":"PropertyValueSpecification","valueRequired":true,"valueName":"search_term_string"}}],"inLanguage":"it-CH"},{"@type":"Organization","@id":"https:\/\/www.eninter.com\/it-ch\/#organization","name":"Eniter","url":"https:\/\/www.eninter.com\/it-ch\/","logo":{"@type":"ImageObject","inLanguage":"it-CH","@id":"https:\/\/www.eninter.com\/it-ch\/#\/schema\/logo\/image\/","url":"https:\/\/www.eninter.com\/wp-content\/uploads\/2023\/08\/logo-eninter-png.png","contentUrl":"https:\/\/www.eninter.com\/wp-content\/uploads\/2023\/08\/logo-eninter-png.png","width":600,"height":340,"caption":"Eniter"},"image":{"@id":"https:\/\/www.eninter.com\/it-ch\/#\/schema\/logo\/image\/"},"sameAs":["https:\/\/www.facebook.com\/EninterAscensores","https:\/\/x.com\/Eninter","https:\/\/www.instagram.com\/eninterascensores\/","https:\/\/www.youtube.com\/user\/ascensoreseninter"]},{"@type":"Person","@id":"https:\/\/www.eninter.com\/it-ch\/#\/schema\/person\/e6178c261ac4210884c0e0264dd59043","name":"Albert Puig","image":{"@type":"ImageObject","inLanguage":"it-CH","@id":"https:\/\/secure.gravatar.com\/avatar\/583d07f3f1036f58d0e44e873586278b582179a16b27a5b3951504e9ee001c06?s=96&d=mm&r=g","url":"https:\/\/secure.gravatar.com\/avatar\/583d07f3f1036f58d0e44e873586278b582179a16b27a5b3951504e9ee001c06?s=96&d=mm&r=g","contentUrl":"https:\/\/secure.gravatar.com\/avatar\/583d07f3f1036f58d0e44e873586278b582179a16b27a5b3951504e9ee001c06?s=96&d=mm&r=g","caption":"Albert Puig"}}]}},"_links":{"self":[{"href":"https:\/\/www.eninter.com\/it-ch\/wp-json\/wp\/v2\/posts\/12640","targetHints":{"allow":["GET"]}}],"collection":[{"href":"https:\/\/www.eninter.com\/it-ch\/wp-json\/wp\/v2\/posts"}],"about":[{"href":"https:\/\/www.eninter.com\/it-ch\/wp-json\/wp\/v2\/types\/post"}],"author":[{"embeddable":true,"href":"https:\/\/www.eninter.com\/it-ch\/wp-json\/wp\/v2\/users\/3"}],"replies":[{"embeddable":true,"href":"https:\/\/www.eninter.com\/it-ch\/wp-json\/wp\/v2\/comments?post=12640"}],"version-history":[{"count":0,"href":"https:\/\/www.eninter.com\/it-ch\/wp-json\/wp\/v2\/posts\/12640\/revisions"}],"wp:attachment":[{"href":"https:\/\/www.eninter.com\/it-ch\/wp-json\/wp\/v2\/media?parent=12640"}],"wp:term":[{"taxonomy":"category","embeddable":true,"href":"https:\/\/www.eninter.com\/it-ch\/wp-json\/wp\/v2\/categories?post=12640"},{"taxonomy":"post_tag","embeddable":true,"href":"https:\/\/www.eninter.com\/it-ch\/wp-json\/wp\/v2\/tags?post=12640"}],"curies":[{"name":"wp","href":"https:\/\/api.w.org\/{rel}","templated":true}]}}