{"id":12651,"date":"2018-02-13T10:05:05","date_gmt":"2018-02-13T10:05:05","guid":{"rendered":"https:\/\/www.eninter.com\/legislazione-sullaccessibilita-degli-alloggi\/"},"modified":"2025-01-08T11:44:33","modified_gmt":"2025-01-08T11:44:33","slug":"legislazione-sullaccessibilita-degli-alloggi","status":"publish","type":"post","link":"https:\/\/www.eninter.com\/it-ch\/legislazione-sullaccessibilita-degli-alloggi\/","title":{"rendered":"Legislazione sull&#8217;accessibilit\u00e0 degli alloggi"},"content":{"rendered":"<p>Il<strong> 4 dicembre 2017, <\/strong><strong>secondo<\/strong> <strong>la legge in vigore,<\/strong> era il termine ultimo per <strong>completare i lavori per facilitare l&#8217;accesso delle persone con disabilit\u00e0 negli alloggi<\/strong>. \u00c8 probabile che nei prossimi mesi vedremo altri edifici che eliminano le barriere architettoniche &#8211; anche se dopo la scadenza &#8211; poich\u00e9 la legge sulla riqualificazione, la rigenerazione e il rinnovamento urbano, approvata nel 2013 e che obbliga gli edifici a facilitare l&#8217;accessibilit\u00e0 alle aree comuni degli alloggi per tutte le persone, ha dato agli edifici tempo fino al 4 dicembre 2017 per effettuare i lavori di adeguamento.<\/p>\n<h2>Quando l&#8217;edificio \u00e8 accessibile alle persone con disabilit\u00e0?<\/h2>\n<p>Perch\u00e9 un edificio sia considerato accessibile, deve essere dotato di <strong>rampe, sedie meccaniche o ascensori<\/strong>, tutto ci\u00f2 che \u00e8 necessario per una mobilit\u00e0 comoda e autonoma. Le abitazioni devono essere messe a norma di legge, altrimenti possono essere oggetto di una sanzione da parte dell&#8217;amministrazione.<a href=\"https:\/\/www.eninter.com\/blog\/edificios-no-accesibles-denunciados\/\" target=\"_blank\" rel=\"noopener noreferrer\"> <strong>sanzionato dall&#8217;amministrazione.<\/strong><\/a>.<\/p>\n<h2>Perch\u00e9 ci possono essere delle sanzioni?<\/h2>\n<p>Ci riferiamo soprattutto alla legge 15\/1995 sui limiti alla propriet\u00e0 immobiliare per l&#8217;eliminazione delle barriere architettoniche, che <strong>obbliga le<\/strong> <strong>comunit\u00e0<\/strong> di proprietari a realizzare <strong>opere<\/strong> o fornire servizi comuni per l&#8217;<strong>eliminazione<\/strong> delle <strong>barriere<\/strong>.<\/p>\n<h2>Chi paga la riabilitazione o l&#8217;adattamento?<\/h2>\n<p>Se il costo dei lavori non supera le 12 mensilit\u00e0 di spese comuni, la Comunit\u00e0 \u00e8 tenuta a realizzarli e a pagarli; se supera questo importo, \u00e8 obbligata a farlo solo se la maggioranza dei proprietari (rappresentata dal 51% delle quote di partecipazione) \u00e8 d&#8217;accordo. Se non si raggiunge una maggioranza, il giudice competente decide entro 20 giorni.<\/p>\n<p>Nel primo caso, <strong>tutti devono pagare senza eccezioni<\/strong>, compresi coloro che hanno votato contro. Il costo delle modifiche architettoniche viene pagato in base alla percentuale di partecipazione alla divisione orizzontale dell&#8217;abitazione e non in base a chi ne fa un uso maggiore.<\/p>\n<p>Uno dei problemi pi\u00f9 comuni per i residenti \u00e8 il <strong>costo dell&#8217;installazione degli ascensori<\/strong>, che pu\u00f2 essere elevato in base al budget limitato di alcune comunit\u00e0. \u00c8 sempre consigliabile verificare se esistono sovvenzioni per l&#8217;installazione di ascensori.<\/p>\n<h2>Sovvenzioni e sussidi per l&#8217;adattamento degli edifici alle persone a mobilit\u00e0 ridotta<\/h2>\n<p>I<strong> consigli locali e le comunit\u00e0 autonome dispongono di stanziamenti di bilancio<\/strong> per contribuire a queste spese, anche se potrebbero concedere la sovvenzione alle associazioni di quartiere e poi annullarla a causa della legge sulla stabilit\u00e0 di bilancio, un pericolo di cui bisogna tenere conto.<\/p>\n<p>Va notato che la Legge sulla riabilitazione, rigenerazione e rinnovamento urbano (Ley de Rehabilitaci\u00f3n, Regeneraci\u00f3n y Renovaci\u00f3n Urbanas) ha reso  <strong>alcune modifiche alla legge sulla propriet\u00e0 orizzontale<\/strong>L&#8217;installazione dell&#8217;ascensore non \u00e8 obbligatoria se la richiesta viene fatta da un residente con disabilit\u00e0 fisica o di et\u00e0 superiore ai 70 anni, sia che si tratti di proprietari, lavoratori o persone che prestano servizi volontari alla comunit\u00e0. Tuttavia, i costi annuali del lavoro non devono superare le 12 mensilit\u00e0 ordinarie, al netto di sussidi e sovvenzioni pubbliche.<\/p>\n<h2>Scadenze per l&#8217;esecuzione dei lavori di riabilitazione<\/h2>\n<p>Vale la pena notare che non esiste un supporto che ordini i tempi di esecuzione degli accordi, il che fa s\u00ec che in questo caso dipenda dalla buona volont\u00e0 dei vicini. Se l&#8217;accordo ritarda o non si concretizza, l&#8217;unica soluzione \u00e8 rivolgersi a un giudice o segnalare la situazione al Dipartimento di Urbanistica della Comunit\u00e0 Autonoma di residenza o al Servizio Urbanistico Comunale della localit\u00e0 corrispondente.<\/p>\n<h2>E se il sollevatore non \u00e8 adatto? Che ne \u00e8 dell&#8217;accessibilit\u00e0 negli alloggi?<\/h2>\n<p>Un altro inconveniente potrebbe essere la<strong> mancanza di spazio<\/strong> per l&#8217;<a href=\"http:\/\/www.eninter.com\/ascensores?utm_source=blog&amp;utm_medium=post&amp;utm_campaign=BlogEninter\" target=\"_blank\" rel=\"noopener noreferrer\">installazione dell&#8217;ascensore<\/a>, cosa che potrebbe essere risolta in diversi modi, tra cui l&#8217;ultima risorsa \u00e8 l&#8217;installazione dell&#8217;ascensore sulla strada pubblica.<\/p>\n<p>Nonostante ci\u00f2, sono pochi gli edifici dotati di ascensore, infatti l&#8217;INE mostra che<strong> solo il 6,3% delle propriet\u00e0 dispone di ascensori<\/strong>, mentre il 22,1% ha gli strumenti necessari per consentire l&#8217;accessibilit\u00e0 delle abitazioni.<\/p>\n","protected":false},"excerpt":{"rendered":"<p>Il 4 dicembre 2017, secondo la legge in vigore, era il termine ultimo per completare i lavori per facilitare l&#8217;accesso delle persone con disabilit\u00e0 negli alloggi. \u00c8 probabile che nei prossimi mesi vedremo altri edifici che eliminano le barriere architettoniche &#8211; anche se dopo la scadenza &#8211; poich\u00e9 la legge sulla riqualificazione, la rigenerazione e [&hellip;]<\/p>\n","protected":false},"author":3,"featured_media":21323,"comment_status":"closed","ping_status":"closed","sticky":false,"template":"","format":"standard","meta":{"_acf_changed":false,"content-type":"","footnotes":""},"categories":[369],"tags":[],"class_list":["post-12651","post","type-post","status-publish","format-standard","has-post-thumbnail","hentry","category-accessibilita-it-ch"],"acf":[],"_yoast_wpseo_focuskw":"accessibilit\u00e0 negli alloggi","_yoast_wpseo_metadesc":"Le aree comuni devono essere adattate per l'accesso delle persone a mobilit\u00e0 ridotta? Chi deve pagare? Qui tutto sull'accessibilit\u00e0 degli alloggi.","yoast_head":"<!-- This site is optimized with the Yoast SEO Premium plugin v21.6 (Yoast SEO v27.5) - https:\/\/yoast.com\/product\/yoast-seo-premium-wordpress\/ -->\n<title>Legislazione sull&#039;accessibilit\u00e0 degli alloggi - ENINTER<\/title>\n<meta name=\"description\" content=\"Le aree comuni devono essere adattate per l&#039;accesso delle persone a mobilit\u00e0 ridotta? Chi deve pagare? Qui tutto sull&#039;accessibilit\u00e0 degli alloggi.\" \/>\n<meta name=\"robots\" content=\"index, follow, max-snippet:-1, max-image-preview:large, max-video-preview:-1\" \/>\n<link rel=\"canonical\" href=\"https:\/\/www.eninter.com\/it-ch\/legislazione-sullaccessibilita-degli-alloggi\/\" \/>\n<meta property=\"og:locale\" content=\"it_IT\" \/>\n<meta property=\"og:type\" content=\"article\" \/>\n<meta property=\"og:title\" content=\"Legislazione sull&#039;accessibilit\u00e0 degli alloggi\" \/>\n<meta property=\"og:description\" content=\"Le aree comuni devono essere adattate per l&#039;accesso delle persone a mobilit\u00e0 ridotta? Chi deve pagare? Qui tutto sull&#039;accessibilit\u00e0 degli alloggi.\" \/>\n<meta property=\"og:url\" content=\"https:\/\/www.eninter.com\/it-ch\/legislazione-sullaccessibilita-degli-alloggi\/\" \/>\n<meta property=\"og:site_name\" content=\"ENINTER\" \/>\n<meta property=\"article:publisher\" content=\"https:\/\/www.facebook.com\/EninterAscensores\" \/>\n<meta property=\"article:published_time\" content=\"2018-02-13T10:05:05+00:00\" \/>\n<meta property=\"article:modified_time\" content=\"2025-01-08T11:44:33+00:00\" \/>\n<meta property=\"og:image\" content=\"https:\/\/www.eninter.com\/wp-content\/uploads\/2018\/02\/wheelchair-749985_1280.jpg\" \/>\n\t<meta property=\"og:image:width\" content=\"1280\" \/>\n\t<meta property=\"og:image:height\" content=\"853\" \/>\n\t<meta property=\"og:image:type\" content=\"image\/jpeg\" \/>\n<meta name=\"author\" content=\"Albert Puig\" \/>\n<meta name=\"twitter:card\" content=\"summary_large_image\" \/>\n<meta name=\"twitter:creator\" content=\"@Eninter\" \/>\n<meta name=\"twitter:site\" content=\"@Eninter\" \/>\n<meta name=\"twitter:label1\" content=\"Written by\" \/>\n\t<meta name=\"twitter:data1\" content=\"Albert Puig\" \/>\n\t<meta name=\"twitter:label2\" content=\"Est. reading time\" \/>\n\t<meta name=\"twitter:data2\" content=\"3 minutes\" \/>\n<!-- \/ Yoast SEO Premium plugin. -->","yoast_head_json":{"title":"Legislazione sull'accessibilit\u00e0 degli alloggi - ENINTER","description":"Le aree comuni devono essere adattate per l'accesso delle persone a mobilit\u00e0 ridotta? Chi deve pagare? Qui tutto sull'accessibilit\u00e0 degli alloggi.","robots":{"index":"index","follow":"follow","max-snippet":"max-snippet:-1","max-image-preview":"max-image-preview:large","max-video-preview":"max-video-preview:-1"},"canonical":"https:\/\/www.eninter.com\/it-ch\/legislazione-sullaccessibilita-degli-alloggi\/","og_locale":"it_IT","og_type":"article","og_title":"Legislazione sull'accessibilit\u00e0 degli alloggi","og_description":"Le aree comuni devono essere adattate per l'accesso delle persone a mobilit\u00e0 ridotta? Chi deve pagare? Qui tutto sull'accessibilit\u00e0 degli alloggi.","og_url":"https:\/\/www.eninter.com\/it-ch\/legislazione-sullaccessibilita-degli-alloggi\/","og_site_name":"ENINTER","article_publisher":"https:\/\/www.facebook.com\/EninterAscensores","article_published_time":"2018-02-13T10:05:05+00:00","article_modified_time":"2025-01-08T11:44:33+00:00","og_image":[{"width":1280,"height":853,"url":"https:\/\/www.eninter.com\/wp-content\/uploads\/2018\/02\/wheelchair-749985_1280.jpg","type":"image\/jpeg"}],"author":"Albert Puig","twitter_card":"summary_large_image","twitter_creator":"@Eninter","twitter_site":"@Eninter","twitter_misc":{"Written by":"Albert Puig","Est. reading time":"3 minutes"},"schema":{"@context":"https:\/\/schema.org","@graph":[{"@type":"Article","@id":"https:\/\/www.eninter.com\/it-ch\/legislazione-sullaccessibilita-degli-alloggi\/#article","isPartOf":{"@id":"https:\/\/www.eninter.com\/it-ch\/legislazione-sullaccessibilita-degli-alloggi\/"},"author":{"name":"Albert Puig","@id":"https:\/\/www.eninter.com\/it-ch\/#\/schema\/person\/e6178c261ac4210884c0e0264dd59043"},"headline":"Legislazione sull&#8217;accessibilit\u00e0 degli alloggi","datePublished":"2018-02-13T10:05:05+00:00","dateModified":"2025-01-08T11:44:33+00:00","mainEntityOfPage":{"@id":"https:\/\/www.eninter.com\/it-ch\/legislazione-sullaccessibilita-degli-alloggi\/"},"wordCount":629,"publisher":{"@id":"https:\/\/www.eninter.com\/it-ch\/#organization"},"image":{"@id":"https:\/\/www.eninter.com\/it-ch\/legislazione-sullaccessibilita-degli-alloggi\/#primaryimage"},"thumbnailUrl":"https:\/\/www.eninter.com\/wp-content\/uploads\/2018\/02\/wheelchair-749985_1280.jpg","articleSection":["Accessibilit\u00e0"],"inLanguage":"it-CH"},{"@type":"WebPage","@id":"https:\/\/www.eninter.com\/it-ch\/legislazione-sullaccessibilita-degli-alloggi\/","url":"https:\/\/www.eninter.com\/it-ch\/legislazione-sullaccessibilita-degli-alloggi\/","name":"Legislazione sull'accessibilit\u00e0 degli alloggi - ENINTER","isPartOf":{"@id":"https:\/\/www.eninter.com\/it-ch\/#website"},"primaryImageOfPage":{"@id":"https:\/\/www.eninter.com\/it-ch\/legislazione-sullaccessibilita-degli-alloggi\/#primaryimage"},"image":{"@id":"https:\/\/www.eninter.com\/it-ch\/legislazione-sullaccessibilita-degli-alloggi\/#primaryimage"},"thumbnailUrl":"https:\/\/www.eninter.com\/wp-content\/uploads\/2018\/02\/wheelchair-749985_1280.jpg","datePublished":"2018-02-13T10:05:05+00:00","dateModified":"2025-01-08T11:44:33+00:00","description":"Le aree comuni devono essere adattate per l'accesso delle persone a mobilit\u00e0 ridotta? Chi deve pagare? Qui tutto sull'accessibilit\u00e0 degli alloggi.","breadcrumb":{"@id":"https:\/\/www.eninter.com\/it-ch\/legislazione-sullaccessibilita-degli-alloggi\/#breadcrumb"},"inLanguage":"it-CH","potentialAction":[{"@type":"ReadAction","target":["https:\/\/www.eninter.com\/it-ch\/legislazione-sullaccessibilita-degli-alloggi\/"]}]},{"@type":"ImageObject","inLanguage":"it-CH","@id":"https:\/\/www.eninter.com\/it-ch\/legislazione-sullaccessibilita-degli-alloggi\/#primaryimage","url":"https:\/\/www.eninter.com\/wp-content\/uploads\/2018\/02\/wheelchair-749985_1280.jpg","contentUrl":"https:\/\/www.eninter.com\/wp-content\/uploads\/2018\/02\/wheelchair-749985_1280.jpg","width":1280,"height":853},{"@type":"BreadcrumbList","@id":"https:\/\/www.eninter.com\/it-ch\/legislazione-sullaccessibilita-degli-alloggi\/#breadcrumb","itemListElement":[{"@type":"ListItem","position":1,"name":"Portada","item":"https:\/\/www.eninter.com\/it-ch\/"},{"@type":"ListItem","position":2,"name":"Legislazione sull&#8217;accessibilit\u00e0 degli alloggi"}]},{"@type":"WebSite","@id":"https:\/\/www.eninter.com\/it-ch\/#website","url":"https:\/\/www.eninter.com\/it-ch\/","name":"ENINTER","description":"Mantenimiento de Ascensores Multimarca","publisher":{"@id":"https:\/\/www.eninter.com\/it-ch\/#organization"},"potentialAction":[{"@type":"SearchAction","target":{"@type":"EntryPoint","urlTemplate":"https:\/\/www.eninter.com\/it-ch\/?s={search_term_string}"},"query-input":{"@type":"PropertyValueSpecification","valueRequired":true,"valueName":"search_term_string"}}],"inLanguage":"it-CH"},{"@type":"Organization","@id":"https:\/\/www.eninter.com\/it-ch\/#organization","name":"Eniter","url":"https:\/\/www.eninter.com\/it-ch\/","logo":{"@type":"ImageObject","inLanguage":"it-CH","@id":"https:\/\/www.eninter.com\/it-ch\/#\/schema\/logo\/image\/","url":"https:\/\/www.eninter.com\/wp-content\/uploads\/2023\/08\/logo-eninter-png.png","contentUrl":"https:\/\/www.eninter.com\/wp-content\/uploads\/2023\/08\/logo-eninter-png.png","width":600,"height":340,"caption":"Eniter"},"image":{"@id":"https:\/\/www.eninter.com\/it-ch\/#\/schema\/logo\/image\/"},"sameAs":["https:\/\/www.facebook.com\/EninterAscensores","https:\/\/x.com\/Eninter","https:\/\/www.instagram.com\/eninterascensores\/","https:\/\/www.youtube.com\/user\/ascensoreseninter"]},{"@type":"Person","@id":"https:\/\/www.eninter.com\/it-ch\/#\/schema\/person\/e6178c261ac4210884c0e0264dd59043","name":"Albert Puig","image":{"@type":"ImageObject","inLanguage":"it-CH","@id":"https:\/\/secure.gravatar.com\/avatar\/583d07f3f1036f58d0e44e873586278b582179a16b27a5b3951504e9ee001c06?s=96&d=mm&r=g","url":"https:\/\/secure.gravatar.com\/avatar\/583d07f3f1036f58d0e44e873586278b582179a16b27a5b3951504e9ee001c06?s=96&d=mm&r=g","contentUrl":"https:\/\/secure.gravatar.com\/avatar\/583d07f3f1036f58d0e44e873586278b582179a16b27a5b3951504e9ee001c06?s=96&d=mm&r=g","caption":"Albert Puig"}}]}},"_links":{"self":[{"href":"https:\/\/www.eninter.com\/it-ch\/wp-json\/wp\/v2\/posts\/12651","targetHints":{"allow":["GET"]}}],"collection":[{"href":"https:\/\/www.eninter.com\/it-ch\/wp-json\/wp\/v2\/posts"}],"about":[{"href":"https:\/\/www.eninter.com\/it-ch\/wp-json\/wp\/v2\/types\/post"}],"author":[{"embeddable":true,"href":"https:\/\/www.eninter.com\/it-ch\/wp-json\/wp\/v2\/users\/3"}],"replies":[{"embeddable":true,"href":"https:\/\/www.eninter.com\/it-ch\/wp-json\/wp\/v2\/comments?post=12651"}],"version-history":[{"count":0,"href":"https:\/\/www.eninter.com\/it-ch\/wp-json\/wp\/v2\/posts\/12651\/revisions"}],"wp:featuredmedia":[{"embeddable":true,"href":"https:\/\/www.eninter.com\/it-ch\/wp-json\/wp\/v2\/media\/21323"}],"wp:attachment":[{"href":"https:\/\/www.eninter.com\/it-ch\/wp-json\/wp\/v2\/media?parent=12651"}],"wp:term":[{"taxonomy":"category","embeddable":true,"href":"https:\/\/www.eninter.com\/it-ch\/wp-json\/wp\/v2\/categories?post=12651"},{"taxonomy":"post_tag","embeddable":true,"href":"https:\/\/www.eninter.com\/it-ch\/wp-json\/wp\/v2\/tags?post=12651"}],"curies":[{"name":"wp","href":"https:\/\/api.w.org\/{rel}","templated":true}]}}