{"id":12652,"date":"2018-01-11T10:09:27","date_gmt":"2018-01-11T10:09:27","guid":{"rendered":"https:\/\/www.eninter.com\/perche-la-maggior-parte-degli-ascensori-e-dotata-di-specchi\/"},"modified":"2018-01-11T10:09:27","modified_gmt":"2018-01-11T10:09:27","slug":"perche-la-maggior-parte-degli-ascensori-e-dotata-di-specchi","status":"publish","type":"post","link":"https:\/\/www.eninter.com\/it-ch\/perche-la-maggior-parte-degli-ascensori-e-dotata-di-specchi\/","title":{"rendered":"Perch\u00e9 la maggior parte degli ascensori \u00e8 dotata di specchi?"},"content":{"rendered":"<p>Se vi state chiedendo se c&#8217;\u00e8 un motivo per cui la stragrande maggioranza degli ascensori ha uno specchio, sappiate che anche se l&#8217;uso principale che ne facciamo come utenti \u00e8 quello di vederci dentro, ci sono ragioni pratiche per cui viene spesso utilizzato.<\/p>\n<h2>A cosa serve uno specchio nell&#8217;ascensore?<\/h2>\n<p>Il motivo principale per cui gli specchi sono presenti negli <a href=\"http:\/\/www.eninter.com\/ascensores?utm_source=blog&amp;utm_medium=post&amp;utm_campaign=BlogEninter\" target=\"_blank\" rel=\"noopener noreferrer\">ascensori<\/a> \u00e8 che danno un <strong>senso di spaziosit\u00e0<\/strong> e quindi <strong>riducono la sensazione di claustrofobia<\/strong> che uno spazio cos\u00ec piccolo pu\u00f2 dare. Un semplice specchio raddoppia visivamente lo spazio reale.<\/p>\n<p>Ma pu\u00f2 anche <strong>rendere pi\u00f9 breve il viaggio verso l&#8217;appartamento in cui si vuole andare<\/strong>, perch\u00e9 intrattiene e distrae l&#8217;attenzione quando si va in compagnia di estranei.<\/p>\n<p>Gli specchi <strong>aumentano<\/strong> anche <strong>la sicurezza<\/strong>, <strong>scoraggiando gli atti di vandalismo<\/strong> e dando l&#8217;impressione di essere osservati, cosa che inibisce gli atti di vandalismo.<\/p>\n<p>Come si vede, le ragioni principali per avere uno specchio in ogni ascensore, <strong>soprattutto in quelli piccoli<\/strong>, sono principalmente psicologiche. Per intrattenere e rendere pi\u00f9 breve il viaggio, per scoraggiare i criminali, per ridurre al minimo la claustrofobia e per poter viaggiare con gli sconosciuti senza paura.<\/p>\n<h2>Esistono ascensori senza specchi?<\/h2>\n<p>I principali vantaggi degli specchi hanno un effetto maggiore sui sollevamenti pi\u00f9 piccoli. Per questo motivo, non ci sono specchi negli ascensori pi\u00f9 grandi con una capacit\u00e0 maggiore o negli <strong>ascensori esterni con porte di vetro<\/strong> che consentono di vedere l&#8217;esterno.<\/p>\n<h2>Il futuro?<\/h2>\n<p>Gli ascensori sono in continua evoluzione, ora sono pi\u00f9 veloci, percorrono pi\u00f9 piani e sono pi\u00f9 sicuri che mai, ma gli<strong> specchi sono ancora presenti negli ascensori<\/strong> come elemento essenziale per il benessere di chi li utilizza. \u00c8 evidente che sono una buona risorsa per il livello estetico e visivo dell&#8217;ascensore e, inoltre, sono un elemento molto pratico che arreda lo spazio. E voi, pensate che siano utili? Li usate?<\/p>\n","protected":false},"excerpt":{"rendered":"<p>Se vi state chiedendo se c&#8217;\u00e8 un motivo per cui la stragrande maggioranza degli ascensori ha uno specchio, sappiate che anche se l&#8217;uso principale che ne facciamo come utenti \u00e8 quello di vederci dentro, ci sono ragioni pratiche per cui viene spesso utilizzato. A cosa serve uno specchio nell&#8217;ascensore? Il motivo principale per cui gli [&hellip;]<\/p>\n","protected":false},"author":3,"featured_media":0,"comment_status":"open","ping_status":"open","sticky":false,"template":"","format":"standard","meta":{"_acf_changed":false,"content-type":"","footnotes":""},"categories":[370,371],"tags":[],"class_list":["post-12652","post","type-post","status-publish","format-standard","hentry","category-ascensori-it-ch","category-curiosita-it-ch"],"acf":[],"_yoast_wpseo_focuskw":"sollevatori a specchio","_yoast_wpseo_metadesc":"Vi siete mai chiesti perch\u00e9 gli ascensori hanno gli specchi? \u00c8 un caso o no? Qual \u00e8 l'effetto degli specchi all'interno dell'ascensore?","yoast_head":"<!-- This site is optimized with the Yoast SEO Premium plugin v21.6 (Yoast SEO v27.5) - https:\/\/yoast.com\/product\/yoast-seo-premium-wordpress\/ -->\n<title>Perch\u00e9 ci sono specchi negli ascensori? | Blog Ascensores Eninter<\/title>\n<meta name=\"description\" content=\"Vi siete mai chiesti perch\u00e9 gli ascensori hanno gli specchi? \u00c8 un caso o no? Qual \u00e8 l&#039;effetto degli specchi all&#039;interno dell&#039;ascensore?\" \/>\n<meta name=\"robots\" content=\"index, follow, max-snippet:-1, max-image-preview:large, max-video-preview:-1\" \/>\n<link rel=\"canonical\" href=\"https:\/\/www.eninter.com\/it-ch\/perche-la-maggior-parte-degli-ascensori-e-dotata-di-specchi\/\" \/>\n<meta property=\"og:locale\" content=\"it_IT\" \/>\n<meta property=\"og:type\" content=\"article\" \/>\n<meta property=\"og:title\" content=\"Perch\u00e9 la maggior parte degli ascensori \u00e8 dotata di specchi?\" \/>\n<meta property=\"og:description\" content=\"Vi siete mai chiesti perch\u00e9 gli ascensori hanno gli specchi? \u00c8 un caso o no? Qual \u00e8 l&#039;effetto degli specchi all&#039;interno dell&#039;ascensore?\" \/>\n<meta property=\"og:url\" content=\"https:\/\/www.eninter.com\/it-ch\/perche-la-maggior-parte-degli-ascensori-e-dotata-di-specchi\/\" \/>\n<meta property=\"og:site_name\" content=\"ENINTER\" \/>\n<meta property=\"article:publisher\" content=\"https:\/\/www.facebook.com\/EninterAscensores\" \/>\n<meta property=\"article:published_time\" content=\"2018-01-11T10:09:27+00:00\" \/>\n<meta name=\"author\" content=\"Albert Puig\" \/>\n<meta name=\"twitter:card\" content=\"summary_large_image\" \/>\n<meta name=\"twitter:creator\" content=\"@Eninter\" \/>\n<meta name=\"twitter:site\" content=\"@Eninter\" \/>\n<meta name=\"twitter:label1\" content=\"Written by\" \/>\n\t<meta name=\"twitter:data1\" content=\"Albert Puig\" \/>\n\t<meta name=\"twitter:label2\" content=\"Est. reading time\" \/>\n\t<meta name=\"twitter:data2\" content=\"2 minutes\" \/>\n<!-- \/ Yoast SEO Premium plugin. -->","yoast_head_json":{"title":"Perch\u00e9 ci sono specchi negli ascensori? | Blog Ascensores Eninter","description":"Vi siete mai chiesti perch\u00e9 gli ascensori hanno gli specchi? \u00c8 un caso o no? Qual \u00e8 l'effetto degli specchi all'interno dell'ascensore?","robots":{"index":"index","follow":"follow","max-snippet":"max-snippet:-1","max-image-preview":"max-image-preview:large","max-video-preview":"max-video-preview:-1"},"canonical":"https:\/\/www.eninter.com\/it-ch\/perche-la-maggior-parte-degli-ascensori-e-dotata-di-specchi\/","og_locale":"it_IT","og_type":"article","og_title":"Perch\u00e9 la maggior parte degli ascensori \u00e8 dotata di specchi?","og_description":"Vi siete mai chiesti perch\u00e9 gli ascensori hanno gli specchi? \u00c8 un caso o no? Qual \u00e8 l'effetto degli specchi all'interno dell'ascensore?","og_url":"https:\/\/www.eninter.com\/it-ch\/perche-la-maggior-parte-degli-ascensori-e-dotata-di-specchi\/","og_site_name":"ENINTER","article_publisher":"https:\/\/www.facebook.com\/EninterAscensores","article_published_time":"2018-01-11T10:09:27+00:00","author":"Albert Puig","twitter_card":"summary_large_image","twitter_creator":"@Eninter","twitter_site":"@Eninter","twitter_misc":{"Written by":"Albert Puig","Est. reading time":"2 minutes"},"schema":{"@context":"https:\/\/schema.org","@graph":[{"@type":"Article","@id":"https:\/\/www.eninter.com\/it-ch\/perche-la-maggior-parte-degli-ascensori-e-dotata-di-specchi\/#article","isPartOf":{"@id":"https:\/\/www.eninter.com\/it-ch\/perche-la-maggior-parte-degli-ascensori-e-dotata-di-specchi\/"},"author":{"name":"Albert Puig","@id":"https:\/\/www.eninter.com\/it-ch\/#\/schema\/person\/e6178c261ac4210884c0e0264dd59043"},"headline":"Perch\u00e9 la maggior parte degli ascensori \u00e8 dotata di specchi?","datePublished":"2018-01-11T10:09:27+00:00","mainEntityOfPage":{"@id":"https:\/\/www.eninter.com\/it-ch\/perche-la-maggior-parte-degli-ascensori-e-dotata-di-specchi\/"},"wordCount":317,"commentCount":0,"publisher":{"@id":"https:\/\/www.eninter.com\/it-ch\/#organization"},"articleSection":["Ascensori","Curiosit\u00e0"],"inLanguage":"it-CH","potentialAction":[{"@type":"CommentAction","name":"Comment","target":["https:\/\/www.eninter.com\/it-ch\/perche-la-maggior-parte-degli-ascensori-e-dotata-di-specchi\/#respond"]}]},{"@type":"WebPage","@id":"https:\/\/www.eninter.com\/it-ch\/perche-la-maggior-parte-degli-ascensori-e-dotata-di-specchi\/","url":"https:\/\/www.eninter.com\/it-ch\/perche-la-maggior-parte-degli-ascensori-e-dotata-di-specchi\/","name":"Perch\u00e9 ci sono specchi negli ascensori? | Blog Ascensores Eninter","isPartOf":{"@id":"https:\/\/www.eninter.com\/it-ch\/#website"},"datePublished":"2018-01-11T10:09:27+00:00","description":"Vi siete mai chiesti perch\u00e9 gli ascensori hanno gli specchi? \u00c8 un caso o no? Qual \u00e8 l'effetto degli specchi all'interno dell'ascensore?","breadcrumb":{"@id":"https:\/\/www.eninter.com\/it-ch\/perche-la-maggior-parte-degli-ascensori-e-dotata-di-specchi\/#breadcrumb"},"inLanguage":"it-CH","potentialAction":[{"@type":"ReadAction","target":["https:\/\/www.eninter.com\/it-ch\/perche-la-maggior-parte-degli-ascensori-e-dotata-di-specchi\/"]}]},{"@type":"BreadcrumbList","@id":"https:\/\/www.eninter.com\/it-ch\/perche-la-maggior-parte-degli-ascensori-e-dotata-di-specchi\/#breadcrumb","itemListElement":[{"@type":"ListItem","position":1,"name":"Portada","item":"https:\/\/www.eninter.com\/it-ch\/"},{"@type":"ListItem","position":2,"name":"Perch\u00e9 la maggior parte degli ascensori \u00e8 dotata di specchi?"}]},{"@type":"WebSite","@id":"https:\/\/www.eninter.com\/it-ch\/#website","url":"https:\/\/www.eninter.com\/it-ch\/","name":"ENINTER","description":"Mantenimiento de Ascensores Multimarca","publisher":{"@id":"https:\/\/www.eninter.com\/it-ch\/#organization"},"potentialAction":[{"@type":"SearchAction","target":{"@type":"EntryPoint","urlTemplate":"https:\/\/www.eninter.com\/it-ch\/?s={search_term_string}"},"query-input":{"@type":"PropertyValueSpecification","valueRequired":true,"valueName":"search_term_string"}}],"inLanguage":"it-CH"},{"@type":"Organization","@id":"https:\/\/www.eninter.com\/it-ch\/#organization","name":"Eniter","url":"https:\/\/www.eninter.com\/it-ch\/","logo":{"@type":"ImageObject","inLanguage":"it-CH","@id":"https:\/\/www.eninter.com\/it-ch\/#\/schema\/logo\/image\/","url":"https:\/\/www.eninter.com\/wp-content\/uploads\/2023\/08\/logo-eninter-png.png","contentUrl":"https:\/\/www.eninter.com\/wp-content\/uploads\/2023\/08\/logo-eninter-png.png","width":600,"height":340,"caption":"Eniter"},"image":{"@id":"https:\/\/www.eninter.com\/it-ch\/#\/schema\/logo\/image\/"},"sameAs":["https:\/\/www.facebook.com\/EninterAscensores","https:\/\/x.com\/Eninter","https:\/\/www.instagram.com\/eninterascensores\/","https:\/\/www.youtube.com\/user\/ascensoreseninter"]},{"@type":"Person","@id":"https:\/\/www.eninter.com\/it-ch\/#\/schema\/person\/e6178c261ac4210884c0e0264dd59043","name":"Albert Puig","image":{"@type":"ImageObject","inLanguage":"it-CH","@id":"https:\/\/secure.gravatar.com\/avatar\/583d07f3f1036f58d0e44e873586278b582179a16b27a5b3951504e9ee001c06?s=96&d=mm&r=g","url":"https:\/\/secure.gravatar.com\/avatar\/583d07f3f1036f58d0e44e873586278b582179a16b27a5b3951504e9ee001c06?s=96&d=mm&r=g","contentUrl":"https:\/\/secure.gravatar.com\/avatar\/583d07f3f1036f58d0e44e873586278b582179a16b27a5b3951504e9ee001c06?s=96&d=mm&r=g","caption":"Albert Puig"}}]}},"_links":{"self":[{"href":"https:\/\/www.eninter.com\/it-ch\/wp-json\/wp\/v2\/posts\/12652","targetHints":{"allow":["GET"]}}],"collection":[{"href":"https:\/\/www.eninter.com\/it-ch\/wp-json\/wp\/v2\/posts"}],"about":[{"href":"https:\/\/www.eninter.com\/it-ch\/wp-json\/wp\/v2\/types\/post"}],"author":[{"embeddable":true,"href":"https:\/\/www.eninter.com\/it-ch\/wp-json\/wp\/v2\/users\/3"}],"replies":[{"embeddable":true,"href":"https:\/\/www.eninter.com\/it-ch\/wp-json\/wp\/v2\/comments?post=12652"}],"version-history":[{"count":0,"href":"https:\/\/www.eninter.com\/it-ch\/wp-json\/wp\/v2\/posts\/12652\/revisions"}],"wp:attachment":[{"href":"https:\/\/www.eninter.com\/it-ch\/wp-json\/wp\/v2\/media?parent=12652"}],"wp:term":[{"taxonomy":"category","embeddable":true,"href":"https:\/\/www.eninter.com\/it-ch\/wp-json\/wp\/v2\/categories?post=12652"},{"taxonomy":"post_tag","embeddable":true,"href":"https:\/\/www.eninter.com\/it-ch\/wp-json\/wp\/v2\/tags?post=12652"}],"curies":[{"name":"wp","href":"https:\/\/api.w.org\/{rel}","templated":true}]}}