{"id":12655,"date":"2018-01-22T13:44:11","date_gmt":"2018-01-22T13:44:11","guid":{"rendered":"https:\/\/www.eninter.com\/gli-edifici-non-accessibili-possono-essere-segnalati\/"},"modified":"2018-01-22T13:44:11","modified_gmt":"2018-01-22T13:44:11","slug":"gli-edifici-non-accessibili-possono-essere-segnalati","status":"publish","type":"post","link":"https:\/\/www.eninter.com\/it-ch\/gli-edifici-non-accessibili-possono-essere-segnalati\/","title":{"rendered":"Gli edifici non accessibili possono essere segnalati"},"content":{"rendered":"<p>Considerando che ci sono migliaia di <strong>persone che non possono accedere ad alcuni edifici perch\u00e9 non sono accessibili,<\/strong> sapremo che c&#8217;\u00e8 un problema. Questo problema pu\u00f2 verificarsi anche negli edifici privati, che possono essere adattati. Il problema \u00e8 quando il problema si verifica in edifici pubblici che dovrebbero essere accessibili a tutti coloro che lo desiderano. Il problema raggiunge un nuovo livello.<\/p>\n<p>Questa situazione si verifica in cos\u00ec tanti luoghi pubblici che il governo ha introdotto una nuova misura: dal <strong>4 dicembre, tutti gli edifici che hanno meno di 10 anni e non sono accessibili possono essere condannati<\/strong>. L&#8217;<a href=\"https:\/\/www.eninter.com\/blog\/ascensores-publicos-minusvalidos-caracteristicas\/\">accessibilit\u00e0<\/a> deve essere possibile per le <strong>persone a mobilit\u00e0 ridotta<\/strong>. La legge si applica a tutti i tipi di edifici, indipendentemente dal fatto che siano pubblici o privati, e riguarda solo l&#8217;accesso. Alcune parti interne non sono menzionate.<\/p>\n<p>Ci sono molti esempi di edifici che oggi sono accessibili a tutti i tipi di persone, ma ci sono alcune citt\u00e0 che sono state addirittura premiate grazie agli sforzi compiuti per rendere possibile a chiunque di attraversarle in tutta tranquillit\u00e0. In ogni caso, il problema \u00e8 ancora molto sentito in alcune comunit\u00e0 autonome, dove sono necessarie opere su larga scala per aumentarne il grado di accessibilit\u00e0.<\/p>\n<p>Le associazioni che sostengono l&#8217;accessibilit\u00e0 hanno gi\u00e0 detto che la misura \u00e8 ottima, in quanto <strong>aiuter\u00e0 le persone a mobilit\u00e0 ridotta<\/strong> a entrare negli edifici pi\u00f9 importanti. Tuttavia, ci sono ancora delle questioni in sospeso.<\/p>\n<p>Presto, se i cittadini scopriranno che <strong>un edificio non \u00e8 accessibile, potranno presentare un reclamo<\/strong>. \u00c8 stata introdotta una nuova misura per incoraggiare i proprietari a iniziare a renderli accessibili alle persone.<\/p>\n","protected":false},"excerpt":{"rendered":"<p>Considerando che ci sono migliaia di persone che non possono accedere ad alcuni edifici perch\u00e9 non sono accessibili, sapremo che c&#8217;\u00e8 un problema. Questo problema pu\u00f2 verificarsi anche negli edifici privati, che possono essere adattati. Il problema \u00e8 quando il problema si verifica in edifici pubblici che dovrebbero essere accessibili a tutti coloro che lo [&hellip;]<\/p>\n","protected":false},"author":3,"featured_media":0,"comment_status":"open","ping_status":"open","sticky":false,"template":"","format":"standard","meta":{"_acf_changed":false,"content-type":"","footnotes":""},"categories":[369],"tags":[],"class_list":["post-12655","post","type-post","status-publish","format-standard","hentry","category-accessibilita-it-ch"],"acf":[],"_yoast_wpseo_focuskw":"edifici non accessibili","_yoast_wpseo_metadesc":"Scoprite l'impatto degli edifici non accessibili e la nuova misura governativa per adattarli alle persone con mobilit\u00e0 limitata.","yoast_head":"<!-- This site is optimized with the Yoast SEO Premium plugin v21.6 (Yoast SEO v27.5) - https:\/\/yoast.com\/product\/yoast-seo-premium-wordpress\/ -->\n<title>Gli edifici non accessibili possono essere segnalati - ENINTER<\/title>\n<meta name=\"description\" content=\"Scoprite l&#039;impatto degli edifici non accessibili e la nuova misura governativa per adattarli alle persone con mobilit\u00e0 limitata.\" \/>\n<meta name=\"robots\" content=\"index, follow, max-snippet:-1, max-image-preview:large, max-video-preview:-1\" \/>\n<link rel=\"canonical\" href=\"https:\/\/www.eninter.com\/it-ch\/gli-edifici-non-accessibili-possono-essere-segnalati\/\" \/>\n<meta property=\"og:locale\" content=\"it_IT\" \/>\n<meta property=\"og:type\" content=\"article\" \/>\n<meta property=\"og:title\" content=\"Gli edifici non accessibili possono essere segnalati\" \/>\n<meta property=\"og:description\" content=\"Scoprite l&#039;impatto degli edifici non accessibili e la nuova misura governativa per adattarli alle persone con mobilit\u00e0 limitata.\" \/>\n<meta property=\"og:url\" content=\"https:\/\/www.eninter.com\/it-ch\/gli-edifici-non-accessibili-possono-essere-segnalati\/\" \/>\n<meta property=\"og:site_name\" content=\"ENINTER\" \/>\n<meta property=\"article:publisher\" content=\"https:\/\/www.facebook.com\/EninterAscensores\" \/>\n<meta property=\"article:published_time\" content=\"2018-01-22T13:44:11+00:00\" \/>\n<meta name=\"author\" content=\"Albert Puig\" \/>\n<meta name=\"twitter:card\" content=\"summary_large_image\" \/>\n<meta name=\"twitter:creator\" content=\"@Eninter\" \/>\n<meta name=\"twitter:site\" content=\"@Eninter\" \/>\n<meta name=\"twitter:label1\" content=\"Written by\" \/>\n\t<meta name=\"twitter:data1\" content=\"Albert Puig\" \/>\n\t<meta name=\"twitter:label2\" content=\"Est. reading time\" \/>\n\t<meta name=\"twitter:data2\" content=\"1 minute\" \/>\n<!-- \/ Yoast SEO Premium plugin. -->","yoast_head_json":{"title":"Gli edifici non accessibili possono essere segnalati - ENINTER","description":"Scoprite l'impatto degli edifici non accessibili e la nuova misura governativa per adattarli alle persone con mobilit\u00e0 limitata.","robots":{"index":"index","follow":"follow","max-snippet":"max-snippet:-1","max-image-preview":"max-image-preview:large","max-video-preview":"max-video-preview:-1"},"canonical":"https:\/\/www.eninter.com\/it-ch\/gli-edifici-non-accessibili-possono-essere-segnalati\/","og_locale":"it_IT","og_type":"article","og_title":"Gli edifici non accessibili possono essere segnalati","og_description":"Scoprite l'impatto degli edifici non accessibili e la nuova misura governativa per adattarli alle persone con mobilit\u00e0 limitata.","og_url":"https:\/\/www.eninter.com\/it-ch\/gli-edifici-non-accessibili-possono-essere-segnalati\/","og_site_name":"ENINTER","article_publisher":"https:\/\/www.facebook.com\/EninterAscensores","article_published_time":"2018-01-22T13:44:11+00:00","author":"Albert Puig","twitter_card":"summary_large_image","twitter_creator":"@Eninter","twitter_site":"@Eninter","twitter_misc":{"Written by":"Albert Puig","Est. reading time":"1 minute"},"schema":{"@context":"https:\/\/schema.org","@graph":[{"@type":"Article","@id":"https:\/\/www.eninter.com\/it-ch\/gli-edifici-non-accessibili-possono-essere-segnalati\/#article","isPartOf":{"@id":"https:\/\/www.eninter.com\/it-ch\/gli-edifici-non-accessibili-possono-essere-segnalati\/"},"author":{"name":"Albert Puig","@id":"https:\/\/www.eninter.com\/it-ch\/#\/schema\/person\/e6178c261ac4210884c0e0264dd59043"},"headline":"Gli edifici non accessibili possono essere segnalati","datePublished":"2018-01-22T13:44:11+00:00","mainEntityOfPage":{"@id":"https:\/\/www.eninter.com\/it-ch\/gli-edifici-non-accessibili-possono-essere-segnalati\/"},"wordCount":272,"commentCount":0,"publisher":{"@id":"https:\/\/www.eninter.com\/it-ch\/#organization"},"articleSection":["Accessibilit\u00e0"],"inLanguage":"it-CH","potentialAction":[{"@type":"CommentAction","name":"Comment","target":["https:\/\/www.eninter.com\/it-ch\/gli-edifici-non-accessibili-possono-essere-segnalati\/#respond"]}]},{"@type":"WebPage","@id":"https:\/\/www.eninter.com\/it-ch\/gli-edifici-non-accessibili-possono-essere-segnalati\/","url":"https:\/\/www.eninter.com\/it-ch\/gli-edifici-non-accessibili-possono-essere-segnalati\/","name":"Gli edifici non accessibili possono essere segnalati - ENINTER","isPartOf":{"@id":"https:\/\/www.eninter.com\/it-ch\/#website"},"datePublished":"2018-01-22T13:44:11+00:00","description":"Scoprite l'impatto degli edifici non accessibili e la nuova misura governativa per adattarli alle persone con mobilit\u00e0 limitata.","breadcrumb":{"@id":"https:\/\/www.eninter.com\/it-ch\/gli-edifici-non-accessibili-possono-essere-segnalati\/#breadcrumb"},"inLanguage":"it-CH","potentialAction":[{"@type":"ReadAction","target":["https:\/\/www.eninter.com\/it-ch\/gli-edifici-non-accessibili-possono-essere-segnalati\/"]}]},{"@type":"BreadcrumbList","@id":"https:\/\/www.eninter.com\/it-ch\/gli-edifici-non-accessibili-possono-essere-segnalati\/#breadcrumb","itemListElement":[{"@type":"ListItem","position":1,"name":"Portada","item":"https:\/\/www.eninter.com\/it-ch\/"},{"@type":"ListItem","position":2,"name":"Gli edifici non accessibili possono essere segnalati"}]},{"@type":"WebSite","@id":"https:\/\/www.eninter.com\/it-ch\/#website","url":"https:\/\/www.eninter.com\/it-ch\/","name":"ENINTER","description":"Mantenimiento de Ascensores Multimarca","publisher":{"@id":"https:\/\/www.eninter.com\/it-ch\/#organization"},"potentialAction":[{"@type":"SearchAction","target":{"@type":"EntryPoint","urlTemplate":"https:\/\/www.eninter.com\/it-ch\/?s={search_term_string}"},"query-input":{"@type":"PropertyValueSpecification","valueRequired":true,"valueName":"search_term_string"}}],"inLanguage":"it-CH"},{"@type":"Organization","@id":"https:\/\/www.eninter.com\/it-ch\/#organization","name":"Eniter","url":"https:\/\/www.eninter.com\/it-ch\/","logo":{"@type":"ImageObject","inLanguage":"it-CH","@id":"https:\/\/www.eninter.com\/it-ch\/#\/schema\/logo\/image\/","url":"https:\/\/www.eninter.com\/wp-content\/uploads\/2023\/08\/logo-eninter-png.png","contentUrl":"https:\/\/www.eninter.com\/wp-content\/uploads\/2023\/08\/logo-eninter-png.png","width":600,"height":340,"caption":"Eniter"},"image":{"@id":"https:\/\/www.eninter.com\/it-ch\/#\/schema\/logo\/image\/"},"sameAs":["https:\/\/www.facebook.com\/EninterAscensores","https:\/\/x.com\/Eninter","https:\/\/www.instagram.com\/eninterascensores\/","https:\/\/www.youtube.com\/user\/ascensoreseninter"]},{"@type":"Person","@id":"https:\/\/www.eninter.com\/it-ch\/#\/schema\/person\/e6178c261ac4210884c0e0264dd59043","name":"Albert Puig","image":{"@type":"ImageObject","inLanguage":"it-CH","@id":"https:\/\/secure.gravatar.com\/avatar\/583d07f3f1036f58d0e44e873586278b582179a16b27a5b3951504e9ee001c06?s=96&d=mm&r=g","url":"https:\/\/secure.gravatar.com\/avatar\/583d07f3f1036f58d0e44e873586278b582179a16b27a5b3951504e9ee001c06?s=96&d=mm&r=g","contentUrl":"https:\/\/secure.gravatar.com\/avatar\/583d07f3f1036f58d0e44e873586278b582179a16b27a5b3951504e9ee001c06?s=96&d=mm&r=g","caption":"Albert Puig"}}]}},"_links":{"self":[{"href":"https:\/\/www.eninter.com\/it-ch\/wp-json\/wp\/v2\/posts\/12655","targetHints":{"allow":["GET"]}}],"collection":[{"href":"https:\/\/www.eninter.com\/it-ch\/wp-json\/wp\/v2\/posts"}],"about":[{"href":"https:\/\/www.eninter.com\/it-ch\/wp-json\/wp\/v2\/types\/post"}],"author":[{"embeddable":true,"href":"https:\/\/www.eninter.com\/it-ch\/wp-json\/wp\/v2\/users\/3"}],"replies":[{"embeddable":true,"href":"https:\/\/www.eninter.com\/it-ch\/wp-json\/wp\/v2\/comments?post=12655"}],"version-history":[{"count":0,"href":"https:\/\/www.eninter.com\/it-ch\/wp-json\/wp\/v2\/posts\/12655\/revisions"}],"wp:attachment":[{"href":"https:\/\/www.eninter.com\/it-ch\/wp-json\/wp\/v2\/media?parent=12655"}],"wp:term":[{"taxonomy":"category","embeddable":true,"href":"https:\/\/www.eninter.com\/it-ch\/wp-json\/wp\/v2\/categories?post=12655"},{"taxonomy":"post_tag","embeddable":true,"href":"https:\/\/www.eninter.com\/it-ch\/wp-json\/wp\/v2\/tags?post=12655"}],"curies":[{"name":"wp","href":"https:\/\/api.w.org\/{rel}","templated":true}]}}