{"id":12657,"date":"2018-10-11T12:43:19","date_gmt":"2018-10-11T12:43:19","guid":{"rendered":"https:\/\/www.eninter.com\/cosa-succede-allascensore-in-caso-di-tempesta\/"},"modified":"2025-01-08T11:44:28","modified_gmt":"2025-01-08T11:44:28","slug":"cosa-succede-allascensore-in-caso-di-tempesta","status":"publish","type":"post","link":"https:\/\/www.eninter.com\/it-ch\/cosa-succede-allascensore-in-caso-di-tempesta\/","title":{"rendered":"Cosa succede all&#8217;ascensore in caso di tempesta?"},"content":{"rendered":"<p>La <strong>manutenzione frequente dell&#8217;ascensore<\/strong> ha lo scopo di garantire che tutti i componenti siano funzionanti e perfettamente preparati per ogni circostanza. Anche nelle tempeste, dove molti utenti potrebbero non sapere cosa fare.<\/p>\n<p>In caso di incendio, terremoto o temporale, \u00e8 <strong>vietato (altamente sconsigliato) utilizzare l&#8217;ascensore<\/strong> perch\u00e9 si potrebbe<strong> rimanere intrappolati in esso a causa di interruzioni di corrente<\/strong> (o altre circostanze). \u00c8 quindi sconsigliabile utilizzare l&#8217;ascensore in questi casi ed evitarlo il pi\u00f9 possibile.<\/p>\n<p>La <strong>corretta manutenzione dell&#8217;ascensore in caso di temporali<\/strong> evita che i problemi dovuti a questa causa, e ad altre, diventino gravi; e soprattutto fa s\u00ec che non arrivino a quel punto. Una riparazione successiva sarebbe molto pi\u00f9 costosa di una manutenzione frequente, sempre che sia ritenuta necessaria.<\/p>\n<p>\u00c8 molto importante che gli ascensori dispongano di un <strong>allarme di chiamata, di una luce di emergenza e di qualche mezzo di comunicazione<\/strong> come un citofono, poich\u00e9 questo non solo \u00e8 interessante per chi rimane intrappolato, ma riduce anche l&#8217;ansia perch\u00e9 non si \u00e8 cos\u00ec indifesi e senza comunicazione.<\/p>\n<p><img fetchpriority=\"high\" decoding=\"async\" class=\"size-medium wp-image-11896 aligncenter\" src=\"https:\/\/www.eninter.com\/wp-content\/uploads\/2018\/10\/composicion-efectos-meteorologicos-300x200.jpg\" alt=\"ascensore per la tempesta\" width=\"300\" height=\"200\" srcset=\"https:\/\/www.eninter.com\/wp-content\/uploads\/2018\/10\/composicion-efectos-meteorologicos-300x200.jpg 300w, https:\/\/www.eninter.com\/wp-content\/uploads\/2018\/10\/composicion-efectos-meteorologicos-1024x683.jpg 1024w, https:\/\/www.eninter.com\/wp-content\/uploads\/2018\/10\/composicion-efectos-meteorologicos-768x512.jpg 768w, https:\/\/www.eninter.com\/wp-content\/uploads\/2018\/10\/composicion-efectos-meteorologicos-1536x1024.jpg 1536w, https:\/\/www.eninter.com\/wp-content\/uploads\/2018\/10\/composicion-efectos-meteorologicos-2048x1365.jpg 2048w\" sizes=\"(max-width: 300px) 100vw, 300px\" \/><\/p>\n<p>&nbsp;<\/p>\n<h2>L&#8217;ascensore in caso di tempesta: cosa succede?<\/h2>\n<p>Anche i <strong>temporali estivi, la pioggia e l&#8217;umidit\u00e0<\/strong> possono causare malfunzionamenti dell&#8217;ascensore, che pu\u00f2 <strong>bloccarsi<\/strong>. In generale, l&#8217;umidit\u00e0 causata da perdite, comune nei vani degli ascensori sotterranei, pu\u00f2 causare l&#8217;arrugginimento della struttura dell&#8217;ascensore, cortocircuiti negli impianti elettrici, allagamenti e danni. Questo problema dovrebbe essere risolto al pi\u00f9 presto.<\/p>\n<p>\u00c8 un problema che pu\u00f2 diventare complesso, anche se \u00e8 talmente comune nella manutenzione degli ascensori che siamo sempre pi\u00f9 preparati a risolverlo in tempi molto pi\u00f9 brevi, soprattutto se la <strong>manutenzione preventiva<\/strong> \u00e8 stata eseguita correttamente <strong>tenendo conto<\/strong>, tra l&#8217;altro, <strong>delle tempeste<\/strong>. Tutto quello che dovete fare \u00e8 chiamare un&#8217;azienda di manutenzione affidabile come <a href=\"https:\/\/www.eninter.com\/\">Eninter<\/a>.<\/p>\n<p>Le <strong>piogge che accompagnano i temporali<\/strong> sono un fenomeno da tenere presente se si vogliono evitare azioni rischiose negli ascensori, soprattutto in caso di forti piogge o temporali. Questo pu\u00f2 portare a <strong>perdite nelle sale macchine, all&#8217;allagamento di pozzi e passaggi e persino all&#8217;interruzione dell&#8217;alimentazione elettrica<\/strong> o della bassa tensione. Non utilizzare il sollevatore se ci si trova in una di queste situazioni, in caso di temporale o pioggia. Se vi accorgete che qualcosa non va, chiamate la societ\u00e0 di manutenzione.<\/p>\n<p>Se l&#8217;ascensore si ferma a causa di un&#8217;interruzione di corrente dovuta a una tempesta o a qualsiasi altro tipo di interruzione di corrente, il posto in cui rimanere \u00e8 l&#8217;auto finch\u00e9 non arriva qualcuno a salvarvi. \u00c8 importante mantenere la calma. Potete affiggere un avviso nella vostra comunit\u00e0 di vicini, comunicando come comportarsi in caso di intrappolamento e perch\u00e9 evitare l&#8217;ascensore in caso di temporale.<\/p>\n","protected":false},"excerpt":{"rendered":"<p>La manutenzione frequente dell&#8217;ascensore ha lo scopo di garantire che tutti i componenti siano funzionanti e perfettamente preparati per ogni circostanza. Anche nelle tempeste, dove molti utenti potrebbero non sapere cosa fare. In caso di incendio, terremoto o temporale, \u00e8 vietato (altamente sconsigliato) utilizzare l&#8217;ascensore perch\u00e9 si potrebbe rimanere intrappolati in esso a causa di [&hellip;]<\/p>\n","protected":false},"author":3,"featured_media":12662,"comment_status":"closed","ping_status":"closed","sticky":false,"template":"","format":"standard","meta":{"_acf_changed":false,"content-type":"","footnotes":""},"categories":[370],"tags":[],"class_list":["post-12657","post","type-post","status-publish","format-standard","has-post-thumbnail","hentry","category-ascensori-it-ch"],"acf":[],"_yoast_wpseo_focuskw":"ascensore per la tempesta","_yoast_wpseo_metadesc":"Cosa succede all'ascensore in caso di tempesta? Scoprite tutti i dettagli di ci\u00f2 che accade agli ascensori durante le tempeste.","yoast_head":"<!-- This site is optimized with the Yoast SEO Premium plugin v21.6 (Yoast SEO v27.5) - https:\/\/yoast.com\/product\/yoast-seo-premium-wordpress\/ -->\n<title>Cosa succede all&#039;ascensore in caso di tempesta? - ENINTER<\/title>\n<meta name=\"description\" content=\"Cosa succede all&#039;ascensore in caso di tempesta? Scoprite tutti i dettagli di ci\u00f2 che accade agli ascensori durante le tempeste.\" \/>\n<meta name=\"robots\" content=\"index, follow, max-snippet:-1, max-image-preview:large, max-video-preview:-1\" \/>\n<link rel=\"canonical\" href=\"https:\/\/www.eninter.com\/it-ch\/cosa-succede-allascensore-in-caso-di-tempesta\/\" \/>\n<meta property=\"og:locale\" content=\"it_IT\" \/>\n<meta property=\"og:type\" content=\"article\" \/>\n<meta property=\"og:title\" content=\"Cosa succede all&#039;ascensore in caso di tempesta?\" \/>\n<meta property=\"og:description\" content=\"Cosa succede all&#039;ascensore in caso di tempesta? Scoprite tutti i dettagli di ci\u00f2 che accade agli ascensori durante le tempeste.\" \/>\n<meta property=\"og:url\" content=\"https:\/\/www.eninter.com\/it-ch\/cosa-succede-allascensore-in-caso-di-tempesta\/\" \/>\n<meta property=\"og:site_name\" content=\"ENINTER\" \/>\n<meta property=\"article:publisher\" content=\"https:\/\/www.facebook.com\/EninterAscensores\" \/>\n<meta property=\"article:published_time\" content=\"2018-10-11T12:43:19+00:00\" \/>\n<meta property=\"article:modified_time\" content=\"2025-01-08T11:44:28+00:00\" \/>\n<meta property=\"og:image\" content=\"https:\/\/www.eninter.com\/wp-content\/uploads\/2018\/10\/composicion-efectos-meteorologicos-scaled.jpg\" \/>\n\t<meta property=\"og:image:width\" content=\"2560\" \/>\n\t<meta property=\"og:image:height\" content=\"1707\" \/>\n\t<meta property=\"og:image:type\" content=\"image\/jpeg\" \/>\n<meta name=\"author\" content=\"Albert Puig\" \/>\n<meta name=\"twitter:card\" content=\"summary_large_image\" \/>\n<meta name=\"twitter:creator\" content=\"@Eninter\" \/>\n<meta name=\"twitter:site\" content=\"@Eninter\" \/>\n<meta name=\"twitter:label1\" content=\"Written by\" \/>\n\t<meta name=\"twitter:data1\" content=\"Albert Puig\" \/>\n\t<meta name=\"twitter:label2\" content=\"Est. reading time\" \/>\n\t<meta name=\"twitter:data2\" content=\"2 minutes\" \/>\n<!-- \/ Yoast SEO Premium plugin. -->","yoast_head_json":{"title":"Cosa succede all'ascensore in caso di tempesta? - ENINTER","description":"Cosa succede all'ascensore in caso di tempesta? Scoprite tutti i dettagli di ci\u00f2 che accade agli ascensori durante le tempeste.","robots":{"index":"index","follow":"follow","max-snippet":"max-snippet:-1","max-image-preview":"max-image-preview:large","max-video-preview":"max-video-preview:-1"},"canonical":"https:\/\/www.eninter.com\/it-ch\/cosa-succede-allascensore-in-caso-di-tempesta\/","og_locale":"it_IT","og_type":"article","og_title":"Cosa succede all'ascensore in caso di tempesta?","og_description":"Cosa succede all'ascensore in caso di tempesta? Scoprite tutti i dettagli di ci\u00f2 che accade agli ascensori durante le tempeste.","og_url":"https:\/\/www.eninter.com\/it-ch\/cosa-succede-allascensore-in-caso-di-tempesta\/","og_site_name":"ENINTER","article_publisher":"https:\/\/www.facebook.com\/EninterAscensores","article_published_time":"2018-10-11T12:43:19+00:00","article_modified_time":"2025-01-08T11:44:28+00:00","og_image":[{"width":2560,"height":1707,"url":"https:\/\/www.eninter.com\/wp-content\/uploads\/2018\/10\/composicion-efectos-meteorologicos-scaled.jpg","type":"image\/jpeg"}],"author":"Albert Puig","twitter_card":"summary_large_image","twitter_creator":"@Eninter","twitter_site":"@Eninter","twitter_misc":{"Written by":"Albert Puig","Est. reading time":"2 minutes"},"schema":{"@context":"https:\/\/schema.org","@graph":[{"@type":"Article","@id":"https:\/\/www.eninter.com\/it-ch\/cosa-succede-allascensore-in-caso-di-tempesta\/#article","isPartOf":{"@id":"https:\/\/www.eninter.com\/it-ch\/cosa-succede-allascensore-in-caso-di-tempesta\/"},"author":{"name":"Albert Puig","@id":"https:\/\/www.eninter.com\/it-ch\/#\/schema\/person\/e6178c261ac4210884c0e0264dd59043"},"headline":"Cosa succede all&#8217;ascensore in caso di tempesta?","datePublished":"2018-10-11T12:43:19+00:00","dateModified":"2025-01-08T11:44:28+00:00","mainEntityOfPage":{"@id":"https:\/\/www.eninter.com\/it-ch\/cosa-succede-allascensore-in-caso-di-tempesta\/"},"wordCount":445,"publisher":{"@id":"https:\/\/www.eninter.com\/it-ch\/#organization"},"image":{"@id":"https:\/\/www.eninter.com\/it-ch\/cosa-succede-allascensore-in-caso-di-tempesta\/#primaryimage"},"thumbnailUrl":"https:\/\/www.eninter.com\/wp-content\/uploads\/2018\/10\/composicion-efectos-meteorologicos-scaled.jpg","articleSection":["Ascensori"],"inLanguage":"it-CH"},{"@type":"WebPage","@id":"https:\/\/www.eninter.com\/it-ch\/cosa-succede-allascensore-in-caso-di-tempesta\/","url":"https:\/\/www.eninter.com\/it-ch\/cosa-succede-allascensore-in-caso-di-tempesta\/","name":"Cosa succede all'ascensore in caso di tempesta? - ENINTER","isPartOf":{"@id":"https:\/\/www.eninter.com\/it-ch\/#website"},"primaryImageOfPage":{"@id":"https:\/\/www.eninter.com\/it-ch\/cosa-succede-allascensore-in-caso-di-tempesta\/#primaryimage"},"image":{"@id":"https:\/\/www.eninter.com\/it-ch\/cosa-succede-allascensore-in-caso-di-tempesta\/#primaryimage"},"thumbnailUrl":"https:\/\/www.eninter.com\/wp-content\/uploads\/2018\/10\/composicion-efectos-meteorologicos-scaled.jpg","datePublished":"2018-10-11T12:43:19+00:00","dateModified":"2025-01-08T11:44:28+00:00","description":"Cosa succede all'ascensore in caso di tempesta? Scoprite tutti i dettagli di ci\u00f2 che accade agli ascensori durante le tempeste.","breadcrumb":{"@id":"https:\/\/www.eninter.com\/it-ch\/cosa-succede-allascensore-in-caso-di-tempesta\/#breadcrumb"},"inLanguage":"it-CH","potentialAction":[{"@type":"ReadAction","target":["https:\/\/www.eninter.com\/it-ch\/cosa-succede-allascensore-in-caso-di-tempesta\/"]}]},{"@type":"ImageObject","inLanguage":"it-CH","@id":"https:\/\/www.eninter.com\/it-ch\/cosa-succede-allascensore-in-caso-di-tempesta\/#primaryimage","url":"https:\/\/www.eninter.com\/wp-content\/uploads\/2018\/10\/composicion-efectos-meteorologicos-scaled.jpg","contentUrl":"https:\/\/www.eninter.com\/wp-content\/uploads\/2018\/10\/composicion-efectos-meteorologicos-scaled.jpg","width":2560,"height":1707},{"@type":"BreadcrumbList","@id":"https:\/\/www.eninter.com\/it-ch\/cosa-succede-allascensore-in-caso-di-tempesta\/#breadcrumb","itemListElement":[{"@type":"ListItem","position":1,"name":"Portada","item":"https:\/\/www.eninter.com\/it-ch\/"},{"@type":"ListItem","position":2,"name":"Cosa succede all&#8217;ascensore in caso di tempesta?"}]},{"@type":"WebSite","@id":"https:\/\/www.eninter.com\/it-ch\/#website","url":"https:\/\/www.eninter.com\/it-ch\/","name":"ENINTER","description":"Mantenimiento de Ascensores Multimarca","publisher":{"@id":"https:\/\/www.eninter.com\/it-ch\/#organization"},"potentialAction":[{"@type":"SearchAction","target":{"@type":"EntryPoint","urlTemplate":"https:\/\/www.eninter.com\/it-ch\/?s={search_term_string}"},"query-input":{"@type":"PropertyValueSpecification","valueRequired":true,"valueName":"search_term_string"}}],"inLanguage":"it-CH"},{"@type":"Organization","@id":"https:\/\/www.eninter.com\/it-ch\/#organization","name":"Eniter","url":"https:\/\/www.eninter.com\/it-ch\/","logo":{"@type":"ImageObject","inLanguage":"it-CH","@id":"https:\/\/www.eninter.com\/it-ch\/#\/schema\/logo\/image\/","url":"https:\/\/www.eninter.com\/wp-content\/uploads\/2023\/08\/logo-eninter-png.png","contentUrl":"https:\/\/www.eninter.com\/wp-content\/uploads\/2023\/08\/logo-eninter-png.png","width":600,"height":340,"caption":"Eniter"},"image":{"@id":"https:\/\/www.eninter.com\/it-ch\/#\/schema\/logo\/image\/"},"sameAs":["https:\/\/www.facebook.com\/EninterAscensores","https:\/\/x.com\/Eninter","https:\/\/www.instagram.com\/eninterascensores\/","https:\/\/www.youtube.com\/user\/ascensoreseninter"]},{"@type":"Person","@id":"https:\/\/www.eninter.com\/it-ch\/#\/schema\/person\/e6178c261ac4210884c0e0264dd59043","name":"Albert Puig","image":{"@type":"ImageObject","inLanguage":"it-CH","@id":"https:\/\/secure.gravatar.com\/avatar\/583d07f3f1036f58d0e44e873586278b582179a16b27a5b3951504e9ee001c06?s=96&d=mm&r=g","url":"https:\/\/secure.gravatar.com\/avatar\/583d07f3f1036f58d0e44e873586278b582179a16b27a5b3951504e9ee001c06?s=96&d=mm&r=g","contentUrl":"https:\/\/secure.gravatar.com\/avatar\/583d07f3f1036f58d0e44e873586278b582179a16b27a5b3951504e9ee001c06?s=96&d=mm&r=g","caption":"Albert Puig"}}]}},"_links":{"self":[{"href":"https:\/\/www.eninter.com\/it-ch\/wp-json\/wp\/v2\/posts\/12657","targetHints":{"allow":["GET"]}}],"collection":[{"href":"https:\/\/www.eninter.com\/it-ch\/wp-json\/wp\/v2\/posts"}],"about":[{"href":"https:\/\/www.eninter.com\/it-ch\/wp-json\/wp\/v2\/types\/post"}],"author":[{"embeddable":true,"href":"https:\/\/www.eninter.com\/it-ch\/wp-json\/wp\/v2\/users\/3"}],"replies":[{"embeddable":true,"href":"https:\/\/www.eninter.com\/it-ch\/wp-json\/wp\/v2\/comments?post=12657"}],"version-history":[{"count":0,"href":"https:\/\/www.eninter.com\/it-ch\/wp-json\/wp\/v2\/posts\/12657\/revisions"}],"wp:featuredmedia":[{"embeddable":true,"href":"https:\/\/www.eninter.com\/it-ch\/wp-json\/wp\/v2\/media\/12662"}],"wp:attachment":[{"href":"https:\/\/www.eninter.com\/it-ch\/wp-json\/wp\/v2\/media?parent=12657"}],"wp:term":[{"taxonomy":"category","embeddable":true,"href":"https:\/\/www.eninter.com\/it-ch\/wp-json\/wp\/v2\/categories?post=12657"},{"taxonomy":"post_tag","embeddable":true,"href":"https:\/\/www.eninter.com\/it-ch\/wp-json\/wp\/v2\/tags?post=12657"}],"curies":[{"name":"wp","href":"https:\/\/api.w.org\/{rel}","templated":true}]}}