{"id":12658,"date":"2019-04-11T10:38:40","date_gmt":"2019-04-11T10:38:40","guid":{"rendered":"https:\/\/www.eninter.com\/i-cani-possono-salire-in-ascensore\/"},"modified":"2025-01-08T11:44:00","modified_gmt":"2025-01-08T11:44:00","slug":"i-cani-possono-salire-in-ascensore","status":"publish","type":"post","link":"https:\/\/www.eninter.com\/it-ch\/i-cani-possono-salire-in-ascensore\/","title":{"rendered":"I cani possono salire in ascensore?"},"content":{"rendered":"<p>Avere un animale da compagnia, come un cane, significa doversi prendere cura di lui in modo specifico, oltre a qualche preoccupazione in pi\u00f9, che pu\u00f2 essere un po&#8217; pesante, soprattutto se l&#8217;ambiente non \u00e8 molto collaborativo.<\/p>\n<h2>Nuove situazioni e domande che ci poniamo<\/h2>\n<p>Alcune situazioni saranno certamente nuove, ad esempio se viviamo in una comunit\u00e0 di vicini piuttosto che in una casa:  <strong>Ci pu\u00f2 essere vietato di portare i nostri cani in ascensore? \u00c8 legale?<\/strong>  Dobbiamo prendere le scale? Le tipiche domande che vi ponete e che non vi siete mai posti prima.<\/p>\n<p><strong>A volte possono verificarsi situazioni in cui ci sono vicini che non hanno animali domestici e che pensano che l&#8217;ascensore debba essere uno spazio utilizzato esclusivamente dagli esseri umani<\/strong>.<\/p>\n<p>In genere, questo rifiuto non si verifica, poich\u00e9 <strong>un animale domestico pu\u00f2 viaggiare in ascensore senza problemi<\/strong>. Tuttavia, ci sono alcune situazioni in cui un&#8217;associazione di residenti pu\u00f2 prendere in considerazione la possibilit\u00e0 di vietare ai cani di viaggiare in ascensore.<\/p>\n<h2>Quando il cane \u00e8 aggressivo<\/h2>\n<p>Se avete un <strong>cane che non si comporta bene e disturba,<\/strong> e fa i suoi bisogni nell&#8217;ascensore, \u00e8 ovvio che i vicini si lamenteranno. Tuttavia, questo non \u00e8 molto comune, tranne nel caso dei cuccioli, che non sono abituati a stare all&#8217;aperto. La prassi normale in una situazione del genere \u00e8 quella di avvertire il proprietario del cane dell&#8217;accaduto e di farglielo pulire. Se i fatti si ripetono, nonostante gli avvertimenti, i vicini possono modificare gli statuti della comunit\u00e0 per garantire l&#8217;introduzione di un divieto.<\/p>\n<p>Per ottenere <strong>un divieto totale, la comunit\u00e0 dovr\u00e0 votare all&#8217;unanimit\u00e0 per modificare lo statuto<\/strong>. Ci\u00f2 significa che anche il vicino con il cane problematico dovrebbe votare per impedire al proprio cane di salire sull&#8217;ascensore, il che \u00e8 improbabile che accada, rendendo difficile la realizzazione del divieto.<\/p>\n<p>Sarebbe stata davvero una guerra tra vicini in cui tutti avrebbero perso. Non ne vale la pena e ci sono altri modi per risolvere il problema, soprattutto in un caso come quello di cui stiamo parlando.<\/p>\n<p>Non escludiamo i casi,  <strong>quando il proprietario e il suo cane si trasferiscono in un nuovo appartamento, il comune modifica il regolamento e vieta espressamente l&#8217;ingresso di qualsiasi tipo di animale nell&#8217;ascensore. In questo caso, \u00e8 necessario utilizzare le scale.<\/strong>  Per risolvere questo problema, si dovrebbe richiedere una modifica degli statuti, anche in questo caso richiedendo l&#8217;unanimit\u00e0.<\/p>\n<h2>Non esiste una legge che vieti di portare i cani in ascensore.<\/h2>\n<p>In linea di principio, dovremmo essere molto chiari sul fatto che<strong> non ci sono leggi che vietano i cani nell&#8217;<\/strong>ascensore, a meno che, come abbiamo detto, l&#8217;associazione dei residenti non le modifichi prima che il proprietario con il cane si trasferisca.<\/p>\n<p>Se un vicino dice che portare il cane in ascensore \u00e8 illegale o proibito, la cosa migliore da fare non \u00e8 litigare, ma <strong>chiedere una copia dello statuto comunale e assicurarsi che il divieto non esista<\/strong> effettivamente \u00e8 l&#8217;opzione pi\u00f9 consigliabile.<\/p>\n<p>Anche se in genere i cani non mordono, alcune persone possono avere paura degli animali domestici. Il consiglio migliore \u00e8 quello di evitare di salire in ascensore con persone che il cane potrebbe disturbare. Gli \u00e8 consentito salire al piano superiore e quindi <strong>l&#8217;ascensore<\/strong> pu\u00f2 essere <strong>utilizzato per portare l&#8217;animale al piano superiore<\/strong> senza causare alcun inconveniente e i vicini che hanno questo problema lo apprezzeranno.<\/p>\n","protected":false},"excerpt":{"rendered":"<p>Avere un animale da compagnia, come un cane, significa doversi prendere cura di lui in modo specifico, oltre a qualche preoccupazione in pi\u00f9, che pu\u00f2 essere un po&#8217; pesante, soprattutto se l&#8217;ambiente non \u00e8 molto collaborativo. Nuove situazioni e domande che ci poniamo Alcune situazioni saranno certamente nuove, ad esempio se viviamo in una comunit\u00e0 [&hellip;]<\/p>\n","protected":false},"author":3,"featured_media":12663,"comment_status":"closed","ping_status":"closed","sticky":false,"template":"","format":"standard","meta":{"_acf_changed":false,"content-type":"","footnotes":""},"categories":[221],"tags":[],"class_list":["post-12658","post","type-post","status-publish","format-standard","has-post-thumbnail","hentry","category-ascensors"],"acf":[],"_yoast_wpseo_focuskw":"cani in ascensore","_yoast_wpseo_metadesc":"\u00c8 vietato portare i cani in ascensore? O dobbiamo prendere le scale? Per saperne di pi\u00f9, visitate il nostro blog.","yoast_head":"<!-- This site is optimized with the Yoast SEO Premium plugin v21.6 (Yoast SEO v27.5) - https:\/\/yoast.com\/product\/yoast-seo-premium-wordpress\/ -->\n<title>I cani possono salire in ascensore? - ENINTER<\/title>\n<meta name=\"description\" content=\"\u00c8 vietato portare i cani in ascensore? O dobbiamo prendere le scale? Per saperne di pi\u00f9, visitate il nostro blog.\" \/>\n<meta name=\"robots\" content=\"index, follow, max-snippet:-1, max-image-preview:large, max-video-preview:-1\" \/>\n<link rel=\"canonical\" href=\"https:\/\/www.eninter.com\/it-ch\/i-cani-possono-salire-in-ascensore\/\" \/>\n<meta property=\"og:locale\" content=\"it_IT\" \/>\n<meta property=\"og:type\" content=\"article\" \/>\n<meta property=\"og:title\" content=\"I cani possono salire in ascensore?\" \/>\n<meta property=\"og:description\" content=\"\u00c8 vietato portare i cani in ascensore? O dobbiamo prendere le scale? Per saperne di pi\u00f9, visitate il nostro blog.\" \/>\n<meta property=\"og:url\" content=\"https:\/\/www.eninter.com\/it-ch\/i-cani-possono-salire-in-ascensore\/\" \/>\n<meta property=\"og:site_name\" content=\"ENINTER\" \/>\n<meta property=\"article:publisher\" content=\"https:\/\/www.facebook.com\/EninterAscensores\" \/>\n<meta property=\"article:published_time\" content=\"2019-04-11T10:38:40+00:00\" \/>\n<meta property=\"article:modified_time\" content=\"2025-01-08T11:44:00+00:00\" \/>\n<meta property=\"og:image\" content=\"https:\/\/www.eninter.com\/wp-content\/uploads\/2019\/04\/pexels-photo-2774140.webp\" \/>\n\t<meta property=\"og:image:width\" content=\"600\" \/>\n\t<meta property=\"og:image:height\" content=\"400\" \/>\n\t<meta property=\"og:image:type\" content=\"image\/webp\" \/>\n<meta name=\"author\" content=\"Albert Puig\" \/>\n<meta name=\"twitter:card\" content=\"summary_large_image\" \/>\n<meta name=\"twitter:creator\" content=\"@Eninter\" \/>\n<meta name=\"twitter:site\" content=\"@Eninter\" \/>\n<meta name=\"twitter:label1\" content=\"Written by\" \/>\n\t<meta name=\"twitter:data1\" content=\"Albert Puig\" \/>\n\t<meta name=\"twitter:label2\" content=\"Est. reading time\" \/>\n\t<meta name=\"twitter:data2\" content=\"3 minutes\" \/>\n<!-- \/ Yoast SEO Premium plugin. -->","yoast_head_json":{"title":"I cani possono salire in ascensore? - ENINTER","description":"\u00c8 vietato portare i cani in ascensore? O dobbiamo prendere le scale? Per saperne di pi\u00f9, visitate il nostro blog.","robots":{"index":"index","follow":"follow","max-snippet":"max-snippet:-1","max-image-preview":"max-image-preview:large","max-video-preview":"max-video-preview:-1"},"canonical":"https:\/\/www.eninter.com\/it-ch\/i-cani-possono-salire-in-ascensore\/","og_locale":"it_IT","og_type":"article","og_title":"I cani possono salire in ascensore?","og_description":"\u00c8 vietato portare i cani in ascensore? O dobbiamo prendere le scale? Per saperne di pi\u00f9, visitate il nostro blog.","og_url":"https:\/\/www.eninter.com\/it-ch\/i-cani-possono-salire-in-ascensore\/","og_site_name":"ENINTER","article_publisher":"https:\/\/www.facebook.com\/EninterAscensores","article_published_time":"2019-04-11T10:38:40+00:00","article_modified_time":"2025-01-08T11:44:00+00:00","og_image":[{"width":600,"height":400,"url":"https:\/\/www.eninter.com\/wp-content\/uploads\/2019\/04\/pexels-photo-2774140.webp","type":"image\/webp"}],"author":"Albert Puig","twitter_card":"summary_large_image","twitter_creator":"@Eninter","twitter_site":"@Eninter","twitter_misc":{"Written by":"Albert Puig","Est. reading time":"3 minutes"},"schema":{"@context":"https:\/\/schema.org","@graph":[{"@type":"Article","@id":"https:\/\/www.eninter.com\/it-ch\/i-cani-possono-salire-in-ascensore\/#article","isPartOf":{"@id":"https:\/\/www.eninter.com\/it-ch\/i-cani-possono-salire-in-ascensore\/"},"author":{"name":"Albert Puig","@id":"https:\/\/www.eninter.com\/it-ch\/#\/schema\/person\/e6178c261ac4210884c0e0264dd59043"},"headline":"I cani possono salire in ascensore?","datePublished":"2019-04-11T10:38:40+00:00","dateModified":"2025-01-08T11:44:00+00:00","mainEntityOfPage":{"@id":"https:\/\/www.eninter.com\/it-ch\/i-cani-possono-salire-in-ascensore\/"},"wordCount":562,"publisher":{"@id":"https:\/\/www.eninter.com\/it-ch\/#organization"},"image":{"@id":"https:\/\/www.eninter.com\/it-ch\/i-cani-possono-salire-in-ascensore\/#primaryimage"},"thumbnailUrl":"https:\/\/www.eninter.com\/wp-content\/uploads\/2019\/04\/pexels-photo-2774140.webp","articleSection":["Ascensors"],"inLanguage":"it-CH"},{"@type":"WebPage","@id":"https:\/\/www.eninter.com\/it-ch\/i-cani-possono-salire-in-ascensore\/","url":"https:\/\/www.eninter.com\/it-ch\/i-cani-possono-salire-in-ascensore\/","name":"I cani possono salire in ascensore? - ENINTER","isPartOf":{"@id":"https:\/\/www.eninter.com\/it-ch\/#website"},"primaryImageOfPage":{"@id":"https:\/\/www.eninter.com\/it-ch\/i-cani-possono-salire-in-ascensore\/#primaryimage"},"image":{"@id":"https:\/\/www.eninter.com\/it-ch\/i-cani-possono-salire-in-ascensore\/#primaryimage"},"thumbnailUrl":"https:\/\/www.eninter.com\/wp-content\/uploads\/2019\/04\/pexels-photo-2774140.webp","datePublished":"2019-04-11T10:38:40+00:00","dateModified":"2025-01-08T11:44:00+00:00","description":"\u00c8 vietato portare i cani in ascensore? O dobbiamo prendere le scale? Per saperne di pi\u00f9, visitate il nostro blog.","breadcrumb":{"@id":"https:\/\/www.eninter.com\/it-ch\/i-cani-possono-salire-in-ascensore\/#breadcrumb"},"inLanguage":"it-CH","potentialAction":[{"@type":"ReadAction","target":["https:\/\/www.eninter.com\/it-ch\/i-cani-possono-salire-in-ascensore\/"]}]},{"@type":"ImageObject","inLanguage":"it-CH","@id":"https:\/\/www.eninter.com\/it-ch\/i-cani-possono-salire-in-ascensore\/#primaryimage","url":"https:\/\/www.eninter.com\/wp-content\/uploads\/2019\/04\/pexels-photo-2774140.webp","contentUrl":"https:\/\/www.eninter.com\/wp-content\/uploads\/2019\/04\/pexels-photo-2774140.webp","width":600,"height":400},{"@type":"BreadcrumbList","@id":"https:\/\/www.eninter.com\/it-ch\/i-cani-possono-salire-in-ascensore\/#breadcrumb","itemListElement":[{"@type":"ListItem","position":1,"name":"Portada","item":"https:\/\/www.eninter.com\/it-ch\/"},{"@type":"ListItem","position":2,"name":"I cani possono salire in ascensore?"}]},{"@type":"WebSite","@id":"https:\/\/www.eninter.com\/it-ch\/#website","url":"https:\/\/www.eninter.com\/it-ch\/","name":"ENINTER","description":"Mantenimiento de Ascensores Multimarca","publisher":{"@id":"https:\/\/www.eninter.com\/it-ch\/#organization"},"potentialAction":[{"@type":"SearchAction","target":{"@type":"EntryPoint","urlTemplate":"https:\/\/www.eninter.com\/it-ch\/?s={search_term_string}"},"query-input":{"@type":"PropertyValueSpecification","valueRequired":true,"valueName":"search_term_string"}}],"inLanguage":"it-CH"},{"@type":"Organization","@id":"https:\/\/www.eninter.com\/it-ch\/#organization","name":"Eniter","url":"https:\/\/www.eninter.com\/it-ch\/","logo":{"@type":"ImageObject","inLanguage":"it-CH","@id":"https:\/\/www.eninter.com\/it-ch\/#\/schema\/logo\/image\/","url":"https:\/\/www.eninter.com\/wp-content\/uploads\/2023\/08\/logo-eninter-png.png","contentUrl":"https:\/\/www.eninter.com\/wp-content\/uploads\/2023\/08\/logo-eninter-png.png","width":600,"height":340,"caption":"Eniter"},"image":{"@id":"https:\/\/www.eninter.com\/it-ch\/#\/schema\/logo\/image\/"},"sameAs":["https:\/\/www.facebook.com\/EninterAscensores","https:\/\/x.com\/Eninter","https:\/\/www.instagram.com\/eninterascensores\/","https:\/\/www.youtube.com\/user\/ascensoreseninter"]},{"@type":"Person","@id":"https:\/\/www.eninter.com\/it-ch\/#\/schema\/person\/e6178c261ac4210884c0e0264dd59043","name":"Albert Puig","image":{"@type":"ImageObject","inLanguage":"it-CH","@id":"https:\/\/secure.gravatar.com\/avatar\/583d07f3f1036f58d0e44e873586278b582179a16b27a5b3951504e9ee001c06?s=96&d=mm&r=g","url":"https:\/\/secure.gravatar.com\/avatar\/583d07f3f1036f58d0e44e873586278b582179a16b27a5b3951504e9ee001c06?s=96&d=mm&r=g","contentUrl":"https:\/\/secure.gravatar.com\/avatar\/583d07f3f1036f58d0e44e873586278b582179a16b27a5b3951504e9ee001c06?s=96&d=mm&r=g","caption":"Albert Puig"}}]}},"_links":{"self":[{"href":"https:\/\/www.eninter.com\/it-ch\/wp-json\/wp\/v2\/posts\/12658","targetHints":{"allow":["GET"]}}],"collection":[{"href":"https:\/\/www.eninter.com\/it-ch\/wp-json\/wp\/v2\/posts"}],"about":[{"href":"https:\/\/www.eninter.com\/it-ch\/wp-json\/wp\/v2\/types\/post"}],"author":[{"embeddable":true,"href":"https:\/\/www.eninter.com\/it-ch\/wp-json\/wp\/v2\/users\/3"}],"replies":[{"embeddable":true,"href":"https:\/\/www.eninter.com\/it-ch\/wp-json\/wp\/v2\/comments?post=12658"}],"version-history":[{"count":0,"href":"https:\/\/www.eninter.com\/it-ch\/wp-json\/wp\/v2\/posts\/12658\/revisions"}],"wp:featuredmedia":[{"embeddable":true,"href":"https:\/\/www.eninter.com\/it-ch\/wp-json\/wp\/v2\/media\/12663"}],"wp:attachment":[{"href":"https:\/\/www.eninter.com\/it-ch\/wp-json\/wp\/v2\/media?parent=12658"}],"wp:term":[{"taxonomy":"category","embeddable":true,"href":"https:\/\/www.eninter.com\/it-ch\/wp-json\/wp\/v2\/categories?post=12658"},{"taxonomy":"post_tag","embeddable":true,"href":"https:\/\/www.eninter.com\/it-ch\/wp-json\/wp\/v2\/tags?post=12658"}],"curies":[{"name":"wp","href":"https:\/\/api.w.org\/{rel}","templated":true}]}}