{"id":12686,"date":"2019-05-02T15:42:49","date_gmt":"2019-05-02T15:42:49","guid":{"rendered":"https:\/\/www.eninter.com\/perche-non-usare-lascensore-in-caso-di-incendio\/"},"modified":"2025-01-08T11:48:07","modified_gmt":"2025-01-08T11:48:07","slug":"perche-non-usare-lascensore-in-caso-di-incendio","status":"publish","type":"post","link":"https:\/\/www.eninter.com\/it-ch\/perche-non-usare-lascensore-in-caso-di-incendio\/","title":{"rendered":"Perch\u00e9 non usare l&#8217;ascensore in caso di incendio?"},"content":{"rendered":"<p>Quando scoppia un incendio in un edificio, dobbiamo prendere decisioni rapide, che spesso ci portano a intraprendere azioni sbagliate. Uno dei nostri primi impulsi, soprattutto se abitiamo a un piano alto, \u00e8 quello di prendere l&#8217;ascensore, e qui si commette un grosso errore. Ci sono motivi per cui non si deve<strong> usare l&#8217;ascensore in caso di incendio<\/strong>. Esaminiamoli.<\/p>\n<h2>Quali sono i motivi per non utilizzare l&#8217;ascensore in caso di incendio?<\/h2>\n<p>Si \u00e8 sempre detto che non si deve usare l&#8217;ascensore in caso di incendio, ma ci sono situazioni in cui non si deve usare l&#8217;ascensore.  <strong>la nostra mente pu\u00f2 bloccarsi a causa del nervosismo, dell&#8217;ansia e della paura.<\/strong>  L&#8217;istinto di sopravvivenza ci ordina di andarcene il pi\u00f9 rapidamente possibile, il che ci porta ad agire diversamente da come faremmo in una situazione normale.<\/p>\n<p>In questi momenti cruciali dobbiamo <strong>mantenere la calma e pensare con lucidit\u00e0,<\/strong> perch\u00e9 se decidiamo di fuggire con l&#8217;ascensore in caso di incendio, le conseguenze possono essere disastrose.<\/p>\n<ul>\n<li><strong>Interruzioni di corrente:<\/strong> le interruzioni di corrente sono frequenti in caso di incendi, per cui gli ascensori smettono di funzionare all&#8217;istante e le persone all&#8217;interno della cabina rischiano seriamente di rimanere intrappolate nell&#8217;ascensore.<\/li>\n<li>I <strong>vani degli ascensori si riempiranno di fumo:<\/strong> sappiate che il <a href=\"https:\/\/www.eninter.com\/blog\/hueco-minimo-instalar-ascensor\/\" target=\"_blank\" rel=\"noopener\">vano dell&#8217;ascensore<\/a> finisce per fungere da camino e gran parte dei gas che provocano le fiamme entrano nella cabina e causano intossicazioni per inalazione.<\/li>\n<li><strong>Se c&#8217;\u00e8 una scala di emergenza esterna, la soluzione migliore \u00e8 utilizzarla per lasciare l&#8217;edificio:<\/strong> se non c&#8217;\u00e8 una scala esterna, la <strong>soluzione migliore \u00e8<\/strong> lasciare l&#8217;edificio attraverso la scala interna. In caso di blocco per incendio, \u00e8 meglio <b>salire sul tetto<\/b>, dove l&#8217;aria non \u00e8 contaminata dai fumi e dove l&#8217;evacuazione da parte dei vigili del fuoco \u00e8 pi\u00f9 facile. E se non c&#8217;\u00e8 un tetto, <strong>dobbiamo rifugiarci in una stanza dove il fuoco non \u00e8 ancora arrivato<\/strong> e dove ci sono finestre o balconi per respirare.<\/li>\n<\/ul>\n<h2>Seguire i protocolli di evacuazione e sicurezza in caso di rischio di incendio.<\/h2>\n<p>In questo tipo di situazioni a rischio di incendio, \u00e8 fondamentale che  <strong>seguire le norme di sicurezza esistenti e i protocolli di evacuazione.<\/strong>  Infatti, il regolamento europeo che stabilisce le norme di sicurezza per la costruzione e l&#8217;installazione degli ascensori prevede che nell&#8217;Unione Europea sia presente un pittogramma informativo che indichi in diverse lingue che l&#8217;ascensore non deve mai essere utilizzato in caso di incendio.<\/p>\n<h2>Cosa devono fare le persone a mobilit\u00e0 ridotta in caso di allarme incendio?<\/h2>\n<p>Nel caso delle <strong>persone a mobilit\u00e0 ridotta,<\/strong> esse sono pi\u00f9 vulnerabili di altre, in quanto presentano limitazioni che complicano la situazione. Il <strong>protocollo del Ministero della Salute<\/strong> prevede che le persone a mobilit\u00e0 ridotta <strong>debbano attendere i servizi di emergenza nelle aree designate o improvvisate dell&#8217;edificio,<\/strong> in modo che possano intervenire rapidamente per soccorrerle.<\/p>\n<p>Speriamo che, dopo tutte queste informazioni, sia chiaro che l&#8217;<strong>utilizzo dell&#8217;ascensore in caso di incendio pu\u00f2 avere conseguenze molto gravi,<\/strong> in quanto si pu\u00f2 rimanere intrappolati all&#8217;interno dell&#8217;ascensore e questo complicherebbe le operazioni di soccorso. Come suggerimento, vi invitiamo a condividere questo articolo con tutti i vostri cari e vicini, in modo che siano preparati a utilizzare modi migliori per sfuggire all&#8217;incendio per garantire la loro sicurezza e sopravvivenza.<\/p>\n","protected":false},"excerpt":{"rendered":"<p>Quando scoppia un incendio in un edificio, dobbiamo prendere decisioni rapide, che spesso ci portano a intraprendere azioni sbagliate. Uno dei nostri primi impulsi, soprattutto se abitiamo a un piano alto, \u00e8 quello di prendere l&#8217;ascensore, e qui si commette un grosso errore. Ci sono motivi per cui non si deve usare l&#8217;ascensore in caso [&hellip;]<\/p>\n","protected":false},"author":3,"featured_media":12687,"comment_status":"closed","ping_status":"closed","sticky":false,"template":"","format":"standard","meta":{"_acf_changed":false,"content-type":"","footnotes":""},"categories":[370],"tags":[],"class_list":["post-12686","post","type-post","status-publish","format-standard","has-post-thumbnail","hentry","category-ascensori-it-ch"],"acf":[],"_yoast_wpseo_focuskw":"ascensore in caso di incendio","_yoast_wpseo_metadesc":"Conoscete i motivi per cui non dovete usare l'ascensore in caso di incendio? E sapete cosa fare in caso di emergenza incendio?","yoast_head":"<!-- This site is optimized with the Yoast SEO Premium plugin v21.6 (Yoast SEO v27.5) - https:\/\/yoast.com\/product\/yoast-seo-premium-wordpress\/ -->\n<title>Perch\u00e9 non usare l&#039;ascensore in caso di incendio? - ENINTER<\/title>\n<meta name=\"description\" content=\"Conoscete i motivi per cui non dovete usare l&#039;ascensore in caso di incendio? E sapete cosa fare in caso di emergenza incendio?\" \/>\n<meta name=\"robots\" content=\"index, follow, max-snippet:-1, max-image-preview:large, max-video-preview:-1\" \/>\n<link rel=\"canonical\" href=\"https:\/\/www.eninter.com\/it-ch\/perche-non-usare-lascensore-in-caso-di-incendio\/\" \/>\n<meta property=\"og:locale\" content=\"it_IT\" \/>\n<meta property=\"og:type\" content=\"article\" \/>\n<meta property=\"og:title\" content=\"Perch\u00e9 non usare l&#039;ascensore in caso di incendio?\" \/>\n<meta property=\"og:description\" content=\"Conoscete i motivi per cui non dovete usare l&#039;ascensore in caso di incendio? E sapete cosa fare in caso di emergenza incendio?\" \/>\n<meta property=\"og:url\" content=\"https:\/\/www.eninter.com\/it-ch\/perche-non-usare-lascensore-in-caso-di-incendio\/\" \/>\n<meta property=\"og:site_name\" content=\"ENINTER\" \/>\n<meta property=\"article:publisher\" content=\"https:\/\/www.facebook.com\/EninterAscensores\" \/>\n<meta property=\"article:published_time\" content=\"2019-05-02T15:42:49+00:00\" \/>\n<meta property=\"article:modified_time\" content=\"2025-01-08T11:48:07+00:00\" \/>\n<meta property=\"og:image\" content=\"https:\/\/www.eninter.com\/wp-content\/uploads\/2019\/05\/pexels-photo-3958649.webp\" \/>\n\t<meta property=\"og:image:width\" content=\"750\" \/>\n\t<meta property=\"og:image:height\" content=\"750\" \/>\n\t<meta property=\"og:image:type\" content=\"image\/webp\" \/>\n<meta name=\"author\" content=\"Albert Puig\" \/>\n<meta name=\"twitter:card\" content=\"summary_large_image\" \/>\n<meta name=\"twitter:creator\" content=\"@Eninter\" \/>\n<meta name=\"twitter:site\" content=\"@Eninter\" \/>\n<meta name=\"twitter:label1\" content=\"Written by\" \/>\n\t<meta name=\"twitter:data1\" content=\"Albert Puig\" \/>\n\t<meta name=\"twitter:label2\" content=\"Est. reading time\" \/>\n\t<meta name=\"twitter:data2\" content=\"3 minutes\" \/>\n<!-- \/ Yoast SEO Premium plugin. -->","yoast_head_json":{"title":"Perch\u00e9 non usare l'ascensore in caso di incendio? - ENINTER","description":"Conoscete i motivi per cui non dovete usare l'ascensore in caso di incendio? E sapete cosa fare in caso di emergenza incendio?","robots":{"index":"index","follow":"follow","max-snippet":"max-snippet:-1","max-image-preview":"max-image-preview:large","max-video-preview":"max-video-preview:-1"},"canonical":"https:\/\/www.eninter.com\/it-ch\/perche-non-usare-lascensore-in-caso-di-incendio\/","og_locale":"it_IT","og_type":"article","og_title":"Perch\u00e9 non usare l'ascensore in caso di incendio?","og_description":"Conoscete i motivi per cui non dovete usare l'ascensore in caso di incendio? E sapete cosa fare in caso di emergenza incendio?","og_url":"https:\/\/www.eninter.com\/it-ch\/perche-non-usare-lascensore-in-caso-di-incendio\/","og_site_name":"ENINTER","article_publisher":"https:\/\/www.facebook.com\/EninterAscensores","article_published_time":"2019-05-02T15:42:49+00:00","article_modified_time":"2025-01-08T11:48:07+00:00","og_image":[{"width":750,"height":750,"url":"https:\/\/www.eninter.com\/wp-content\/uploads\/2019\/05\/pexels-photo-3958649.webp","type":"image\/webp"}],"author":"Albert Puig","twitter_card":"summary_large_image","twitter_creator":"@Eninter","twitter_site":"@Eninter","twitter_misc":{"Written by":"Albert Puig","Est. reading time":"3 minutes"},"schema":{"@context":"https:\/\/schema.org","@graph":[{"@type":"Article","@id":"https:\/\/www.eninter.com\/it-ch\/perche-non-usare-lascensore-in-caso-di-incendio\/#article","isPartOf":{"@id":"https:\/\/www.eninter.com\/it-ch\/perche-non-usare-lascensore-in-caso-di-incendio\/"},"author":{"name":"Albert Puig","@id":"https:\/\/www.eninter.com\/it-ch\/#\/schema\/person\/e6178c261ac4210884c0e0264dd59043"},"headline":"Perch\u00e9 non usare l&#8217;ascensore in caso di incendio?","datePublished":"2019-05-02T15:42:49+00:00","dateModified":"2025-01-08T11:48:07+00:00","mainEntityOfPage":{"@id":"https:\/\/www.eninter.com\/it-ch\/perche-non-usare-lascensore-in-caso-di-incendio\/"},"wordCount":556,"publisher":{"@id":"https:\/\/www.eninter.com\/it-ch\/#organization"},"image":{"@id":"https:\/\/www.eninter.com\/it-ch\/perche-non-usare-lascensore-in-caso-di-incendio\/#primaryimage"},"thumbnailUrl":"https:\/\/www.eninter.com\/wp-content\/uploads\/2019\/05\/pexels-photo-3958649.webp","articleSection":["Ascensori"],"inLanguage":"it-CH"},{"@type":"WebPage","@id":"https:\/\/www.eninter.com\/it-ch\/perche-non-usare-lascensore-in-caso-di-incendio\/","url":"https:\/\/www.eninter.com\/it-ch\/perche-non-usare-lascensore-in-caso-di-incendio\/","name":"Perch\u00e9 non usare l'ascensore in caso di incendio? - ENINTER","isPartOf":{"@id":"https:\/\/www.eninter.com\/it-ch\/#website"},"primaryImageOfPage":{"@id":"https:\/\/www.eninter.com\/it-ch\/perche-non-usare-lascensore-in-caso-di-incendio\/#primaryimage"},"image":{"@id":"https:\/\/www.eninter.com\/it-ch\/perche-non-usare-lascensore-in-caso-di-incendio\/#primaryimage"},"thumbnailUrl":"https:\/\/www.eninter.com\/wp-content\/uploads\/2019\/05\/pexels-photo-3958649.webp","datePublished":"2019-05-02T15:42:49+00:00","dateModified":"2025-01-08T11:48:07+00:00","description":"Conoscete i motivi per cui non dovete usare l'ascensore in caso di incendio? E sapete cosa fare in caso di emergenza incendio?","breadcrumb":{"@id":"https:\/\/www.eninter.com\/it-ch\/perche-non-usare-lascensore-in-caso-di-incendio\/#breadcrumb"},"inLanguage":"it-CH","potentialAction":[{"@type":"ReadAction","target":["https:\/\/www.eninter.com\/it-ch\/perche-non-usare-lascensore-in-caso-di-incendio\/"]}]},{"@type":"ImageObject","inLanguage":"it-CH","@id":"https:\/\/www.eninter.com\/it-ch\/perche-non-usare-lascensore-in-caso-di-incendio\/#primaryimage","url":"https:\/\/www.eninter.com\/wp-content\/uploads\/2019\/05\/pexels-photo-3958649.webp","contentUrl":"https:\/\/www.eninter.com\/wp-content\/uploads\/2019\/05\/pexels-photo-3958649.webp","width":750,"height":750},{"@type":"BreadcrumbList","@id":"https:\/\/www.eninter.com\/it-ch\/perche-non-usare-lascensore-in-caso-di-incendio\/#breadcrumb","itemListElement":[{"@type":"ListItem","position":1,"name":"Portada","item":"https:\/\/www.eninter.com\/it-ch\/"},{"@type":"ListItem","position":2,"name":"Perch\u00e9 non usare l&#8217;ascensore in caso di incendio?"}]},{"@type":"WebSite","@id":"https:\/\/www.eninter.com\/it-ch\/#website","url":"https:\/\/www.eninter.com\/it-ch\/","name":"ENINTER","description":"Mantenimiento de Ascensores Multimarca","publisher":{"@id":"https:\/\/www.eninter.com\/it-ch\/#organization"},"potentialAction":[{"@type":"SearchAction","target":{"@type":"EntryPoint","urlTemplate":"https:\/\/www.eninter.com\/it-ch\/?s={search_term_string}"},"query-input":{"@type":"PropertyValueSpecification","valueRequired":true,"valueName":"search_term_string"}}],"inLanguage":"it-CH"},{"@type":"Organization","@id":"https:\/\/www.eninter.com\/it-ch\/#organization","name":"Eniter","url":"https:\/\/www.eninter.com\/it-ch\/","logo":{"@type":"ImageObject","inLanguage":"it-CH","@id":"https:\/\/www.eninter.com\/it-ch\/#\/schema\/logo\/image\/","url":"https:\/\/www.eninter.com\/wp-content\/uploads\/2023\/08\/logo-eninter-png.png","contentUrl":"https:\/\/www.eninter.com\/wp-content\/uploads\/2023\/08\/logo-eninter-png.png","width":600,"height":340,"caption":"Eniter"},"image":{"@id":"https:\/\/www.eninter.com\/it-ch\/#\/schema\/logo\/image\/"},"sameAs":["https:\/\/www.facebook.com\/EninterAscensores","https:\/\/x.com\/Eninter","https:\/\/www.instagram.com\/eninterascensores\/","https:\/\/www.youtube.com\/user\/ascensoreseninter"]},{"@type":"Person","@id":"https:\/\/www.eninter.com\/it-ch\/#\/schema\/person\/e6178c261ac4210884c0e0264dd59043","name":"Albert Puig","image":{"@type":"ImageObject","inLanguage":"it-CH","@id":"https:\/\/secure.gravatar.com\/avatar\/583d07f3f1036f58d0e44e873586278b582179a16b27a5b3951504e9ee001c06?s=96&d=mm&r=g","url":"https:\/\/secure.gravatar.com\/avatar\/583d07f3f1036f58d0e44e873586278b582179a16b27a5b3951504e9ee001c06?s=96&d=mm&r=g","contentUrl":"https:\/\/secure.gravatar.com\/avatar\/583d07f3f1036f58d0e44e873586278b582179a16b27a5b3951504e9ee001c06?s=96&d=mm&r=g","caption":"Albert Puig"}}]}},"_links":{"self":[{"href":"https:\/\/www.eninter.com\/it-ch\/wp-json\/wp\/v2\/posts\/12686","targetHints":{"allow":["GET"]}}],"collection":[{"href":"https:\/\/www.eninter.com\/it-ch\/wp-json\/wp\/v2\/posts"}],"about":[{"href":"https:\/\/www.eninter.com\/it-ch\/wp-json\/wp\/v2\/types\/post"}],"author":[{"embeddable":true,"href":"https:\/\/www.eninter.com\/it-ch\/wp-json\/wp\/v2\/users\/3"}],"replies":[{"embeddable":true,"href":"https:\/\/www.eninter.com\/it-ch\/wp-json\/wp\/v2\/comments?post=12686"}],"version-history":[{"count":0,"href":"https:\/\/www.eninter.com\/it-ch\/wp-json\/wp\/v2\/posts\/12686\/revisions"}],"wp:featuredmedia":[{"embeddable":true,"href":"https:\/\/www.eninter.com\/it-ch\/wp-json\/wp\/v2\/media\/12687"}],"wp:attachment":[{"href":"https:\/\/www.eninter.com\/it-ch\/wp-json\/wp\/v2\/media?parent=12686"}],"wp:term":[{"taxonomy":"category","embeddable":true,"href":"https:\/\/www.eninter.com\/it-ch\/wp-json\/wp\/v2\/categories?post=12686"},{"taxonomy":"post_tag","embeddable":true,"href":"https:\/\/www.eninter.com\/it-ch\/wp-json\/wp\/v2\/tags?post=12686"}],"curies":[{"name":"wp","href":"https:\/\/api.w.org\/{rel}","templated":true}]}}