{"id":12704,"date":"2019-01-03T10:29:08","date_gmt":"2019-01-03T10:29:08","guid":{"rendered":"https:\/\/www.eninter.com\/sapete-qual-e-il-coefficiente-di-altezza-di-un-ascensore-e-come-influisce-su-di-voi\/"},"modified":"2019-01-03T10:29:08","modified_gmt":"2019-01-03T10:29:08","slug":"sapete-qual-e-il-coefficiente-di-altezza-di-un-ascensore-e-come-influisce-su-di-voi","status":"publish","type":"post","link":"https:\/\/www.eninter.com\/it-ch\/sapete-qual-e-il-coefficiente-di-altezza-di-un-ascensore-e-come-influisce-su-di-voi\/","title":{"rendered":"Sapete qual \u00e8 il coefficiente di altezza di un ascensore e come influisce su di voi?"},"content":{"rendered":"<p>Sapete qual \u00e8 il coefficiente di altezza di un ascensore e come influisce su di voi? Una delle questioni pi\u00f9 preoccupanti nelle Comunit\u00e0 di Vicinato \u00e8 quella che si riferisce alla<strong> quota di partecipazione quando si tratta di installare un ascensore<\/strong>, poich\u00e9 questa determina i diritti e gli obblighi nella Comunit\u00e0. Questo significa che la quota di partecipazione che ogni vicino deve pagare per coprire le diverse spese della comunit\u00e0, compreso l&#8217;ascensore, \u00e8 scoperta.<\/p>\n<p>Il pagamento dei costi relativi alla  <a title=\"Installazione dell'ascensore\" href=\"https:\/\/www.eninter.com\/ascensores?utm_source=blog&amp;utm_medium=post&amp;utm_campaign=BlogEninter\">installazione dell&#8217;ascensore<\/a>  \u00e8 solitamente distribuito sulla base del criterio generale dell&#8217;articolo 9.1.e) della Legge sulla Propriet\u00e0 Orizzontale, ovvero  <strong>per coefficienti.<\/strong>  Tuttavia, ci sono molte comunit\u00e0 con quote di partecipazione calcolate in modo errato finch\u00e9 un amministratore qualificato non le rivede e le modifica. In questo articolo parleremo dei diversi coefficienti e ci concentreremo sul coefficiente di altezza di un ascensore.<\/p>\n<h2>Quota di partecipazione per il coefficiente di altezza di un ascensore<\/h2>\n<p>La<strong> quota di partecipazione<\/strong> \u00e8 il risultato della <strong>divisione dei m2 utili di ciascun proprietario per i m2 totali<\/strong> della comunit\u00e0. Il calcolo \u00e8 molto semplice e serve a determinare la quota di ciascun appartamento o locale nelle spese della comunit\u00e0 e la quota di ciascun proprietario nei benefici derivanti dalla situazione della comunit\u00e0. nonch\u00e9 la ripartizione dei voti tra gli aventi diritto a partecipare all&#8217;Assemblea, cos\u00ec come i <em>quorum<\/em> necessari per la valida costituzione dell&#8217;Assemblea e per l&#8217;adozione delle delibere.<\/p>\n<p>&nbsp;<\/p>\n<p><img fetchpriority=\"high\" decoding=\"async\" class=\" wp-image-6312 aligncenter\" src=\"https:\/\/www.eninter.com\/wp-content\/uploads\/2023\/08\/eninter-mantenimiento-ascensores-barcelona-02-300x200.jpg\" alt=\"Manutenzione degli ascensori a Barcellona\" width=\"410\" height=\"273\" srcset=\"https:\/\/www.eninter.com\/wp-content\/uploads\/2023\/08\/eninter-mantenimiento-ascensores-barcelona-02-300x200.jpg 300w, https:\/\/www.eninter.com\/wp-content\/uploads\/2023\/08\/eninter-mantenimiento-ascensores-barcelona-02-1024x683.jpg 1024w, https:\/\/www.eninter.com\/wp-content\/uploads\/2023\/08\/eninter-mantenimiento-ascensores-barcelona-02-768x512.jpg 768w, https:\/\/www.eninter.com\/wp-content\/uploads\/2023\/08\/eninter-mantenimiento-ascensores-barcelona-02.jpg 1100w\" sizes=\"(max-width: 410px) 100vw, 410px\" \/><\/p>\n<h2>L&#8217;altezza influenza il tasso di partecipazione<\/h2>\n<p>In una sentenza del dicembre 2014, la Corte di Cassazione ammette che le spese per l&#8217;installazione dell&#8217;ascensore possono essere<strong> ripartite in base all&#8217;altezza<\/strong> e <strong>non in base al coefficiente di partecipazione<\/strong>, con la possibilit\u00e0 che alcuni proprietari non debbano contribuire a tali spese.<\/p>\n<p>Su questa base, l&#8217;<strong> assemblea dei proprietari e l&#8217;atto cost<\/strong> itutivo possono<strong> stabilire un regime di contribuzione alle spese<\/strong> diverso dalla quota di partecipazione prevista dall&#8217;atto costitutivo, esentando in alcuni casi alcune abitazioni e locali dalle spese. Questo pu\u00f2 accadere perch\u00e9 <strong>l&#8217;aumento di valore e di utilit\u00e0<\/strong> di un&#8217;abitazione o di un locale commerciale a livello stradale con ascensore non \u00e8 lo stesso di un appartamento al piano superiore.<\/p>\n<p>Al fine di condividere i costi per l&#8217;installazione dell&#8217;ascensore, \u00e8 necessaria la <strong>maggioranza richiesta dalla legge sulla propriet\u00e0 orizzontale<\/strong> per l&#8217;accordo sulla sua installazione. Devono essere presi in considerazione fattori come quelli che <strong>aumentano il valore della propriet\u00e0 e l&#8217;uso<\/strong> presunto <strong>degli<\/strong> elementi comuni da parte dei proprietari. Pertanto, non viene sempre utilizzata la quota di partecipazione basata sul coefficiente, ma anche la quota di partecipazione basata sull&#8217;altezza.<\/p>\n<p>Alla <a title=\"Ascensori Eninter\" href=\"https:\/\/www.eninter.com\/?utm_source=blog&amp;utm_medium=post&amp;utm_campaign=BlogEninter\">Eninter<\/a> installiamo diversi tipi di sollevatori per tutte le marche e disponiamo di tutti i tipi di ricambi originali per accompagnarvi e portarvi in alto. Contattateci senza impegno!<\/p>\n","protected":false},"excerpt":{"rendered":"<p>Sapete qual \u00e8 il coefficiente di altezza di un ascensore e come influisce su di voi? Una delle questioni pi\u00f9 preoccupanti nelle Comunit\u00e0 di Vicinato \u00e8 quella che si riferisce alla quota di partecipazione quando si tratta di installare un ascensore, poich\u00e9 questa determina i diritti e gli obblighi nella Comunit\u00e0. Questo significa che la [&hellip;]<\/p>\n","protected":false},"author":3,"featured_media":12282,"comment_status":"open","ping_status":"open","sticky":false,"template":"","format":"standard","meta":{"_acf_changed":false,"content-type":"","footnotes":""},"categories":[370],"tags":[],"class_list":["post-12704","post","type-post","status-publish","format-standard","has-post-thumbnail","hentry","category-ascensori-it-ch"],"acf":[],"_yoast_wpseo_focuskw":"coefficiente di altezza","_yoast_wpseo_metadesc":"Sapete qual \u00e8 il coefficiente di altezza di un ascensore e come influisce? In Eninter spieghiamo cos'\u00e8 il coefficiente di altezza di un ascensore.","yoast_head":"<!-- This site is optimized with the Yoast SEO Premium plugin v21.6 (Yoast SEO v27.5) - https:\/\/yoast.com\/product\/yoast-seo-premium-wordpress\/ -->\n<title>Sapete qual \u00e8 il coefficiente di altezza di un ascensore e come influisce?<\/title>\n<meta name=\"description\" content=\"Sapete qual \u00e8 il coefficiente di altezza di un ascensore e come influisce? In Eninter spieghiamo cos&#039;\u00e8 il coefficiente di altezza di un ascensore.\" \/>\n<meta name=\"robots\" content=\"index, follow, max-snippet:-1, max-image-preview:large, max-video-preview:-1\" \/>\n<link rel=\"canonical\" href=\"https:\/\/www.eninter.com\/it-ch\/sapete-qual-e-il-coefficiente-di-altezza-di-un-ascensore-e-come-influisce-su-di-voi\/\" \/>\n<meta property=\"og:locale\" content=\"it_IT\" \/>\n<meta property=\"og:type\" content=\"article\" \/>\n<meta property=\"og:title\" content=\"Sapete qual \u00e8 il coefficiente di altezza di un ascensore e come influisce su di voi?\" \/>\n<meta property=\"og:description\" content=\"Sapete qual \u00e8 il coefficiente di altezza di un ascensore e come influisce? In Eninter spieghiamo cos&#039;\u00e8 il coefficiente di altezza di un ascensore.\" \/>\n<meta property=\"og:url\" content=\"https:\/\/www.eninter.com\/it-ch\/sapete-qual-e-il-coefficiente-di-altezza-di-un-ascensore-e-come-influisce-su-di-voi\/\" \/>\n<meta property=\"og:site_name\" content=\"ENINTER\" \/>\n<meta property=\"article:publisher\" content=\"https:\/\/www.facebook.com\/EninterAscensores\" \/>\n<meta property=\"article:published_time\" content=\"2019-01-03T10:29:08+00:00\" \/>\n<meta property=\"og:image\" content=\"https:\/\/www.eninter.com\/wp-content\/uploads\/2023\/08\/eninter-mantenimiento-ascensores-barcelona-02.jpg\" \/>\n\t<meta property=\"og:image:width\" content=\"1100\" \/>\n\t<meta property=\"og:image:height\" content=\"734\" \/>\n\t<meta property=\"og:image:type\" content=\"image\/jpeg\" \/>\n<meta name=\"author\" content=\"Albert Puig\" \/>\n<meta name=\"twitter:card\" content=\"summary_large_image\" \/>\n<meta name=\"twitter:creator\" content=\"@Eninter\" \/>\n<meta name=\"twitter:site\" content=\"@Eninter\" \/>\n<meta name=\"twitter:label1\" content=\"Written by\" \/>\n\t<meta name=\"twitter:data1\" content=\"Albert Puig\" \/>\n\t<meta name=\"twitter:label2\" content=\"Est. reading time\" \/>\n\t<meta name=\"twitter:data2\" content=\"2 minutes\" \/>\n<!-- \/ Yoast SEO Premium plugin. -->","yoast_head_json":{"title":"Sapete qual \u00e8 il coefficiente di altezza di un ascensore e come influisce?","description":"Sapete qual \u00e8 il coefficiente di altezza di un ascensore e come influisce? In Eninter spieghiamo cos'\u00e8 il coefficiente di altezza di un ascensore.","robots":{"index":"index","follow":"follow","max-snippet":"max-snippet:-1","max-image-preview":"max-image-preview:large","max-video-preview":"max-video-preview:-1"},"canonical":"https:\/\/www.eninter.com\/it-ch\/sapete-qual-e-il-coefficiente-di-altezza-di-un-ascensore-e-come-influisce-su-di-voi\/","og_locale":"it_IT","og_type":"article","og_title":"Sapete qual \u00e8 il coefficiente di altezza di un ascensore e come influisce su di voi?","og_description":"Sapete qual \u00e8 il coefficiente di altezza di un ascensore e come influisce? In Eninter spieghiamo cos'\u00e8 il coefficiente di altezza di un ascensore.","og_url":"https:\/\/www.eninter.com\/it-ch\/sapete-qual-e-il-coefficiente-di-altezza-di-un-ascensore-e-come-influisce-su-di-voi\/","og_site_name":"ENINTER","article_publisher":"https:\/\/www.facebook.com\/EninterAscensores","article_published_time":"2019-01-03T10:29:08+00:00","og_image":[{"width":1100,"height":734,"url":"https:\/\/www.eninter.com\/wp-content\/uploads\/2023\/08\/eninter-mantenimiento-ascensores-barcelona-02.jpg","type":"image\/jpeg"}],"author":"Albert Puig","twitter_card":"summary_large_image","twitter_creator":"@Eninter","twitter_site":"@Eninter","twitter_misc":{"Written by":"Albert Puig","Est. reading time":"2 minutes"},"schema":{"@context":"https:\/\/schema.org","@graph":[{"@type":"Article","@id":"https:\/\/www.eninter.com\/it-ch\/sapete-qual-e-il-coefficiente-di-altezza-di-un-ascensore-e-come-influisce-su-di-voi\/#article","isPartOf":{"@id":"https:\/\/www.eninter.com\/it-ch\/sapete-qual-e-il-coefficiente-di-altezza-di-un-ascensore-e-come-influisce-su-di-voi\/"},"author":{"name":"Albert Puig","@id":"https:\/\/www.eninter.com\/it-ch\/#\/schema\/person\/e6178c261ac4210884c0e0264dd59043"},"headline":"Sapete qual \u00e8 il coefficiente di altezza di un ascensore e come influisce su di voi?","datePublished":"2019-01-03T10:29:08+00:00","mainEntityOfPage":{"@id":"https:\/\/www.eninter.com\/it-ch\/sapete-qual-e-il-coefficiente-di-altezza-di-un-ascensore-e-come-influisce-su-di-voi\/"},"wordCount":473,"commentCount":0,"publisher":{"@id":"https:\/\/www.eninter.com\/it-ch\/#organization"},"image":{"@id":"https:\/\/www.eninter.com\/it-ch\/sapete-qual-e-il-coefficiente-di-altezza-di-un-ascensore-e-come-influisce-su-di-voi\/#primaryimage"},"thumbnailUrl":"https:\/\/www.eninter.com\/wp-content\/uploads\/2023\/08\/eninter-mantenimiento-ascensores-barcelona-02.jpg","articleSection":["Ascensori"],"inLanguage":"it-CH","potentialAction":[{"@type":"CommentAction","name":"Comment","target":["https:\/\/www.eninter.com\/it-ch\/sapete-qual-e-il-coefficiente-di-altezza-di-un-ascensore-e-come-influisce-su-di-voi\/#respond"]}]},{"@type":"WebPage","@id":"https:\/\/www.eninter.com\/it-ch\/sapete-qual-e-il-coefficiente-di-altezza-di-un-ascensore-e-come-influisce-su-di-voi\/","url":"https:\/\/www.eninter.com\/it-ch\/sapete-qual-e-il-coefficiente-di-altezza-di-un-ascensore-e-come-influisce-su-di-voi\/","name":"Sapete qual \u00e8 il coefficiente di altezza di un ascensore e come influisce?","isPartOf":{"@id":"https:\/\/www.eninter.com\/it-ch\/#website"},"primaryImageOfPage":{"@id":"https:\/\/www.eninter.com\/it-ch\/sapete-qual-e-il-coefficiente-di-altezza-di-un-ascensore-e-come-influisce-su-di-voi\/#primaryimage"},"image":{"@id":"https:\/\/www.eninter.com\/it-ch\/sapete-qual-e-il-coefficiente-di-altezza-di-un-ascensore-e-come-influisce-su-di-voi\/#primaryimage"},"thumbnailUrl":"https:\/\/www.eninter.com\/wp-content\/uploads\/2023\/08\/eninter-mantenimiento-ascensores-barcelona-02.jpg","datePublished":"2019-01-03T10:29:08+00:00","description":"Sapete qual \u00e8 il coefficiente di altezza di un ascensore e come influisce? In Eninter spieghiamo cos'\u00e8 il coefficiente di altezza di un ascensore.","breadcrumb":{"@id":"https:\/\/www.eninter.com\/it-ch\/sapete-qual-e-il-coefficiente-di-altezza-di-un-ascensore-e-come-influisce-su-di-voi\/#breadcrumb"},"inLanguage":"it-CH","potentialAction":[{"@type":"ReadAction","target":["https:\/\/www.eninter.com\/it-ch\/sapete-qual-e-il-coefficiente-di-altezza-di-un-ascensore-e-come-influisce-su-di-voi\/"]}]},{"@type":"ImageObject","inLanguage":"it-CH","@id":"https:\/\/www.eninter.com\/it-ch\/sapete-qual-e-il-coefficiente-di-altezza-di-un-ascensore-e-come-influisce-su-di-voi\/#primaryimage","url":"https:\/\/www.eninter.com\/wp-content\/uploads\/2023\/08\/eninter-mantenimiento-ascensores-barcelona-02.jpg","contentUrl":"https:\/\/www.eninter.com\/wp-content\/uploads\/2023\/08\/eninter-mantenimiento-ascensores-barcelona-02.jpg","width":1100,"height":734},{"@type":"BreadcrumbList","@id":"https:\/\/www.eninter.com\/it-ch\/sapete-qual-e-il-coefficiente-di-altezza-di-un-ascensore-e-come-influisce-su-di-voi\/#breadcrumb","itemListElement":[{"@type":"ListItem","position":1,"name":"Portada","item":"https:\/\/www.eninter.com\/it-ch\/"},{"@type":"ListItem","position":2,"name":"Sapete qual \u00e8 il coefficiente di altezza di un ascensore e come influisce su di voi?"}]},{"@type":"WebSite","@id":"https:\/\/www.eninter.com\/it-ch\/#website","url":"https:\/\/www.eninter.com\/it-ch\/","name":"ENINTER","description":"Mantenimiento de Ascensores Multimarca","publisher":{"@id":"https:\/\/www.eninter.com\/it-ch\/#organization"},"potentialAction":[{"@type":"SearchAction","target":{"@type":"EntryPoint","urlTemplate":"https:\/\/www.eninter.com\/it-ch\/?s={search_term_string}"},"query-input":{"@type":"PropertyValueSpecification","valueRequired":true,"valueName":"search_term_string"}}],"inLanguage":"it-CH"},{"@type":"Organization","@id":"https:\/\/www.eninter.com\/it-ch\/#organization","name":"Eniter","url":"https:\/\/www.eninter.com\/it-ch\/","logo":{"@type":"ImageObject","inLanguage":"it-CH","@id":"https:\/\/www.eninter.com\/it-ch\/#\/schema\/logo\/image\/","url":"https:\/\/www.eninter.com\/wp-content\/uploads\/2023\/08\/logo-eninter-png.png","contentUrl":"https:\/\/www.eninter.com\/wp-content\/uploads\/2023\/08\/logo-eninter-png.png","width":600,"height":340,"caption":"Eniter"},"image":{"@id":"https:\/\/www.eninter.com\/it-ch\/#\/schema\/logo\/image\/"},"sameAs":["https:\/\/www.facebook.com\/EninterAscensores","https:\/\/x.com\/Eninter","https:\/\/www.instagram.com\/eninterascensores\/","https:\/\/www.youtube.com\/user\/ascensoreseninter"]},{"@type":"Person","@id":"https:\/\/www.eninter.com\/it-ch\/#\/schema\/person\/e6178c261ac4210884c0e0264dd59043","name":"Albert Puig","image":{"@type":"ImageObject","inLanguage":"it-CH","@id":"https:\/\/secure.gravatar.com\/avatar\/583d07f3f1036f58d0e44e873586278b582179a16b27a5b3951504e9ee001c06?s=96&d=mm&r=g","url":"https:\/\/secure.gravatar.com\/avatar\/583d07f3f1036f58d0e44e873586278b582179a16b27a5b3951504e9ee001c06?s=96&d=mm&r=g","contentUrl":"https:\/\/secure.gravatar.com\/avatar\/583d07f3f1036f58d0e44e873586278b582179a16b27a5b3951504e9ee001c06?s=96&d=mm&r=g","caption":"Albert Puig"}}]}},"_links":{"self":[{"href":"https:\/\/www.eninter.com\/it-ch\/wp-json\/wp\/v2\/posts\/12704","targetHints":{"allow":["GET"]}}],"collection":[{"href":"https:\/\/www.eninter.com\/it-ch\/wp-json\/wp\/v2\/posts"}],"about":[{"href":"https:\/\/www.eninter.com\/it-ch\/wp-json\/wp\/v2\/types\/post"}],"author":[{"embeddable":true,"href":"https:\/\/www.eninter.com\/it-ch\/wp-json\/wp\/v2\/users\/3"}],"replies":[{"embeddable":true,"href":"https:\/\/www.eninter.com\/it-ch\/wp-json\/wp\/v2\/comments?post=12704"}],"version-history":[{"count":0,"href":"https:\/\/www.eninter.com\/it-ch\/wp-json\/wp\/v2\/posts\/12704\/revisions"}],"wp:featuredmedia":[{"embeddable":true,"href":"https:\/\/www.eninter.com\/it-ch\/wp-json\/wp\/v2\/media\/12282"}],"wp:attachment":[{"href":"https:\/\/www.eninter.com\/it-ch\/wp-json\/wp\/v2\/media?parent=12704"}],"wp:term":[{"taxonomy":"category","embeddable":true,"href":"https:\/\/www.eninter.com\/it-ch\/wp-json\/wp\/v2\/categories?post=12704"},{"taxonomy":"post_tag","embeddable":true,"href":"https:\/\/www.eninter.com\/it-ch\/wp-json\/wp\/v2\/tags?post=12704"}],"curies":[{"name":"wp","href":"https:\/\/api.w.org\/{rel}","templated":true}]}}