{"id":12709,"date":"2019-02-06T11:58:46","date_gmt":"2019-02-06T11:58:46","guid":{"rendered":"https:\/\/www.eninter.com\/tipi-di-piattaforme-elevatrici-per-disabili-quale-e-la-piu-richiesta\/"},"modified":"2019-02-06T11:58:46","modified_gmt":"2019-02-06T11:58:46","slug":"tipi-di-piattaforme-elevatrici-per-disabili-quale-e-la-piu-richiesta","status":"publish","type":"post","link":"https:\/\/www.eninter.com\/it-ch\/tipi-di-piattaforme-elevatrici-per-disabili-quale-e-la-piu-richiesta\/","title":{"rendered":"Tipi di piattaforme elevatrici per disabili Quale \u00e8 la pi\u00f9 richiesta?"},"content":{"rendered":"<p>Una delle preoccupazioni delle persone in sedia a rotelle o a mobilit\u00e0 ridotta e delle loro famiglie \u00e8 quella di potersi muovere senza difficolt\u00e0 ovunque vadano. Oggi affrontiamo questo tema e vi aiutiamo a scegliere il sollevatore a piattaforma ideale per le vostre esigenze. Si tratta di un elemento molto importante nella casa, nell&#8217;appartamento o nell&#8217;edificio in cui vivono. Al giorno d&#8217;oggi ci sono molte soluzioni per i disabili che devono essere prese in considerazione, quindi \u00e8 interessante conoscere l&#8217;importanza e i <strong>tipi di piattaforme elevatrici per disabili<\/strong>.<\/p>\n<h2><strong>Tipi di piattaforme elevatrici per disabili: come scegliere<\/strong><\/h2>\n<p><img fetchpriority=\"high\" decoding=\"async\" class=\" wp-image-6385 aligncenter\" src=\"https:\/\/www.eninter.com\/wp-content\/uploads\/2023\/08\/ascensor-cullera-300x197.jpg\" alt=\"Manutenzione degli ascensori a Cullera\" width=\"413\" height=\"271\" srcset=\"https:\/\/www.eninter.com\/wp-content\/uploads\/2023\/08\/ascensor-cullera-300x197.jpg 300w, https:\/\/www.eninter.com\/wp-content\/uploads\/2023\/08\/ascensor-cullera-1024x672.jpg 1024w, https:\/\/www.eninter.com\/wp-content\/uploads\/2023\/08\/ascensor-cullera-768x504.jpg 768w, https:\/\/www.eninter.com\/wp-content\/uploads\/2023\/08\/ascensor-cullera.jpg 1100w\" sizes=\"(max-width: 413px) 100vw, 413px\" \/><\/p>\n<p>I <strong>sollevatori a piattaforma per disabili<\/strong> facilitano la vita delle persone a mobilit\u00e0 ridotta e delle persone in sedia a rotelle, consentendo loro di accedere all&#8217;ingresso di casa, di facilitare l&#8217;ingresso al pianerottolo superiore in caso di scale o di assistere le persone con scale dritte o curve.<\/p>\n<ol>\n<li><strong>Piattaforme inclinate.<\/strong> <strong>Non \u00e8 necessario alcun intervento edilizio<\/strong>, basta rimuovere i corrimano e installare gli scivoli per consentire alla piattaforma di salire la pendenza delle scale. Ideale per le persone con mobilit\u00e0 ridotta o in sedia a rotelle che sono autosufficienti.<\/li>\n<li><strong>Piattaforme di sollevamento.<\/strong>  I lavori sono necessari se non c&#8217;\u00e8 un vano scala. Si tratta di ascensori verticali aperti che consentono alle persone in sedia a rotelle di superare i dislivelli dei gradini.<\/li>\n<li><strong>Ascensori chiusi.<\/strong> Si tratta di <strong>ascensori verticali dotati di una copertura<\/strong>, obbligatoria quando l&#8217;altezza \u00e8 superiore a 3 metri. Esistono diversi modelli con diverse finiture.<\/li>\n<li><strong>Montascale.<\/strong> Sono la soluzione per le persone a mobilit\u00e0 ridotta che devono salire i gradini, <strong>senza bisogno di lavori edili, anche se la scala \u00e8 curva<\/strong>.<\/li>\n<li><strong>Ascensori adattati.<\/strong> Mentre le altre soluzioni vanno bene per i gradini degli edifici o degli ingressi, o anche per un solo piano come nel caso dei<a title=\"montascale\" href=\"https:\/\/www.eninter.com\/accesibilidad\/salvaescaleras\" target=\"\" rel=\"noopener\"><br \/>\n  <strong> montascale<\/strong><br \/>\n<\/a>La verit\u00e0 \u00e8 che per le altezze maggiori \u00e8 necessario disporre di ascensori pneumatici adattati per le persone in sedia a rotelle. Dovrebbero essere ascensori spaziosi.<\/li>\n<\/ol>\n<p>Mentre gli ascensori adattati sono ideali per gli edifici a pi\u00f9 piani, la necessit\u00e0 di una piattaforma o dell&#8217;altra dipende da ci\u00f2 che \u00e8 necessario in ogni caso e dalle circostanze individuali.<\/p>\n<p>Inoltre, a seconda di aspetti come le scale o determinate circostanze, esistono diversi modelli di ciascuna delle piattaforme rialzate per disabili esistenti.<\/p>\n<p>Se siete interessati a questo post, potreste essere interessati anche ai seguenti post:<\/p>\n<p><a title=\"ASCENSORI E MONTACARICHI PER DISABILI, SONO OBBLIGATORI NEL 2018?\" href=\"https:\/\/www.eninter.com\/blog\/ascensores-elevadores-minusvalidos-obligatorios\/\" target=\"_blank\" rel=\"noopener\">ASCENSORI E MONTACARICHI PER DISABILI, SONO OBBLIGATORI NEL 2018?<\/a><\/p>\n<p><a title=\"MISURE MINIME DEGLI ASCENSORI PER DISABILI\" href=\"https:\/\/www.eninter.com\/blog\/ascensores-minusvalidos-medidas-minimas\/\" target=\"_blank\" rel=\"noopener\">  MISURE MINIME DEGLI ASCENSORI PER DISABILI<\/a><\/p>\n","protected":false},"excerpt":{"rendered":"<p>Una delle preoccupazioni delle persone in sedia a rotelle o a mobilit\u00e0 ridotta e delle loro famiglie \u00e8 quella di potersi muovere senza difficolt\u00e0 ovunque vadano. Oggi affrontiamo questo tema e vi aiutiamo a scegliere il sollevatore a piattaforma ideale per le vostre esigenze. Si tratta di un elemento molto importante nella casa, nell&#8217;appartamento o [&hellip;]<\/p>\n","protected":false},"author":3,"featured_media":0,"comment_status":"closed","ping_status":"closed","sticky":false,"template":"","format":"standard","meta":{"_acf_changed":false,"content-type":"","footnotes":""},"categories":[369],"tags":[],"class_list":["post-12709","post","type-post","status-publish","format-standard","hentry","category-accessibilita-it-ch"],"acf":[],"_yoast_wpseo_focuskw":"piattaforme elevatrici per disabili","_yoast_wpseo_metadesc":"Esistono molti ascensori a piattaforma per disabili. Scoprite tutti i dettagli degli ascensori per disabili di Eninter.","yoast_head":"<!-- This site is optimized with the Yoast SEO Premium plugin v21.6 (Yoast SEO v27.5) - https:\/\/yoast.com\/product\/yoast-seo-premium-wordpress\/ -->\n<title>Tipi di piattaforme elevatrici per disabili | Blog Eninter<\/title>\n<meta name=\"description\" content=\"Esistono molti ascensori a piattaforma per disabili. Scoprite tutti i dettagli degli ascensori per disabili di Eninter.\" \/>\n<meta name=\"robots\" content=\"index, follow, max-snippet:-1, max-image-preview:large, max-video-preview:-1\" \/>\n<link rel=\"canonical\" href=\"https:\/\/www.eninter.com\/it-ch\/tipi-di-piattaforme-elevatrici-per-disabili-quale-e-la-piu-richiesta\/\" \/>\n<meta property=\"og:locale\" content=\"it_IT\" \/>\n<meta property=\"og:type\" content=\"article\" \/>\n<meta property=\"og:title\" content=\"Tipi di piattaforme elevatrici per disabili Quale \u00e8 la pi\u00f9 richiesta?\" \/>\n<meta property=\"og:description\" content=\"Esistono molti ascensori a piattaforma per disabili. Scoprite tutti i dettagli degli ascensori per disabili di Eninter.\" \/>\n<meta property=\"og:url\" content=\"https:\/\/www.eninter.com\/it-ch\/tipi-di-piattaforme-elevatrici-per-disabili-quale-e-la-piu-richiesta\/\" \/>\n<meta property=\"og:site_name\" content=\"ENINTER\" \/>\n<meta property=\"article:publisher\" content=\"https:\/\/www.facebook.com\/EninterAscensores\" \/>\n<meta property=\"article:published_time\" content=\"2019-02-06T11:58:46+00:00\" \/>\n<meta property=\"og:image\" content=\"https:\/\/www.eninter.com\/wp-content\/uploads\/2023\/08\/ascensor-cullera-300x197.jpg\" \/>\n<meta name=\"author\" content=\"Albert Puig\" \/>\n<meta name=\"twitter:card\" content=\"summary_large_image\" \/>\n<meta name=\"twitter:creator\" content=\"@Eninter\" \/>\n<meta name=\"twitter:site\" content=\"@Eninter\" \/>\n<meta name=\"twitter:label1\" content=\"Written by\" \/>\n\t<meta name=\"twitter:data1\" content=\"Albert Puig\" \/>\n\t<meta name=\"twitter:label2\" content=\"Est. reading time\" \/>\n\t<meta name=\"twitter:data2\" content=\"2 minutes\" \/>\n<!-- \/ Yoast SEO Premium plugin. -->","yoast_head_json":{"title":"Tipi di piattaforme elevatrici per disabili | Blog Eninter","description":"Esistono molti ascensori a piattaforma per disabili. Scoprite tutti i dettagli degli ascensori per disabili di Eninter.","robots":{"index":"index","follow":"follow","max-snippet":"max-snippet:-1","max-image-preview":"max-image-preview:large","max-video-preview":"max-video-preview:-1"},"canonical":"https:\/\/www.eninter.com\/it-ch\/tipi-di-piattaforme-elevatrici-per-disabili-quale-e-la-piu-richiesta\/","og_locale":"it_IT","og_type":"article","og_title":"Tipi di piattaforme elevatrici per disabili Quale \u00e8 la pi\u00f9 richiesta?","og_description":"Esistono molti ascensori a piattaforma per disabili. Scoprite tutti i dettagli degli ascensori per disabili di Eninter.","og_url":"https:\/\/www.eninter.com\/it-ch\/tipi-di-piattaforme-elevatrici-per-disabili-quale-e-la-piu-richiesta\/","og_site_name":"ENINTER","article_publisher":"https:\/\/www.facebook.com\/EninterAscensores","article_published_time":"2019-02-06T11:58:46+00:00","og_image":[{"url":"https:\/\/www.eninter.com\/wp-content\/uploads\/2023\/08\/ascensor-cullera-300x197.jpg","type":"","width":"","height":""}],"author":"Albert Puig","twitter_card":"summary_large_image","twitter_creator":"@Eninter","twitter_site":"@Eninter","twitter_misc":{"Written by":"Albert Puig","Est. reading time":"2 minutes"},"schema":{"@context":"https:\/\/schema.org","@graph":[{"@type":"Article","@id":"https:\/\/www.eninter.com\/it-ch\/tipi-di-piattaforme-elevatrici-per-disabili-quale-e-la-piu-richiesta\/#article","isPartOf":{"@id":"https:\/\/www.eninter.com\/it-ch\/tipi-di-piattaforme-elevatrici-per-disabili-quale-e-la-piu-richiesta\/"},"author":{"name":"Albert Puig","@id":"https:\/\/www.eninter.com\/it-ch\/#\/schema\/person\/e6178c261ac4210884c0e0264dd59043"},"headline":"Tipi di piattaforme elevatrici per disabili Quale \u00e8 la pi\u00f9 richiesta?","datePublished":"2019-02-06T11:58:46+00:00","mainEntityOfPage":{"@id":"https:\/\/www.eninter.com\/it-ch\/tipi-di-piattaforme-elevatrici-per-disabili-quale-e-la-piu-richiesta\/"},"wordCount":412,"publisher":{"@id":"https:\/\/www.eninter.com\/it-ch\/#organization"},"image":{"@id":"https:\/\/www.eninter.com\/it-ch\/tipi-di-piattaforme-elevatrici-per-disabili-quale-e-la-piu-richiesta\/#primaryimage"},"thumbnailUrl":"https:\/\/www.eninter.com\/wp-content\/uploads\/2023\/08\/ascensor-cullera-300x197.jpg","articleSection":["Accessibilit\u00e0"],"inLanguage":"it-CH"},{"@type":"WebPage","@id":"https:\/\/www.eninter.com\/it-ch\/tipi-di-piattaforme-elevatrici-per-disabili-quale-e-la-piu-richiesta\/","url":"https:\/\/www.eninter.com\/it-ch\/tipi-di-piattaforme-elevatrici-per-disabili-quale-e-la-piu-richiesta\/","name":"Tipi di piattaforme elevatrici per disabili | Blog Eninter","isPartOf":{"@id":"https:\/\/www.eninter.com\/it-ch\/#website"},"primaryImageOfPage":{"@id":"https:\/\/www.eninter.com\/it-ch\/tipi-di-piattaforme-elevatrici-per-disabili-quale-e-la-piu-richiesta\/#primaryimage"},"image":{"@id":"https:\/\/www.eninter.com\/it-ch\/tipi-di-piattaforme-elevatrici-per-disabili-quale-e-la-piu-richiesta\/#primaryimage"},"thumbnailUrl":"https:\/\/www.eninter.com\/wp-content\/uploads\/2023\/08\/ascensor-cullera-300x197.jpg","datePublished":"2019-02-06T11:58:46+00:00","description":"Esistono molti ascensori a piattaforma per disabili. Scoprite tutti i dettagli degli ascensori per disabili di Eninter.","breadcrumb":{"@id":"https:\/\/www.eninter.com\/it-ch\/tipi-di-piattaforme-elevatrici-per-disabili-quale-e-la-piu-richiesta\/#breadcrumb"},"inLanguage":"it-CH","potentialAction":[{"@type":"ReadAction","target":["https:\/\/www.eninter.com\/it-ch\/tipi-di-piattaforme-elevatrici-per-disabili-quale-e-la-piu-richiesta\/"]}]},{"@type":"ImageObject","inLanguage":"it-CH","@id":"https:\/\/www.eninter.com\/it-ch\/tipi-di-piattaforme-elevatrici-per-disabili-quale-e-la-piu-richiesta\/#primaryimage","url":"https:\/\/www.eninter.com\/wp-content\/uploads\/2023\/08\/ascensor-cullera-300x197.jpg","contentUrl":"https:\/\/www.eninter.com\/wp-content\/uploads\/2023\/08\/ascensor-cullera-300x197.jpg"},{"@type":"BreadcrumbList","@id":"https:\/\/www.eninter.com\/it-ch\/tipi-di-piattaforme-elevatrici-per-disabili-quale-e-la-piu-richiesta\/#breadcrumb","itemListElement":[{"@type":"ListItem","position":1,"name":"Portada","item":"https:\/\/www.eninter.com\/it-ch\/"},{"@type":"ListItem","position":2,"name":"Tipi di piattaforme elevatrici per disabili Quale \u00e8 la pi\u00f9 richiesta?"}]},{"@type":"WebSite","@id":"https:\/\/www.eninter.com\/it-ch\/#website","url":"https:\/\/www.eninter.com\/it-ch\/","name":"ENINTER","description":"Mantenimiento de Ascensores Multimarca","publisher":{"@id":"https:\/\/www.eninter.com\/it-ch\/#organization"},"potentialAction":[{"@type":"SearchAction","target":{"@type":"EntryPoint","urlTemplate":"https:\/\/www.eninter.com\/it-ch\/?s={search_term_string}"},"query-input":{"@type":"PropertyValueSpecification","valueRequired":true,"valueName":"search_term_string"}}],"inLanguage":"it-CH"},{"@type":"Organization","@id":"https:\/\/www.eninter.com\/it-ch\/#organization","name":"Eniter","url":"https:\/\/www.eninter.com\/it-ch\/","logo":{"@type":"ImageObject","inLanguage":"it-CH","@id":"https:\/\/www.eninter.com\/it-ch\/#\/schema\/logo\/image\/","url":"https:\/\/www.eninter.com\/wp-content\/uploads\/2023\/08\/logo-eninter-png.png","contentUrl":"https:\/\/www.eninter.com\/wp-content\/uploads\/2023\/08\/logo-eninter-png.png","width":600,"height":340,"caption":"Eniter"},"image":{"@id":"https:\/\/www.eninter.com\/it-ch\/#\/schema\/logo\/image\/"},"sameAs":["https:\/\/www.facebook.com\/EninterAscensores","https:\/\/x.com\/Eninter","https:\/\/www.instagram.com\/eninterascensores\/","https:\/\/www.youtube.com\/user\/ascensoreseninter"]},{"@type":"Person","@id":"https:\/\/www.eninter.com\/it-ch\/#\/schema\/person\/e6178c261ac4210884c0e0264dd59043","name":"Albert Puig","image":{"@type":"ImageObject","inLanguage":"it-CH","@id":"https:\/\/secure.gravatar.com\/avatar\/583d07f3f1036f58d0e44e873586278b582179a16b27a5b3951504e9ee001c06?s=96&d=mm&r=g","url":"https:\/\/secure.gravatar.com\/avatar\/583d07f3f1036f58d0e44e873586278b582179a16b27a5b3951504e9ee001c06?s=96&d=mm&r=g","contentUrl":"https:\/\/secure.gravatar.com\/avatar\/583d07f3f1036f58d0e44e873586278b582179a16b27a5b3951504e9ee001c06?s=96&d=mm&r=g","caption":"Albert Puig"}}]}},"_links":{"self":[{"href":"https:\/\/www.eninter.com\/it-ch\/wp-json\/wp\/v2\/posts\/12709","targetHints":{"allow":["GET"]}}],"collection":[{"href":"https:\/\/www.eninter.com\/it-ch\/wp-json\/wp\/v2\/posts"}],"about":[{"href":"https:\/\/www.eninter.com\/it-ch\/wp-json\/wp\/v2\/types\/post"}],"author":[{"embeddable":true,"href":"https:\/\/www.eninter.com\/it-ch\/wp-json\/wp\/v2\/users\/3"}],"replies":[{"embeddable":true,"href":"https:\/\/www.eninter.com\/it-ch\/wp-json\/wp\/v2\/comments?post=12709"}],"version-history":[{"count":0,"href":"https:\/\/www.eninter.com\/it-ch\/wp-json\/wp\/v2\/posts\/12709\/revisions"}],"wp:attachment":[{"href":"https:\/\/www.eninter.com\/it-ch\/wp-json\/wp\/v2\/media?parent=12709"}],"wp:term":[{"taxonomy":"category","embeddable":true,"href":"https:\/\/www.eninter.com\/it-ch\/wp-json\/wp\/v2\/categories?post=12709"},{"taxonomy":"post_tag","embeddable":true,"href":"https:\/\/www.eninter.com\/it-ch\/wp-json\/wp\/v2\/tags?post=12709"}],"curies":[{"name":"wp","href":"https:\/\/api.w.org\/{rel}","templated":true}]}}