{"id":12720,"date":"2019-02-27T13:55:16","date_gmt":"2019-02-27T13:55:16","guid":{"rendered":"https:\/\/www.eninter.com\/quando-e-obbligatoria-linstallazione-di-un-ascensore\/"},"modified":"2019-02-27T13:55:16","modified_gmt":"2019-02-27T13:55:16","slug":"quando-e-obbligatoria-linstallazione-di-un-ascensore","status":"publish","type":"post","link":"https:\/\/www.eninter.com\/it-ch\/quando-e-obbligatoria-linstallazione-di-un-ascensore\/","title":{"rendered":"Quando \u00e8 obbligatoria l&#8217;installazione di un ascensore?"},"content":{"rendered":"<p>Ci sono casi in cui l&#8217;<strong> installazione di un ascensore nell&#8217;edificio <\/strong>\u00e8 un obbligo, quindi \u00e8 necessario sapere quali sono. Ne parliamo in questo articolo.<\/p>\n<h2>L&#8217;installazione di un ascensore \u00e8 obbligatoria?<\/h2>\n<p>Nelle comunit\u00e0 di quartiere \u00e8  <strong>obbligatorio installare l&#8217;ascensore<\/strong>  quando il  <strong>maggioranza dei proprietari<\/strong>  (se rappresentano la maggioranza delle quote di partecipazione)  <strong>vota a favore<\/strong>e anche se si tratta di garantire la<strong>  mobilit\u00e0 e accessibilit\u00e0 per le persone con disabilit\u00e0, a mobilit\u00e0 ridotta o con pi\u00f9 di 70 anni.<\/strong>  Quest&#8217;ultimo non si applica solo a chi vive nell&#8217;edificio, ma anche a chi fa volontariato e lavora nell&#8217;edificio.<\/p>\n<p>Dal<strong> 4 dicembre 2017<\/strong>, invece, l&#8217;installazione di un ascensore negli edifici residenziali \u00e8 obbligatoria. Questa misura, inclusa nel<strong> Regio Decreto 1\/2013 del 29 novembre<\/strong>, mira a raggiungere l&#8217;accessibilit\u00e0 universale nelle associazioni di proprietari di case. Ci\u00f2 al fine di facilitare l&#8217;<strong> accessibilit\u00e0 alle<\/strong> persone sopra citate.<\/p>\n<p>&nbsp;<\/p>\n<p><img fetchpriority=\"high\" decoding=\"async\" class=\"alignnone size-medium wp-image-9698 aligncenter\" src=\"https:\/\/www.eninter.com\/wp-content\/uploads\/2023\/10\/2-3-300x300.jpg\" alt=\"\" width=\"300\" height=\"300\" srcset=\"https:\/\/www.eninter.com\/wp-content\/uploads\/2023\/10\/2-3-300x300.jpg 300w, https:\/\/www.eninter.com\/wp-content\/uploads\/2023\/10\/2-3-1024x1024.jpg 1024w, https:\/\/www.eninter.com\/wp-content\/uploads\/2023\/10\/2-3-150x150.jpg 150w, https:\/\/www.eninter.com\/wp-content\/uploads\/2023\/10\/2-3-768x768.jpg 768w, https:\/\/www.eninter.com\/wp-content\/uploads\/2023\/10\/2-3.jpg 1080w\" sizes=\"(max-width: 300px) 100vw, 300px\" \/><\/p>\n<h2>Sovvenzioni e sussidi per l&#8217;installazione<\/h2>\n<p>Se siete obbligati a installare l&#8217;ascensore o avete deciso di farlo, \u00e8 importante che scopriate quali sono le sovvenzioni disponibili al momento per vedere se potete beneficiarne.<\/p>\n<p>Va ricordato che, poich\u00e9 l&#8217;adeguamento degli edifici \u00e8 obbligatorio, sono disponibili sussidi pubblici per facilitare il finanziamento delle associazioni di proprietari di case. Tuttavia, sono i <strong>proprietari di casa a dover sostenere i costi di installazione<\/strong> e manutenzione dell&#8217;ascensore, anche se hanno votato contro.<\/p>\n<p><strong> Nel 2019 e ogni anno sono previste numerose sovvenzioni per l&#8217;installazione di ascensori<\/strong> in ogni Comunit\u00e0 Autonoma, per cui \u00e8 possibile controllare i <strong>siti web o gli uffici di ogni comunit\u00e0<\/strong> per scoprire quali sovvenzioni sono disponibili in un determinato momento. Di solito sono in determinati periodi specifici. Per conoscere i <a title=\"sovvenzioni e contributi per l'installazione di ascensori 2018\" href=\"https:\/\/www.eninter.com\/blog\/ayudas-subvenciones-instalacion-ascensores-2018\/\" target=\"blank\" rel=\"noopener\">sussidi e le sovvenzioni per l&#8217;installazione di ascensori 2018<\/a>, potete cliccare qui.<\/p>\n<p>Se volete informarvi sugli <a title=\"ausili per ascensori\" href=\"https:\/\/www.eninter.com\/blog\/subvenciones-ayudas-instalar-ascensor\/\" target=\"blank\" rel=\"noopener\">aiuti per gli ascensori<\/a>, potrete conoscere i<strong> programmi di aiuto della vostra comunit\u00e0 autonoma<\/strong> per l&#8217;installazione, l&#8217;ammodernamento, la riabilitazione, la riparazione di ascensori o l&#8217;eliminazione di barriere architettoniche, rimanendo aggiornati sulle ultime novit\u00e0 di questi aiuti, che non sono disponibili tutto l&#8217;anno.<\/p>\n","protected":false},"excerpt":{"rendered":"<p>Ci sono casi in cui l&#8217; installazione di un ascensore nell&#8217;edificio \u00e8 un obbligo, quindi \u00e8 necessario sapere quali sono. Ne parliamo in questo articolo. L&#8217;installazione di un ascensore \u00e8 obbligatoria? Nelle comunit\u00e0 di quartiere \u00e8 obbligatorio installare l&#8217;ascensore quando il maggioranza dei proprietari (se rappresentano la maggioranza delle quote di partecipazione) vota a favoree [&hellip;]<\/p>\n","protected":false},"author":3,"featured_media":0,"comment_status":"open","ping_status":"open","sticky":false,"template":"","format":"standard","meta":{"_acf_changed":false,"content-type":"","footnotes":""},"categories":[370],"tags":[],"class_list":["post-12720","post","type-post","status-publish","format-standard","hentry","category-ascensori-it-ch"],"acf":[],"_yoast_wpseo_focuskw":"installazione di un ascensore","_yoast_wpseo_metadesc":"Ci sono casi in cui l'installazione di un ascensore nel nostro edificio \u00e8 un obbligo. In questo articolo scoprirete quando inserirne uno.","yoast_head":"<!-- This site is optimized with the Yoast SEO Premium plugin v21.6 (Yoast SEO v27.5) - https:\/\/yoast.com\/product\/yoast-seo-premium-wordpress\/ -->\n<title>Quando \u00e8 obbligatoria l&#039;installazione di un ascensore? | Eninter<\/title>\n<meta name=\"description\" content=\"Ci sono casi in cui l&#039;installazione di un ascensore nel nostro edificio \u00e8 un obbligo. In questo articolo scoprirete quando inserirne uno.\" \/>\n<meta name=\"robots\" content=\"index, follow, max-snippet:-1, max-image-preview:large, max-video-preview:-1\" \/>\n<link rel=\"canonical\" href=\"https:\/\/www.eninter.com\/it-ch\/quando-e-obbligatoria-linstallazione-di-un-ascensore\/\" \/>\n<meta property=\"og:locale\" content=\"it_IT\" \/>\n<meta property=\"og:type\" content=\"article\" \/>\n<meta property=\"og:title\" content=\"Quando \u00e8 obbligatoria l&#039;installazione di un ascensore?\" \/>\n<meta property=\"og:description\" content=\"Ci sono casi in cui l&#039;installazione di un ascensore nel nostro edificio \u00e8 un obbligo. In questo articolo scoprirete quando inserirne uno.\" \/>\n<meta property=\"og:url\" content=\"https:\/\/www.eninter.com\/it-ch\/quando-e-obbligatoria-linstallazione-di-un-ascensore\/\" \/>\n<meta property=\"og:site_name\" content=\"ENINTER\" \/>\n<meta property=\"article:publisher\" content=\"https:\/\/www.facebook.com\/EninterAscensores\" \/>\n<meta property=\"article:published_time\" content=\"2019-02-27T13:55:16+00:00\" \/>\n<meta property=\"og:image\" content=\"https:\/\/www.eninter.com\/wp-content\/uploads\/2023\/10\/2-3-300x300.jpg\" \/>\n<meta name=\"author\" content=\"Albert Puig\" \/>\n<meta name=\"twitter:card\" content=\"summary_large_image\" \/>\n<meta name=\"twitter:creator\" content=\"@Eninter\" \/>\n<meta name=\"twitter:site\" content=\"@Eninter\" \/>\n<meta name=\"twitter:label1\" content=\"Written by\" \/>\n\t<meta name=\"twitter:data1\" content=\"Albert Puig\" \/>\n\t<meta name=\"twitter:label2\" content=\"Est. reading time\" \/>\n\t<meta name=\"twitter:data2\" content=\"2 minutes\" \/>\n<!-- \/ Yoast SEO Premium plugin. -->","yoast_head_json":{"title":"Quando \u00e8 obbligatoria l'installazione di un ascensore? | Eninter","description":"Ci sono casi in cui l'installazione di un ascensore nel nostro edificio \u00e8 un obbligo. In questo articolo scoprirete quando inserirne uno.","robots":{"index":"index","follow":"follow","max-snippet":"max-snippet:-1","max-image-preview":"max-image-preview:large","max-video-preview":"max-video-preview:-1"},"canonical":"https:\/\/www.eninter.com\/it-ch\/quando-e-obbligatoria-linstallazione-di-un-ascensore\/","og_locale":"it_IT","og_type":"article","og_title":"Quando \u00e8 obbligatoria l'installazione di un ascensore?","og_description":"Ci sono casi in cui l'installazione di un ascensore nel nostro edificio \u00e8 un obbligo. In questo articolo scoprirete quando inserirne uno.","og_url":"https:\/\/www.eninter.com\/it-ch\/quando-e-obbligatoria-linstallazione-di-un-ascensore\/","og_site_name":"ENINTER","article_publisher":"https:\/\/www.facebook.com\/EninterAscensores","article_published_time":"2019-02-27T13:55:16+00:00","og_image":[{"url":"https:\/\/www.eninter.com\/wp-content\/uploads\/2023\/10\/2-3-300x300.jpg","type":"","width":"","height":""}],"author":"Albert Puig","twitter_card":"summary_large_image","twitter_creator":"@Eninter","twitter_site":"@Eninter","twitter_misc":{"Written by":"Albert Puig","Est. reading time":"2 minutes"},"schema":{"@context":"https:\/\/schema.org","@graph":[{"@type":"Article","@id":"https:\/\/www.eninter.com\/it-ch\/quando-e-obbligatoria-linstallazione-di-un-ascensore\/#article","isPartOf":{"@id":"https:\/\/www.eninter.com\/it-ch\/quando-e-obbligatoria-linstallazione-di-un-ascensore\/"},"author":{"name":"Albert Puig","@id":"https:\/\/www.eninter.com\/it-ch\/#\/schema\/person\/e6178c261ac4210884c0e0264dd59043"},"headline":"Quando \u00e8 obbligatoria l&#8217;installazione di un ascensore?","datePublished":"2019-02-27T13:55:16+00:00","mainEntityOfPage":{"@id":"https:\/\/www.eninter.com\/it-ch\/quando-e-obbligatoria-linstallazione-di-un-ascensore\/"},"wordCount":339,"commentCount":0,"publisher":{"@id":"https:\/\/www.eninter.com\/it-ch\/#organization"},"image":{"@id":"https:\/\/www.eninter.com\/it-ch\/quando-e-obbligatoria-linstallazione-di-un-ascensore\/#primaryimage"},"thumbnailUrl":"https:\/\/www.eninter.com\/wp-content\/uploads\/2023\/10\/2-3-300x300.jpg","articleSection":["Ascensori"],"inLanguage":"it-CH","potentialAction":[{"@type":"CommentAction","name":"Comment","target":["https:\/\/www.eninter.com\/it-ch\/quando-e-obbligatoria-linstallazione-di-un-ascensore\/#respond"]}]},{"@type":"WebPage","@id":"https:\/\/www.eninter.com\/it-ch\/quando-e-obbligatoria-linstallazione-di-un-ascensore\/","url":"https:\/\/www.eninter.com\/it-ch\/quando-e-obbligatoria-linstallazione-di-un-ascensore\/","name":"Quando \u00e8 obbligatoria l'installazione di un ascensore? | Eninter","isPartOf":{"@id":"https:\/\/www.eninter.com\/it-ch\/#website"},"primaryImageOfPage":{"@id":"https:\/\/www.eninter.com\/it-ch\/quando-e-obbligatoria-linstallazione-di-un-ascensore\/#primaryimage"},"image":{"@id":"https:\/\/www.eninter.com\/it-ch\/quando-e-obbligatoria-linstallazione-di-un-ascensore\/#primaryimage"},"thumbnailUrl":"https:\/\/www.eninter.com\/wp-content\/uploads\/2023\/10\/2-3-300x300.jpg","datePublished":"2019-02-27T13:55:16+00:00","description":"Ci sono casi in cui l'installazione di un ascensore nel nostro edificio \u00e8 un obbligo. In questo articolo scoprirete quando inserirne uno.","breadcrumb":{"@id":"https:\/\/www.eninter.com\/it-ch\/quando-e-obbligatoria-linstallazione-di-un-ascensore\/#breadcrumb"},"inLanguage":"it-CH","potentialAction":[{"@type":"ReadAction","target":["https:\/\/www.eninter.com\/it-ch\/quando-e-obbligatoria-linstallazione-di-un-ascensore\/"]}]},{"@type":"ImageObject","inLanguage":"it-CH","@id":"https:\/\/www.eninter.com\/it-ch\/quando-e-obbligatoria-linstallazione-di-un-ascensore\/#primaryimage","url":"https:\/\/www.eninter.com\/wp-content\/uploads\/2023\/10\/2-3-300x300.jpg","contentUrl":"https:\/\/www.eninter.com\/wp-content\/uploads\/2023\/10\/2-3-300x300.jpg"},{"@type":"BreadcrumbList","@id":"https:\/\/www.eninter.com\/it-ch\/quando-e-obbligatoria-linstallazione-di-un-ascensore\/#breadcrumb","itemListElement":[{"@type":"ListItem","position":1,"name":"Portada","item":"https:\/\/www.eninter.com\/it-ch\/"},{"@type":"ListItem","position":2,"name":"Quando \u00e8 obbligatoria l&#8217;installazione di un ascensore?"}]},{"@type":"WebSite","@id":"https:\/\/www.eninter.com\/it-ch\/#website","url":"https:\/\/www.eninter.com\/it-ch\/","name":"ENINTER","description":"Mantenimiento de Ascensores Multimarca","publisher":{"@id":"https:\/\/www.eninter.com\/it-ch\/#organization"},"potentialAction":[{"@type":"SearchAction","target":{"@type":"EntryPoint","urlTemplate":"https:\/\/www.eninter.com\/it-ch\/?s={search_term_string}"},"query-input":{"@type":"PropertyValueSpecification","valueRequired":true,"valueName":"search_term_string"}}],"inLanguage":"it-CH"},{"@type":"Organization","@id":"https:\/\/www.eninter.com\/it-ch\/#organization","name":"Eniter","url":"https:\/\/www.eninter.com\/it-ch\/","logo":{"@type":"ImageObject","inLanguage":"it-CH","@id":"https:\/\/www.eninter.com\/it-ch\/#\/schema\/logo\/image\/","url":"https:\/\/www.eninter.com\/wp-content\/uploads\/2023\/08\/logo-eninter-png.png","contentUrl":"https:\/\/www.eninter.com\/wp-content\/uploads\/2023\/08\/logo-eninter-png.png","width":600,"height":340,"caption":"Eniter"},"image":{"@id":"https:\/\/www.eninter.com\/it-ch\/#\/schema\/logo\/image\/"},"sameAs":["https:\/\/www.facebook.com\/EninterAscensores","https:\/\/x.com\/Eninter","https:\/\/www.instagram.com\/eninterascensores\/","https:\/\/www.youtube.com\/user\/ascensoreseninter"]},{"@type":"Person","@id":"https:\/\/www.eninter.com\/it-ch\/#\/schema\/person\/e6178c261ac4210884c0e0264dd59043","name":"Albert Puig","image":{"@type":"ImageObject","inLanguage":"it-CH","@id":"https:\/\/secure.gravatar.com\/avatar\/583d07f3f1036f58d0e44e873586278b582179a16b27a5b3951504e9ee001c06?s=96&d=mm&r=g","url":"https:\/\/secure.gravatar.com\/avatar\/583d07f3f1036f58d0e44e873586278b582179a16b27a5b3951504e9ee001c06?s=96&d=mm&r=g","contentUrl":"https:\/\/secure.gravatar.com\/avatar\/583d07f3f1036f58d0e44e873586278b582179a16b27a5b3951504e9ee001c06?s=96&d=mm&r=g","caption":"Albert Puig"}}]}},"_links":{"self":[{"href":"https:\/\/www.eninter.com\/it-ch\/wp-json\/wp\/v2\/posts\/12720","targetHints":{"allow":["GET"]}}],"collection":[{"href":"https:\/\/www.eninter.com\/it-ch\/wp-json\/wp\/v2\/posts"}],"about":[{"href":"https:\/\/www.eninter.com\/it-ch\/wp-json\/wp\/v2\/types\/post"}],"author":[{"embeddable":true,"href":"https:\/\/www.eninter.com\/it-ch\/wp-json\/wp\/v2\/users\/3"}],"replies":[{"embeddable":true,"href":"https:\/\/www.eninter.com\/it-ch\/wp-json\/wp\/v2\/comments?post=12720"}],"version-history":[{"count":0,"href":"https:\/\/www.eninter.com\/it-ch\/wp-json\/wp\/v2\/posts\/12720\/revisions"}],"wp:attachment":[{"href":"https:\/\/www.eninter.com\/it-ch\/wp-json\/wp\/v2\/media?parent=12720"}],"wp:term":[{"taxonomy":"category","embeddable":true,"href":"https:\/\/www.eninter.com\/it-ch\/wp-json\/wp\/v2\/categories?post=12720"},{"taxonomy":"post_tag","embeddable":true,"href":"https:\/\/www.eninter.com\/it-ch\/wp-json\/wp\/v2\/tags?post=12720"}],"curies":[{"name":"wp","href":"https:\/\/api.w.org\/{rel}","templated":true}]}}