{"id":12754,"date":"2020-09-09T10:44:16","date_gmt":"2020-09-09T10:44:16","guid":{"rendered":"https:\/\/www.eninter.com\/ritorno-a-scuola-e-alla-routine-con-la-massima-sicurezza\/"},"modified":"2020-09-09T10:44:16","modified_gmt":"2020-09-09T10:44:16","slug":"ritorno-a-scuola-e-alla-routine-con-la-massima-sicurezza","status":"publish","type":"post","link":"https:\/\/www.eninter.com\/it-ch\/ritorno-a-scuola-e-alla-routine-con-la-massima-sicurezza\/","title":{"rendered":"Ritorno a scuola e alla routine con la massima sicurezza"},"content":{"rendered":"<p>Le vacanze sono finite e, a poco a poco, stiamo tutti tornando alla routine quotidiana. I pi\u00f9 piccoli a scuola e i pi\u00f9 grandi al lavoro. L&#8217;afflusso di persone aumenter\u00e0 progressivamente nelle strade e, se si vive in una comunit\u00e0, il traffico di vicini aumenter\u00e0 anche negli spazi comuni, nelle scale e soprattutto nell&#8217;ascensore.<\/p>\n<p>Noi di Eninter Ascensores lavoriamo ogni giorno per migliorare la qualit\u00e0 della vostra vita e, in questo caso, la qualit\u00e0 della vita \u00e8 direttamente legata alla vostra <a href=\"https:\/\/www.eninter.com\/blog\/como-limpiar-el-ascensor-para-evitar-la-expansion-del-covid-19\/\">sicurezza<\/a>: ecco perch\u00e9 abbiamo questa chiave che impedisce il contatto con le superfici.<\/p>\n<p>Con esso \u00e8 possibile aprire maniglie e porte senza alcun contatto con le superfici. Si pu\u00f2 usare non solo per aprire porte e maniglie, ma anche per premere i pulsanti della pulsantiera dell&#8217;ascensore, una delle aree pi\u00f9 contagiose dell&#8217;ascensore.<\/p>\n<p>Ricordate che quando salite o scendete in ascensore, <strong>dovete viaggiare uno<\/strong> alla volta, poich\u00e9 lo spazio in cabina non \u00e8 sufficiente per rispettare la distanza di sicurezza tra le persone stabilita dall&#8217;<a href=\"https:\/\/www.who.int\/es\">Organizzazione Mondiale della Sanit\u00e0<\/a> in un metro e mezzo<strong>.<\/strong><\/p>\n<p>Se preferite prendere le <strong>scale<\/strong>, \u00e8 molto importante che <strong>non tocchiate il corrimano<\/strong><strong>.<\/strong> Se dovete usare le <strong>scale mobili<\/strong> in questi giorni, la cosa pi\u00f9 sicura da fare \u00e8 <strong>indossare i guanti<\/strong> e appoggiarsi al corrimano. Tuttavia, la distanza di sicurezza deve essere rispettata anche quando si salgono le scale. Se un vicino sale le scale davanti a voi, aspettate che sia a <strong>quattro passi da<\/strong> voi per salire il primo gradino. In questo modo, sia che si tratti di scale fisse che di scale mobili, sarete sicuri di rispettare la distanza di sicurezza.<\/p>\n<p>Ricordate che se avete bambini che iniziano ora la scuola, \u00e8 molto importante che anche loro rispettino le misure di sicurezza indicate. Soprattutto, insiste sul lavaggio continuo delle mani, perch\u00e9 la voglia di esplorare dei bambini li porta a toccare tutto. Vi diamo un&#8217;idea per far s\u00ec che evitino il contatto con qualsiasi superficie, che ne dite di un gioco? Con la chiave Eninter Ascensores, dovrebbero essere in grado di non toccare nulla in tutti i loro viaggi. Avranno successo? Siamo certi che sar\u00e0 cos\u00ec.<\/p>\n<p>Buon ritorno alla routine!<\/p>\n","protected":false},"excerpt":{"rendered":"<p>Le vacanze sono finite e, a poco a poco, stiamo tutti tornando alla routine quotidiana. I pi\u00f9 piccoli a scuola e i pi\u00f9 grandi al lavoro. L&#8217;afflusso di persone aumenter\u00e0 progressivamente nelle strade e, se si vive in una comunit\u00e0, il traffico di vicini aumenter\u00e0 anche negli spazi comuni, nelle scale e soprattutto nell&#8217;ascensore. Noi [&hellip;]<\/p>\n","protected":false},"author":3,"featured_media":12758,"comment_status":"closed","ping_status":"closed","sticky":false,"template":"","format":"standard","meta":{"_acf_changed":false,"content-type":"","footnotes":""},"categories":[370],"tags":[],"class_list":["post-12754","post","type-post","status-publish","format-standard","has-post-thumbnail","hentry","category-ascensori-it-ch"],"acf":[],"_yoast_wpseo_focuskw":"back-routine-massima sicurezza","_yoast_wpseo_metadesc":null,"yoast_head":"<!-- This site is optimized with the Yoast SEO Premium plugin v21.6 (Yoast SEO v27.5) - https:\/\/yoast.com\/product\/yoast-seo-premium-wordpress\/ -->\n<title>| Eninter Ascensores<\/title>\n<meta name=\"robots\" content=\"index, follow, max-snippet:-1, max-image-preview:large, max-video-preview:-1\" \/>\n<link rel=\"canonical\" href=\"https:\/\/www.eninter.com\/it-ch\/ritorno-a-scuola-e-alla-routine-con-la-massima-sicurezza\/\" \/>\n<meta property=\"og:locale\" content=\"it_IT\" \/>\n<meta property=\"og:type\" content=\"article\" \/>\n<meta property=\"og:title\" content=\"Ritorno a scuola e alla routine con la massima sicurezza\" \/>\n<meta property=\"og:description\" content=\"Le vacanze sono finite e, a poco a poco, stiamo tutti tornando alla routine quotidiana. I pi\u00f9 piccoli a scuola e i pi\u00f9 grandi al lavoro. L&#8217;afflusso di persone aumenter\u00e0 progressivamente nelle strade e, se si vive in una comunit\u00e0, il traffico di vicini aumenter\u00e0 anche negli spazi comuni, nelle scale e soprattutto nell&#8217;ascensore. Noi [&hellip;]\" \/>\n<meta property=\"og:url\" content=\"https:\/\/www.eninter.com\/it-ch\/ritorno-a-scuola-e-alla-routine-con-la-massima-sicurezza\/\" \/>\n<meta property=\"og:site_name\" content=\"ENINTER\" \/>\n<meta property=\"article:publisher\" content=\"https:\/\/www.facebook.com\/EninterAscensores\" \/>\n<meta property=\"article:published_time\" content=\"2020-09-09T10:44:16+00:00\" \/>\n<meta property=\"og:image\" content=\"https:\/\/www.eninter.com\/wp-content\/uploads\/2020\/09\/vuelta-rutina-maxima-seguridad.jpg\" \/>\n\t<meta property=\"og:image:width\" content=\"1024\" \/>\n\t<meta property=\"og:image:height\" content=\"683\" \/>\n\t<meta property=\"og:image:type\" content=\"image\/jpeg\" \/>\n<meta name=\"author\" content=\"Albert Puig\" \/>\n<meta name=\"twitter:card\" content=\"summary_large_image\" \/>\n<meta name=\"twitter:creator\" content=\"@Eninter\" \/>\n<meta name=\"twitter:site\" content=\"@Eninter\" \/>\n<meta name=\"twitter:label1\" content=\"Written by\" \/>\n\t<meta name=\"twitter:data1\" content=\"Albert Puig\" \/>\n\t<meta name=\"twitter:label2\" content=\"Est. reading time\" \/>\n\t<meta name=\"twitter:data2\" content=\"2 minutes\" \/>\n<!-- \/ Yoast SEO Premium plugin. -->","yoast_head_json":{"title":"| Eninter Ascensores","robots":{"index":"index","follow":"follow","max-snippet":"max-snippet:-1","max-image-preview":"max-image-preview:large","max-video-preview":"max-video-preview:-1"},"canonical":"https:\/\/www.eninter.com\/it-ch\/ritorno-a-scuola-e-alla-routine-con-la-massima-sicurezza\/","og_locale":"it_IT","og_type":"article","og_title":"Ritorno a scuola e alla routine con la massima sicurezza","og_description":"Le vacanze sono finite e, a poco a poco, stiamo tutti tornando alla routine quotidiana. I pi\u00f9 piccoli a scuola e i pi\u00f9 grandi al lavoro. L&#8217;afflusso di persone aumenter\u00e0 progressivamente nelle strade e, se si vive in una comunit\u00e0, il traffico di vicini aumenter\u00e0 anche negli spazi comuni, nelle scale e soprattutto nell&#8217;ascensore. Noi [&hellip;]","og_url":"https:\/\/www.eninter.com\/it-ch\/ritorno-a-scuola-e-alla-routine-con-la-massima-sicurezza\/","og_site_name":"ENINTER","article_publisher":"https:\/\/www.facebook.com\/EninterAscensores","article_published_time":"2020-09-09T10:44:16+00:00","og_image":[{"width":1024,"height":683,"url":"https:\/\/www.eninter.com\/wp-content\/uploads\/2020\/09\/vuelta-rutina-maxima-seguridad.jpg","type":"image\/jpeg"}],"author":"Albert Puig","twitter_card":"summary_large_image","twitter_creator":"@Eninter","twitter_site":"@Eninter","twitter_misc":{"Written by":"Albert Puig","Est. reading time":"2 minutes"},"schema":{"@context":"https:\/\/schema.org","@graph":[{"@type":"Article","@id":"https:\/\/www.eninter.com\/it-ch\/ritorno-a-scuola-e-alla-routine-con-la-massima-sicurezza\/#article","isPartOf":{"@id":"https:\/\/www.eninter.com\/it-ch\/ritorno-a-scuola-e-alla-routine-con-la-massima-sicurezza\/"},"author":{"name":"Albert Puig","@id":"https:\/\/www.eninter.com\/it-ch\/#\/schema\/person\/e6178c261ac4210884c0e0264dd59043"},"headline":"Ritorno a scuola e alla routine con la massima sicurezza","datePublished":"2020-09-09T10:44:16+00:00","mainEntityOfPage":{"@id":"https:\/\/www.eninter.com\/it-ch\/ritorno-a-scuola-e-alla-routine-con-la-massima-sicurezza\/"},"wordCount":366,"publisher":{"@id":"https:\/\/www.eninter.com\/it-ch\/#organization"},"image":{"@id":"https:\/\/www.eninter.com\/it-ch\/ritorno-a-scuola-e-alla-routine-con-la-massima-sicurezza\/#primaryimage"},"thumbnailUrl":"https:\/\/www.eninter.com\/wp-content\/uploads\/2020\/09\/vuelta-rutina-maxima-seguridad.jpg","articleSection":["Ascensori"],"inLanguage":"it-CH"},{"@type":"WebPage","@id":"https:\/\/www.eninter.com\/it-ch\/ritorno-a-scuola-e-alla-routine-con-la-massima-sicurezza\/","url":"https:\/\/www.eninter.com\/it-ch\/ritorno-a-scuola-e-alla-routine-con-la-massima-sicurezza\/","name":"| Eninter Ascensores","isPartOf":{"@id":"https:\/\/www.eninter.com\/it-ch\/#website"},"primaryImageOfPage":{"@id":"https:\/\/www.eninter.com\/it-ch\/ritorno-a-scuola-e-alla-routine-con-la-massima-sicurezza\/#primaryimage"},"image":{"@id":"https:\/\/www.eninter.com\/it-ch\/ritorno-a-scuola-e-alla-routine-con-la-massima-sicurezza\/#primaryimage"},"thumbnailUrl":"https:\/\/www.eninter.com\/wp-content\/uploads\/2020\/09\/vuelta-rutina-maxima-seguridad.jpg","datePublished":"2020-09-09T10:44:16+00:00","breadcrumb":{"@id":"https:\/\/www.eninter.com\/it-ch\/ritorno-a-scuola-e-alla-routine-con-la-massima-sicurezza\/#breadcrumb"},"inLanguage":"it-CH","potentialAction":[{"@type":"ReadAction","target":["https:\/\/www.eninter.com\/it-ch\/ritorno-a-scuola-e-alla-routine-con-la-massima-sicurezza\/"]}]},{"@type":"ImageObject","inLanguage":"it-CH","@id":"https:\/\/www.eninter.com\/it-ch\/ritorno-a-scuola-e-alla-routine-con-la-massima-sicurezza\/#primaryimage","url":"https:\/\/www.eninter.com\/wp-content\/uploads\/2020\/09\/vuelta-rutina-maxima-seguridad.jpg","contentUrl":"https:\/\/www.eninter.com\/wp-content\/uploads\/2020\/09\/vuelta-rutina-maxima-seguridad.jpg","width":1024,"height":683},{"@type":"BreadcrumbList","@id":"https:\/\/www.eninter.com\/it-ch\/ritorno-a-scuola-e-alla-routine-con-la-massima-sicurezza\/#breadcrumb","itemListElement":[{"@type":"ListItem","position":1,"name":"Portada","item":"https:\/\/www.eninter.com\/it-ch\/"},{"@type":"ListItem","position":2,"name":"Ritorno a scuola e alla routine con la massima sicurezza"}]},{"@type":"WebSite","@id":"https:\/\/www.eninter.com\/it-ch\/#website","url":"https:\/\/www.eninter.com\/it-ch\/","name":"ENINTER","description":"Mantenimiento de Ascensores Multimarca","publisher":{"@id":"https:\/\/www.eninter.com\/it-ch\/#organization"},"potentialAction":[{"@type":"SearchAction","target":{"@type":"EntryPoint","urlTemplate":"https:\/\/www.eninter.com\/it-ch\/?s={search_term_string}"},"query-input":{"@type":"PropertyValueSpecification","valueRequired":true,"valueName":"search_term_string"}}],"inLanguage":"it-CH"},{"@type":"Organization","@id":"https:\/\/www.eninter.com\/it-ch\/#organization","name":"Eniter","url":"https:\/\/www.eninter.com\/it-ch\/","logo":{"@type":"ImageObject","inLanguage":"it-CH","@id":"https:\/\/www.eninter.com\/it-ch\/#\/schema\/logo\/image\/","url":"https:\/\/www.eninter.com\/wp-content\/uploads\/2023\/08\/logo-eninter-png.png","contentUrl":"https:\/\/www.eninter.com\/wp-content\/uploads\/2023\/08\/logo-eninter-png.png","width":600,"height":340,"caption":"Eniter"},"image":{"@id":"https:\/\/www.eninter.com\/it-ch\/#\/schema\/logo\/image\/"},"sameAs":["https:\/\/www.facebook.com\/EninterAscensores","https:\/\/x.com\/Eninter","https:\/\/www.instagram.com\/eninterascensores\/","https:\/\/www.youtube.com\/user\/ascensoreseninter"]},{"@type":"Person","@id":"https:\/\/www.eninter.com\/it-ch\/#\/schema\/person\/e6178c261ac4210884c0e0264dd59043","name":"Albert Puig","image":{"@type":"ImageObject","inLanguage":"it-CH","@id":"https:\/\/secure.gravatar.com\/avatar\/583d07f3f1036f58d0e44e873586278b582179a16b27a5b3951504e9ee001c06?s=96&d=mm&r=g","url":"https:\/\/secure.gravatar.com\/avatar\/583d07f3f1036f58d0e44e873586278b582179a16b27a5b3951504e9ee001c06?s=96&d=mm&r=g","contentUrl":"https:\/\/secure.gravatar.com\/avatar\/583d07f3f1036f58d0e44e873586278b582179a16b27a5b3951504e9ee001c06?s=96&d=mm&r=g","caption":"Albert Puig"}}]}},"_links":{"self":[{"href":"https:\/\/www.eninter.com\/it-ch\/wp-json\/wp\/v2\/posts\/12754","targetHints":{"allow":["GET"]}}],"collection":[{"href":"https:\/\/www.eninter.com\/it-ch\/wp-json\/wp\/v2\/posts"}],"about":[{"href":"https:\/\/www.eninter.com\/it-ch\/wp-json\/wp\/v2\/types\/post"}],"author":[{"embeddable":true,"href":"https:\/\/www.eninter.com\/it-ch\/wp-json\/wp\/v2\/users\/3"}],"replies":[{"embeddable":true,"href":"https:\/\/www.eninter.com\/it-ch\/wp-json\/wp\/v2\/comments?post=12754"}],"version-history":[{"count":0,"href":"https:\/\/www.eninter.com\/it-ch\/wp-json\/wp\/v2\/posts\/12754\/revisions"}],"wp:featuredmedia":[{"embeddable":true,"href":"https:\/\/www.eninter.com\/it-ch\/wp-json\/wp\/v2\/media\/12758"}],"wp:attachment":[{"href":"https:\/\/www.eninter.com\/it-ch\/wp-json\/wp\/v2\/media?parent=12754"}],"wp:term":[{"taxonomy":"category","embeddable":true,"href":"https:\/\/www.eninter.com\/it-ch\/wp-json\/wp\/v2\/categories?post=12754"},{"taxonomy":"post_tag","embeddable":true,"href":"https:\/\/www.eninter.com\/it-ch\/wp-json\/wp\/v2\/tags?post=12754"}],"curies":[{"name":"wp","href":"https:\/\/api.w.org\/{rel}","templated":true}]}}