{"id":12755,"date":"2022-02-14T09:50:19","date_gmt":"2022-02-14T08:50:19","guid":{"rendered":"https:\/\/www.eninter.com\/devo-pagare-lascensore-se-abito-al-piano-terra\/"},"modified":"2025-01-08T12:41:21","modified_gmt":"2025-01-08T12:41:21","slug":"devo-pagare-lascensore-se-abito-al-piano-terra","status":"publish","type":"post","link":"https:\/\/www.eninter.com\/it-ch\/devo-pagare-lascensore-se-abito-al-piano-terra\/","title":{"rendered":"Devo pagare l&#8217;ascensore se abito al piano terra?"},"content":{"rendered":"<p>Devo pagare l&#8217;ascensore se abito al piano terra? Se possedete un immobile al piano terra o un immobile commerciale in un edificio, \u00e8 probabile che a un certo punto vi siate chiesti se sia il caso di pagare l&#8217;ascensore a causa dello scarso utilizzo che ne potete fare. In linea di massima, la risposta \u00e8 s\u00ec. In altre parole, sia i proprietari del piano terra che i proprietari dei locali commerciali sono tenuti a pagare la quota proporzionale corrispondente dell&#8217;ascensore. Ma vediamo cosa dice la legge.<\/p>\n<p>Secondo la legge, l&#8217;accordo per avere un ascensore in una comunit\u00e0 di proprietari deve essere raggiunto con un minimo di 3\/5 del numero totale di proprietari dell&#8217;edificio. Se nell&#8217;edificio \u00e8 presente una persona di et\u00e0 superiore ai 70 anni o un disabile, l&#8217;installazione dell&#8217;ascensore pu\u00f2 essere approvata a maggioranza semplice. Una volta approvato, tutti i proprietari devono accettarlo. Se l&#8217;installazione viene approvata, tutti i proprietari saranno obbligati ad accettare l&#8217;accordo.<\/p>\n<p>I proprietari del piano terra o dei locali commerciali dovranno pagare l&#8217;<a href=\"https:\/\/www.eninter.com\/nueva-instalacion-ascensor.php\">installazione<\/a>, poich\u00e9 si tratta di un miglioramento del comfort che aumenter\u00e0 il valore dell&#8217;edificio nel caso in cui decidano di venderlo. Per quanto riguarda le spese di manutenzione, dipender\u00e0 dall&#8217;accordo raggiunto, poich\u00e9 non \u00e8 necessario utilizzarle per accedere alle case e ai locali.<\/p>\n<h2>I proprietari del piano terra possono essere esentati dal <a href=\"https:\/\/www.eninter.com\/blog\/pagar-ascensor-si-vivo-en-el-bajo\/\">pagamento dell&#8217;ascensore<\/a>?<\/h2>\n<p>Se si raggiunge un accordo, i proprietari del piano terra possono essere esentati dalle spese ordinarie dell&#8217;ascensore, ma non dalle spese straordinarie. La verit\u00e0 \u00e8 che finora ci sono stati molti conflitti su questo tema, arrivando persino alla Corte Suprema per creare una giurisprudenza che chiarisse questo aspetto.<\/p>\n<p>Tuttavia, se non c&#8217;\u00e8 una clausola che li esenta dai costi, possono essere obbligati a partecipare alle spese dell&#8217;ascensore anche se non lo usano o non ne hanno bisogno, poich\u00e9 il mancato utilizzo di un servizio non li esonera dall&#8217;adempimento degli obblighi di legge in materia. Si tratta di un problema che richiede la valutazione di diversi aspetti.<\/p>\n<p>Concludiamo quindi:<\/p>\n<h2><strong>Se l&#8217;installazione \u00e8 approvata  <\/strong><\/h2>\n<p>Deve essere pagato da tutti i vicini, sia per l&#8217;installazione che per la manutenzione in caso di spese straordinarie.<\/p>\n<h2><strong>Costi di manutenzione<\/strong><\/h2>\n<p>In linea di massima, saranno pagati da tutti i proprietari, ad eccezione dei casi in cui si raggiunge un accordo per cui i vicini che non utilizzano l&#8217;ascensore sono esenti. Anche nel caso in cui si raggiunga un accordo per esonerare i residenti del piano terra dal pagamento dei costi <a href=\"https:\/\/www.eninter.com\/mantenimiento-ascensores-multimarca\/\">di manutenzione<\/a>, essi dovranno comunque pagare l&#8217;installazione e gli eventuali costi aggiuntivi.<\/p>\n","protected":false},"excerpt":{"rendered":"<p>Devo pagare l&#8217;ascensore se abito al piano terra? Se possedete un immobile al piano terra o un immobile commerciale in un edificio, \u00e8 probabile che a un certo punto vi siate chiesti se sia il caso di pagare l&#8217;ascensore a causa dello scarso utilizzo che ne potete fare. In linea di massima, la risposta \u00e8 [&hellip;]<\/p>\n","protected":false},"author":3,"featured_media":0,"comment_status":"closed","ping_status":"closed","sticky":false,"template":"","format":"standard","meta":{"_acf_changed":false,"content-type":"","footnotes":""},"categories":[370],"tags":[],"class_list":["post-12755","post","type-post","status-publish","format-standard","hentry","category-ascensori-it-ch"],"acf":[],"_yoast_wpseo_focuskw":"Devo pagare l'ascensore se abito al piano terra.","_yoast_wpseo_metadesc":"Devo pagare l'ascensore se abito al piano terra? Scoprite tutti i dettagli e i punti chiave che possono determinare se dovete pagare o meno questa tassa.","yoast_head":"<!-- This site is optimized with the Yoast SEO Premium plugin v21.6 (Yoast SEO v27.2) - https:\/\/yoast.com\/product\/yoast-seo-premium-wordpress\/ -->\n<title>| Eninter Ascensores<\/title>\n<meta name=\"description\" content=\"Devo pagare l&#039;ascensore se abito al piano terra? Scoprite tutti i dettagli e i punti chiave che possono determinare se dovete pagare o meno questa tassa.\" \/>\n<meta name=\"robots\" content=\"index, follow, max-snippet:-1, max-image-preview:large, max-video-preview:-1\" \/>\n<link rel=\"canonical\" href=\"https:\/\/www.eninter.com\/it-ch\/devo-pagare-lascensore-se-abito-al-piano-terra\/\" \/>\n<meta property=\"og:locale\" content=\"it_IT\" \/>\n<meta property=\"og:type\" content=\"article\" \/>\n<meta property=\"og:title\" content=\"Devo pagare l&#039;ascensore se abito al piano terra?\" \/>\n<meta property=\"og:description\" content=\"Devo pagare l&#039;ascensore se abito al piano terra? Scoprite tutti i dettagli e i punti chiave che possono determinare se dovete pagare o meno questa tassa.\" \/>\n<meta property=\"og:url\" content=\"https:\/\/www.eninter.com\/it-ch\/devo-pagare-lascensore-se-abito-al-piano-terra\/\" \/>\n<meta property=\"og:site_name\" content=\"ENINTER\" \/>\n<meta property=\"article:publisher\" content=\"https:\/\/www.facebook.com\/EninterAscensores\" \/>\n<meta property=\"article:published_time\" content=\"2022-02-14T08:50:19+00:00\" \/>\n<meta property=\"article:modified_time\" content=\"2025-01-08T12:41:21+00:00\" \/>\n<meta name=\"author\" content=\"Albert Puig\" \/>\n<meta name=\"twitter:card\" content=\"summary_large_image\" \/>\n<meta name=\"twitter:creator\" content=\"@Eninter\" \/>\n<meta name=\"twitter:site\" content=\"@Eninter\" \/>\n<meta name=\"twitter:label1\" content=\"Written by\" \/>\n\t<meta name=\"twitter:data1\" content=\"Albert Puig\" \/>\n\t<meta name=\"twitter:label2\" content=\"Est. reading time\" \/>\n\t<meta name=\"twitter:data2\" content=\"2 minutes\" \/>\n<!-- \/ Yoast SEO Premium plugin. -->","yoast_head_json":{"title":"| Eninter Ascensores","description":"Devo pagare l'ascensore se abito al piano terra? Scoprite tutti i dettagli e i punti chiave che possono determinare se dovete pagare o meno questa tassa.","robots":{"index":"index","follow":"follow","max-snippet":"max-snippet:-1","max-image-preview":"max-image-preview:large","max-video-preview":"max-video-preview:-1"},"canonical":"https:\/\/www.eninter.com\/it-ch\/devo-pagare-lascensore-se-abito-al-piano-terra\/","og_locale":"it_IT","og_type":"article","og_title":"Devo pagare l'ascensore se abito al piano terra?","og_description":"Devo pagare l'ascensore se abito al piano terra? Scoprite tutti i dettagli e i punti chiave che possono determinare se dovete pagare o meno questa tassa.","og_url":"https:\/\/www.eninter.com\/it-ch\/devo-pagare-lascensore-se-abito-al-piano-terra\/","og_site_name":"ENINTER","article_publisher":"https:\/\/www.facebook.com\/EninterAscensores","article_published_time":"2022-02-14T08:50:19+00:00","article_modified_time":"2025-01-08T12:41:21+00:00","author":"Albert Puig","twitter_card":"summary_large_image","twitter_creator":"@Eninter","twitter_site":"@Eninter","twitter_misc":{"Written by":"Albert Puig","Est. reading time":"2 minutes"},"schema":{"@context":"https:\/\/schema.org","@graph":[{"@type":"Article","@id":"https:\/\/www.eninter.com\/it-ch\/devo-pagare-lascensore-se-abito-al-piano-terra\/#article","isPartOf":{"@id":"https:\/\/www.eninter.com\/it-ch\/devo-pagare-lascensore-se-abito-al-piano-terra\/"},"author":{"name":"Albert Puig","@id":"https:\/\/www.eninter.com\/it-ch\/#\/schema\/person\/e6178c261ac4210884c0e0264dd59043"},"headline":"Devo pagare l&#8217;ascensore se abito al piano terra?","datePublished":"2022-02-14T08:50:19+00:00","dateModified":"2025-01-08T12:41:21+00:00","mainEntityOfPage":{"@id":"https:\/\/www.eninter.com\/it-ch\/devo-pagare-lascensore-se-abito-al-piano-terra\/"},"wordCount":439,"publisher":{"@id":"https:\/\/www.eninter.com\/it-ch\/#organization"},"articleSection":["Ascensori"],"inLanguage":"it-CH"},{"@type":"WebPage","@id":"https:\/\/www.eninter.com\/it-ch\/devo-pagare-lascensore-se-abito-al-piano-terra\/","url":"https:\/\/www.eninter.com\/it-ch\/devo-pagare-lascensore-se-abito-al-piano-terra\/","name":"| Eninter Ascensores","isPartOf":{"@id":"https:\/\/www.eninter.com\/it-ch\/#website"},"datePublished":"2022-02-14T08:50:19+00:00","dateModified":"2025-01-08T12:41:21+00:00","description":"Devo pagare l'ascensore se abito al piano terra? Scoprite tutti i dettagli e i punti chiave che possono determinare se dovete pagare o meno questa tassa.","breadcrumb":{"@id":"https:\/\/www.eninter.com\/it-ch\/devo-pagare-lascensore-se-abito-al-piano-terra\/#breadcrumb"},"inLanguage":"it-CH","potentialAction":[{"@type":"ReadAction","target":["https:\/\/www.eninter.com\/it-ch\/devo-pagare-lascensore-se-abito-al-piano-terra\/"]}]},{"@type":"BreadcrumbList","@id":"https:\/\/www.eninter.com\/it-ch\/devo-pagare-lascensore-se-abito-al-piano-terra\/#breadcrumb","itemListElement":[{"@type":"ListItem","position":1,"name":"Portada","item":"https:\/\/www.eninter.com\/it-ch\/"},{"@type":"ListItem","position":2,"name":"Devo pagare l&#8217;ascensore se abito al piano terra?"}]},{"@type":"WebSite","@id":"https:\/\/www.eninter.com\/it-ch\/#website","url":"https:\/\/www.eninter.com\/it-ch\/","name":"ENINTER","description":"Mantenimiento de Ascensores Multimarca","publisher":{"@id":"https:\/\/www.eninter.com\/it-ch\/#organization"},"potentialAction":[{"@type":"SearchAction","target":{"@type":"EntryPoint","urlTemplate":"https:\/\/www.eninter.com\/it-ch\/?s={search_term_string}"},"query-input":{"@type":"PropertyValueSpecification","valueRequired":true,"valueName":"search_term_string"}}],"inLanguage":"it-CH"},{"@type":"Organization","@id":"https:\/\/www.eninter.com\/it-ch\/#organization","name":"Eniter","url":"https:\/\/www.eninter.com\/it-ch\/","logo":{"@type":"ImageObject","inLanguage":"it-CH","@id":"https:\/\/www.eninter.com\/it-ch\/#\/schema\/logo\/image\/","url":"https:\/\/www.eninter.com\/wp-content\/uploads\/2023\/08\/logo-eninter-png.png","contentUrl":"https:\/\/www.eninter.com\/wp-content\/uploads\/2023\/08\/logo-eninter-png.png","width":600,"height":340,"caption":"Eniter"},"image":{"@id":"https:\/\/www.eninter.com\/it-ch\/#\/schema\/logo\/image\/"},"sameAs":["https:\/\/www.facebook.com\/EninterAscensores","https:\/\/x.com\/Eninter","https:\/\/www.instagram.com\/eninterascensores\/","https:\/\/www.youtube.com\/user\/ascensoreseninter"]},{"@type":"Person","@id":"https:\/\/www.eninter.com\/it-ch\/#\/schema\/person\/e6178c261ac4210884c0e0264dd59043","name":"Albert Puig","image":{"@type":"ImageObject","inLanguage":"it-CH","@id":"https:\/\/secure.gravatar.com\/avatar\/583d07f3f1036f58d0e44e873586278b582179a16b27a5b3951504e9ee001c06?s=96&d=mm&r=g","url":"https:\/\/secure.gravatar.com\/avatar\/583d07f3f1036f58d0e44e873586278b582179a16b27a5b3951504e9ee001c06?s=96&d=mm&r=g","contentUrl":"https:\/\/secure.gravatar.com\/avatar\/583d07f3f1036f58d0e44e873586278b582179a16b27a5b3951504e9ee001c06?s=96&d=mm&r=g","caption":"Albert Puig"}}]}},"_links":{"self":[{"href":"https:\/\/www.eninter.com\/it-ch\/wp-json\/wp\/v2\/posts\/12755","targetHints":{"allow":["GET"]}}],"collection":[{"href":"https:\/\/www.eninter.com\/it-ch\/wp-json\/wp\/v2\/posts"}],"about":[{"href":"https:\/\/www.eninter.com\/it-ch\/wp-json\/wp\/v2\/types\/post"}],"author":[{"embeddable":true,"href":"https:\/\/www.eninter.com\/it-ch\/wp-json\/wp\/v2\/users\/3"}],"replies":[{"embeddable":true,"href":"https:\/\/www.eninter.com\/it-ch\/wp-json\/wp\/v2\/comments?post=12755"}],"version-history":[{"count":0,"href":"https:\/\/www.eninter.com\/it-ch\/wp-json\/wp\/v2\/posts\/12755\/revisions"}],"wp:attachment":[{"href":"https:\/\/www.eninter.com\/it-ch\/wp-json\/wp\/v2\/media?parent=12755"}],"wp:term":[{"taxonomy":"category","embeddable":true,"href":"https:\/\/www.eninter.com\/it-ch\/wp-json\/wp\/v2\/categories?post=12755"},{"taxonomy":"post_tag","embeddable":true,"href":"https:\/\/www.eninter.com\/it-ch\/wp-json\/wp\/v2\/tags?post=12755"}],"curies":[{"name":"wp","href":"https:\/\/api.w.org\/{rel}","templated":true}]}}