{"id":12757,"date":"2020-05-18T10:09:26","date_gmt":"2020-05-18T09:09:26","guid":{"rendered":"https:\/\/www.eninter.com\/francisco-jesus-palacios-alleninter-ascensores-mi-sento-a-casa\/"},"modified":"2020-05-18T10:09:26","modified_gmt":"2020-05-18T10:09:26","slug":"francisco-jesus-palacios-alleninter-ascensores-mi-sento-a-casa","status":"publish","type":"post","link":"https:\/\/www.eninter.com\/it-ch\/francisco-jesus-palacios-alleninter-ascensores-mi-sento-a-casa\/","title":{"rendered":"Francisco Jes\u00fas Palacios: &#8220;All&#8217;Eninter Ascensores mi sento a casa&#8221;."},"content":{"rendered":"<p>Con queste parole <strong>Francisco Jes\u00fas Palacios<\/strong>, primo ufficiale di <strong>Eninter Ascensores<\/strong> e membro del team della nostra azienda da 31 anni, ha concluso l&#8217;intervista. Come lui, molti altri fanno parte della nostra famiglia da decenni ed \u00e8 motivo di orgoglio per qualsiasi azienda sentire queste parole da un membro del proprio team dopo oltre trent&#8217;anni di servizio all&#8217;azienda. Questo \u00e8 il nostro speciale omaggio a tutti i veterani che, come Francisco Jes\u00fas Palacios, si sentono parte di ci\u00f2 che Eninter Ascensores \u00e8 stato ed \u00e8 diventato. Grazie a lui e a persone come lui siamo quello che siamo.<\/p>\n<p><strong>Era il 1989 quando Francisco Jes\u00fas entr\u00f2 a far parte dello staff di Eninter Ascensores. Sono passati trentuno anni, quindi nessuno meglio di lui pu\u00f2 spiegare come \u00e8 cambiato il mondo degli ascensori negli ultimi decenni.  <\/strong><\/p>\n<p><strong>Francisco Jes\u00fas Palacios:<\/strong> Ci\u00f2 che \u00e8 cambiato maggiormente \u00e8 l&#8217;evoluzione del funzionamento dell&#8217;ascensore. In altre parole, ai miei inizi la composizione era elettrica e il funzionamento dell&#8217;ascensore si basava su quadri elettrici con bobine, inverter e motori, la maggior parte dei quali funzionava con tamponi di carbone, tamponi di rame e spazzole nel motore. All&#8217;epoca era impensabile che potesse esistere qualcosa di cos\u00ec grande e spettacolare come gli ascensori che vediamo oggi. Credo che le utopie possano diventare realt\u00e0, perch\u00e9 qualche anno fa era inimmaginabile che il trasporto verticale si evolvesse come sta facendo ora, e la verit\u00e0 \u00e8 che \u00e8 solo l&#8217;inizio.<\/p>\n<p><strong>Cosa le ha insegnato Eninter Ascensores a livello professionale? E a livello personale?<\/strong><\/p>\n<p><strong> <\/strong><strong>Francisco Jes\u00fas Palacios:<\/strong> Eninter Ascesores mi ha insegnato molte cose. In primo luogo, la conoscenza del settore in grande stile. In Eninter Ascensores non \u00e8 pensabile che il team umano non voglia imparare, al contrario. Oggi continua a essere all&#8217;avanguardia tra le aziende del settore nella realizzazione di corsi e formazione in tutti i tipi di manovre meccaniche, come R&amp;S e multimarca.<\/p>\n<p>Personalmente sono molto grato per tutto ci\u00f2 che Eninter Ascensores mi ha insegnato e per ci\u00f2 che ho imparato qui. Anche le nuove generazioni di futuri tecnici dell&#8217;azienda lo saranno, per aver dato loro l&#8217;opportunit\u00e0 di imparare e di soddisfare il loro desiderio di saperne di pi\u00f9, che non dovrebbe mai scomparire.<\/p>\n<p>Personalmente, mi ha dato determinazione, ha rafforzato la mia personalit\u00e0 e ha aumentato il mio carisma. Essere all&#8217;altezza del compito quando si parla con un cliente e trasmettere sicurezza e fiducia aiuta a prendere decisioni e d\u00e0 una conoscenza in pi\u00f9 per affrontare la vita. Ricordo che una volta la direzione mi disse: &#8220;Devi occuparti della tua zona come se fosse la tua azienda&#8221;. L&#8217;ho preso in parola e ho seguito i consigli che mi sono stati dati e che mi hanno sempre portato nella giusta direzione.<br \/>\nGrazie, D\u00e1maso.<\/p>\n<p>&nbsp;<\/p>\n<p>&nbsp;<\/p>\n<p>&nbsp;<\/p>\n<p>&nbsp;<\/p>\n","protected":false},"excerpt":{"rendered":"<p>Con queste parole Francisco Jes\u00fas Palacios, primo ufficiale di Eninter Ascensores e membro del team della nostra azienda da 31 anni, ha concluso l&#8217;intervista. Come lui, molti altri fanno parte della nostra famiglia da decenni ed \u00e8 motivo di orgoglio per qualsiasi azienda sentire queste parole da un membro del proprio team dopo oltre trent&#8217;anni [&hellip;]<\/p>\n","protected":false},"author":3,"featured_media":0,"comment_status":"closed","ping_status":"closed","sticky":false,"template":"","format":"standard","meta":{"_acf_changed":false,"content-type":"","footnotes":""},"categories":[372],"tags":[],"class_list":["post-12757","post","type-post","status-publish","format-standard","hentry","category-informazioni-su-eninter-it-ch"],"acf":[],"_yoast_wpseo_focuskw":"francisco palacios eninter","_yoast_wpseo_metadesc":"Sul blog di Eninter: \"%%title%%%\". Orgogliosi della nostra squadra.","yoast_head":"<!-- This site is optimized with the Yoast SEO Premium plugin v21.6 (Yoast SEO v27.5) - https:\/\/yoast.com\/product\/yoast-seo-premium-wordpress\/ -->\n<title>| Eninter Ascensores<\/title>\n<meta name=\"description\" content=\"Sul blog di Eninter: &quot;Francisco Jes\u00fas Palacios: &quot;All&#039;Eninter Ascensores mi sento a casa&quot;.%&quot;. Orgogliosi della nostra squadra.\" \/>\n<meta name=\"robots\" content=\"index, follow, max-snippet:-1, max-image-preview:large, max-video-preview:-1\" \/>\n<link rel=\"canonical\" href=\"https:\/\/www.eninter.com\/it-ch\/francisco-jesus-palacios-alleninter-ascensores-mi-sento-a-casa\/\" \/>\n<meta property=\"og:locale\" content=\"it_IT\" \/>\n<meta property=\"og:type\" content=\"article\" \/>\n<meta property=\"og:title\" content=\"Francisco Jes\u00fas Palacios: &quot;All&#039;Eninter Ascensores mi sento a casa&quot;.\" \/>\n<meta property=\"og:description\" content=\"Sul blog di Eninter: &quot;Francisco Jes\u00fas Palacios: &quot;All&#039;Eninter Ascensores mi sento a casa&quot;.%&quot;. Orgogliosi della nostra squadra.\" \/>\n<meta property=\"og:url\" content=\"https:\/\/www.eninter.com\/it-ch\/francisco-jesus-palacios-alleninter-ascensores-mi-sento-a-casa\/\" \/>\n<meta property=\"og:site_name\" content=\"ENINTER\" \/>\n<meta property=\"article:publisher\" content=\"https:\/\/www.facebook.com\/EninterAscensores\" \/>\n<meta property=\"article:published_time\" content=\"2020-05-18T09:09:26+00:00\" \/>\n<meta property=\"article:modified_time\" content=\"2020-05-18T10:09:26+00:00\" \/>\n<meta name=\"author\" content=\"Albert Puig\" \/>\n<meta name=\"twitter:card\" content=\"summary_large_image\" \/>\n<meta name=\"twitter:creator\" content=\"@Eninter\" \/>\n<meta name=\"twitter:site\" content=\"@Eninter\" \/>\n<meta name=\"twitter:label1\" content=\"Written by\" \/>\n\t<meta name=\"twitter:data1\" content=\"Albert Puig\" \/>\n\t<meta name=\"twitter:label2\" content=\"Est. reading time\" \/>\n\t<meta name=\"twitter:data2\" content=\"2 minutes\" \/>\n<!-- \/ Yoast SEO Premium plugin. -->","yoast_head_json":{"title":"| Eninter Ascensores","description":"Sul blog di Eninter: \"Francisco Jes\u00fas Palacios: \"All'Eninter Ascensores mi sento a casa\".%\". Orgogliosi della nostra squadra.","robots":{"index":"index","follow":"follow","max-snippet":"max-snippet:-1","max-image-preview":"max-image-preview:large","max-video-preview":"max-video-preview:-1"},"canonical":"https:\/\/www.eninter.com\/it-ch\/francisco-jesus-palacios-alleninter-ascensores-mi-sento-a-casa\/","og_locale":"it_IT","og_type":"article","og_title":"Francisco Jes\u00fas Palacios: \"All'Eninter Ascensores mi sento a casa\".","og_description":"Sul blog di Eninter: \"Francisco Jes\u00fas Palacios: \"All'Eninter Ascensores mi sento a casa\".%\". Orgogliosi della nostra squadra.","og_url":"https:\/\/www.eninter.com\/it-ch\/francisco-jesus-palacios-alleninter-ascensores-mi-sento-a-casa\/","og_site_name":"ENINTER","article_publisher":"https:\/\/www.facebook.com\/EninterAscensores","article_published_time":"2020-05-18T09:09:26+00:00","article_modified_time":"2020-05-18T10:09:26+00:00","author":"Albert Puig","twitter_card":"summary_large_image","twitter_creator":"@Eninter","twitter_site":"@Eninter","twitter_misc":{"Written by":"Albert Puig","Est. reading time":"2 minutes"},"schema":{"@context":"https:\/\/schema.org","@graph":[{"@type":"Article","@id":"https:\/\/www.eninter.com\/it-ch\/francisco-jesus-palacios-alleninter-ascensores-mi-sento-a-casa\/#article","isPartOf":{"@id":"https:\/\/www.eninter.com\/it-ch\/francisco-jesus-palacios-alleninter-ascensores-mi-sento-a-casa\/"},"author":{"name":"Albert Puig","@id":"https:\/\/www.eninter.com\/it-ch\/#\/schema\/person\/e6178c261ac4210884c0e0264dd59043"},"headline":"Francisco Jes\u00fas Palacios: &#8220;All&#8217;Eninter Ascensores mi sento a casa&#8221;.","datePublished":"2020-05-18T09:09:26+00:00","dateModified":"2020-05-18T10:09:26+00:00","mainEntityOfPage":{"@id":"https:\/\/www.eninter.com\/it-ch\/francisco-jesus-palacios-alleninter-ascensores-mi-sento-a-casa\/"},"wordCount":477,"publisher":{"@id":"https:\/\/www.eninter.com\/it-ch\/#organization"},"articleSection":["Informazioni su Eninter"],"inLanguage":"it-CH"},{"@type":"WebPage","@id":"https:\/\/www.eninter.com\/it-ch\/francisco-jesus-palacios-alleninter-ascensores-mi-sento-a-casa\/","url":"https:\/\/www.eninter.com\/it-ch\/francisco-jesus-palacios-alleninter-ascensores-mi-sento-a-casa\/","name":"| Eninter Ascensores","isPartOf":{"@id":"https:\/\/www.eninter.com\/it-ch\/#website"},"datePublished":"2020-05-18T09:09:26+00:00","dateModified":"2020-05-18T10:09:26+00:00","description":"Sul blog di Eninter: \"Francisco Jes\u00fas Palacios: \"All'Eninter Ascensores mi sento a casa\".%\". Orgogliosi della nostra squadra.","breadcrumb":{"@id":"https:\/\/www.eninter.com\/it-ch\/francisco-jesus-palacios-alleninter-ascensores-mi-sento-a-casa\/#breadcrumb"},"inLanguage":"it-CH","potentialAction":[{"@type":"ReadAction","target":["https:\/\/www.eninter.com\/it-ch\/francisco-jesus-palacios-alleninter-ascensores-mi-sento-a-casa\/"]}]},{"@type":"BreadcrumbList","@id":"https:\/\/www.eninter.com\/it-ch\/francisco-jesus-palacios-alleninter-ascensores-mi-sento-a-casa\/#breadcrumb","itemListElement":[{"@type":"ListItem","position":1,"name":"Portada","item":"https:\/\/www.eninter.com\/it-ch\/"},{"@type":"ListItem","position":2,"name":"Francisco Jes\u00fas Palacios: \u00abAll&#8217;Eninter Ascensores mi sento a casa\u00bb."}]},{"@type":"WebSite","@id":"https:\/\/www.eninter.com\/it-ch\/#website","url":"https:\/\/www.eninter.com\/it-ch\/","name":"ENINTER","description":"Mantenimiento de Ascensores Multimarca","publisher":{"@id":"https:\/\/www.eninter.com\/it-ch\/#organization"},"potentialAction":[{"@type":"SearchAction","target":{"@type":"EntryPoint","urlTemplate":"https:\/\/www.eninter.com\/it-ch\/?s={search_term_string}"},"query-input":{"@type":"PropertyValueSpecification","valueRequired":true,"valueName":"search_term_string"}}],"inLanguage":"it-CH"},{"@type":"Organization","@id":"https:\/\/www.eninter.com\/it-ch\/#organization","name":"Eniter","url":"https:\/\/www.eninter.com\/it-ch\/","logo":{"@type":"ImageObject","inLanguage":"it-CH","@id":"https:\/\/www.eninter.com\/it-ch\/#\/schema\/logo\/image\/","url":"https:\/\/www.eninter.com\/wp-content\/uploads\/2023\/08\/logo-eninter-png.png","contentUrl":"https:\/\/www.eninter.com\/wp-content\/uploads\/2023\/08\/logo-eninter-png.png","width":600,"height":340,"caption":"Eniter"},"image":{"@id":"https:\/\/www.eninter.com\/it-ch\/#\/schema\/logo\/image\/"},"sameAs":["https:\/\/www.facebook.com\/EninterAscensores","https:\/\/x.com\/Eninter","https:\/\/www.instagram.com\/eninterascensores\/","https:\/\/www.youtube.com\/user\/ascensoreseninter"]},{"@type":"Person","@id":"https:\/\/www.eninter.com\/it-ch\/#\/schema\/person\/e6178c261ac4210884c0e0264dd59043","name":"Albert Puig","image":{"@type":"ImageObject","inLanguage":"it-CH","@id":"https:\/\/secure.gravatar.com\/avatar\/583d07f3f1036f58d0e44e873586278b582179a16b27a5b3951504e9ee001c06?s=96&d=mm&r=g","url":"https:\/\/secure.gravatar.com\/avatar\/583d07f3f1036f58d0e44e873586278b582179a16b27a5b3951504e9ee001c06?s=96&d=mm&r=g","contentUrl":"https:\/\/secure.gravatar.com\/avatar\/583d07f3f1036f58d0e44e873586278b582179a16b27a5b3951504e9ee001c06?s=96&d=mm&r=g","caption":"Albert Puig"}}]}},"_links":{"self":[{"href":"https:\/\/www.eninter.com\/it-ch\/wp-json\/wp\/v2\/posts\/12757","targetHints":{"allow":["GET"]}}],"collection":[{"href":"https:\/\/www.eninter.com\/it-ch\/wp-json\/wp\/v2\/posts"}],"about":[{"href":"https:\/\/www.eninter.com\/it-ch\/wp-json\/wp\/v2\/types\/post"}],"author":[{"embeddable":true,"href":"https:\/\/www.eninter.com\/it-ch\/wp-json\/wp\/v2\/users\/3"}],"replies":[{"embeddable":true,"href":"https:\/\/www.eninter.com\/it-ch\/wp-json\/wp\/v2\/comments?post=12757"}],"version-history":[{"count":0,"href":"https:\/\/www.eninter.com\/it-ch\/wp-json\/wp\/v2\/posts\/12757\/revisions"}],"wp:attachment":[{"href":"https:\/\/www.eninter.com\/it-ch\/wp-json\/wp\/v2\/media?parent=12757"}],"wp:term":[{"taxonomy":"category","embeddable":true,"href":"https:\/\/www.eninter.com\/it-ch\/wp-json\/wp\/v2\/categories?post=12757"},{"taxonomy":"post_tag","embeddable":true,"href":"https:\/\/www.eninter.com\/it-ch\/wp-json\/wp\/v2\/tags?post=12757"}],"curies":[{"name":"wp","href":"https:\/\/api.w.org\/{rel}","templated":true}]}}