{"id":12765,"date":"2021-02-04T09:32:20","date_gmt":"2021-02-04T09:32:20","guid":{"rendered":"https:\/\/www.eninter.com\/i-primi-a-offrire-mobilita-ai-nostri-clienti-anche-in-caso-di-guasto\/"},"modified":"2021-02-04T09:32:20","modified_gmt":"2021-02-04T09:32:20","slug":"i-primi-a-offrire-mobilita-ai-nostri-clienti-anche-in-caso-di-guasto","status":"publish","type":"post","link":"https:\/\/www.eninter.com\/it-ch\/i-primi-a-offrire-mobilita-ai-nostri-clienti-anche-in-caso-di-guasto\/","title":{"rendered":"I primi a offrire mobilit\u00e0 ai nostri clienti anche in caso di guasto."},"content":{"rendered":"<p>Noi di Eninter sappiamo che, anche con un&#8217;ottima manutenzione, l&#8217;ascensore pu\u00f2 avere degli incidenti. Ma anche in queste situazioni eccezionali e imprevedibili, noi di Eninter Ascensores restiamo al vostro fianco, garantendovi il 100% della vostra mobilit\u00e0.<\/p>\n<p>Sapete che il nostro obiettivo finale \u00e8 quello di migliorare la qualit\u00e0 della vita delle persone e, poich\u00e9 sappiamo quanto possa essere difficile per una persona con problemi di mobilit\u00e0 se l&#8217;ascensore si rompe, includiamo gratuitamente il nostro servizio di accessibilit\u00e0 al 100% in tutti i nostri contratti di manutenzione.<\/p>\n<p><strong>Chi offre il servizio gratuito di accessibilit\u00e0 al 100%?  <\/strong><\/p>\n<p>Il servizio \u00e8 incluso gratuitamente in tutti i contratti di manutenzione con Eninter Ascensores. Per realizzarlo, abbiamo collaborato con il miglior <em>partner<\/em>, <a href=\"https:\/\/www.accedan.com\/\"><br \/>\n  <strong>Accedan<\/strong><br \/>\n<\/a>un&#8217;azienda specializzata nell&#8217;accessibilit\u00e0 globale, al servizio delle persone a mobilit\u00e0 ridotta, che garantisce professionalit\u00e0, sensibilit\u00e0 e il miglior trattamento umano.<\/p>\n<p><strong>Quando posso richiedere il servizio gratuito di accessibilit\u00e0 al 100%?<\/strong><\/p>\n<ul>\n<li>Quando l&#8217;ascensore subisce un guasto che ne causa l&#8217;arresto per pi\u00f9 di 2 ore, \u00e8 possibile richiedere il servizio di assistenza per far salire o scendere gli utenti dall&#8217;edificio.<\/li>\n<li>Offriamo anche servizi di accessibilit\u00e0 per risolvere eventi imprevisti.<\/li>\n<li>Abbiamo montascale portatili adatti a qualsiasi situazione ed esigenza.<\/li>\n<li>Mettiamo a vostra disposizione tecnici specializzati che vi accompagneranno su e gi\u00f9 per le scale con totale garanzia e affidabilit\u00e0.<\/li>\n<\/ul>\n<p><strong>Vantaggi del servizio<\/strong><\/p>\n<p>Per tutto il 2021, forniamo il nostro servizio a tutti i nostri clienti, essendo il servizio gratuito nella provincia di Siviglia, dal luned\u00ec alla domenica dalle 9-21. Tuttavia, l&#8217;assistenza fuori orario \u00e8 disponibile a un costo aggiuntivo. Tutte le persone che parteciperanno al servizio saranno professionisti specializzati nell&#8217;assistenza alle persone non autosufficienti, il che ci offre la totale garanzia di utilizzare la macchina adeguata alle esigenze dell&#8217;utente e all&#8217;architettura dell&#8217;edificio.<\/p>\n<p>Se sappiamo che l&#8217;edificio sar\u00e0 fuori servizio per diversi giorni, offriamo pacchetti speciali per programmare la salita e la discesa delle persone in modo da mantenere il loro livello di attivit\u00e0 abituale.<\/p>\n<p>Siamo la prima e unica societ\u00e0 di manutenzione di ascensori a garantire la mobilit\u00e0 ai nostri clienti anche durante i periodi di guasto.<\/p>\n<p><strong>Come richiedere il servizio?<\/strong><\/p>\n<p>Per richiedere il servizio, \u00e8 sufficiente chiamare il numero verde 900 365 007 o, se avete bisogno di maggiori informazioni, potete contattare l&#8217;ufficio di Siviglia al numero <strong>954 693 299<\/strong> o via e-mail all&#8217;indirizzo<\/p>\n<p>elettronico <a href=\"mailto:conoce@eninter.com\">conoce@eninter.com.<\/a><\/p>\n<p>Una volta segnalato l&#8217;incidente, il nostro partner Accedan contatter\u00e0 l&#8217;utente che ha richiesto il servizio per garantire la privacy e l&#8217;intimit\u00e0 dell&#8217;utente.<\/p>\n<p><strong>Ricordate che Eninter Ascensores \u00e8 sempre con voi, perch\u00e9 il fine ultimo del nostro lavoro \u00e8 migliorare la qualit\u00e0 della vostra vita.  <\/strong><\/p>\n","protected":false},"excerpt":{"rendered":"<p>Noi di Eninter sappiamo che, anche con un&#8217;ottima manutenzione, l&#8217;ascensore pu\u00f2 avere degli incidenti. Ma anche in queste situazioni eccezionali e imprevedibili, noi di Eninter Ascensores restiamo al vostro fianco, garantendovi il 100% della vostra mobilit\u00e0. Sapete che il nostro obiettivo finale \u00e8 quello di migliorare la qualit\u00e0 della vita delle persone e, poich\u00e9 sappiamo [&hellip;]<\/p>\n","protected":false},"author":3,"featured_media":12767,"comment_status":"closed","ping_status":"closed","sticky":false,"template":"","format":"standard","meta":{"_acf_changed":false,"content-type":"","footnotes":""},"categories":[369],"tags":[],"class_list":["post-12765","post","type-post","status-publish","format-standard","has-post-thumbnail","hentry","category-accessibilita-it-ch"],"acf":[],"_yoast_wpseo_focuskw":"Servizio-Accedan","_yoast_wpseo_metadesc":null,"yoast_head":"<!-- This site is optimized with the Yoast SEO Premium plugin v21.6 (Yoast SEO v27.5) - https:\/\/yoast.com\/product\/yoast-seo-premium-wordpress\/ -->\n<title>I primi a offrire mobilit\u00e0 ai nostri clienti anche in caso di guasto. - ENINTER<\/title>\n<meta name=\"robots\" content=\"index, follow, max-snippet:-1, max-image-preview:large, max-video-preview:-1\" \/>\n<link rel=\"canonical\" href=\"https:\/\/www.eninter.com\/it-ch\/i-primi-a-offrire-mobilita-ai-nostri-clienti-anche-in-caso-di-guasto\/\" \/>\n<meta property=\"og:locale\" content=\"it_IT\" \/>\n<meta property=\"og:type\" content=\"article\" \/>\n<meta property=\"og:title\" content=\"I primi a offrire mobilit\u00e0 ai nostri clienti anche in caso di guasto.\" \/>\n<meta property=\"og:description\" content=\"Noi di Eninter sappiamo che, anche con un&#8217;ottima manutenzione, l&#8217;ascensore pu\u00f2 avere degli incidenti. Ma anche in queste situazioni eccezionali e imprevedibili, noi di Eninter Ascensores restiamo al vostro fianco, garantendovi il 100% della vostra mobilit\u00e0. Sapete che il nostro obiettivo finale \u00e8 quello di migliorare la qualit\u00e0 della vita delle persone e, poich\u00e9 sappiamo [&hellip;]\" \/>\n<meta property=\"og:url\" content=\"https:\/\/www.eninter.com\/it-ch\/i-primi-a-offrire-mobilita-ai-nostri-clienti-anche-in-caso-di-guasto\/\" \/>\n<meta property=\"og:site_name\" content=\"ENINTER\" \/>\n<meta property=\"article:publisher\" content=\"https:\/\/www.facebook.com\/EninterAscensores\" \/>\n<meta property=\"article:published_time\" content=\"2021-02-04T09:32:20+00:00\" \/>\n<meta property=\"og:image\" content=\"https:\/\/www.eninter.com\/wp-content\/uploads\/2021\/02\/Servicio-Accedan.jpg\" \/>\n\t<meta property=\"og:image:width\" content=\"1024\" \/>\n\t<meta property=\"og:image:height\" content=\"683\" \/>\n\t<meta property=\"og:image:type\" content=\"image\/jpeg\" \/>\n<meta name=\"author\" content=\"Albert Puig\" \/>\n<meta name=\"twitter:card\" content=\"summary_large_image\" \/>\n<meta name=\"twitter:creator\" content=\"@Eninter\" \/>\n<meta name=\"twitter:site\" content=\"@Eninter\" \/>\n<meta name=\"twitter:label1\" content=\"Written by\" \/>\n\t<meta name=\"twitter:data1\" content=\"Albert Puig\" \/>\n\t<meta name=\"twitter:label2\" content=\"Est. reading time\" \/>\n\t<meta name=\"twitter:data2\" content=\"2 minutes\" \/>\n<!-- \/ Yoast SEO Premium plugin. -->","yoast_head_json":{"title":"I primi a offrire mobilit\u00e0 ai nostri clienti anche in caso di guasto. - ENINTER","robots":{"index":"index","follow":"follow","max-snippet":"max-snippet:-1","max-image-preview":"max-image-preview:large","max-video-preview":"max-video-preview:-1"},"canonical":"https:\/\/www.eninter.com\/it-ch\/i-primi-a-offrire-mobilita-ai-nostri-clienti-anche-in-caso-di-guasto\/","og_locale":"it_IT","og_type":"article","og_title":"I primi a offrire mobilit\u00e0 ai nostri clienti anche in caso di guasto.","og_description":"Noi di Eninter sappiamo che, anche con un&#8217;ottima manutenzione, l&#8217;ascensore pu\u00f2 avere degli incidenti. Ma anche in queste situazioni eccezionali e imprevedibili, noi di Eninter Ascensores restiamo al vostro fianco, garantendovi il 100% della vostra mobilit\u00e0. Sapete che il nostro obiettivo finale \u00e8 quello di migliorare la qualit\u00e0 della vita delle persone e, poich\u00e9 sappiamo [&hellip;]","og_url":"https:\/\/www.eninter.com\/it-ch\/i-primi-a-offrire-mobilita-ai-nostri-clienti-anche-in-caso-di-guasto\/","og_site_name":"ENINTER","article_publisher":"https:\/\/www.facebook.com\/EninterAscensores","article_published_time":"2021-02-04T09:32:20+00:00","og_image":[{"width":1024,"height":683,"url":"https:\/\/www.eninter.com\/wp-content\/uploads\/2021\/02\/Servicio-Accedan.jpg","type":"image\/jpeg"}],"author":"Albert Puig","twitter_card":"summary_large_image","twitter_creator":"@Eninter","twitter_site":"@Eninter","twitter_misc":{"Written by":"Albert Puig","Est. reading time":"2 minutes"},"schema":{"@context":"https:\/\/schema.org","@graph":[{"@type":"Article","@id":"https:\/\/www.eninter.com\/it-ch\/i-primi-a-offrire-mobilita-ai-nostri-clienti-anche-in-caso-di-guasto\/#article","isPartOf":{"@id":"https:\/\/www.eninter.com\/it-ch\/i-primi-a-offrire-mobilita-ai-nostri-clienti-anche-in-caso-di-guasto\/"},"author":{"name":"Albert Puig","@id":"https:\/\/www.eninter.com\/it-ch\/#\/schema\/person\/e6178c261ac4210884c0e0264dd59043"},"headline":"I primi a offrire mobilit\u00e0 ai nostri clienti anche in caso di guasto.","datePublished":"2021-02-04T09:32:20+00:00","mainEntityOfPage":{"@id":"https:\/\/www.eninter.com\/it-ch\/i-primi-a-offrire-mobilita-ai-nostri-clienti-anche-in-caso-di-guasto\/"},"wordCount":443,"publisher":{"@id":"https:\/\/www.eninter.com\/it-ch\/#organization"},"image":{"@id":"https:\/\/www.eninter.com\/it-ch\/i-primi-a-offrire-mobilita-ai-nostri-clienti-anche-in-caso-di-guasto\/#primaryimage"},"thumbnailUrl":"https:\/\/www.eninter.com\/wp-content\/uploads\/2021\/02\/Servicio-Accedan.jpg","articleSection":["Accessibilit\u00e0"],"inLanguage":"it-CH"},{"@type":"WebPage","@id":"https:\/\/www.eninter.com\/it-ch\/i-primi-a-offrire-mobilita-ai-nostri-clienti-anche-in-caso-di-guasto\/","url":"https:\/\/www.eninter.com\/it-ch\/i-primi-a-offrire-mobilita-ai-nostri-clienti-anche-in-caso-di-guasto\/","name":"I primi a offrire mobilit\u00e0 ai nostri clienti anche in caso di guasto. - ENINTER","isPartOf":{"@id":"https:\/\/www.eninter.com\/it-ch\/#website"},"primaryImageOfPage":{"@id":"https:\/\/www.eninter.com\/it-ch\/i-primi-a-offrire-mobilita-ai-nostri-clienti-anche-in-caso-di-guasto\/#primaryimage"},"image":{"@id":"https:\/\/www.eninter.com\/it-ch\/i-primi-a-offrire-mobilita-ai-nostri-clienti-anche-in-caso-di-guasto\/#primaryimage"},"thumbnailUrl":"https:\/\/www.eninter.com\/wp-content\/uploads\/2021\/02\/Servicio-Accedan.jpg","datePublished":"2021-02-04T09:32:20+00:00","breadcrumb":{"@id":"https:\/\/www.eninter.com\/it-ch\/i-primi-a-offrire-mobilita-ai-nostri-clienti-anche-in-caso-di-guasto\/#breadcrumb"},"inLanguage":"it-CH","potentialAction":[{"@type":"ReadAction","target":["https:\/\/www.eninter.com\/it-ch\/i-primi-a-offrire-mobilita-ai-nostri-clienti-anche-in-caso-di-guasto\/"]}]},{"@type":"ImageObject","inLanguage":"it-CH","@id":"https:\/\/www.eninter.com\/it-ch\/i-primi-a-offrire-mobilita-ai-nostri-clienti-anche-in-caso-di-guasto\/#primaryimage","url":"https:\/\/www.eninter.com\/wp-content\/uploads\/2021\/02\/Servicio-Accedan.jpg","contentUrl":"https:\/\/www.eninter.com\/wp-content\/uploads\/2021\/02\/Servicio-Accedan.jpg","width":1024,"height":683},{"@type":"BreadcrumbList","@id":"https:\/\/www.eninter.com\/it-ch\/i-primi-a-offrire-mobilita-ai-nostri-clienti-anche-in-caso-di-guasto\/#breadcrumb","itemListElement":[{"@type":"ListItem","position":1,"name":"Portada","item":"https:\/\/www.eninter.com\/it-ch\/"},{"@type":"ListItem","position":2,"name":"I primi a offrire mobilit\u00e0 ai nostri clienti anche in caso di guasto."}]},{"@type":"WebSite","@id":"https:\/\/www.eninter.com\/it-ch\/#website","url":"https:\/\/www.eninter.com\/it-ch\/","name":"ENINTER","description":"Mantenimiento de Ascensores Multimarca","publisher":{"@id":"https:\/\/www.eninter.com\/it-ch\/#organization"},"potentialAction":[{"@type":"SearchAction","target":{"@type":"EntryPoint","urlTemplate":"https:\/\/www.eninter.com\/it-ch\/?s={search_term_string}"},"query-input":{"@type":"PropertyValueSpecification","valueRequired":true,"valueName":"search_term_string"}}],"inLanguage":"it-CH"},{"@type":"Organization","@id":"https:\/\/www.eninter.com\/it-ch\/#organization","name":"Eniter","url":"https:\/\/www.eninter.com\/it-ch\/","logo":{"@type":"ImageObject","inLanguage":"it-CH","@id":"https:\/\/www.eninter.com\/it-ch\/#\/schema\/logo\/image\/","url":"https:\/\/www.eninter.com\/wp-content\/uploads\/2023\/08\/logo-eninter-png.png","contentUrl":"https:\/\/www.eninter.com\/wp-content\/uploads\/2023\/08\/logo-eninter-png.png","width":600,"height":340,"caption":"Eniter"},"image":{"@id":"https:\/\/www.eninter.com\/it-ch\/#\/schema\/logo\/image\/"},"sameAs":["https:\/\/www.facebook.com\/EninterAscensores","https:\/\/x.com\/Eninter","https:\/\/www.instagram.com\/eninterascensores\/","https:\/\/www.youtube.com\/user\/ascensoreseninter"]},{"@type":"Person","@id":"https:\/\/www.eninter.com\/it-ch\/#\/schema\/person\/e6178c261ac4210884c0e0264dd59043","name":"Albert Puig","image":{"@type":"ImageObject","inLanguage":"it-CH","@id":"https:\/\/secure.gravatar.com\/avatar\/583d07f3f1036f58d0e44e873586278b582179a16b27a5b3951504e9ee001c06?s=96&d=mm&r=g","url":"https:\/\/secure.gravatar.com\/avatar\/583d07f3f1036f58d0e44e873586278b582179a16b27a5b3951504e9ee001c06?s=96&d=mm&r=g","contentUrl":"https:\/\/secure.gravatar.com\/avatar\/583d07f3f1036f58d0e44e873586278b582179a16b27a5b3951504e9ee001c06?s=96&d=mm&r=g","caption":"Albert Puig"}}]}},"_links":{"self":[{"href":"https:\/\/www.eninter.com\/it-ch\/wp-json\/wp\/v2\/posts\/12765","targetHints":{"allow":["GET"]}}],"collection":[{"href":"https:\/\/www.eninter.com\/it-ch\/wp-json\/wp\/v2\/posts"}],"about":[{"href":"https:\/\/www.eninter.com\/it-ch\/wp-json\/wp\/v2\/types\/post"}],"author":[{"embeddable":true,"href":"https:\/\/www.eninter.com\/it-ch\/wp-json\/wp\/v2\/users\/3"}],"replies":[{"embeddable":true,"href":"https:\/\/www.eninter.com\/it-ch\/wp-json\/wp\/v2\/comments?post=12765"}],"version-history":[{"count":0,"href":"https:\/\/www.eninter.com\/it-ch\/wp-json\/wp\/v2\/posts\/12765\/revisions"}],"wp:featuredmedia":[{"embeddable":true,"href":"https:\/\/www.eninter.com\/it-ch\/wp-json\/wp\/v2\/media\/12767"}],"wp:attachment":[{"href":"https:\/\/www.eninter.com\/it-ch\/wp-json\/wp\/v2\/media?parent=12765"}],"wp:term":[{"taxonomy":"category","embeddable":true,"href":"https:\/\/www.eninter.com\/it-ch\/wp-json\/wp\/v2\/categories?post=12765"},{"taxonomy":"post_tag","embeddable":true,"href":"https:\/\/www.eninter.com\/it-ch\/wp-json\/wp\/v2\/tags?post=12765"}],"curies":[{"name":"wp","href":"https:\/\/api.w.org\/{rel}","templated":true}]}}