{"id":12769,"date":"2020-11-09T12:34:06","date_gmt":"2020-11-09T12:34:06","guid":{"rendered":"https:\/\/www.eninter.com\/roger-torras-questa-campagna-e-nata-dal-desiderio-di-ripagare-la-fiducia-dei-nostri-clienti-in-questi-tempi-difficili-vogliamo-aiutarli\/"},"modified":"2025-01-08T12:45:11","modified_gmt":"2025-01-08T12:45:11","slug":"roger-torras-questa-campagna-e-nata-dal-desiderio-di-ripagare-la-fiducia-dei-nostri-clienti-in-questi-tempi-difficili-vogliamo-aiutarli","status":"publish","type":"post","link":"https:\/\/www.eninter.com\/it-ch\/roger-torras-questa-campagna-e-nata-dal-desiderio-di-ripagare-la-fiducia-dei-nostri-clienti-in-questi-tempi-difficili-vogliamo-aiutarli\/","title":{"rendered":"Roger Torras: &#8220;Questa campagna \u00e8 nata dal desiderio di ripagare la fiducia dei nostri clienti. In questi tempi difficili, vogliamo aiutarli&#8221;."},"content":{"rendered":"<p>Ricard Vicente, annunciatore di Radio Marca, ha confessato di essere gi\u00e0 entrato in eninter.com\/subes e di aver gi\u00e0 incontrato Dar\u00edo, Mar\u00eda e Carme. &#8220;Mi \u00e8 venuta la pelle d&#8217;oca quando ho visto le sfide&#8221;, ha confessato al termine dell&#8217;intervista con Roger Torras, il nostro direttore marketing. Radio Marca ha voluto sapere che cos&#8217;\u00e8 la nostra campagna #EninterAyuda.<\/p>\n<p><strong>Ricard Vicente: Roger, puoi spiegare come \u00e8 nata questa campagna?<\/strong><br \/>\n<strong>Roger Torras:<\/strong> Questa campagna \u00e8 nata dal desiderio di ripagare la fiducia dei nostri clienti. Attualmente \u00e8 un momento molto difficile per tutti: per noi e per i nostri clienti. Volevamo aiutare e quale modo migliore di farlo se non quello di regalare la manutenzione. Poi \u00e8 arrivata l&#8217;idea di aiutare le persone reali.<\/p>\n<p><strong>Ricard Vicente: In cosa consiste questa campagna? Cosa chiedete ai vostri clienti?<\/strong><br \/>\n<strong>Roger Torras:<\/strong> Questa campagna \u00e8 una campagna sociale in cui l&#8217;obiettivo non \u00e8 vendere nulla, ma comunicare che si pu\u00f2 essere vincitori di un premio di 2 anni di manutenzione gratuita dell&#8217;ascensore. In palio ci sono cinque borse di studio e cinque esperienze per due persone.<\/p>\n<p><strong>Ricard Vicente: Come funziona?<\/strong><br \/>\n<strong>Roger Torras:<\/strong> Abbiamo scelto tre persone a mobilit\u00e0 ridotta, ognuna con la propria storia di superamento delle difficolt\u00e0. Sono persone la cui vita ha preso una piega inaspettata e che hanno dovuto riadattarsi alla loro nuova realt\u00e0: Dar\u00edo, Mar\u00eda e Carme. Eninter Ascensores fornisce loro il supporto di un allenatore per aiutarli a raggiungere la loro sfida. La sfida di Dario \u00e8 in acqua e consiste nel fare wakeboard, lui che \u00e8 su una sedia a rotelle, quella di Maria \u00e8 sulla terraferma, lei \u00e8 cieca e intende scalare l&#8217;Aneto e quella di Carme \u00e8 in aria, che pi\u00f9 che una sfida \u00e8 un&#8217;esperienza. Carme \u00e8 una persona anziana ed \u00e8 stata confinata in una casa di cura. Volevamo fargli vivere una bella esperienza che lo riconnettesse alla vita, alla libert\u00e0. La nostra missione come azienda \u00e8 migliorare la qualit\u00e0 della vita delle persone, ed \u00e8 quello che abbiamo cercato di fare in questa campagna, sia con i tre protagonisti che con i vincitori delle cinque borse di studio in palio.<br \/>\nAnche per noi questa campagna \u00e8 stata un&#8217;esperienza indimenticabile. Conoscere queste storie di superamento delle sfide fa riflettere e ripensare a molte cose, sia a livello professionale che personale. Nel mio caso, ad esempio, ho scalato Aneto con loro e ricordo di aver iniziato la scalata senza sapere cosa avremmo affrontato o se ce l&#8217;avremmo fatta. Ma sorprendentemente e contro ogni previsione, ce l&#8217;abbiamo fatta!<br \/>\nQueste tre sfide sono state realizzate per dare visibilit\u00e0 a storie reali di superamento delle sfide. Ma chiunque pu\u00f2 raccontarci la propria storia di superamento delle difficolt\u00e0 collegandosi al sito www.eninter.com\/subes\/.<br \/>\nPoi, una volta terminato il periodo di presentazione, i protagonisti selezioneranno 15 storie, che verranno condivise sui social media per essere votate da tutti. Le cinque storie pi\u00f9 votate vinceranno il premio.<\/p>\n<p><strong>Ricard Vicente: E come possono farlo gli ascoltatori che vogliono partecipare?<\/strong><br \/>\n<strong>Roger Torras:<\/strong> Dovete andare sul nostro sito web www.eninter.com\/subes e tutto \u00e8 spiegato l\u00ec. Ci sono le diverse sfide, le storie di ogni partecipante, si pu\u00f2 guardare un video di ognuno dei protagonisti e ci si pu\u00f2 ispirare a condividere la propria storia.<br \/>\nAbbiamo condiviso storie molto spettacolari ed emozionanti, ma possiamo usare qualsiasi tipo di storia di superamento, per esempio, se avete avuto un momento difficile durante la reclusione e avete affrontato una sfida personale,&#8230; qualsiasi tipo di storia pu\u00f2 essere condivisa.<\/p>\n<p><strong>Ricard Vicente: Si pu\u00f2 entrare ora?<\/strong><br \/>\n<strong>Roger Torras:<\/strong> S\u00ec, si pu\u00f2 entrare, emozionarsi ed essere entusiasti di tutte le storie. Incontra i nostri protagonisti e condividi con noi le loro storie di superamento delle avversit\u00e0. Oltre alla manutenzione gratuita dell&#8217;ascensore, vogliamo anche premiare queste persone con un&#8217;esperienza come quella dei nostri protagonisti, per loro e per un accompagnatore.<\/p>\n<p><strong>Ricard Vicente: E fino a quando possiamo partecipare?<\/strong><br \/>\n<strong>Roger Torras:<\/strong> fino al 10 dicembre<\/p>\n<p><strong>Ricard Vicente: E se parliamo di Eninter Ascensores, qual \u00e8 la sfida principale che l&#8217;azienda deve superare in questo momento?<\/strong><br \/>\n<strong>Roger Torras:<\/strong> Penso che abbiamo molte sfide, ma la prima e pi\u00f9 importante \u00e8 fare bene il nostro lavoro, non per soddisfare le aspettative del cliente, ma per superarle, in modo che il cliente sia contento di noi e continui a fidarsi di noi. Questa sfida deve essere sempre presente e non la dimenticheremo.<\/p>\n<p><strong>Ricard Vicente: Eninter Ascensores dimostra ancora una volta il suo impegno verso la societ\u00e0 promuovendo questa proposta basata sul miglioramento delle persone. Vi invito a partecipare per vedere come Dar\u00edo, Mar\u00eda e Carme portano a termine le loro sfide. Confesso di averlo gi\u00e0 fatto e la verit\u00e0 \u00e8 che fa venire la pelle d&#8217;oca. Molte congratulazioni, Roger, per questa iniziativa sociale, che credo sar\u00e0 un grande successo!<\/strong><\/p>\n","protected":false},"excerpt":{"rendered":"<p>Ricard Vicente, annunciatore di Radio Marca, ha confessato di essere gi\u00e0 entrato in eninter.com\/subes e di aver gi\u00e0 incontrato Dar\u00edo, Mar\u00eda e Carme. &#8220;Mi \u00e8 venuta la pelle d&#8217;oca quando ho visto le sfide&#8221;, ha confessato al termine dell&#8217;intervista con Roger Torras, il nostro direttore marketing. Radio Marca ha voluto sapere che cos&#8217;\u00e8 la nostra [&hellip;]<\/p>\n","protected":false},"author":3,"featured_media":12771,"comment_status":"closed","ping_status":"closed","sticky":false,"template":"","format":"standard","meta":{"_acf_changed":false,"content-type":"","footnotes":""},"categories":[372],"tags":[],"class_list":["post-12769","post","type-post","status-publish","format-standard","has-post-thumbnail","hentry","category-informazioni-su-eninter-it-ch"],"acf":[],"_yoast_wpseo_focuskw":"roger-torras-eninter","_yoast_wpseo_metadesc":null,"yoast_head":"<!-- This site is optimized with the Yoast SEO Premium plugin v21.6 (Yoast SEO v27.5) - https:\/\/yoast.com\/product\/yoast-seo-premium-wordpress\/ -->\n<title>Roger Torras: &quot;Questa campagna \u00e8 nata dal desiderio di ripagare la fiducia dei nostri clienti. In questi tempi difficili, vogliamo aiutarli&quot;. - ENINTER<\/title>\n<meta name=\"robots\" content=\"index, follow, max-snippet:-1, max-image-preview:large, max-video-preview:-1\" \/>\n<link rel=\"canonical\" href=\"https:\/\/www.eninter.com\/it-ch\/roger-torras-questa-campagna-e-nata-dal-desiderio-di-ripagare-la-fiducia-dei-nostri-clienti-in-questi-tempi-difficili-vogliamo-aiutarli\/\" \/>\n<meta property=\"og:locale\" content=\"it_IT\" \/>\n<meta property=\"og:type\" content=\"article\" \/>\n<meta property=\"og:title\" content=\"Roger Torras: &quot;Questa campagna \u00e8 nata dal desiderio di ripagare la fiducia dei nostri clienti. In questi tempi difficili, vogliamo aiutarli&quot;.\" \/>\n<meta property=\"og:description\" content=\"Ricard Vicente, annunciatore di Radio Marca, ha confessato di essere gi\u00e0 entrato in eninter.com\/subes e di aver gi\u00e0 incontrato Dar\u00edo, Mar\u00eda e Carme. &#8220;Mi \u00e8 venuta la pelle d&#8217;oca quando ho visto le sfide&#8221;, ha confessato al termine dell&#8217;intervista con Roger Torras, il nostro direttore marketing. Radio Marca ha voluto sapere che cos&#8217;\u00e8 la nostra [&hellip;]\" \/>\n<meta property=\"og:url\" content=\"https:\/\/www.eninter.com\/it-ch\/roger-torras-questa-campagna-e-nata-dal-desiderio-di-ripagare-la-fiducia-dei-nostri-clienti-in-questi-tempi-difficili-vogliamo-aiutarli\/\" \/>\n<meta property=\"og:site_name\" content=\"ENINTER\" \/>\n<meta property=\"article:publisher\" content=\"https:\/\/www.facebook.com\/EninterAscensores\" \/>\n<meta property=\"article:published_time\" content=\"2020-11-09T12:34:06+00:00\" \/>\n<meta property=\"article:modified_time\" content=\"2025-01-08T12:45:11+00:00\" \/>\n<meta property=\"og:image\" content=\"https:\/\/www.eninter.com\/wp-content\/uploads\/2020\/11\/roger-torras-eninter.jpg\" \/>\n\t<meta property=\"og:image:width\" content=\"1024\" \/>\n\t<meta property=\"og:image:height\" content=\"683\" \/>\n\t<meta property=\"og:image:type\" content=\"image\/jpeg\" \/>\n<meta name=\"author\" content=\"Albert Puig\" \/>\n<meta name=\"twitter:card\" content=\"summary_large_image\" \/>\n<meta name=\"twitter:creator\" content=\"@Eninter\" \/>\n<meta name=\"twitter:site\" content=\"@Eninter\" \/>\n<meta name=\"twitter:label1\" content=\"Written by\" \/>\n\t<meta name=\"twitter:data1\" content=\"Albert Puig\" \/>\n\t<meta name=\"twitter:label2\" content=\"Est. reading time\" \/>\n\t<meta name=\"twitter:data2\" content=\"4 minutes\" \/>\n<!-- \/ Yoast SEO Premium plugin. -->","yoast_head_json":{"title":"Roger Torras: \"Questa campagna \u00e8 nata dal desiderio di ripagare la fiducia dei nostri clienti. In questi tempi difficili, vogliamo aiutarli\". - ENINTER","robots":{"index":"index","follow":"follow","max-snippet":"max-snippet:-1","max-image-preview":"max-image-preview:large","max-video-preview":"max-video-preview:-1"},"canonical":"https:\/\/www.eninter.com\/it-ch\/roger-torras-questa-campagna-e-nata-dal-desiderio-di-ripagare-la-fiducia-dei-nostri-clienti-in-questi-tempi-difficili-vogliamo-aiutarli\/","og_locale":"it_IT","og_type":"article","og_title":"Roger Torras: \"Questa campagna \u00e8 nata dal desiderio di ripagare la fiducia dei nostri clienti. In questi tempi difficili, vogliamo aiutarli\".","og_description":"Ricard Vicente, annunciatore di Radio Marca, ha confessato di essere gi\u00e0 entrato in eninter.com\/subes e di aver gi\u00e0 incontrato Dar\u00edo, Mar\u00eda e Carme. &#8220;Mi \u00e8 venuta la pelle d&#8217;oca quando ho visto le sfide&#8221;, ha confessato al termine dell&#8217;intervista con Roger Torras, il nostro direttore marketing. Radio Marca ha voluto sapere che cos&#8217;\u00e8 la nostra [&hellip;]","og_url":"https:\/\/www.eninter.com\/it-ch\/roger-torras-questa-campagna-e-nata-dal-desiderio-di-ripagare-la-fiducia-dei-nostri-clienti-in-questi-tempi-difficili-vogliamo-aiutarli\/","og_site_name":"ENINTER","article_publisher":"https:\/\/www.facebook.com\/EninterAscensores","article_published_time":"2020-11-09T12:34:06+00:00","article_modified_time":"2025-01-08T12:45:11+00:00","og_image":[{"width":1024,"height":683,"url":"https:\/\/www.eninter.com\/wp-content\/uploads\/2020\/11\/roger-torras-eninter.jpg","type":"image\/jpeg"}],"author":"Albert Puig","twitter_card":"summary_large_image","twitter_creator":"@Eninter","twitter_site":"@Eninter","twitter_misc":{"Written by":"Albert Puig","Est. reading time":"4 minutes"},"schema":{"@context":"https:\/\/schema.org","@graph":[{"@type":"Article","@id":"https:\/\/www.eninter.com\/it-ch\/roger-torras-questa-campagna-e-nata-dal-desiderio-di-ripagare-la-fiducia-dei-nostri-clienti-in-questi-tempi-difficili-vogliamo-aiutarli\/#article","isPartOf":{"@id":"https:\/\/www.eninter.com\/it-ch\/roger-torras-questa-campagna-e-nata-dal-desiderio-di-ripagare-la-fiducia-dei-nostri-clienti-in-questi-tempi-difficili-vogliamo-aiutarli\/"},"author":{"name":"Albert Puig","@id":"https:\/\/www.eninter.com\/it-ch\/#\/schema\/person\/e6178c261ac4210884c0e0264dd59043"},"headline":"Roger Torras: &#8220;Questa campagna \u00e8 nata dal desiderio di ripagare la fiducia dei nostri clienti. In questi tempi difficili, vogliamo aiutarli&#8221;.","datePublished":"2020-11-09T12:34:06+00:00","dateModified":"2025-01-08T12:45:11+00:00","mainEntityOfPage":{"@id":"https:\/\/www.eninter.com\/it-ch\/roger-torras-questa-campagna-e-nata-dal-desiderio-di-ripagare-la-fiducia-dei-nostri-clienti-in-questi-tempi-difficili-vogliamo-aiutarli\/"},"wordCount":812,"publisher":{"@id":"https:\/\/www.eninter.com\/it-ch\/#organization"},"image":{"@id":"https:\/\/www.eninter.com\/it-ch\/roger-torras-questa-campagna-e-nata-dal-desiderio-di-ripagare-la-fiducia-dei-nostri-clienti-in-questi-tempi-difficili-vogliamo-aiutarli\/#primaryimage"},"thumbnailUrl":"https:\/\/www.eninter.com\/wp-content\/uploads\/2020\/11\/roger-torras-eninter.jpg","articleSection":["Informazioni su Eninter"],"inLanguage":"it-CH"},{"@type":"WebPage","@id":"https:\/\/www.eninter.com\/it-ch\/roger-torras-questa-campagna-e-nata-dal-desiderio-di-ripagare-la-fiducia-dei-nostri-clienti-in-questi-tempi-difficili-vogliamo-aiutarli\/","url":"https:\/\/www.eninter.com\/it-ch\/roger-torras-questa-campagna-e-nata-dal-desiderio-di-ripagare-la-fiducia-dei-nostri-clienti-in-questi-tempi-difficili-vogliamo-aiutarli\/","name":"Roger Torras: \"Questa campagna \u00e8 nata dal desiderio di ripagare la fiducia dei nostri clienti. In questi tempi difficili, vogliamo aiutarli\". - ENINTER","isPartOf":{"@id":"https:\/\/www.eninter.com\/it-ch\/#website"},"primaryImageOfPage":{"@id":"https:\/\/www.eninter.com\/it-ch\/roger-torras-questa-campagna-e-nata-dal-desiderio-di-ripagare-la-fiducia-dei-nostri-clienti-in-questi-tempi-difficili-vogliamo-aiutarli\/#primaryimage"},"image":{"@id":"https:\/\/www.eninter.com\/it-ch\/roger-torras-questa-campagna-e-nata-dal-desiderio-di-ripagare-la-fiducia-dei-nostri-clienti-in-questi-tempi-difficili-vogliamo-aiutarli\/#primaryimage"},"thumbnailUrl":"https:\/\/www.eninter.com\/wp-content\/uploads\/2020\/11\/roger-torras-eninter.jpg","datePublished":"2020-11-09T12:34:06+00:00","dateModified":"2025-01-08T12:45:11+00:00","breadcrumb":{"@id":"https:\/\/www.eninter.com\/it-ch\/roger-torras-questa-campagna-e-nata-dal-desiderio-di-ripagare-la-fiducia-dei-nostri-clienti-in-questi-tempi-difficili-vogliamo-aiutarli\/#breadcrumb"},"inLanguage":"it-CH","potentialAction":[{"@type":"ReadAction","target":["https:\/\/www.eninter.com\/it-ch\/roger-torras-questa-campagna-e-nata-dal-desiderio-di-ripagare-la-fiducia-dei-nostri-clienti-in-questi-tempi-difficili-vogliamo-aiutarli\/"]}]},{"@type":"ImageObject","inLanguage":"it-CH","@id":"https:\/\/www.eninter.com\/it-ch\/roger-torras-questa-campagna-e-nata-dal-desiderio-di-ripagare-la-fiducia-dei-nostri-clienti-in-questi-tempi-difficili-vogliamo-aiutarli\/#primaryimage","url":"https:\/\/www.eninter.com\/wp-content\/uploads\/2020\/11\/roger-torras-eninter.jpg","contentUrl":"https:\/\/www.eninter.com\/wp-content\/uploads\/2020\/11\/roger-torras-eninter.jpg","width":1024,"height":683,"caption":"roger-torras-eninter"},{"@type":"BreadcrumbList","@id":"https:\/\/www.eninter.com\/it-ch\/roger-torras-questa-campagna-e-nata-dal-desiderio-di-ripagare-la-fiducia-dei-nostri-clienti-in-questi-tempi-difficili-vogliamo-aiutarli\/#breadcrumb","itemListElement":[{"@type":"ListItem","position":1,"name":"Portada","item":"https:\/\/www.eninter.com\/it-ch\/"},{"@type":"ListItem","position":2,"name":"Roger Torras: &#8220;Questa campagna \u00e8 nata dal desiderio di ripagare la fiducia dei nostri clienti. In questi tempi difficili, vogliamo aiutarli&#8221;."}]},{"@type":"WebSite","@id":"https:\/\/www.eninter.com\/it-ch\/#website","url":"https:\/\/www.eninter.com\/it-ch\/","name":"ENINTER","description":"Mantenimiento de Ascensores Multimarca","publisher":{"@id":"https:\/\/www.eninter.com\/it-ch\/#organization"},"potentialAction":[{"@type":"SearchAction","target":{"@type":"EntryPoint","urlTemplate":"https:\/\/www.eninter.com\/it-ch\/?s={search_term_string}"},"query-input":{"@type":"PropertyValueSpecification","valueRequired":true,"valueName":"search_term_string"}}],"inLanguage":"it-CH"},{"@type":"Organization","@id":"https:\/\/www.eninter.com\/it-ch\/#organization","name":"Eniter","url":"https:\/\/www.eninter.com\/it-ch\/","logo":{"@type":"ImageObject","inLanguage":"it-CH","@id":"https:\/\/www.eninter.com\/it-ch\/#\/schema\/logo\/image\/","url":"https:\/\/www.eninter.com\/wp-content\/uploads\/2023\/08\/logo-eninter-png.png","contentUrl":"https:\/\/www.eninter.com\/wp-content\/uploads\/2023\/08\/logo-eninter-png.png","width":600,"height":340,"caption":"Eniter"},"image":{"@id":"https:\/\/www.eninter.com\/it-ch\/#\/schema\/logo\/image\/"},"sameAs":["https:\/\/www.facebook.com\/EninterAscensores","https:\/\/x.com\/Eninter","https:\/\/www.instagram.com\/eninterascensores\/","https:\/\/www.youtube.com\/user\/ascensoreseninter"]},{"@type":"Person","@id":"https:\/\/www.eninter.com\/it-ch\/#\/schema\/person\/e6178c261ac4210884c0e0264dd59043","name":"Albert Puig","image":{"@type":"ImageObject","inLanguage":"it-CH","@id":"https:\/\/secure.gravatar.com\/avatar\/583d07f3f1036f58d0e44e873586278b582179a16b27a5b3951504e9ee001c06?s=96&d=mm&r=g","url":"https:\/\/secure.gravatar.com\/avatar\/583d07f3f1036f58d0e44e873586278b582179a16b27a5b3951504e9ee001c06?s=96&d=mm&r=g","contentUrl":"https:\/\/secure.gravatar.com\/avatar\/583d07f3f1036f58d0e44e873586278b582179a16b27a5b3951504e9ee001c06?s=96&d=mm&r=g","caption":"Albert Puig"}}]}},"_links":{"self":[{"href":"https:\/\/www.eninter.com\/it-ch\/wp-json\/wp\/v2\/posts\/12769","targetHints":{"allow":["GET"]}}],"collection":[{"href":"https:\/\/www.eninter.com\/it-ch\/wp-json\/wp\/v2\/posts"}],"about":[{"href":"https:\/\/www.eninter.com\/it-ch\/wp-json\/wp\/v2\/types\/post"}],"author":[{"embeddable":true,"href":"https:\/\/www.eninter.com\/it-ch\/wp-json\/wp\/v2\/users\/3"}],"replies":[{"embeddable":true,"href":"https:\/\/www.eninter.com\/it-ch\/wp-json\/wp\/v2\/comments?post=12769"}],"version-history":[{"count":0,"href":"https:\/\/www.eninter.com\/it-ch\/wp-json\/wp\/v2\/posts\/12769\/revisions"}],"wp:featuredmedia":[{"embeddable":true,"href":"https:\/\/www.eninter.com\/it-ch\/wp-json\/wp\/v2\/media\/12771"}],"wp:attachment":[{"href":"https:\/\/www.eninter.com\/it-ch\/wp-json\/wp\/v2\/media?parent=12769"}],"wp:term":[{"taxonomy":"category","embeddable":true,"href":"https:\/\/www.eninter.com\/it-ch\/wp-json\/wp\/v2\/categories?post=12769"},{"taxonomy":"post_tag","embeddable":true,"href":"https:\/\/www.eninter.com\/it-ch\/wp-json\/wp\/v2\/tags?post=12769"}],"curies":[{"name":"wp","href":"https:\/\/api.w.org\/{rel}","templated":true}]}}